{"id":73988,"date":"2022-10-06T18:03:54","date_gmt":"2022-10-06T18:03:54","guid":{"rendered":"https:\/\/dev.president-ksgov.net\/predsednica-osmani-na-inauguracionom-samitu-epc-a-zatraila-podrsku-za-evroatlantski-put-kosova\/"},"modified":"2022-10-06T18:03:54","modified_gmt":"2022-10-06T18:03:54","slug":"predsednica-osmani-na-inauguracionom-samitu-epc-a-zatraila-podrsku-za-evroatlantski-put-kosova","status":"publish","type":"post","link":"https:\/\/president-ksgov.net\/sr\/predsednica-osmani-na-inauguracionom-samitu-epc-a-zatraila-podrsku-za-evroatlantski-put-kosova\/","title":{"rendered":"Predsednica Osmani na inauguracionom samitu EPC-a zatra&#158;ila podr\u0161ku za evroatlantski put Kosova"},"content":{"rendered":"<p>Predsednica Republike Kosovo Vjosa Osmani se na inauguracionom samitu Evropske politi&ccaron;ke zajednice (EPC) u Pragu, pridru&#382;ila 44 lidera sa evropskog kontinenta kako bi razgovarali o podsticanju politi&ccaron;kog dijaloga i ja&ccaron;anju saradnje radi tretiranja najhitnijih pitanja bezbednosti i stabilnosti u Evropi.<\/p>\n<p>Predsednica Osmani je tokom samita ponovo naglasila strate\u0161ku orijentaciju Republike Kosovo prema evroatlantskim integracijama, kao najboljoj garanciji za mir i sigurnist u na\u0161em regionu. Pred evropskim liderima predsednica Osmani je zatra&#382;ila podr\u0161ku za taj proces.\u00a0<\/p>\n<p>U vezi sa ratom Rusije u Ukrajini predsednica Osmani pomenula je solidarisanje kosovskog naroda i institucija sa ukrajinskim narodom, isti&ccaron;u&cacute;i da na\u0161 narod najbolje razume njihovu patnju zbog ruske agresije.<\/p>\n<p>U tom pravcu je predsednica Osmani potencirala da evropske dr&#382;ave moraju stajati ujedinjene u stavovima i postupcima protiv hegomonisti&ccaron;kih i destabilizuju&cacute;ih te&#382;nji Rusije i njenih satelita u Evropi i posebno u na\u0161em regionu. To jedinstvo se mora pokazati kroz saradnju po pitanjima bezbednosti, privrede, energetike, borbe protiv propagande i kiberneti&ccaron;kih napada, rekla je predsednica Osmani.\u00a0<\/p>\n<p>Pored u&ccaron;estvovanja na glavnim sesijama Evropske politi&ccaron;ke zajednice, predsednica Osmani odr&#382;ava i bilateralne sastanke sa evropskim liderima, kako bi razgovarala o produbljenju saradnje i prevazila&#382;enju zajedni&ccaron;kih izazova.\u00a0<\/p>\n<p>Evropska politi&ccaron;ka zajednica je platforma za koordinisanje politike, stvorena na osnovu predloga francuskog predsednika Emmanuela Macrona, a kojoj su se pridru&#382;ili lideri iz 27 zemalja &ccaron;lanica Evropske unije (EU) i lideri iz 17 drugih evropskih zemalja.\u00a0<\/p>\n<p>Ova inicijativa te&#382;i podsticanju dijaloga i saradnje po pitanjima od zajedni&ccaron;kog interesa, u ja&ccaron;anju bezbednosti, stabilnosti i prosperiteta na evropskom kontinentu.\u00a0<\/p>\n","protected":false},"excerpt":{"rendered":"<p>Predsednica Republike Kosovo Vjosa Osmani se na inauguracionom samitu Evropske politi&ccaron;ke zajednice (EPC) u Pragu, pridru&#382;ila 44 lidera sa evropskog kontinenta kako bi razgovarali o podsticanju politi&ccaron;kog dijaloga i ja&ccaron;anju saradnje radi tretiranja najhitnijih pitanja bezbednosti i stabilnosti u Evropi.<\/p>\n","protected":false},"author":1,"featured_media":10791,"comment_status":"open","ping_status":"closed","sticky":false,"template":"","format":"standard","meta":{"_eb_attr":"","footnotes":""},"categories":[101],"tags":[],"class_list":["post-73988","post","type-post","status-publish","format-standard","has-post-thumbnail","hentry","category-vesti"],"yoast_head":"<!-- This site is optimized with the Yoast SEO plugin v23.5 - https:\/\/yoast.com\/wordpress\/plugins\/seo\/ -->\n<title>Predsednica Osmani na inauguracionom samitu EPC-a zatra&#158;ila podr\u0161ku za evroatlantski put Kosova - Predsednik Republike Kosovo - DR. VJOSA OSMANI - SADRIU<\/title>\n<meta name=\"description\" content=\"Predsednica Osmani na inauguracionom samitu EPC-a zatra&#158;ila podr\u0161ku za evroatlantski put Kosova - Predsednik Republike Kosovo - DR. VJOSA OSMANI - SADRIU -\" \/>\n<meta name=\"robots\" content=\"index, follow, max-snippet:-1, max-image-preview:large, max-video-preview:-1\" \/>\n<link rel=\"canonical\" href=\"https:\/\/president-ksgov.net\/sr\/predsednica-osmani-na-inauguracionom-samitu-epc-a-zatraila-podrsku-za-evroatlantski-put-kosova\/\" \/>\n<meta property=\"og:locale\" content=\"sr_RS\" \/>\n<meta property=\"og:type\" content=\"article\" \/>\n<meta property=\"og:title\" content=\"Predsednica Osmani na inauguracionom samitu EPC-a zatra&#158;ila podr\u0161ku za evroatlantski put Kosova - Predsednik Republike Kosovo - DR. VJOSA OSMANI - SADRIU\" \/>\n<meta property=\"og:description\" content=\"Predsednica Osmani na inauguracionom samitu EPC-a zatra&#158;ila podr\u0161ku za evroatlantski put Kosova - Predsednik Republike Kosovo - DR. VJOSA OSMANI - SADRIU -\" \/>\n<meta property=\"og:url\" content=\"https:\/\/president-ksgov.net\/sr\/predsednica-osmani-na-inauguracionom-samitu-epc-a-zatraila-podrsku-za-evroatlantski-put-kosova\/\" \/>\n<meta property=\"og:site_name\" content=\"Predsednik Republike Kosovo - DR. VJOSA OSMANI - SADRIU\" \/>\n<meta property=\"article:published_time\" content=\"2022-10-06T18:03:54+00:00\" \/>\n<meta property=\"og:image\" content=\"https:\/\/president-ksgov.net\/wp-content\/uploads\/06_10_2022_9091217_f18818e0_08e6_4130_bf89_45d6744360b3_copy.jpg\" \/>\n\t<meta property=\"og:image:width\" content=\"2048\" \/>\n\t<meta property=\"og:image:height\" content=\"1366\" \/>\n\t<meta property=\"og:image:type\" content=\"image\/jpeg\" \/>\n<meta name=\"author\" content=\"admin\" \/>\n<meta name=\"twitter:card\" content=\"summary_large_image\" \/>\n<meta name=\"twitter:label1\" content=\"\u041d\u0430\u043f\u0438\u0441\u0430\u043d\u043e \u043e\u0434\" \/>\n\t<meta name=\"twitter:data1\" content=\"admin\" \/>\n\t<meta name=\"twitter:label2\" content=\"\u041f\u0440\u043e\u0446\u0435\u045a\u0435\u043d\u043e \u0432\u0440\u0435\u043c\u0435 \u0447\u0438\u0442\u0430\u045a\u0430\" \/>\n\t<meta name=\"twitter:data2\" content=\"1 \u043c\u0438\u043d\u0443\u0442\" \/>\n<script type=\"application\/ld+json\" class=\"yoast-schema-graph\">{\"@context\":\"https:\/\/schema.org\",\"@graph\":[{\"@type\":\"WebPage\",\"@id\":\"https:\/\/president-ksgov.net\/sr\/predsednica-osmani-na-inauguracionom-samitu-epc-a-zatraila-podrsku-za-evroatlantski-put-kosova\/\",\"url\":\"https:\/\/president-ksgov.net\/sr\/predsednica-osmani-na-inauguracionom-samitu-epc-a-zatraila-podrsku-za-evroatlantski-put-kosova\/\",\"name\":\"Predsednica Osmani na inauguracionom samitu EPC-a zatra&#158;ila podr\u0161ku za evroatlantski put Kosova - Predsednik Republike Kosovo - DR. VJOSA OSMANI - SADRIU\",\"isPartOf\":{\"@id\":\"https:\/\/president-ksgov.net\/#website\"},\"primaryImageOfPage\":{\"@id\":\"https:\/\/president-ksgov.net\/sr\/predsednica-osmani-na-inauguracionom-samitu-epc-a-zatraila-podrsku-za-evroatlantski-put-kosova\/#primaryimage\"},\"image\":{\"@id\":\"https:\/\/president-ksgov.net\/sr\/predsednica-osmani-na-inauguracionom-samitu-epc-a-zatraila-podrsku-za-evroatlantski-put-kosova\/#primaryimage\"},\"thumbnailUrl\":\"https:\/\/president-ksgov.net\/wp-content\/uploads\/06_10_2022_9091217_f18818e0_08e6_4130_bf89_45d6744360b3_copy.jpg\",\"datePublished\":\"2022-10-06T18:03:54+00:00\",\"dateModified\":\"2022-10-06T18:03:54+00:00\",\"author\":{\"@id\":\"https:\/\/president-ksgov.net\/#\/schema\/person\/bb4337a5fb147cb2046d80548172cbee\"},\"description\":\"Predsednica Osmani na inauguracionom samitu EPC-a zatra&#158;ila podr\u0161ku za evroatlantski put Kosova - Predsednik Republike Kosovo - DR. VJOSA OSMANI - SADRIU -\",\"breadcrumb\":{\"@id\":\"https:\/\/president-ksgov.net\/sr\/predsednica-osmani-na-inauguracionom-samitu-epc-a-zatraila-podrsku-za-evroatlantski-put-kosova\/#breadcrumb\"},\"inLanguage\":\"sr-RS\",\"potentialAction\":[{\"@type\":\"ReadAction\",\"target\":[\"https:\/\/president-ksgov.net\/sr\/predsednica-osmani-na-inauguracionom-samitu-epc-a-zatraila-podrsku-za-evroatlantski-put-kosova\/\"]}]},{\"@type\":\"ImageObject\",\"inLanguage\":\"sr-RS\",\"@id\":\"https:\/\/president-ksgov.net\/sr\/predsednica-osmani-na-inauguracionom-samitu-epc-a-zatraila-podrsku-za-evroatlantski-put-kosova\/#primaryimage\",\"url\":\"https:\/\/president-ksgov.net\/wp-content\/uploads\/06_10_2022_9091217_f18818e0_08e6_4130_bf89_45d6744360b3_copy.jpg\",\"contentUrl\":\"https:\/\/president-ksgov.net\/wp-content\/uploads\/06_10_2022_9091217_f18818e0_08e6_4130_bf89_45d6744360b3_copy.jpg\",\"width\":2048,\"height\":1366},{\"@type\":\"BreadcrumbList\",\"@id\":\"https:\/\/president-ksgov.net\/sr\/predsednica-osmani-na-inauguracionom-samitu-epc-a-zatraila-podrsku-za-evroatlantski-put-kosova\/#breadcrumb\",\"itemListElement\":[{\"@type\":\"ListItem\",\"position\":1,\"name\":\"Home\",\"item\":\"https:\/\/president-ksgov.net\/sr\/\"},{\"@type\":\"ListItem\",\"position\":2,\"name\":\"Predsednica Osmani na inauguracionom samitu EPC-a zatra&#158;ila podr\u0161ku za evroatlantski put Kosova\"}]},{\"@type\":\"WebSite\",\"@id\":\"https:\/\/president-ksgov.net\/#website\",\"url\":\"https:\/\/president-ksgov.net\/\",\"name\":\"Presidente e Republik\u00ebs s\u00eb Kosov\u00ebs\",\"description\":\"Presidente e Republik\u00ebs s\u00eb Kosov\u00ebs\",\"alternateName\":\"DR. VJOSA OSMANI - SADRIU\",\"potentialAction\":[{\"@type\":\"SearchAction\",\"target\":{\"@type\":\"EntryPoint\",\"urlTemplate\":\"https:\/\/president-ksgov.net\/?s={search_term_string}\"},\"query-input\":{\"@type\":\"PropertyValueSpecification\",\"valueRequired\":true,\"valueName\":\"search_term_string\"}}],\"inLanguage\":\"sr-RS\"},{\"@type\":\"Person\",\"@id\":\"https:\/\/president-ksgov.net\/#\/schema\/person\/bb4337a5fb147cb2046d80548172cbee\",\"name\":\"admin\",\"image\":{\"@type\":\"ImageObject\",\"inLanguage\":\"sr-RS\",\"@id\":\"https:\/\/president-ksgov.net\/#\/schema\/person\/image\/\",\"url\":\"https:\/\/secure.gravatar.com\/avatar\/36156ca0fa3b8d9d25174f146e16beea0cf28f37adf1b9e19b6c9c279a7c9dd3?s=96&d=mm&r=g\",\"contentUrl\":\"https:\/\/secure.gravatar.com\/avatar\/36156ca0fa3b8d9d25174f146e16beea0cf28f37adf1b9e19b6c9c279a7c9dd3?s=96&d=mm&r=g\",\"caption\":\"admin\"},\"sameAs\":[\"https:\/\/president-ksgov.net\"]}]}<\/script>\n<!-- \/ Yoast SEO plugin. -->","yoast_head_json":{"title":"Predsednica Osmani na inauguracionom samitu EPC-a zatra&#158;ila podr\u0161ku za evroatlantski put Kosova - Predsednik Republike Kosovo - DR. VJOSA OSMANI - SADRIU","description":"Predsednica Osmani na inauguracionom samitu EPC-a zatra&#158;ila podr\u0161ku za evroatlantski put Kosova - Predsednik Republike Kosovo - DR. VJOSA OSMANI - SADRIU -","robots":{"index":"index","follow":"follow","max-snippet":"max-snippet:-1","max-image-preview":"max-image-preview:large","max-video-preview":"max-video-preview:-1"},"canonical":"https:\/\/president-ksgov.net\/sr\/predsednica-osmani-na-inauguracionom-samitu-epc-a-zatraila-podrsku-za-evroatlantski-put-kosova\/","og_locale":"sr_RS","og_type":"article","og_title":"Predsednica Osmani na inauguracionom samitu EPC-a zatra&#158;ila podr\u0161ku za evroatlantski put Kosova - Predsednik Republike Kosovo - DR. VJOSA OSMANI - SADRIU","og_description":"Predsednica Osmani na inauguracionom samitu EPC-a zatra&#158;ila podr\u0161ku za evroatlantski put Kosova - Predsednik Republike Kosovo - DR. VJOSA OSMANI - SADRIU -","og_url":"https:\/\/president-ksgov.net\/sr\/predsednica-osmani-na-inauguracionom-samitu-epc-a-zatraila-podrsku-za-evroatlantski-put-kosova\/","og_site_name":"Predsednik Republike Kosovo - DR. VJOSA OSMANI - SADRIU","article_published_time":"2022-10-06T18:03:54+00:00","og_image":[{"width":2048,"height":1366,"url":"https:\/\/president-ksgov.net\/wp-content\/uploads\/06_10_2022_9091217_f18818e0_08e6_4130_bf89_45d6744360b3_copy.jpg","type":"image\/jpeg"}],"author":"admin","twitter_card":"summary_large_image","twitter_misc":{"\u041d\u0430\u043f\u0438\u0441\u0430\u043d\u043e \u043e\u0434":"admin","\u041f\u0440\u043e\u0446\u0435\u045a\u0435\u043d\u043e \u0432\u0440\u0435\u043c\u0435 \u0447\u0438\u0442\u0430\u045a\u0430":"1 \u043c\u0438\u043d\u0443\u0442"},"schema":{"@context":"https:\/\/schema.org","@graph":[{"@type":"WebPage","@id":"https:\/\/president-ksgov.net\/sr\/predsednica-osmani-na-inauguracionom-samitu-epc-a-zatraila-podrsku-za-evroatlantski-put-kosova\/","url":"https:\/\/president-ksgov.net\/sr\/predsednica-osmani-na-inauguracionom-samitu-epc-a-zatraila-podrsku-za-evroatlantski-put-kosova\/","name":"Predsednica Osmani na inauguracionom samitu EPC-a zatra&#158;ila podr\u0161ku za evroatlantski put Kosova - Predsednik Republike Kosovo - DR. VJOSA OSMANI - SADRIU","isPartOf":{"@id":"https:\/\/president-ksgov.net\/#website"},"primaryImageOfPage":{"@id":"https:\/\/president-ksgov.net\/sr\/predsednica-osmani-na-inauguracionom-samitu-epc-a-zatraila-podrsku-za-evroatlantski-put-kosova\/#primaryimage"},"image":{"@id":"https:\/\/president-ksgov.net\/sr\/predsednica-osmani-na-inauguracionom-samitu-epc-a-zatraila-podrsku-za-evroatlantski-put-kosova\/#primaryimage"},"thumbnailUrl":"https:\/\/president-ksgov.net\/wp-content\/uploads\/06_10_2022_9091217_f18818e0_08e6_4130_bf89_45d6744360b3_copy.jpg","datePublished":"2022-10-06T18:03:54+00:00","dateModified":"2022-10-06T18:03:54+00:00","author":{"@id":"https:\/\/president-ksgov.net\/#\/schema\/person\/bb4337a5fb147cb2046d80548172cbee"},"description":"Predsednica Osmani na inauguracionom samitu EPC-a zatra&#158;ila podr\u0161ku za evroatlantski put Kosova - Predsednik Republike Kosovo - DR. VJOSA OSMANI - SADRIU -","breadcrumb":{"@id":"https:\/\/president-ksgov.net\/sr\/predsednica-osmani-na-inauguracionom-samitu-epc-a-zatraila-podrsku-za-evroatlantski-put-kosova\/#breadcrumb"},"inLanguage":"sr-RS","potentialAction":[{"@type":"ReadAction","target":["https:\/\/president-ksgov.net\/sr\/predsednica-osmani-na-inauguracionom-samitu-epc-a-zatraila-podrsku-za-evroatlantski-put-kosova\/"]}]},{"@type":"ImageObject","inLanguage":"sr-RS","@id":"https:\/\/president-ksgov.net\/sr\/predsednica-osmani-na-inauguracionom-samitu-epc-a-zatraila-podrsku-za-evroatlantski-put-kosova\/#primaryimage","url":"https:\/\/president-ksgov.net\/wp-content\/uploads\/06_10_2022_9091217_f18818e0_08e6_4130_bf89_45d6744360b3_copy.jpg","contentUrl":"https:\/\/president-ksgov.net\/wp-content\/uploads\/06_10_2022_9091217_f18818e0_08e6_4130_bf89_45d6744360b3_copy.jpg","width":2048,"height":1366},{"@type":"BreadcrumbList","@id":"https:\/\/president-ksgov.net\/sr\/predsednica-osmani-na-inauguracionom-samitu-epc-a-zatraila-podrsku-za-evroatlantski-put-kosova\/#breadcrumb","itemListElement":[{"@type":"ListItem","position":1,"name":"Home","item":"https:\/\/president-ksgov.net\/sr\/"},{"@type":"ListItem","position":2,"name":"Predsednica Osmani na inauguracionom samitu EPC-a zatra&#158;ila podr\u0161ku za evroatlantski put Kosova"}]},{"@type":"WebSite","@id":"https:\/\/president-ksgov.net\/#website","url":"https:\/\/president-ksgov.net\/","name":"Presidente e Republik\u00ebs s\u00eb Kosov\u00ebs","description":"Presidente e Republik\u00ebs s\u00eb Kosov\u00ebs","alternateName":"DR. VJOSA OSMANI - SADRIU","potentialAction":[{"@type":"SearchAction","target":{"@type":"EntryPoint","urlTemplate":"https:\/\/president-ksgov.net\/?s={search_term_string}"},"query-input":{"@type":"PropertyValueSpecification","valueRequired":true,"valueName":"search_term_string"}}],"inLanguage":"sr-RS"},{"@type":"Person","@id":"https:\/\/president-ksgov.net\/#\/schema\/person\/bb4337a5fb147cb2046d80548172cbee","name":"admin","image":{"@type":"ImageObject","inLanguage":"sr-RS","@id":"https:\/\/president-ksgov.net\/#\/schema\/person\/image\/","url":"https:\/\/secure.gravatar.com\/avatar\/36156ca0fa3b8d9d25174f146e16beea0cf28f37adf1b9e19b6c9c279a7c9dd3?s=96&d=mm&r=g","contentUrl":"https:\/\/secure.gravatar.com\/avatar\/36156ca0fa3b8d9d25174f146e16beea0cf28f37adf1b9e19b6c9c279a7c9dd3?s=96&d=mm&r=g","caption":"admin"},"sameAs":["https:\/\/president-ksgov.net"]}]}},"_links":{"self":[{"href":"https:\/\/president-ksgov.net\/sr\/wp-json\/wp\/v2\/posts\/73988","targetHints":{"allow":["GET"]}}],"collection":[{"href":"https:\/\/president-ksgov.net\/sr\/wp-json\/wp\/v2\/posts"}],"about":[{"href":"https:\/\/president-ksgov.net\/sr\/wp-json\/wp\/v2\/types\/post"}],"author":[{"embeddable":true,"href":"https:\/\/president-ksgov.net\/sr\/wp-json\/wp\/v2\/users\/1"}],"replies":[{"embeddable":true,"href":"https:\/\/president-ksgov.net\/sr\/wp-json\/wp\/v2\/comments?post=73988"}],"version-history":[{"count":0,"href":"https:\/\/president-ksgov.net\/sr\/wp-json\/wp\/v2\/posts\/73988\/revisions"}],"wp:featuredmedia":[{"embeddable":true,"href":"https:\/\/president-ksgov.net\/sr\/wp-json\/wp\/v2\/media\/10791"}],"wp:attachment":[{"href":"https:\/\/president-ksgov.net\/sr\/wp-json\/wp\/v2\/media?parent=73988"}],"wp:term":[{"taxonomy":"category","embeddable":true,"href":"https:\/\/president-ksgov.net\/sr\/wp-json\/wp\/v2\/categories?post=73988"},{"taxonomy":"post_tag","embeddable":true,"href":"https:\/\/president-ksgov.net\/sr\/wp-json\/wp\/v2\/tags?post=73988"}],"curies":[{"name":"wp","href":"https:\/\/api.w.org\/{rel}","templated":true}]}}