{"id":73863,"date":"2022-11-25T20:02:24","date_gmt":"2022-11-25T20:02:24","guid":{"rendered":"https:\/\/dev.president-ksgov.net\/govor-predsednice-osmani-na-ceremoniji-otvaranja-globalne-kampanje-16-dana-aktivizma-protiv-nasilja-u-porodici-i-rodno-zasnovanog-nasilja\/"},"modified":"2023-03-08T08:59:25","modified_gmt":"2023-03-08T08:59:25","slug":"govor-predsednice-osmani-na-ceremoniji-otvaranja-globalne-kampanje-16-dana-aktivizma-protiv-nasilja-u-porodici-i-rodno-zasnovanog-nasilja","status":"publish","type":"post","link":"https:\/\/president-ksgov.net\/sr\/govor-predsednice-osmani-na-ceremoniji-otvaranja-globalne-kampanje-16-dana-aktivizma-protiv-nasilja-u-porodici-i-rodno-zasnovanog-nasilja\/","title":{"rendered":"Govor predsednice Osmani na ceremoniji otvaranja globalne kampanje \u201e16 dana aktivizma protiv nasilja u porodici i rodno zasnovanog nasilja\u201c"},"content":{"rendered":"<p>E nderuar z\u00ebvend\u00ebskryeministre, ministre,<br \/>\nP\u00ebrfaq\u00ebsues t\u00eb qytetar\u00ebve, deputet,<br \/>\nShk\u00eblqesi ambasador\u00eb,<br \/>\nP\u00ebrfaq\u00ebsues t\u00eb shoq\u00ebris\u00eb civile dhe organizatave partnere,<br \/>\nT\u00eb nderuar media q\u00eb sot jeni k\u00ebtu me ne,<br \/>\nT\u00eb nderuar pjes\u00ebmarr\u00ebs,<\/p>\n<p>Ju fal\u00ebnderoj shum\u00eb p\u00ebr ftes\u00ebn por mbi t\u00eb gjitha p\u00ebr angazhimin e p\u00ebrbashk\u00ebt n\u00eb drejtim t\u00eb luftimit t\u00eb dhun\u00ebs me baz\u00eb gjinore.\u00a0<\/p>\n<p>Sot t\u00eb gjith\u00eb pranuam edhe nj\u00eb lajm t\u00eb kobsh\u00ebm. N\u00eb m\u00ebngjesin e hersh\u00ebm, nj\u00eb burr\u00eb vrau gruan n\u00eb m\u00ebnyr\u00ebn m\u00eb makabre duke na alarmuar t\u00eb gjith\u00ebve q\u00eb fenomeni i dhun\u00ebs me baz\u00eb gjinore mbetet jasht\u00ebzakonisht prezent n\u00eb shoq\u00ebrin\u00eb ton\u00eb. N\u00eb k\u00ebto \u00e7aste, ne ndajm\u00eb dhimbjen dhe shprehim ngush\u00ebllimet m\u00eb t\u00eb sinqerta p\u00ebr jet\u00ebn e humbur t\u00eb bashk\u00ebqytetares son\u00eb.\u00a0<\/p>\n<p>Fatkeq\u00ebsisht, lajmet p\u00ebr dhun\u00ebn mbi baz\u00eb gjinore po b\u00ebhen gjithnj\u00eb e m\u00eb prezente n\u00eb p\u00ebrditshm\u00ebrin\u00eb ton\u00eb. P\u00ebrderisa rritja e numrit t\u00eb rasteve t\u00eb raportuara mund t\u00eb p\u00ebrkoj me ato q\u00eb i d\u00ebgjojm\u00eb, duhet mbi t\u00eb gjitha t\u00eb na shqet\u00ebsoj fakti q\u00eb dhuna \u00ebsht\u00eb kaq shum\u00eb prezente n\u00eb Kosov\u00ebn ton\u00eb.<\/p>\n<p>T\u00eb dalur nga nj\u00eb pandemi, i kemi t\u00eb gjith\u00eb t\u00eb fresk\u00ebta kujtimet e dhimbjes e sfidave t\u00eb p\u00ebrjetuara p\u00ebrgjat\u00eb saj. Mir\u00ebpo, dhuna mbi baz\u00eb gjinore mbetet pandemia t\u00eb cil\u00ebs nuk po ia shohim fundin. Si e till\u00eb, dhuna mbi baz\u00eb gjinore \u00ebsht\u00eb pandemia m\u00eb afatgjat\u00eb n\u00eb historin\u00eb e njer\u00ebzimit.\u00a0<\/p>\n<p>Andaj, duhet ta themi z\u00ebsh\u00ebm, jo vet\u00ebm p\u00ebrgjat\u00eb 16 dit\u00ebve t\u00eb aktivizimit, por \u00e7do dit\u00eb: kur flasim p\u00ebr luftimin e dhun\u00ebs mbi baz\u00eb gjinore nuk duhet t\u00eb b\u00ebjm\u00eb kompromis.<\/p>\n<p>Sepse, p\u00ebrderisa dhuna mbi baz\u00eb gjinore \u00ebsht\u00eb nj\u00eb prej shkeljeve m\u00eb flagrante t\u00eb t\u00eb drejtave t\u00eb njeriut, ajo nuk paraqet nj\u00eb gjendje t\u00eb natyrshme t\u00eb shoq\u00ebris\u00eb. Si e till\u00eb, ajo mund e duhet t\u00eb parandalohet dhe t\u00eb luftohet.\u00a0<\/p>\n<p>Por, mbi t\u00eb gjitha, duhet ta kemi p\u00ebrfundimisht t\u00eb qart\u00eb se dhuna mbi baz\u00eb gjinore nuk \u00ebsht\u00eb nj\u00eb tem\u00eb me t\u00eb cil\u00ebn duhet t\u00eb merren vet\u00ebm vajzat dhe grat\u00eb. Kjo \u00ebsht\u00eb plaga jon\u00eb e p\u00ebrbashk\u00ebt, andaj luftimi i saj duhet t\u00eb jet\u00eb rezultat i angazhimit t\u00eb p\u00ebrbashk\u00ebt t\u00eb grave dhe t\u00eb burrave.\u00a0\u00a0<\/p>\n<p>Prandaj sot, po aq sa ju drejtohem grave dhe vajzave, po kaq z\u00ebsh\u00ebm i ftoj burrat dhe djemt\u00eb e Kosov\u00ebs q\u00eb t\u00eb punojm\u00eb s\u00eb bashku drejt eleminimit t\u00eb t\u00eb gjitha formave t\u00eb dhun\u00ebs.\u00a0<\/p>\n<p>Realiteti i dit\u00ebve tona \u00ebsht\u00eb i till\u00eb q\u00eb 1 n\u00eb 3 gra n\u00eb bot\u00eb kan\u00eb p\u00ebrjetuar qoft\u00eb dhun\u00eb fizike qoft\u00eb dhun\u00eb psiqike p\u00ebrgjat\u00eb jet\u00ebs s\u00eb tyre. Kjo i bie q\u00eb dhuna bashk\u00ebjeton me ne &#8211; ajo \u00ebsht\u00eb pothuajse n\u00eb \u00e7do lagje, n\u00eb \u00e7do hap\u00ebsir\u00eb publike e private \u2013 me dhun\u00ebn ballafaqohen kaq shum\u00eb gra dhe vajza. N\u00eb mesin e tyre ka aq shum\u00eb gra dhe vajza p\u00ebr t\u00eb cilat as nuk e mendojm\u00eb dot se do t\u00eb mund t\u00eb ishin viktima e radh\u00ebs.<\/p>\n<p>16 dit\u00ebt n\u00eb vijim jan\u00eb padyshim nj\u00eb prej periudhave m\u00eb t\u00eb r\u00ebnd\u00ebsishme n\u00eb ciklin 365 dit\u00ebsh t\u00eb nj\u00eb viti kur flitet p\u00ebr \u00e7\u00ebshtjen e dhun\u00ebs me baz\u00eb gjinore. Por, puna n\u00eb k\u00ebt\u00eb drejtim ka qen\u00eb e p\u00ebrditshme. Nga institucionet publike e deri tek organizatat e shoq\u00ebris\u00eb civile, angazhimi p\u00ebr financim, p\u00ebr parandalim, p\u00ebr p\u00ebrgjigje e evidentim ka qen\u00eb i p\u00ebrditsh\u00ebm.<\/p>\n<p>P\u00ebrkund\u00ebr nj\u00eb situate shqet\u00ebsuese n\u00eb vend p\u00ebrgjat\u00eb vitit t\u00eb fundit n\u00eb ve\u00e7anti, nuk mundemi kurrsesi t\u00eb anashkalojm\u00eb mundin, konsistenc\u00ebn e pun\u00ebs e angazhimin e rregullt t\u00eb kampion\u00ebve t\u00eb p\u00ebrditsh\u00ebm &#8211; gra e burra, vajza e djem\u00eb &#8211; t\u00eb cil\u00ebt n\u00eb baza ditore japin maksimumin e tyre p\u00ebr t\u00eb luftuar dhun\u00ebn, p\u00ebr t\u00eb shp\u00ebtuar jet\u00ebn, e p\u00ebr t\u00eb garantuar dinjitet p\u00ebr viktimat e dhun\u00ebs.<\/p>\n<p>Andaj sot, edhe pse t\u00eb p\u00ebrballur me nj\u00eb realitet t\u00eb hidhur, dua t\u00eb vler\u00ebsoj pun\u00ebn e jasht\u00ebzakonshme q\u00eb \u00ebsht\u00eb b\u00ebr\u00eb p\u00ebr aprovimin e Strategjis\u00eb komb\u00ebtare p\u00ebr mbrojtje nga dhuna n\u00eb familje dhe dhuna ndaj grave 2022 \u2013 2026, si dhe s\u00eb fundmi aprovimi i protokollit t\u00eb bashk\u00ebrendimit midis institucioneve nga fillimi i hetimit, tek ndjekja penale nga prokuroria, e deri tek gjykimi i rastit. Po ashtu, duke u bazuar n\u00eb zhvillimet e fundit, puna n\u00eb drejtim t\u00eb luftimit t\u00eb dhun\u00ebs mbi baz\u00eb gjinore do t\u00eb jet\u00eb n\u00eb krye t\u00eb agjend\u00ebs s\u00eb K\u00ebshillit p\u00ebr Demokraci dhe t\u00eb Drejta t\u00eb Njeriut n\u00eb kuad\u00ebr t\u00eb zyr\u00ebs sime. Nd\u00ebrsa, duhet theksuar n\u00eb ve\u00e7anti se q\u00eb nga viti 2020 vendi yn\u00eb ka marr\u00eb p\u00ebrsip\u00ebr nj\u00eb s\u00ebr\u00eb obligimesh p\u00ebr t\u00eb trajtuar dhun\u00ebn ndaj grave edhe bazuar n\u00eb Konvent\u00ebn e Stambollit t\u00eb cil\u00ebn e ratifikuam unanimisht n\u00eb Kuvendin e Kosov\u00ebs.<\/p>\n<p>T\u00eb dashur pjes\u00ebmarr\u00ebs,<br \/>\nT\u00eb dashur qytetar\u00eb,<\/p>\n<p>Kur flasim p\u00ebr dhun\u00ebn me baz\u00eb gjinore, ne flasim p\u00ebr nj\u00eb jet\u00eb q\u00eb l\u00ebndohet n\u00eb baza t\u00eb rregullta, nj\u00eb grua q\u00eb shtypet, nj\u00eb vajz\u00eb q\u00eb gradualisht i shuhen shpresat, nj\u00eb njeri q\u00eb vuan presionin e dhimbjen e pamerituar. Ne flasim p\u00ebr nj\u00eb jet\u00eb q\u00eb n\u00eb \u00e7do moment padrejt\u00ebsisht mund t\u00eb shuhet.<\/p>\n<p>K\u00ebrkon shum\u00eb guxim p\u00ebr nj\u00eb viktim\u00eb t\u00eb dhun\u00ebs q\u00eb t\u00eb flas, q\u00eb t\u00eb k\u00ebrkoi ndihm\u00eb, q\u00eb t\u00eb paraqitet n\u00eb polici, por i lus q\u00eb ta b\u00ebjn\u00eb k\u00ebt\u00eb hap. P\u00ebr ta b\u00ebr\u00eb k\u00ebt\u00eb hap, po aq sa duhet guxim prej an\u00ebs s\u00eb tyre, duhet t\u00eb ket\u00eb edhe siguri nga ana jon\u00eb, duhet t\u00eb garantohet ndjenja e rahatis\u00eb e komforit nga ana e institucioneve p\u00ebrgjegj\u00ebse, ndjenja e mbrojtjes sepse tek ne vin\u00eb p\u00ebr mbrojtje.\u00a0<\/p>\n<p>Andaj, trajnimi dhe p\u00ebrgatitja profesionale e polic\u00ebve, prokuror\u00ebve e gjykat\u00ebsve, sh\u00ebrbyeseve civil, pun\u00ebtor\u00ebve n\u00eb sh\u00ebndet\u00ebsi, qendra sociale e strehimore duhet t\u00eb jet\u00eb prioritet i yni i \u00e7doditsh\u00ebm.<\/p>\n<p>Nuk kemi koh\u00eb p\u00ebr t\u00eb humbur, sepse \u00e7do minut\u00eb i humbur mund t\u00eb shnd\u00ebrrohet edhe n\u00eb nj\u00eb jet\u00eb t\u00eb p\u00ebrfunduar fatalisht.<\/p>\n<p>Nuk mund t\u00eb ket\u00eb toleranc\u00eb p\u00ebr gjykat\u00ebs e prokuror\u00eb neglizhues, sepse p\u00ebrball\u00eb krimit nuk mund t\u00eb ket\u00eb kompromis e as rrethana leht\u00ebsuese.<\/p>\n<p>Nuk mund t\u00eb ket\u00eb mir\u00ebkuptim p\u00ebr dhunuesit, sepse p\u00ebr dhun\u00eb mir\u00ebkuptim nuk ka.<\/p>\n<p>Nuk do t\u00eb pranojm\u00eb m\u00eb argumente p\u00ebr munges\u00eb t\u00eb kapacitetesh, sepse p\u00ebrball\u00eb nj\u00eb emergjence nacionale si\u00e7 \u00ebsht\u00eb dhuna mbi baza gjinore duhet luftuar me \u00e7do resurs e \u00e7do kapacitet q\u00eb e kemi n\u00eb dispozicion.<\/p>\n<p>Ne flasim shum\u00eb p\u00ebr vlerat familjare e shoq\u00ebrore k\u00ebtu n\u00eb Kosov\u00eb t\u00eb cilat p\u00ebrb\u00ebjn\u00eb historikisht bazamentin e shoq\u00ebris\u00eb son\u00eb. Ne krenohemi kaq shum\u00eb me at\u00eb q\u00eb p\u00ebrfaq\u00ebsojm\u00eb dhe vlerat mbi t\u00eb cilat jemi zhvilluar si shoq\u00ebri. Por, me keqardhje e them se kur dhuna b\u00ebhet pjes\u00eb e p\u00ebrditshm\u00ebris\u00eb, at\u00ebher\u00eb reflektimi b\u00ebhet domosdoshm\u00ebri, nuk kemi p\u00ebr \u00e7ka t\u00eb krenohemi m\u00eb, nuk mund t\u00eb flasim p\u00ebr vlera m\u00eb.<\/p>\n<p>P\u00ebrderisa barra p\u00ebr politikb\u00ebrje, p\u00ebr parandalim e luftim t\u00eb k\u00ebtij fenomeni me t\u00eb drejt\u00eb bartet nga institucionet p\u00ebrgjegj\u00ebse, n\u00eb qend\u00ebr t\u00eb diskutimit duhet ta shohim edhe origjin\u00ebn e problemit. Dhuna mbi baz\u00eb gjinore \u00ebsht\u00eb kanceri i shoq\u00ebris\u00eb s\u00eb dit\u00ebve tona. Ngjash\u00ebm si kanceri dhe \u00e7do s\u00ebmundje tjet\u00ebr, p\u00ebr ta luftuar suksessh\u00ebm at\u00eb, ne duhet s\u00eb pari t\u00eb kuptojm\u00eb shkaqet e problemit.<\/p>\n<p>E ato, fatkeq\u00ebsisht jan\u00eb t\u00eb shumta. Q\u00eb nga siguria ekonomike, n\u00eb fakt mungesa e saj, mungesa e qasjes n\u00eb pron\u00eb e \u00e7\u00ebshtjet e trash\u00ebgimis\u00eb, mungesa e pjes\u00ebmarrjes s\u00eb barabart\u00eb n\u00eb procese shoq\u00ebrore, politike e t\u00eb vendimmarrjes n\u00eb \u00e7do nivel, e deri te interpretimi p\u00ebrmes aplikimeve t\u00eb standardeve t\u00eb dyfishta t\u00eb normave e termeve relevante t\u00eb drejt\u00ebsis\u00eb, fenomeni negativ i dhun\u00ebs me baz\u00eb gjinore paraqet nj\u00eb prej sfidave m\u00eb komplekse e multidimenzionale t\u00eb dit\u00ebve tona.<\/p>\n<p>Por, n\u00eb rr\u00ebnj\u00eb t\u00eb gjith\u00eb k\u00ebsaj q\u00ebndron bot\u00ebkuptimi seksist e thell\u00ebsisht i ngujuar n\u00eb struktur\u00ebn e ADN-s\u00eb s\u00eb nj\u00eb shoq\u00ebrie p\u00ebrmes edukimit qoft\u00eb n\u00eb rrethin familjar, shoq\u00ebror, n\u00eb banka shkollore, n\u00eb rrug\u00eb apo n\u00eb pun\u00eb. Seksizmi \u00ebsht\u00eb sfid\u00eb e p\u00ebrditshme thelb\u00ebsisht e integruar n\u00eb m\u00ebnyr\u00ebn se si mendohet, veprohet e me raste, edhe si dizajnohen politika, projekte e strategji.<br \/>\n\u00a0<br \/>\nNj\u00eb dukuri e till\u00eb tashm\u00eb nuk \u00ebsht\u00eb nj\u00eb dukuri e izoluar. Seksizmi po vret. Andaj, mjaft \u00ebsht\u00eb mjaft!\u00a0<\/p>\n<p>P\u00ebrfundimisht, suksesi i v\u00ebrtet\u00eb n\u00eb k\u00ebto p\u00ebrpjekje nuk \u00ebsht\u00eb vet\u00ebm rehabilitimi dhe mbrojtja e viktimave, por sukses p\u00ebrfundimtar \u00ebsht\u00eb parandalimi e eliminimi i rasteve t\u00eb dhun\u00ebs ndaj grave.\u00a0<\/p>\n<p>Rrjedhimisht, synimi yn\u00eb i p\u00ebrbashk\u00ebt duhet t\u00eb jet\u00eb pik\u00ebrisht ky eliminim dhe adresimi i fenomeneve q\u00eb e motivojn\u00eb at\u00eb.<\/p>\n<p>Andaj, qoft\u00eb p\u00ebrmes fushatave vet\u00ebdij\u00ebsuese, peticioneve, aktiviteteve n\u00eb shkolla, komunitete, institucione fetare, diskutimeve t\u00eb rregullta, nismave ligjore e strategjive, le t\u00eb mos mbetet asnj\u00eb gur\u00eb i pal\u00ebvizur p\u00ebr t\u00eb garantuar siguri, mbrojtje t\u00eb \u00e7do jete e dinjitet p\u00ebr grat\u00eb dhe vajzat, e p\u00ebrfundimisht edhe p\u00ebr \u00e7do qytetar pa dallim.\u00a0<\/p>\n<p>Ju faleminderit!\u00a0<\/p>\n","protected":false},"excerpt":{"rendered":"<p>E nderuar z\u00ebvend\u00ebskryeministre, ministre, P\u00ebrfaq\u00ebsues t\u00eb qytetar\u00ebve, deputet, Shk\u00eblqesi ambasador\u00eb, P\u00ebrfaq\u00ebsues t\u00eb shoq\u00ebris\u00eb civile dhe organizatave partnere, T\u00eb nderuar media q\u00eb sot jeni k\u00ebtu me ne, T\u00eb nderuar pjes\u00ebmarr\u00ebs, Ju fal\u00ebnderoj shum\u00eb p\u00ebr ftes\u00ebn por mbi t\u00eb gjitha p\u00ebr angazhimin e p\u00ebrbashk\u00ebt n\u00eb drejtim t\u00eb luftimit t\u00eb dhun\u00ebs me baz\u00eb gjinore.\u00a0 Sot t\u00eb gjith\u00eb pranuam edhe nj\u00eb lajm t\u00eb kobsh\u00ebm. N\u00eb m\u00ebngjesin e hersh\u00ebm, nj\u00eb burr\u00eb vrau gruan n\u00eb m\u00ebnyr\u00ebn m\u00eb makabre duke na alarmuar t\u00eb gjith\u00ebve q\u00eb fenomeni i dhun\u00ebs me baz\u00eb gjinore mbetet jasht\u00ebzakonisht prezent n\u00eb shoq\u00ebrin\u00eb ton\u00eb. N\u00eb k\u00ebto \u00e7aste, ne ndajm\u00eb dhimbjen dhe shprehim ngush\u00ebllimet m\u00eb t\u00eb sinqerta p\u00ebr jet\u00ebn e humbur t\u00eb bashk\u00ebqytetares son\u00eb.\u00a0 Fatkeq\u00ebsisht, lajmet p\u00ebr dhun\u00ebn mbi baz\u00eb gjinore po b\u00ebhen gjithnj\u00eb e m\u00eb prezente n\u00eb p\u00ebrditshm\u00ebrin\u00eb ton\u00eb. P\u00ebrderisa rritja e numrit t\u00eb rasteve t\u00eb raportuara mund t\u00eb p\u00ebrkoj me ato q\u00eb i d\u00ebgjojm\u00eb, duhet mbi t\u00eb gjitha t\u00eb na shqet\u00ebsoj fakti q\u00eb dhuna \u00ebsht\u00eb kaq shum\u00eb prezente n\u00eb Kosov\u00ebn ton\u00eb. T\u00eb dalur nga nj\u00eb pandemi, i kemi t\u00eb gjith\u00eb t\u00eb fresk\u00ebta kujtimet e dhimbjes e sfidave t\u00eb p\u00ebrjetuara p\u00ebrgjat\u00eb saj. Mir\u00ebpo, dhuna mbi baz\u00eb gjinore mbetet pandemia t\u00eb cil\u00ebs nuk po ia shohim fundin. Si e till\u00eb, dhuna mbi baz\u00eb gjinore \u00ebsht\u00eb pandemia m\u00eb afatgjat\u00eb n\u00eb historin\u00eb e njer\u00ebzimit.\u00a0 Andaj, duhet ta themi z\u00ebsh\u00ebm, jo vet\u00ebm p\u00ebrgjat\u00eb 16 dit\u00ebve t\u00eb aktivizimit, por \u00e7do dit\u00eb: kur flasim p\u00ebr luftimin e dhun\u00ebs mbi baz\u00eb gjinore nuk duhet t\u00eb b\u00ebjm\u00eb kompromis. Sepse, p\u00ebrderisa dhuna mbi baz\u00eb gjinore \u00ebsht\u00eb nj\u00eb prej shkeljeve m\u00eb flagrante t\u00eb t\u00eb drejtave t\u00eb njeriut, ajo nuk paraqet nj\u00eb gjendje t\u00eb natyrshme t\u00eb shoq\u00ebris\u00eb. Si e till\u00eb, ajo mund e duhet t\u00eb parandalohet dhe t\u00eb luftohet.\u00a0 Por, mbi t\u00eb gjitha, duhet ta kemi p\u00ebrfundimisht t\u00eb qart\u00eb se dhuna mbi baz\u00eb gjinore nuk \u00ebsht\u00eb nj\u00eb tem\u00eb me t\u00eb cil\u00ebn duhet t\u00eb merren vet\u00ebm vajzat dhe grat\u00eb. Kjo \u00ebsht\u00eb plaga jon\u00eb e p\u00ebrbashk\u00ebt, andaj luftimi i saj duhet t\u00eb jet\u00eb rezultat i angazhimit t\u00eb p\u00ebrbashk\u00ebt t\u00eb grave dhe t\u00eb burrave.\u00a0\u00a0 Prandaj sot, po aq sa ju drejtohem grave dhe vajzave, po kaq z\u00ebsh\u00ebm i ftoj burrat dhe djemt\u00eb e Kosov\u00ebs q\u00eb t\u00eb punojm\u00eb s\u00eb bashku drejt eleminimit t\u00eb t\u00eb gjitha formave t\u00eb dhun\u00ebs.\u00a0 Realiteti i dit\u00ebve tona \u00ebsht\u00eb i till\u00eb q\u00eb 1 n\u00eb 3 gra n\u00eb bot\u00eb kan\u00eb p\u00ebrjetuar qoft\u00eb dhun\u00eb fizike qoft\u00eb dhun\u00eb psiqike p\u00ebrgjat\u00eb jet\u00ebs s\u00eb tyre. Kjo i bie q\u00eb dhuna bashk\u00ebjeton me ne &#8211; ajo \u00ebsht\u00eb pothuajse n\u00eb \u00e7do lagje, n\u00eb \u00e7do hap\u00ebsir\u00eb publike e private \u2013 me dhun\u00ebn ballafaqohen kaq shum\u00eb gra dhe vajza. N\u00eb mesin e tyre ka aq shum\u00eb gra dhe vajza p\u00ebr t\u00eb cilat as nuk e mendojm\u00eb dot se do t\u00eb mund t\u00eb ishin viktima e radh\u00ebs. 16 dit\u00ebt n\u00eb vijim jan\u00eb padyshim nj\u00eb prej periudhave m\u00eb t\u00eb r\u00ebnd\u00ebsishme n\u00eb ciklin 365 dit\u00ebsh t\u00eb nj\u00eb viti kur flitet p\u00ebr \u00e7\u00ebshtjen e dhun\u00ebs me baz\u00eb gjinore. Por, puna n\u00eb k\u00ebt\u00eb drejtim ka qen\u00eb e p\u00ebrditshme. Nga institucionet publike e deri tek organizatat e shoq\u00ebris\u00eb civile, angazhimi p\u00ebr financim, p\u00ebr parandalim, p\u00ebr p\u00ebrgjigje e evidentim ka qen\u00eb i p\u00ebrditsh\u00ebm. P\u00ebrkund\u00ebr nj\u00eb situate shqet\u00ebsuese n\u00eb vend p\u00ebrgjat\u00eb vitit t\u00eb fundit n\u00eb ve\u00e7anti, nuk mundemi kurrsesi t\u00eb anashkalojm\u00eb mundin, konsistenc\u00ebn e pun\u00ebs e angazhimin e rregullt t\u00eb kampion\u00ebve t\u00eb p\u00ebrditsh\u00ebm &#8211; gra e burra, vajza e djem\u00eb &#8211; t\u00eb cil\u00ebt n\u00eb baza ditore japin maksimumin e tyre p\u00ebr t\u00eb luftuar dhun\u00ebn, p\u00ebr t\u00eb shp\u00ebtuar jet\u00ebn, e p\u00ebr t\u00eb garantuar dinjitet p\u00ebr viktimat e dhun\u00ebs. Andaj sot, edhe pse t\u00eb p\u00ebrballur me nj\u00eb realitet t\u00eb hidhur, dua t\u00eb vler\u00ebsoj pun\u00ebn e jasht\u00ebzakonshme q\u00eb \u00ebsht\u00eb b\u00ebr\u00eb p\u00ebr aprovimin e Strategjis\u00eb komb\u00ebtare p\u00ebr mbrojtje nga dhuna n\u00eb familje dhe dhuna ndaj grave 2022 \u2013 2026, si dhe s\u00eb fundmi aprovimi i protokollit t\u00eb bashk\u00ebrendimit midis institucioneve nga fillimi i hetimit, tek ndjekja penale nga prokuroria, e deri tek gjykimi i rastit. Po ashtu, duke u bazuar n\u00eb zhvillimet e fundit, puna n\u00eb drejtim t\u00eb luftimit t\u00eb dhun\u00ebs mbi baz\u00eb gjinore do t\u00eb jet\u00eb n\u00eb krye t\u00eb agjend\u00ebs s\u00eb K\u00ebshillit p\u00ebr Demokraci dhe t\u00eb Drejta t\u00eb Njeriut n\u00eb kuad\u00ebr t\u00eb zyr\u00ebs sime. Nd\u00ebrsa, duhet theksuar n\u00eb ve\u00e7anti se q\u00eb nga viti 2020 vendi yn\u00eb ka marr\u00eb p\u00ebrsip\u00ebr nj\u00eb s\u00ebr\u00eb obligimesh p\u00ebr t\u00eb trajtuar dhun\u00ebn ndaj grave edhe bazuar n\u00eb Konvent\u00ebn e Stambollit t\u00eb cil\u00ebn e ratifikuam unanimisht n\u00eb Kuvendin e Kosov\u00ebs. T\u00eb dashur pjes\u00ebmarr\u00ebs, T\u00eb dashur qytetar\u00eb, Kur flasim p\u00ebr dhun\u00ebn me baz\u00eb gjinore, ne flasim p\u00ebr nj\u00eb jet\u00eb q\u00eb l\u00ebndohet n\u00eb baza t\u00eb rregullta, nj\u00eb grua q\u00eb shtypet, nj\u00eb vajz\u00eb q\u00eb gradualisht i shuhen shpresat, nj\u00eb njeri q\u00eb vuan presionin e dhimbjen e pamerituar. Ne flasim p\u00ebr nj\u00eb jet\u00eb q\u00eb n\u00eb \u00e7do moment padrejt\u00ebsisht mund t\u00eb shuhet. K\u00ebrkon shum\u00eb guxim p\u00ebr nj\u00eb viktim\u00eb t\u00eb dhun\u00ebs q\u00eb t\u00eb flas, q\u00eb t\u00eb k\u00ebrkoi ndihm\u00eb, q\u00eb t\u00eb paraqitet n\u00eb polici, por i lus q\u00eb ta b\u00ebjn\u00eb k\u00ebt\u00eb hap. P\u00ebr ta b\u00ebr\u00eb k\u00ebt\u00eb hap, po aq sa duhet guxim prej an\u00ebs s\u00eb tyre, duhet t\u00eb ket\u00eb edhe siguri nga ana jon\u00eb, duhet t\u00eb garantohet ndjenja e rahatis\u00eb e komforit nga ana e institucioneve p\u00ebrgjegj\u00ebse, ndjenja e mbrojtjes sepse tek ne vin\u00eb p\u00ebr mbrojtje.\u00a0 Andaj, trajnimi dhe p\u00ebrgatitja profesionale e polic\u00ebve, prokuror\u00ebve e gjykat\u00ebsve, sh\u00ebrbyeseve civil, pun\u00ebtor\u00ebve n\u00eb sh\u00ebndet\u00ebsi, qendra sociale e strehimore duhet t\u00eb jet\u00eb prioritet i yni i \u00e7doditsh\u00ebm. Nuk kemi koh\u00eb p\u00ebr t\u00eb humbur, sepse \u00e7do minut\u00eb i humbur mund t\u00eb shnd\u00ebrrohet edhe n\u00eb nj\u00eb jet\u00eb t\u00eb p\u00ebrfunduar fatalisht. Nuk mund t\u00eb ket\u00eb toleranc\u00eb p\u00ebr gjykat\u00ebs e prokuror\u00eb neglizhues, sepse p\u00ebrball\u00eb krimit nuk mund t\u00eb ket\u00eb kompromis e as rrethana leht\u00ebsuese. Nuk mund t\u00eb ket\u00eb mir\u00ebkuptim p\u00ebr dhunuesit, sepse p\u00ebr dhun\u00eb mir\u00ebkuptim nuk ka. Nuk do t\u00eb pranojm\u00eb m\u00eb argumente p\u00ebr munges\u00eb t\u00eb kapacitetesh, sepse p\u00ebrball\u00eb nj\u00eb emergjence nacionale si\u00e7 \u00ebsht\u00eb dhuna mbi baza gjinore duhet luftuar me \u00e7do resurs e \u00e7do kapacitet q\u00eb e kemi n\u00eb dispozicion. Ne flasim shum\u00eb p\u00ebr vlerat familjare e shoq\u00ebrore k\u00ebtu n\u00eb Kosov\u00eb t\u00eb cilat p\u00ebrb\u00ebjn\u00eb historikisht bazamentin e shoq\u00ebris\u00eb son\u00eb. Ne krenohemi kaq shum\u00eb me at\u00eb q\u00eb p\u00ebrfaq\u00ebsojm\u00eb dhe vlerat mbi t\u00eb cilat jemi zhvilluar si shoq\u00ebri. Por, me keqardhje e them se kur dhuna b\u00ebhet<\/p>\n","protected":false},"author":1,"featured_media":9708,"comment_status":"open","ping_status":"closed","sticky":false,"template":"","format":"standard","meta":{"_eb_attr":"","footnotes":""},"categories":[106],"tags":[],"class_list":["post-73863","post","type-post","status-publish","format-standard","has-post-thumbnail","hentry","category-govori"],"yoast_head":"<!-- This site is optimized with the Yoast SEO plugin v23.5 - https:\/\/yoast.com\/wordpress\/plugins\/seo\/ -->\n<title>Govor predsednice Osmani na ceremoniji otvaranja globalne kampanje \u201e16 dana aktivizma protiv nasilja u porodici i rodno zasnovanog nasilja\u201c - Predsednik Republike Kosovo - DR. VJOSA OSMANI - SADRIU<\/title>\n<meta name=\"description\" content=\"Govor predsednice Osmani na ceremoniji otvaranja globalne kampanje \u201e16 dana aktivizma protiv nasilja u porodici i rodno zasnovanog nasilja\u201c - Predsednik Republike Kosovo - DR. VJOSA OSMANI - SADRIU -\" \/>\n<meta name=\"robots\" content=\"index, follow, max-snippet:-1, max-image-preview:large, max-video-preview:-1\" \/>\n<link rel=\"canonical\" href=\"https:\/\/president-ksgov.net\/sr\/govor-predsednice-osmani-na-ceremoniji-otvaranja-globalne-kampanje-16-dana-aktivizma-protiv-nasilja-u-porodici-i-rodno-zasnovanog-nasilja\/\" \/>\n<meta property=\"og:locale\" content=\"sr_RS\" \/>\n<meta property=\"og:type\" content=\"article\" \/>\n<meta property=\"og:title\" content=\"Govor predsednice Osmani na ceremoniji otvaranja globalne kampanje \u201e16 dana aktivizma protiv nasilja u porodici i rodno zasnovanog nasilja\u201c - Predsednik Republike Kosovo - DR. VJOSA OSMANI - SADRIU\" \/>\n<meta property=\"og:description\" content=\"Govor predsednice Osmani na ceremoniji otvaranja globalne kampanje \u201e16 dana aktivizma protiv nasilja u porodici i rodno zasnovanog nasilja\u201c - Predsednik Republike Kosovo - DR. VJOSA OSMANI - SADRIU -\" \/>\n<meta property=\"og:url\" content=\"https:\/\/president-ksgov.net\/sr\/govor-predsednice-osmani-na-ceremoniji-otvaranja-globalne-kampanje-16-dana-aktivizma-protiv-nasilja-u-porodici-i-rodno-zasnovanog-nasilja\/\" \/>\n<meta property=\"og:site_name\" content=\"Predsednik Republike Kosovo - DR. VJOSA OSMANI - SADRIU\" \/>\n<meta property=\"article:published_time\" content=\"2022-11-25T20:02:24+00:00\" \/>\n<meta property=\"article:modified_time\" content=\"2023-03-08T08:59:25+00:00\" \/>\n<meta property=\"og:image\" content=\"https:\/\/president-ksgov.net\/wp-content\/uploads\/2023\/03\/25_11_2022_6235414_05-scaled.jpg\" \/>\n\t<meta property=\"og:image:width\" content=\"2560\" \/>\n\t<meta property=\"og:image:height\" content=\"1707\" \/>\n\t<meta property=\"og:image:type\" content=\"image\/jpeg\" \/>\n<meta name=\"author\" content=\"admin\" \/>\n<meta name=\"twitter:card\" content=\"summary_large_image\" \/>\n<meta name=\"twitter:label1\" content=\"\u041d\u0430\u043f\u0438\u0441\u0430\u043d\u043e \u043e\u0434\" \/>\n\t<meta name=\"twitter:data1\" content=\"admin\" \/>\n\t<meta name=\"twitter:label2\" content=\"\u041f\u0440\u043e\u0446\u0435\u045a\u0435\u043d\u043e \u0432\u0440\u0435\u043c\u0435 \u0447\u0438\u0442\u0430\u045a\u0430\" \/>\n\t<meta name=\"twitter:data2\" content=\"8 \u043c\u0438\u043d\u0443\u0442\u0430\" \/>\n<script type=\"application\/ld+json\" class=\"yoast-schema-graph\">{\"@context\":\"https:\/\/schema.org\",\"@graph\":[{\"@type\":\"WebPage\",\"@id\":\"https:\/\/president-ksgov.net\/sr\/govor-predsednice-osmani-na-ceremoniji-otvaranja-globalne-kampanje-16-dana-aktivizma-protiv-nasilja-u-porodici-i-rodno-zasnovanog-nasilja\/\",\"url\":\"https:\/\/president-ksgov.net\/sr\/govor-predsednice-osmani-na-ceremoniji-otvaranja-globalne-kampanje-16-dana-aktivizma-protiv-nasilja-u-porodici-i-rodno-zasnovanog-nasilja\/\",\"name\":\"Govor predsednice Osmani na ceremoniji otvaranja globalne kampanje \u201e16 dana aktivizma protiv nasilja u porodici i rodno zasnovanog nasilja\u201c - Predsednik Republike Kosovo - DR. VJOSA OSMANI - SADRIU\",\"isPartOf\":{\"@id\":\"https:\/\/president-ksgov.net\/#website\"},\"primaryImageOfPage\":{\"@id\":\"https:\/\/president-ksgov.net\/sr\/govor-predsednice-osmani-na-ceremoniji-otvaranja-globalne-kampanje-16-dana-aktivizma-protiv-nasilja-u-porodici-i-rodno-zasnovanog-nasilja\/#primaryimage\"},\"image\":{\"@id\":\"https:\/\/president-ksgov.net\/sr\/govor-predsednice-osmani-na-ceremoniji-otvaranja-globalne-kampanje-16-dana-aktivizma-protiv-nasilja-u-porodici-i-rodno-zasnovanog-nasilja\/#primaryimage\"},\"thumbnailUrl\":\"https:\/\/president-ksgov.net\/wp-content\/uploads\/2023\/03\/25_11_2022_6235414_05-scaled.jpg\",\"datePublished\":\"2022-11-25T20:02:24+00:00\",\"dateModified\":\"2023-03-08T08:59:25+00:00\",\"author\":{\"@id\":\"https:\/\/president-ksgov.net\/#\/schema\/person\/bb4337a5fb147cb2046d80548172cbee\"},\"description\":\"Govor predsednice Osmani na ceremoniji otvaranja globalne kampanje \u201e16 dana aktivizma protiv nasilja u porodici i rodno zasnovanog nasilja\u201c - Predsednik Republike Kosovo - DR. VJOSA OSMANI - SADRIU -\",\"breadcrumb\":{\"@id\":\"https:\/\/president-ksgov.net\/sr\/govor-predsednice-osmani-na-ceremoniji-otvaranja-globalne-kampanje-16-dana-aktivizma-protiv-nasilja-u-porodici-i-rodno-zasnovanog-nasilja\/#breadcrumb\"},\"inLanguage\":\"sr-RS\",\"potentialAction\":[{\"@type\":\"ReadAction\",\"target\":[\"https:\/\/president-ksgov.net\/sr\/govor-predsednice-osmani-na-ceremoniji-otvaranja-globalne-kampanje-16-dana-aktivizma-protiv-nasilja-u-porodici-i-rodno-zasnovanog-nasilja\/\"]}]},{\"@type\":\"ImageObject\",\"inLanguage\":\"sr-RS\",\"@id\":\"https:\/\/president-ksgov.net\/sr\/govor-predsednice-osmani-na-ceremoniji-otvaranja-globalne-kampanje-16-dana-aktivizma-protiv-nasilja-u-porodici-i-rodno-zasnovanog-nasilja\/#primaryimage\",\"url\":\"https:\/\/president-ksgov.net\/wp-content\/uploads\/2023\/03\/25_11_2022_6235414_05-scaled.jpg\",\"contentUrl\":\"https:\/\/president-ksgov.net\/wp-content\/uploads\/2023\/03\/25_11_2022_6235414_05-scaled.jpg\",\"width\":2560,\"height\":1707},{\"@type\":\"BreadcrumbList\",\"@id\":\"https:\/\/president-ksgov.net\/sr\/govor-predsednice-osmani-na-ceremoniji-otvaranja-globalne-kampanje-16-dana-aktivizma-protiv-nasilja-u-porodici-i-rodno-zasnovanog-nasilja\/#breadcrumb\",\"itemListElement\":[{\"@type\":\"ListItem\",\"position\":1,\"name\":\"Home\",\"item\":\"https:\/\/president-ksgov.net\/sr\/\"},{\"@type\":\"ListItem\",\"position\":2,\"name\":\"Govor predsednice Osmani na ceremoniji otvaranja globalne kampanje \u201e16 dana aktivizma protiv nasilja u porodici i rodno zasnovanog nasilja\u201c\"}]},{\"@type\":\"WebSite\",\"@id\":\"https:\/\/president-ksgov.net\/#website\",\"url\":\"https:\/\/president-ksgov.net\/\",\"name\":\"Presidente e Republik\u00ebs s\u00eb Kosov\u00ebs\",\"description\":\"Presidente e Republik\u00ebs s\u00eb Kosov\u00ebs\",\"alternateName\":\"DR. VJOSA OSMANI - SADRIU\",\"potentialAction\":[{\"@type\":\"SearchAction\",\"target\":{\"@type\":\"EntryPoint\",\"urlTemplate\":\"https:\/\/president-ksgov.net\/?s={search_term_string}\"},\"query-input\":{\"@type\":\"PropertyValueSpecification\",\"valueRequired\":true,\"valueName\":\"search_term_string\"}}],\"inLanguage\":\"sr-RS\"},{\"@type\":\"Person\",\"@id\":\"https:\/\/president-ksgov.net\/#\/schema\/person\/bb4337a5fb147cb2046d80548172cbee\",\"name\":\"admin\",\"image\":{\"@type\":\"ImageObject\",\"inLanguage\":\"sr-RS\",\"@id\":\"https:\/\/president-ksgov.net\/#\/schema\/person\/image\/\",\"url\":\"https:\/\/secure.gravatar.com\/avatar\/36156ca0fa3b8d9d25174f146e16beea0cf28f37adf1b9e19b6c9c279a7c9dd3?s=96&d=mm&r=g\",\"contentUrl\":\"https:\/\/secure.gravatar.com\/avatar\/36156ca0fa3b8d9d25174f146e16beea0cf28f37adf1b9e19b6c9c279a7c9dd3?s=96&d=mm&r=g\",\"caption\":\"admin\"},\"sameAs\":[\"https:\/\/president-ksgov.net\"]}]}<\/script>\n<!-- \/ Yoast SEO plugin. -->","yoast_head_json":{"title":"Govor predsednice Osmani na ceremoniji otvaranja globalne kampanje \u201e16 dana aktivizma protiv nasilja u porodici i rodno zasnovanog nasilja\u201c - Predsednik Republike Kosovo - DR. VJOSA OSMANI - SADRIU","description":"Govor predsednice Osmani na ceremoniji otvaranja globalne kampanje \u201e16 dana aktivizma protiv nasilja u porodici i rodno zasnovanog nasilja\u201c - Predsednik Republike Kosovo - DR. VJOSA OSMANI - SADRIU -","robots":{"index":"index","follow":"follow","max-snippet":"max-snippet:-1","max-image-preview":"max-image-preview:large","max-video-preview":"max-video-preview:-1"},"canonical":"https:\/\/president-ksgov.net\/sr\/govor-predsednice-osmani-na-ceremoniji-otvaranja-globalne-kampanje-16-dana-aktivizma-protiv-nasilja-u-porodici-i-rodno-zasnovanog-nasilja\/","og_locale":"sr_RS","og_type":"article","og_title":"Govor predsednice Osmani na ceremoniji otvaranja globalne kampanje \u201e16 dana aktivizma protiv nasilja u porodici i rodno zasnovanog nasilja\u201c - Predsednik Republike Kosovo - DR. VJOSA OSMANI - SADRIU","og_description":"Govor predsednice Osmani na ceremoniji otvaranja globalne kampanje \u201e16 dana aktivizma protiv nasilja u porodici i rodno zasnovanog nasilja\u201c - Predsednik Republike Kosovo - DR. VJOSA OSMANI - SADRIU -","og_url":"https:\/\/president-ksgov.net\/sr\/govor-predsednice-osmani-na-ceremoniji-otvaranja-globalne-kampanje-16-dana-aktivizma-protiv-nasilja-u-porodici-i-rodno-zasnovanog-nasilja\/","og_site_name":"Predsednik Republike Kosovo - DR. VJOSA OSMANI - SADRIU","article_published_time":"2022-11-25T20:02:24+00:00","article_modified_time":"2023-03-08T08:59:25+00:00","og_image":[{"width":2560,"height":1707,"url":"https:\/\/president-ksgov.net\/wp-content\/uploads\/2023\/03\/25_11_2022_6235414_05-scaled.jpg","type":"image\/jpeg"}],"author":"admin","twitter_card":"summary_large_image","twitter_misc":{"\u041d\u0430\u043f\u0438\u0441\u0430\u043d\u043e \u043e\u0434":"admin","\u041f\u0440\u043e\u0446\u0435\u045a\u0435\u043d\u043e \u0432\u0440\u0435\u043c\u0435 \u0447\u0438\u0442\u0430\u045a\u0430":"8 \u043c\u0438\u043d\u0443\u0442\u0430"},"schema":{"@context":"https:\/\/schema.org","@graph":[{"@type":"WebPage","@id":"https:\/\/president-ksgov.net\/sr\/govor-predsednice-osmani-na-ceremoniji-otvaranja-globalne-kampanje-16-dana-aktivizma-protiv-nasilja-u-porodici-i-rodno-zasnovanog-nasilja\/","url":"https:\/\/president-ksgov.net\/sr\/govor-predsednice-osmani-na-ceremoniji-otvaranja-globalne-kampanje-16-dana-aktivizma-protiv-nasilja-u-porodici-i-rodno-zasnovanog-nasilja\/","name":"Govor predsednice Osmani na ceremoniji otvaranja globalne kampanje \u201e16 dana aktivizma protiv nasilja u porodici i rodno zasnovanog nasilja\u201c - Predsednik Republike Kosovo - DR. VJOSA OSMANI - SADRIU","isPartOf":{"@id":"https:\/\/president-ksgov.net\/#website"},"primaryImageOfPage":{"@id":"https:\/\/president-ksgov.net\/sr\/govor-predsednice-osmani-na-ceremoniji-otvaranja-globalne-kampanje-16-dana-aktivizma-protiv-nasilja-u-porodici-i-rodno-zasnovanog-nasilja\/#primaryimage"},"image":{"@id":"https:\/\/president-ksgov.net\/sr\/govor-predsednice-osmani-na-ceremoniji-otvaranja-globalne-kampanje-16-dana-aktivizma-protiv-nasilja-u-porodici-i-rodno-zasnovanog-nasilja\/#primaryimage"},"thumbnailUrl":"https:\/\/president-ksgov.net\/wp-content\/uploads\/2023\/03\/25_11_2022_6235414_05-scaled.jpg","datePublished":"2022-11-25T20:02:24+00:00","dateModified":"2023-03-08T08:59:25+00:00","author":{"@id":"https:\/\/president-ksgov.net\/#\/schema\/person\/bb4337a5fb147cb2046d80548172cbee"},"description":"Govor predsednice Osmani na ceremoniji otvaranja globalne kampanje \u201e16 dana aktivizma protiv nasilja u porodici i rodno zasnovanog nasilja\u201c - Predsednik Republike Kosovo - DR. VJOSA OSMANI - SADRIU -","breadcrumb":{"@id":"https:\/\/president-ksgov.net\/sr\/govor-predsednice-osmani-na-ceremoniji-otvaranja-globalne-kampanje-16-dana-aktivizma-protiv-nasilja-u-porodici-i-rodno-zasnovanog-nasilja\/#breadcrumb"},"inLanguage":"sr-RS","potentialAction":[{"@type":"ReadAction","target":["https:\/\/president-ksgov.net\/sr\/govor-predsednice-osmani-na-ceremoniji-otvaranja-globalne-kampanje-16-dana-aktivizma-protiv-nasilja-u-porodici-i-rodno-zasnovanog-nasilja\/"]}]},{"@type":"ImageObject","inLanguage":"sr-RS","@id":"https:\/\/president-ksgov.net\/sr\/govor-predsednice-osmani-na-ceremoniji-otvaranja-globalne-kampanje-16-dana-aktivizma-protiv-nasilja-u-porodici-i-rodno-zasnovanog-nasilja\/#primaryimage","url":"https:\/\/president-ksgov.net\/wp-content\/uploads\/2023\/03\/25_11_2022_6235414_05-scaled.jpg","contentUrl":"https:\/\/president-ksgov.net\/wp-content\/uploads\/2023\/03\/25_11_2022_6235414_05-scaled.jpg","width":2560,"height":1707},{"@type":"BreadcrumbList","@id":"https:\/\/president-ksgov.net\/sr\/govor-predsednice-osmani-na-ceremoniji-otvaranja-globalne-kampanje-16-dana-aktivizma-protiv-nasilja-u-porodici-i-rodno-zasnovanog-nasilja\/#breadcrumb","itemListElement":[{"@type":"ListItem","position":1,"name":"Home","item":"https:\/\/president-ksgov.net\/sr\/"},{"@type":"ListItem","position":2,"name":"Govor predsednice Osmani na ceremoniji otvaranja globalne kampanje \u201e16 dana aktivizma protiv nasilja u porodici i rodno zasnovanog nasilja\u201c"}]},{"@type":"WebSite","@id":"https:\/\/president-ksgov.net\/#website","url":"https:\/\/president-ksgov.net\/","name":"Presidente e Republik\u00ebs s\u00eb Kosov\u00ebs","description":"Presidente e Republik\u00ebs s\u00eb Kosov\u00ebs","alternateName":"DR. VJOSA OSMANI - SADRIU","potentialAction":[{"@type":"SearchAction","target":{"@type":"EntryPoint","urlTemplate":"https:\/\/president-ksgov.net\/?s={search_term_string}"},"query-input":{"@type":"PropertyValueSpecification","valueRequired":true,"valueName":"search_term_string"}}],"inLanguage":"sr-RS"},{"@type":"Person","@id":"https:\/\/president-ksgov.net\/#\/schema\/person\/bb4337a5fb147cb2046d80548172cbee","name":"admin","image":{"@type":"ImageObject","inLanguage":"sr-RS","@id":"https:\/\/president-ksgov.net\/#\/schema\/person\/image\/","url":"https:\/\/secure.gravatar.com\/avatar\/36156ca0fa3b8d9d25174f146e16beea0cf28f37adf1b9e19b6c9c279a7c9dd3?s=96&d=mm&r=g","contentUrl":"https:\/\/secure.gravatar.com\/avatar\/36156ca0fa3b8d9d25174f146e16beea0cf28f37adf1b9e19b6c9c279a7c9dd3?s=96&d=mm&r=g","caption":"admin"},"sameAs":["https:\/\/president-ksgov.net"]}]}},"_links":{"self":[{"href":"https:\/\/president-ksgov.net\/sr\/wp-json\/wp\/v2\/posts\/73863","targetHints":{"allow":["GET"]}}],"collection":[{"href":"https:\/\/president-ksgov.net\/sr\/wp-json\/wp\/v2\/posts"}],"about":[{"href":"https:\/\/president-ksgov.net\/sr\/wp-json\/wp\/v2\/types\/post"}],"author":[{"embeddable":true,"href":"https:\/\/president-ksgov.net\/sr\/wp-json\/wp\/v2\/users\/1"}],"replies":[{"embeddable":true,"href":"https:\/\/president-ksgov.net\/sr\/wp-json\/wp\/v2\/comments?post=73863"}],"version-history":[{"count":1,"href":"https:\/\/president-ksgov.net\/sr\/wp-json\/wp\/v2\/posts\/73863\/revisions"}],"predecessor-version":[{"id":81365,"href":"https:\/\/president-ksgov.net\/sr\/wp-json\/wp\/v2\/posts\/73863\/revisions\/81365"}],"wp:featuredmedia":[{"embeddable":true,"href":"https:\/\/president-ksgov.net\/sr\/wp-json\/wp\/v2\/media\/9708"}],"wp:attachment":[{"href":"https:\/\/president-ksgov.net\/sr\/wp-json\/wp\/v2\/media?parent=73863"}],"wp:term":[{"taxonomy":"category","embeddable":true,"href":"https:\/\/president-ksgov.net\/sr\/wp-json\/wp\/v2\/categories?post=73863"},{"taxonomy":"post_tag","embeddable":true,"href":"https:\/\/president-ksgov.net\/sr\/wp-json\/wp\/v2\/tags?post=73863"}],"curies":[{"name":"wp","href":"https:\/\/api.w.org\/{rel}","templated":true}]}}