{"id":73818,"date":"2022-12-08T15:40:32","date_gmt":"2022-12-08T15:40:32","guid":{"rendered":"https:\/\/dev.president-ksgov.net\/govor-predsednice-osmani-na-16-dana-aktivizma-protiv-rodno-zasnovanog-nasilja-u-organizaciji-univerziteta-u-pristini\/"},"modified":"2022-12-08T15:40:32","modified_gmt":"2022-12-08T15:40:32","slug":"govor-predsednice-osmani-na-16-dana-aktivizma-protiv-rodno-zasnovanog-nasilja-u-organizaciji-univerziteta-u-pristini","status":"publish","type":"post","link":"https:\/\/president-ksgov.net\/sr\/govor-predsednice-osmani-na-16-dana-aktivizma-protiv-rodno-zasnovanog-nasilja-u-organizaciji-univerziteta-u-pristini\/","title":{"rendered":"Govor predsednice Osmani na \u201e16 dana aktivizma protiv rodno zasnovanog nasilja\u201c u organizaciji Univerziteta u Pri\u0161tini"},"content":{"rendered":"<p>Po\u0161tovani rektore profesore Qerimi,<br \/>\nLepo je \u0161to ste me&dstrok;u profesorima i studentima!<br \/>\nPo\u0161tovana ministarko Haxhiju,<br \/>\nPo\u0161tovani predstavnici institucija Republike Kosovo, uklju&ccaron;uju&cacute;i predstavnike Pri\u0161tinskog univerziteta i me&dstrok;unarodnih organizacija,<br \/>\nPo\u0161tovani gospodine Frank Power,<br \/>\nPo\u0161tovani aktivisti i aktivistkinje,<br \/>\nPo\u0161tovani u&ccaron;esnici,<br \/>\nPo\u0161tovani predstavnici medija,<\/p>\n<p>Ose&cacute;am posebno zadovoljstvo svaki put kada se vratim u prostorije Pri\u0161tinskog univerziteta, koji je za mene i drugi dom, bilo je to godinama mesto gde smo se zajedno anga&#382;ovali sa mnogim profesora koje vidim i na&#382;alost mnogi izazovi, kojima smo se bavili pre mnogo godina, i dalje traju tako da moramo udru&#382;iti snage kako bismo se borili protiv nejednakosti koje postoje u na\u0161em dru\u0161tvu.<\/p>\n<p>Ovaj dana\u0161nji povratak na Univerzitet u Pri\u0161tini je druga&ccaron;iji, jer sam ovde zbog cilja koji se bavi fenomenom koji je uzdrmao temelje na\u0161eg dru\u0161tva. Pribli&#382;avamo se kraju 16 dana aktivizma protiv rodno zasnovanog nasilja i ose&cacute;am da bi ovo trebalo da bude jedna od najuspe\u0161nijih kampanja, ali se zapravo pretvorila u jednu od najbolnijih kampanja koje smo ikada imali.<\/p>\n<p>U izuzetno kratkom periodu od prvog dana kada smo se sastali sa ministrkom pravde radi pokretanja kampanje 16 dana protiv rodno zasnovanog nasilja do danas izgubili smo jo\u0161 dve &#382;ene. Dva mu\u0161karca su na &dstrok;avolski i jeziv na&ccaron;in ubili &#382;ene koje vi\u0161e nisu sa nama. Kao rezultat ovih de\u0161avanja, sama kampanja za 16 dana aktivizma protiv rodno zasnovanog nasilja, kao i svest o njemu, postaje sve va&#382;nija.<\/p>\n<p>U na\u0161im nastojanjima da tretiramo uzroke i posledice femicida, nasilje u porodici uop\u0161te i rodno zasnovano nasilje, od posebnog je zna&ccaron;aja posve&cacute;enost i aktivno u&ccaron;e\u0161&cacute;e obrazovnih institucija.<\/p>\n<p>Ne ka&#382;em ovo samo zato \u0161to zvu&ccaron;i kao ne\u0161to \u0161to je najprikladnije re&cacute;i na ovakvoj aktivnosti gde smo mi na Univerzitetu u Pri\u0161tini, ve&cacute; to ka&#382;em sa punim uverenjem da formiranje misli, formiranje rasu&dstrok;ivanja i evaluacija &ccaron;oveka je duboko diktirana onim \u0161to &ccaron;itamo, ono \u0161to nau&ccaron;imo projektuje nam se ve&cacute; u \u0161kolskim klupama, a kasnije i u univerzitetskim prostorijama.<\/p>\n<p>Danas sam zapo&ccaron;ela dan sa grupom u&ccaron;enika od 8 do 12 godina i bila sam izuzetno zadovoljna \u0161to je de&ccaron;ak od 9 godina rekao da je jedna od glavnih lekcija koje su nau&ccaron;ili ovih dana u &ccaron;itala&ccaron;kom klubu va&#382;nost rodne ravnopravnosti i to pokazuje da samo takav na&ccaron;in razmi\u0161ljanja o obrazovanju generacija, bilo da su mlade ili druge, mo&#382;e dovesti do uspeha, a posebno &cacute;e iskorenjivanje rodno zasnovanog nasilja biti mogu&cacute;e samo kada se u takvom duhu vaspitavaju i de&ccaron;aci, a ne samo devoj&ccaron;ice.<\/p>\n<p>Koliko su va&#382;ne obrazovne institucije i njihova uloga, toliko je i porodica, dakle porodica mo&#382;e igrati izuzetnu ulogu u na\u0161oj borbi za iskorenjivanje patrijarhalnih normi koje rezultiraju nasiljem, kao i u razvoju socijalnih i emocionalnih ve\u0161tina koje su izuzetno zna&ccaron;ajne da se to uradi u sinhronizovanom i promi\u0161ljenom duhu, zatim sa na\u0161im \u0161kolskim institucijama, kako na preduniverzitetskom, tako i na univerzitetskom nivou.<\/p>\n<p>Sada verujem da je svima jasno da kada govorimo o femicidu, uop\u0161te o rodno zasnovanom nasilju, zapravo govorimo o zajedni&ccaron;koj rani gde su &#382;rtve pojedinci, ali rana je kolektivna, o&ccaron;aj je kolektivan, ali tako&dstrok;e je i neuspeh kolektivan.<\/p>\n<p>Uznemiruju&cacute;e je videti kako je femicid pra&cacute;en brojnim slu&ccaron;ajevima nasilja u porodici i brojnim slu&ccaron;ajevima seksualnog uznemiravanja i seksualnog nasilja, koje je na&#382;alost u velikoj ve&cacute;ini slu&ccaron;ajeva nad maloletnicima. Sve ove pojave, osim \u0161to su imenovane kao zasebne pojave, zapravo imaju zajedni&ccaron;ko poreklo. Njihovo poreklo je ukorenjeno u na\u0161em kolektivnom neuspehu, kao dru\u0161tvu, da jasno shvatimo da je &#382;ivot devoj&ccaron;ice, &#382;ene jednak &#382;ivotu mu\u0161karca ili de&ccaron;aka. Ali pred sobom imamo mnogo primera, uklju&ccaron;uju&cacute;i i odluke na\u0161ih pravosudnih institucija, koje aludiraju na suprotno.<\/p>\n<p>Zasluge &#382;ena, njihovi kapaciteti, njihov potencijal najbolje se izra&#382;avaju upravo u \u0161kolskim i univerzitetskim prostorijama. U \u0161kolskim ustanovama jasno se mo&#382;e shvatiti da je rodna neravnopravnost pojava instalisana kroz stvaranje dru\u0161tvenih normi koje o&#382;ivljavaju nejednakosti. Jer, naprotiv, kada bi se performans, marljivost, intelekt, ume&cacute;e i &ccaron;uda koja pokazuju devojke i &#382;ene, posebno devoj&ccaron;ice od pred\u0161kolskih ustanova do fakulteta, tokom &ccaron;itavog svog akademskog puta, uzeli za osnov, poruka bi bila jasna \u2013 devojke i &#382;ene su transformativna sila koja mo&#382;e biti potkopana samo u uslovima u kojima trijumfuju nejednakost i nesigurnost.<\/p>\n<p>A upravo kada postoje uslovi za neravnopravnost i nesigurnost, stvaraju se i oni za rodnu neravnopravnost i za naru\u0161avanje ovog izuzetnog potencijala koji nude devojke i &#382;ene.<\/p>\n<p>Upravo nedostatak ekonomske i finansijske sigurnosti, nedostatak ravnopravnog pristupa nasle&dstrok;u, ponekad i nedostatak pristupa pravdi, nedostatak sigurnosti od strane odgovornih institucija, koje u nekim slu&ccaron;ajevima, kao \u0161to sam rekla, pothranjuju nejednakosti i \u0161tete na\u0161im ambicijama za ravnopravno dru\u0161tvo koje se razvija i napreduje na principu dostojanstva i integriteta.<\/p>\n<p>16 dana aktivizma protiv rodno zasnovanog nasilja predstavlja period tokom godine kada je pa&#382;nja svih relevantnih institucija i aktera usmerena upravo na identifikaciju zajedni&ccaron;kih mehanizama i metoda za suzbijanje ove pojave. Ali pitanje je da li su poruke dovoljno jasne, da li su stvorene platforme dovoljne, da li su saradnje i interakcije dovoljne i korisne, ali pre svega uspevamo li da iza&dstrok;emo iz kruga obi&ccaron;nih aktera sa kojima razgovaramo na ovu temu, da li prodiremo u svaki sloj dru\u0161tva, odgovor je da kretanje u ovom uskom krugu ne bi trebalo da bude ono sa &ccaron;ime smo ujedinjeni.<\/p>\n<p>Izlazak iz ovog kruga u kojem razgovaramo, odobravamo platforme, razgovaramo o aktivnostima i tra&#382;imo aktivnost mora se odvijati u mnogo, mnogo \u0161irem krugu i tome uvek treba te&#382;iti. Na\u0161a svakodnevna posve&cacute;enost treba da bude da ove poruke i diskusije koje se vode danas i ovih dana stignu do svakog kutka Republike Kosovo. Ove re&ccaron;i, ovi razgovori, ove aktivnosti, treba da budu dostupne svima i da prodru do svakog gra&dstrok;anina, jer u borbi sa nacionalnom vanrednom situacijom kakva je ova rodna neravnopravnost, ne treba ostaviti kamen na kamenu i ne napojiti pamet.<\/p>\n<p>Stoga je uloga obrazovnih institucija nezamenljiva. Vi ste hram obrazovanja i najpravi&ccaron;nijeg znanja, ali i dom umova &#382;eljnih napretka i razvoja. Imate potencijal da transformi\u0161ete &ccaron;itavo dru\u0161tvo tako \u0161to &cacute;ete osigurati da vrednosti koje se \u0161ire, lekcije koje se u&ccaron;e, poruke koje se saop\u0161tavaju, najbolje promovi\u0161u duh jednakosti i sna&#382;no se bore protiv seksisti&ccaron;kog i patrijarhalnog mentaliteta.<\/p>\n<p>Dani koji su pred nama imaju puno posla; radom, koji je, uprkos svakom politi&ccaron;kom razvoju, usredsre&dstrok;en na dobrobit na\u0161eg dru\u0161tva, garanciju dostojanstva i za\u0161titu svakog &#382;ivota.<\/p>\n<p>To radimo u okviru Saveta za demokratiju, preko kojeg smo ve&cacute; pripremili platformu za me&dstrok;uinstitucionalnu saradnju u cilju borbe protiv femicida, nasilja u porodici i rodno zasnovanog nasilja. Ali kao i u ovoj akciji, svaki dan moramo da se zapitamo kako mo&#382;emo da uradimo vi\u0161e mimo platformi, mimo aktivizma, izvan objedinjavanja glasova i objedinjavanja kompetencija i funkcija koje imamo. Moramo da obezbedimo da na\u0161a pomo&cacute; stigne do svake porodice, svakog na\u0161eg gra&dstrok;anina koji se ose&cacute;a neravnopravnim ili ugro&#382;enim.<\/p>\n<p>Zato vas pozivam da to u&ccaron;inite vi kao obrazovne institucije u saradnji i koordinaciji sa svima nama u koracima koje preduzimamo. Jer, suo&ccaron;eni sa ovom nacionalnom vanrednom situacijom, potrebno je delovati i raditi ne \u0161tede&cacute;i sredstva, vreme i zalaganje.<\/p>\n<p>&Zcaron;elim da kao javni univerzitet, Univerzitet u Pri\u0161tini, koji je imao istorijsku ulogu u svakom nacionalnom i dr&#382;avnom izazovu kroz koji smo pro\u0161li, upravlja volanom i u ovom izazovu i u ovoj vanrednoj situaciji, i vodi akademsku zajednicu ka stalnoj i odr&#382;ivoj posve&cacute;enosti borbi protiv pojava koje su uznemiruju&cacute;e i bolne u na\u0161e dane.<\/p>\n<p>Dok idemo napred, ponavljam: nemamo devojke i &#382;ene koje mo&#382;emo gubiti. Borba protiv femicida, borba na rodnoj osnovi mora i bi&cacute;e beskompromisna, stoga sa svakim od vas bez obzira da li imate akademsku ili dr&#382;avnu funkciju, tra&#382;im saveznika jer samo takvim savezom mi mo&#382;emo uspeti da za\u0161titimo &#382;ivot i dostojanstvo svih na\u0161ih gra&dstrok;ana bez razlike.<\/p>\n<p>Hvala vam!<\/p>\n","protected":false},"excerpt":{"rendered":"<p>Po\u0161tovani rektore profesore Qerimi, Lepo je \u0161to ste me&dstrok;u profesorima i studentima! Po\u0161tovana ministarko Haxhiju, Po\u0161tovani predstavnici institucija Republike Kosovo, uklju&ccaron;uju&cacute;i predstavnike Pri\u0161tinskog univerziteta i me&dstrok;unarodnih organizacija, Po\u0161tovani gospodine Frank Power, Po\u0161tovani aktivisti i aktivistkinje, Po\u0161tovani u&ccaron;esnici, Po\u0161tovani predstavnici medija, Ose&cacute;am posebno zadovoljstvo svaki put kada se vratim u prostorije Pri\u0161tinskog univerziteta, koji je za mene i drugi dom, bilo je to godinama mesto gde smo se zajedno anga&#382;ovali sa mnogim profesora koje vidim i na&#382;alost mnogi izazovi, kojima smo se bavili pre mnogo godina, i dalje traju tako da moramo udru&#382;iti snage kako bismo se borili protiv nejednakosti koje postoje u na\u0161em dru\u0161tvu. Ovaj dana\u0161nji povratak na Univerzitet u Pri\u0161tini je druga&ccaron;iji, jer sam ovde zbog cilja koji se bavi fenomenom koji je uzdrmao temelje na\u0161eg dru\u0161tva. Pribli&#382;avamo se kraju 16 dana aktivizma protiv rodno zasnovanog nasilja i ose&cacute;am da bi ovo trebalo da bude jedna od najuspe\u0161nijih kampanja, ali se zapravo pretvorila u jednu od najbolnijih kampanja koje smo ikada imali. U izuzetno kratkom periodu od prvog dana kada smo se sastali sa ministrkom pravde radi pokretanja kampanje 16 dana protiv rodno zasnovanog nasilja do danas izgubili smo jo\u0161 dve &#382;ene. Dva mu\u0161karca su na &dstrok;avolski i jeziv na&ccaron;in ubili &#382;ene koje vi\u0161e nisu sa nama. Kao rezultat ovih de\u0161avanja, sama kampanja za 16 dana aktivizma protiv rodno zasnovanog nasilja, kao i svest o njemu, postaje sve va&#382;nija. U na\u0161im nastojanjima da tretiramo uzroke i posledice femicida, nasilje u porodici uop\u0161te i rodno zasnovano nasilje, od posebnog je zna&ccaron;aja posve&cacute;enost i aktivno u&ccaron;e\u0161&cacute;e obrazovnih institucija. Ne ka&#382;em ovo samo zato \u0161to zvu&ccaron;i kao ne\u0161to \u0161to je najprikladnije re&cacute;i na ovakvoj aktivnosti gde smo mi na Univerzitetu u Pri\u0161tini, ve&cacute; to ka&#382;em sa punim uverenjem da formiranje misli, formiranje rasu&dstrok;ivanja i evaluacija &ccaron;oveka je duboko diktirana onim \u0161to &ccaron;itamo, ono \u0161to nau&ccaron;imo projektuje nam se ve&cacute; u \u0161kolskim klupama, a kasnije i u univerzitetskim prostorijama. Danas sam zapo&ccaron;ela dan sa grupom u&ccaron;enika od 8 do 12 godina i bila sam izuzetno zadovoljna \u0161to je de&ccaron;ak od 9 godina rekao da je jedna od glavnih lekcija koje su nau&ccaron;ili ovih dana u &ccaron;itala&ccaron;kom klubu va&#382;nost rodne ravnopravnosti i to pokazuje da samo takav na&ccaron;in razmi\u0161ljanja o obrazovanju generacija, bilo da su mlade ili druge, mo&#382;e dovesti do uspeha, a posebno &cacute;e iskorenjivanje rodno zasnovanog nasilja biti mogu&cacute;e samo kada se u takvom duhu vaspitavaju i de&ccaron;aci, a ne samo devoj&ccaron;ice. Koliko su va&#382;ne obrazovne institucije i njihova uloga, toliko je i porodica, dakle porodica mo&#382;e igrati izuzetnu ulogu u na\u0161oj borbi za iskorenjivanje patrijarhalnih normi koje rezultiraju nasiljem, kao i u razvoju socijalnih i emocionalnih ve\u0161tina koje su izuzetno zna&ccaron;ajne da se to uradi u sinhronizovanom i promi\u0161ljenom duhu, zatim sa na\u0161im \u0161kolskim institucijama, kako na preduniverzitetskom, tako i na univerzitetskom nivou. Sada verujem da je svima jasno da kada govorimo o femicidu, uop\u0161te o rodno zasnovanom nasilju, zapravo govorimo o zajedni&ccaron;koj rani gde su &#382;rtve pojedinci, ali rana je kolektivna, o&ccaron;aj je kolektivan, ali tako&dstrok;e je i neuspeh kolektivan. Uznemiruju&cacute;e je videti kako je femicid pra&cacute;en brojnim slu&ccaron;ajevima nasilja u porodici i brojnim slu&ccaron;ajevima seksualnog uznemiravanja i seksualnog nasilja, koje je na&#382;alost u velikoj ve&cacute;ini slu&ccaron;ajeva nad maloletnicima. Sve ove pojave, osim \u0161to su imenovane kao zasebne pojave, zapravo imaju zajedni&ccaron;ko poreklo. Njihovo poreklo je ukorenjeno u na\u0161em kolektivnom neuspehu, kao dru\u0161tvu, da jasno shvatimo da je &#382;ivot devoj&ccaron;ice, &#382;ene jednak &#382;ivotu mu\u0161karca ili de&ccaron;aka. Ali pred sobom imamo mnogo primera, uklju&ccaron;uju&cacute;i i odluke na\u0161ih pravosudnih institucija, koje aludiraju na suprotno. Zasluge &#382;ena, njihovi kapaciteti, njihov potencijal najbolje se izra&#382;avaju upravo u \u0161kolskim i univerzitetskim prostorijama. U \u0161kolskim ustanovama jasno se mo&#382;e shvatiti da je rodna neravnopravnost pojava instalisana kroz stvaranje dru\u0161tvenih normi koje o&#382;ivljavaju nejednakosti. Jer, naprotiv, kada bi se performans, marljivost, intelekt, ume&cacute;e i &ccaron;uda koja pokazuju devojke i &#382;ene, posebno devoj&ccaron;ice od pred\u0161kolskih ustanova do fakulteta, tokom &ccaron;itavog svog akademskog puta, uzeli za osnov, poruka bi bila jasna \u2013 devojke i &#382;ene su transformativna sila koja mo&#382;e biti potkopana samo u uslovima u kojima trijumfuju nejednakost i nesigurnost. A upravo kada postoje uslovi za neravnopravnost i nesigurnost, stvaraju se i oni za rodnu neravnopravnost i za naru\u0161avanje ovog izuzetnog potencijala koji nude devojke i &#382;ene. Upravo nedostatak ekonomske i finansijske sigurnosti, nedostatak ravnopravnog pristupa nasle&dstrok;u, ponekad i nedostatak pristupa pravdi, nedostatak sigurnosti od strane odgovornih institucija, koje u nekim slu&ccaron;ajevima, kao \u0161to sam rekla, pothranjuju nejednakosti i \u0161tete na\u0161im ambicijama za ravnopravno dru\u0161tvo koje se razvija i napreduje na principu dostojanstva i integriteta. 16 dana aktivizma protiv rodno zasnovanog nasilja predstavlja period tokom godine kada je pa&#382;nja svih relevantnih institucija i aktera usmerena upravo na identifikaciju zajedni&ccaron;kih mehanizama i metoda za suzbijanje ove pojave. Ali pitanje je da li su poruke dovoljno jasne, da li su stvorene platforme dovoljne, da li su saradnje i interakcije dovoljne i korisne, ali pre svega uspevamo li da iza&dstrok;emo iz kruga obi&ccaron;nih aktera sa kojima razgovaramo na ovu temu, da li prodiremo u svaki sloj dru\u0161tva, odgovor je da kretanje u ovom uskom krugu ne bi trebalo da bude ono sa &ccaron;ime smo ujedinjeni. Izlazak iz ovog kruga u kojem razgovaramo, odobravamo platforme, razgovaramo o aktivnostima i tra&#382;imo aktivnost mora se odvijati u mnogo, mnogo \u0161irem krugu i tome uvek treba te&#382;iti. Na\u0161a svakodnevna posve&cacute;enost treba da bude da ove poruke i diskusije koje se vode danas i ovih dana stignu do svakog kutka Republike Kosovo. Ove re&ccaron;i, ovi razgovori, ove aktivnosti, treba da budu dostupne svima i da prodru do svakog gra&dstrok;anina, jer u borbi sa nacionalnom vanrednom situacijom kakva je ova rodna neravnopravnost, ne treba ostaviti kamen na kamenu i ne napojiti pamet. Stoga je uloga obrazovnih institucija nezamenljiva. Vi ste hram obrazovanja i najpravi&ccaron;nijeg znanja, ali i dom umova &#382;eljnih napretka i razvoja. Imate potencijal da transformi\u0161ete &ccaron;itavo dru\u0161tvo tako \u0161to &cacute;ete osigurati da vrednosti koje se \u0161ire, lekcije koje se u&ccaron;e, poruke koje se saop\u0161tavaju, najbolje promovi\u0161u duh jednakosti i sna&#382;no se bore protiv seksisti&ccaron;kog i patrijarhalnog mentaliteta. Dani koji su pred nama imaju puno<\/p>\n","protected":false},"author":1,"featured_media":9285,"comment_status":"open","ping_status":"closed","sticky":false,"template":"","format":"standard","meta":{"_eb_attr":"","footnotes":""},"categories":[101],"tags":[],"class_list":["post-73818","post","type-post","status-publish","format-standard","has-post-thumbnail","hentry","category-vesti"],"yoast_head":"<!-- This site is optimized with the Yoast SEO plugin v23.5 - https:\/\/yoast.com\/wordpress\/plugins\/seo\/ -->\n<title>Govor predsednice Osmani na \u201e16 dana aktivizma protiv rodno zasnovanog nasilja\u201c u organizaciji Univerziteta u Pri\u0161tini - Predsednik Republike Kosovo - DR. VJOSA OSMANI - SADRIU<\/title>\n<meta name=\"description\" content=\"Govor predsednice Osmani na \u201e16 dana aktivizma protiv rodno zasnovanog nasilja\u201c u organizaciji Univerziteta u Pri\u0161tini - Predsednik Republike Kosovo - DR. VJOSA OSMANI - SADRIU -\" \/>\n<meta name=\"robots\" content=\"index, follow, max-snippet:-1, max-image-preview:large, max-video-preview:-1\" \/>\n<link rel=\"canonical\" href=\"https:\/\/president-ksgov.net\/sr\/govor-predsednice-osmani-na-16-dana-aktivizma-protiv-rodno-zasnovanog-nasilja-u-organizaciji-univerziteta-u-pristini\/\" \/>\n<meta property=\"og:locale\" content=\"sr_RS\" \/>\n<meta property=\"og:type\" content=\"article\" \/>\n<meta property=\"og:title\" content=\"Govor predsednice Osmani na \u201e16 dana aktivizma protiv rodno zasnovanog nasilja\u201c u organizaciji Univerziteta u Pri\u0161tini - Predsednik Republike Kosovo - DR. VJOSA OSMANI - SADRIU\" \/>\n<meta property=\"og:description\" content=\"Govor predsednice Osmani na \u201e16 dana aktivizma protiv rodno zasnovanog nasilja\u201c u organizaciji Univerziteta u Pri\u0161tini - Predsednik Republike Kosovo - DR. VJOSA OSMANI - SADRIU -\" \/>\n<meta property=\"og:url\" content=\"https:\/\/president-ksgov.net\/sr\/govor-predsednice-osmani-na-16-dana-aktivizma-protiv-rodno-zasnovanog-nasilja-u-organizaciji-univerziteta-u-pristini\/\" \/>\n<meta property=\"og:site_name\" content=\"Predsednik Republike Kosovo - DR. VJOSA OSMANI - SADRIU\" \/>\n<meta property=\"article:published_time\" content=\"2022-12-08T15:40:32+00:00\" \/>\n<meta property=\"og:image\" content=\"https:\/\/president-ksgov.net\/wp-content\/uploads\/2023\/03\/08_12_2022_1884056__VXH6846_copy-scaled.jpg\" \/>\n\t<meta property=\"og:image:width\" content=\"2560\" \/>\n\t<meta property=\"og:image:height\" content=\"1707\" \/>\n\t<meta property=\"og:image:type\" content=\"image\/jpeg\" \/>\n<meta name=\"author\" content=\"admin\" \/>\n<meta name=\"twitter:card\" content=\"summary_large_image\" \/>\n<meta name=\"twitter:label1\" content=\"\u041d\u0430\u043f\u0438\u0441\u0430\u043d\u043e \u043e\u0434\" \/>\n\t<meta name=\"twitter:data1\" content=\"admin\" \/>\n\t<meta name=\"twitter:label2\" content=\"\u041f\u0440\u043e\u0446\u0435\u045a\u0435\u043d\u043e \u0432\u0440\u0435\u043c\u0435 \u0447\u0438\u0442\u0430\u045a\u0430\" \/>\n\t<meta name=\"twitter:data2\" content=\"7 \u043c\u0438\u043d\u0443\u0442\u0430\" \/>\n<script type=\"application\/ld+json\" class=\"yoast-schema-graph\">{\"@context\":\"https:\/\/schema.org\",\"@graph\":[{\"@type\":\"WebPage\",\"@id\":\"https:\/\/president-ksgov.net\/sr\/govor-predsednice-osmani-na-16-dana-aktivizma-protiv-rodno-zasnovanog-nasilja-u-organizaciji-univerziteta-u-pristini\/\",\"url\":\"https:\/\/president-ksgov.net\/sr\/govor-predsednice-osmani-na-16-dana-aktivizma-protiv-rodno-zasnovanog-nasilja-u-organizaciji-univerziteta-u-pristini\/\",\"name\":\"Govor predsednice Osmani na \u201e16 dana aktivizma protiv rodno zasnovanog nasilja\u201c u organizaciji Univerziteta u Pri\u0161tini - Predsednik Republike Kosovo - DR. VJOSA OSMANI - SADRIU\",\"isPartOf\":{\"@id\":\"https:\/\/president-ksgov.net\/#website\"},\"primaryImageOfPage\":{\"@id\":\"https:\/\/president-ksgov.net\/sr\/govor-predsednice-osmani-na-16-dana-aktivizma-protiv-rodno-zasnovanog-nasilja-u-organizaciji-univerziteta-u-pristini\/#primaryimage\"},\"image\":{\"@id\":\"https:\/\/president-ksgov.net\/sr\/govor-predsednice-osmani-na-16-dana-aktivizma-protiv-rodno-zasnovanog-nasilja-u-organizaciji-univerziteta-u-pristini\/#primaryimage\"},\"thumbnailUrl\":\"https:\/\/president-ksgov.net\/wp-content\/uploads\/2023\/03\/08_12_2022_1884056__VXH6846_copy-scaled.jpg\",\"datePublished\":\"2022-12-08T15:40:32+00:00\",\"dateModified\":\"2022-12-08T15:40:32+00:00\",\"author\":{\"@id\":\"https:\/\/president-ksgov.net\/#\/schema\/person\/bb4337a5fb147cb2046d80548172cbee\"},\"description\":\"Govor predsednice Osmani na \u201e16 dana aktivizma protiv rodno zasnovanog nasilja\u201c u organizaciji Univerziteta u Pri\u0161tini - Predsednik Republike Kosovo - DR. VJOSA OSMANI - SADRIU -\",\"breadcrumb\":{\"@id\":\"https:\/\/president-ksgov.net\/sr\/govor-predsednice-osmani-na-16-dana-aktivizma-protiv-rodno-zasnovanog-nasilja-u-organizaciji-univerziteta-u-pristini\/#breadcrumb\"},\"inLanguage\":\"sr-RS\",\"potentialAction\":[{\"@type\":\"ReadAction\",\"target\":[\"https:\/\/president-ksgov.net\/sr\/govor-predsednice-osmani-na-16-dana-aktivizma-protiv-rodno-zasnovanog-nasilja-u-organizaciji-univerziteta-u-pristini\/\"]}]},{\"@type\":\"ImageObject\",\"inLanguage\":\"sr-RS\",\"@id\":\"https:\/\/president-ksgov.net\/sr\/govor-predsednice-osmani-na-16-dana-aktivizma-protiv-rodno-zasnovanog-nasilja-u-organizaciji-univerziteta-u-pristini\/#primaryimage\",\"url\":\"https:\/\/president-ksgov.net\/wp-content\/uploads\/2023\/03\/08_12_2022_1884056__VXH6846_copy-scaled.jpg\",\"contentUrl\":\"https:\/\/president-ksgov.net\/wp-content\/uploads\/2023\/03\/08_12_2022_1884056__VXH6846_copy-scaled.jpg\",\"width\":2560,\"height\":1707},{\"@type\":\"BreadcrumbList\",\"@id\":\"https:\/\/president-ksgov.net\/sr\/govor-predsednice-osmani-na-16-dana-aktivizma-protiv-rodno-zasnovanog-nasilja-u-organizaciji-univerziteta-u-pristini\/#breadcrumb\",\"itemListElement\":[{\"@type\":\"ListItem\",\"position\":1,\"name\":\"Home\",\"item\":\"https:\/\/president-ksgov.net\/sr\/\"},{\"@type\":\"ListItem\",\"position\":2,\"name\":\"Govor predsednice Osmani na \u201e16 dana aktivizma protiv rodno zasnovanog nasilja\u201c u organizaciji Univerziteta u Pri\u0161tini\"}]},{\"@type\":\"WebSite\",\"@id\":\"https:\/\/president-ksgov.net\/#website\",\"url\":\"https:\/\/president-ksgov.net\/\",\"name\":\"Presidente e Republik\u00ebs s\u00eb Kosov\u00ebs\",\"description\":\"Presidente e Republik\u00ebs s\u00eb Kosov\u00ebs\",\"alternateName\":\"DR. VJOSA OSMANI - SADRIU\",\"potentialAction\":[{\"@type\":\"SearchAction\",\"target\":{\"@type\":\"EntryPoint\",\"urlTemplate\":\"https:\/\/president-ksgov.net\/?s={search_term_string}\"},\"query-input\":{\"@type\":\"PropertyValueSpecification\",\"valueRequired\":true,\"valueName\":\"search_term_string\"}}],\"inLanguage\":\"sr-RS\"},{\"@type\":\"Person\",\"@id\":\"https:\/\/president-ksgov.net\/#\/schema\/person\/bb4337a5fb147cb2046d80548172cbee\",\"name\":\"admin\",\"image\":{\"@type\":\"ImageObject\",\"inLanguage\":\"sr-RS\",\"@id\":\"https:\/\/president-ksgov.net\/#\/schema\/person\/image\/\",\"url\":\"https:\/\/secure.gravatar.com\/avatar\/36156ca0fa3b8d9d25174f146e16beea0cf28f37adf1b9e19b6c9c279a7c9dd3?s=96&d=mm&r=g\",\"contentUrl\":\"https:\/\/secure.gravatar.com\/avatar\/36156ca0fa3b8d9d25174f146e16beea0cf28f37adf1b9e19b6c9c279a7c9dd3?s=96&d=mm&r=g\",\"caption\":\"admin\"},\"sameAs\":[\"https:\/\/president-ksgov.net\"]}]}<\/script>\n<!-- \/ Yoast SEO plugin. -->","yoast_head_json":{"title":"Govor predsednice Osmani na \u201e16 dana aktivizma protiv rodno zasnovanog nasilja\u201c u organizaciji Univerziteta u Pri\u0161tini - Predsednik Republike Kosovo - DR. VJOSA OSMANI - SADRIU","description":"Govor predsednice Osmani na \u201e16 dana aktivizma protiv rodno zasnovanog nasilja\u201c u organizaciji Univerziteta u Pri\u0161tini - Predsednik Republike Kosovo - DR. VJOSA OSMANI - SADRIU -","robots":{"index":"index","follow":"follow","max-snippet":"max-snippet:-1","max-image-preview":"max-image-preview:large","max-video-preview":"max-video-preview:-1"},"canonical":"https:\/\/president-ksgov.net\/sr\/govor-predsednice-osmani-na-16-dana-aktivizma-protiv-rodno-zasnovanog-nasilja-u-organizaciji-univerziteta-u-pristini\/","og_locale":"sr_RS","og_type":"article","og_title":"Govor predsednice Osmani na \u201e16 dana aktivizma protiv rodno zasnovanog nasilja\u201c u organizaciji Univerziteta u Pri\u0161tini - Predsednik Republike Kosovo - DR. VJOSA OSMANI - SADRIU","og_description":"Govor predsednice Osmani na \u201e16 dana aktivizma protiv rodno zasnovanog nasilja\u201c u organizaciji Univerziteta u Pri\u0161tini - Predsednik Republike Kosovo - DR. VJOSA OSMANI - SADRIU -","og_url":"https:\/\/president-ksgov.net\/sr\/govor-predsednice-osmani-na-16-dana-aktivizma-protiv-rodno-zasnovanog-nasilja-u-organizaciji-univerziteta-u-pristini\/","og_site_name":"Predsednik Republike Kosovo - DR. VJOSA OSMANI - SADRIU","article_published_time":"2022-12-08T15:40:32+00:00","og_image":[{"width":2560,"height":1707,"url":"https:\/\/president-ksgov.net\/wp-content\/uploads\/2023\/03\/08_12_2022_1884056__VXH6846_copy-scaled.jpg","type":"image\/jpeg"}],"author":"admin","twitter_card":"summary_large_image","twitter_misc":{"\u041d\u0430\u043f\u0438\u0441\u0430\u043d\u043e \u043e\u0434":"admin","\u041f\u0440\u043e\u0446\u0435\u045a\u0435\u043d\u043e \u0432\u0440\u0435\u043c\u0435 \u0447\u0438\u0442\u0430\u045a\u0430":"7 \u043c\u0438\u043d\u0443\u0442\u0430"},"schema":{"@context":"https:\/\/schema.org","@graph":[{"@type":"WebPage","@id":"https:\/\/president-ksgov.net\/sr\/govor-predsednice-osmani-na-16-dana-aktivizma-protiv-rodno-zasnovanog-nasilja-u-organizaciji-univerziteta-u-pristini\/","url":"https:\/\/president-ksgov.net\/sr\/govor-predsednice-osmani-na-16-dana-aktivizma-protiv-rodno-zasnovanog-nasilja-u-organizaciji-univerziteta-u-pristini\/","name":"Govor predsednice Osmani na \u201e16 dana aktivizma protiv rodno zasnovanog nasilja\u201c u organizaciji Univerziteta u Pri\u0161tini - Predsednik Republike Kosovo - DR. VJOSA OSMANI - SADRIU","isPartOf":{"@id":"https:\/\/president-ksgov.net\/#website"},"primaryImageOfPage":{"@id":"https:\/\/president-ksgov.net\/sr\/govor-predsednice-osmani-na-16-dana-aktivizma-protiv-rodno-zasnovanog-nasilja-u-organizaciji-univerziteta-u-pristini\/#primaryimage"},"image":{"@id":"https:\/\/president-ksgov.net\/sr\/govor-predsednice-osmani-na-16-dana-aktivizma-protiv-rodno-zasnovanog-nasilja-u-organizaciji-univerziteta-u-pristini\/#primaryimage"},"thumbnailUrl":"https:\/\/president-ksgov.net\/wp-content\/uploads\/2023\/03\/08_12_2022_1884056__VXH6846_copy-scaled.jpg","datePublished":"2022-12-08T15:40:32+00:00","dateModified":"2022-12-08T15:40:32+00:00","author":{"@id":"https:\/\/president-ksgov.net\/#\/schema\/person\/bb4337a5fb147cb2046d80548172cbee"},"description":"Govor predsednice Osmani na \u201e16 dana aktivizma protiv rodno zasnovanog nasilja\u201c u organizaciji Univerziteta u Pri\u0161tini - Predsednik Republike Kosovo - DR. VJOSA OSMANI - SADRIU -","breadcrumb":{"@id":"https:\/\/president-ksgov.net\/sr\/govor-predsednice-osmani-na-16-dana-aktivizma-protiv-rodno-zasnovanog-nasilja-u-organizaciji-univerziteta-u-pristini\/#breadcrumb"},"inLanguage":"sr-RS","potentialAction":[{"@type":"ReadAction","target":["https:\/\/president-ksgov.net\/sr\/govor-predsednice-osmani-na-16-dana-aktivizma-protiv-rodno-zasnovanog-nasilja-u-organizaciji-univerziteta-u-pristini\/"]}]},{"@type":"ImageObject","inLanguage":"sr-RS","@id":"https:\/\/president-ksgov.net\/sr\/govor-predsednice-osmani-na-16-dana-aktivizma-protiv-rodno-zasnovanog-nasilja-u-organizaciji-univerziteta-u-pristini\/#primaryimage","url":"https:\/\/president-ksgov.net\/wp-content\/uploads\/2023\/03\/08_12_2022_1884056__VXH6846_copy-scaled.jpg","contentUrl":"https:\/\/president-ksgov.net\/wp-content\/uploads\/2023\/03\/08_12_2022_1884056__VXH6846_copy-scaled.jpg","width":2560,"height":1707},{"@type":"BreadcrumbList","@id":"https:\/\/president-ksgov.net\/sr\/govor-predsednice-osmani-na-16-dana-aktivizma-protiv-rodno-zasnovanog-nasilja-u-organizaciji-univerziteta-u-pristini\/#breadcrumb","itemListElement":[{"@type":"ListItem","position":1,"name":"Home","item":"https:\/\/president-ksgov.net\/sr\/"},{"@type":"ListItem","position":2,"name":"Govor predsednice Osmani na \u201e16 dana aktivizma protiv rodno zasnovanog nasilja\u201c u organizaciji Univerziteta u Pri\u0161tini"}]},{"@type":"WebSite","@id":"https:\/\/president-ksgov.net\/#website","url":"https:\/\/president-ksgov.net\/","name":"Presidente e Republik\u00ebs s\u00eb Kosov\u00ebs","description":"Presidente e Republik\u00ebs s\u00eb Kosov\u00ebs","alternateName":"DR. VJOSA OSMANI - SADRIU","potentialAction":[{"@type":"SearchAction","target":{"@type":"EntryPoint","urlTemplate":"https:\/\/president-ksgov.net\/?s={search_term_string}"},"query-input":{"@type":"PropertyValueSpecification","valueRequired":true,"valueName":"search_term_string"}}],"inLanguage":"sr-RS"},{"@type":"Person","@id":"https:\/\/president-ksgov.net\/#\/schema\/person\/bb4337a5fb147cb2046d80548172cbee","name":"admin","image":{"@type":"ImageObject","inLanguage":"sr-RS","@id":"https:\/\/president-ksgov.net\/#\/schema\/person\/image\/","url":"https:\/\/secure.gravatar.com\/avatar\/36156ca0fa3b8d9d25174f146e16beea0cf28f37adf1b9e19b6c9c279a7c9dd3?s=96&d=mm&r=g","contentUrl":"https:\/\/secure.gravatar.com\/avatar\/36156ca0fa3b8d9d25174f146e16beea0cf28f37adf1b9e19b6c9c279a7c9dd3?s=96&d=mm&r=g","caption":"admin"},"sameAs":["https:\/\/president-ksgov.net"]}]}},"_links":{"self":[{"href":"https:\/\/president-ksgov.net\/sr\/wp-json\/wp\/v2\/posts\/73818","targetHints":{"allow":["GET"]}}],"collection":[{"href":"https:\/\/president-ksgov.net\/sr\/wp-json\/wp\/v2\/posts"}],"about":[{"href":"https:\/\/president-ksgov.net\/sr\/wp-json\/wp\/v2\/types\/post"}],"author":[{"embeddable":true,"href":"https:\/\/president-ksgov.net\/sr\/wp-json\/wp\/v2\/users\/1"}],"replies":[{"embeddable":true,"href":"https:\/\/president-ksgov.net\/sr\/wp-json\/wp\/v2\/comments?post=73818"}],"version-history":[{"count":0,"href":"https:\/\/president-ksgov.net\/sr\/wp-json\/wp\/v2\/posts\/73818\/revisions"}],"wp:featuredmedia":[{"embeddable":true,"href":"https:\/\/president-ksgov.net\/sr\/wp-json\/wp\/v2\/media\/9285"}],"wp:attachment":[{"href":"https:\/\/president-ksgov.net\/sr\/wp-json\/wp\/v2\/media?parent=73818"}],"wp:term":[{"taxonomy":"category","embeddable":true,"href":"https:\/\/president-ksgov.net\/sr\/wp-json\/wp\/v2\/categories?post=73818"},{"taxonomy":"post_tag","embeddable":true,"href":"https:\/\/president-ksgov.net\/sr\/wp-json\/wp\/v2\/tags?post=73818"}],"curies":[{"name":"wp","href":"https:\/\/api.w.org\/{rel}","templated":true}]}}