{"id":73799,"date":"2022-12-14T11:17:17","date_gmt":"2022-12-14T11:17:17","guid":{"rendered":"https:\/\/dev.president-ksgov.net\/govor-predsednice-osmani-na-ceremoniji-potpisivanja-prijave-kosova-za-lanstvo-u-evropskoj-uniji\/"},"modified":"2023-03-08T08:59:24","modified_gmt":"2023-03-08T08:59:24","slug":"govor-predsednice-osmani-na-ceremoniji-potpisivanja-prijave-kosova-za-lanstvo-u-evropskoj-uniji","status":"publish","type":"post","link":"https:\/\/president-ksgov.net\/sr\/govor-predsednice-osmani-na-ceremoniji-potpisivanja-prijave-kosova-za-lanstvo-u-evropskoj-uniji\/","title":{"rendered":"Govor predsednice Osmani na ceremoniji potpisivanja prijave Kosova za &ccaron;lanstvo u Evropskoj uniji"},"content":{"rendered":"<p>Po\u0161tovani prisutni,<\/p>\n<p>Po\u0161tovani gra&dstrok;ani Republike Kosovo,<\/p>\n<p>Po\u0161tovani predsedni&ccaron;e Skup\u0161tine,<\/p>\n<p>Po\u0161tovani premijeru,<\/p>\n<p>Po\u0161tovani predstavnici medija,<\/p>\n<p>Danas je istorijski dan. Ovo je istorijski trenutak.<\/p>\n<p>14. decembar od danas ima dvostruki zna&ccaron;aj u savremenoj istoriji na\u0161eg Kosova \u2013 u istoriji na\u0161e Republike. S jedne strane prijavljujemo se za &ccaron;lanstvo u Evropskoj uniji, a sa druge strane slavimo godi\u0161njicu osnivanja na\u0161e vojske. I jedno i drugo, dela koja idu ka ostvarenju na\u0161e evroatlantske vizije.<\/p>\n<p>Zajedno sa predsednikom Skup\u0161tine Konjufcom i premijerom Kurtijem, u ime Republike Kosovo i njenih gra&dstrok;ana, &ccaron;inimo odlu&ccaron;uju&cacute;i korak ka ostvarenju na\u0161eg kolektivnog sna i na\u0161e neotu&dstrok;ive ambicije. Danas smo zajedno kako bismo na\u0161u zemlju pribli&#382;ili za jedan korak Evropskoj uniji, doprinose&cacute;i na isti na&ccaron;in da i Evropska unija do&dstrok;e korak bli&#382;e realizaciji projekta cele i slobodne Evrope u miru.<\/p>\n<p>Za Kosovo i njegove gra&dstrok;ane nikada nije postojala druga alternativa.<\/p>\n<p>Ali snovi postaju stvarnost tek kada se preduzmu akcije, a ambicije postaju opipljive tek kada se radi.<\/p>\n<p>Uo&ccaron;i 15. godi\u0161njice progla\u0161enja nezavisnosti, ovaj akt je posve&cacute;en svim gra&dstrok;anima na\u0161e zemlje \u2013 predanim Evropljanima i braniocima i promoterima evropskih vrednosti. Ali pre svega, ovaj trenutak je posve&cacute;en svakom detetu, &#382;eni i &ccaron;oveku Kosova koji su &#382;rtvovali svoje &#382;ivote brane&cacute;i ideale slobode, nezavisnosti i demokratije dok su nepravedno bili suo&ccaron;eni sa okupacijom i genocidom.<\/p>\n<p>Kosovo je danas oli&ccaron;enje vrednosti na kojima je izgra&dstrok;ena Evropska unija i di\u0161e evropskim duhom. Najmla&dstrok;a dr&#382;ava na najstarijem kontinentu; promoter i garant demokratskih prava; zemlja politi&ccaron;kog pluralizma i slobodnih medija; garant ljudskih prava, verskih sloboda i prava neve&cacute;inskih zajednica; Kosovo slobodne tr&#382;i\u0161ne ekonomije i nepopustljiv doprinosilac miru i bezbednosti zaslu&#382;uje da bude deo porodice Evropske unije.<\/p>\n<p>Na\u0161 put napred je jasan. Proces pridru&#382;ivanja EU nije lak proces i ceo proces mo&#382;e biti dugoro&ccaron;an. Ali odlu&ccaron;ni smo da uspemo.<\/p>\n<p>Uradi&cacute;emo svoj deo posla, kako bi Evropskoj uniji bilo \u0161to lak\u0161e da uradi svoj deo. Na ovom putu uvek &cacute;emo biti pouzdan partner. Stoga danas &ccaron;inimo istorijski korak, kako bi Evropska unija \u0161to pre krenula ka istorijskoj odluci. Sre&cacute;no nam bilo!\u00a0<\/p>\n","protected":false},"excerpt":{"rendered":"<p>Po\u0161tovani prisutni, Po\u0161tovani gra&dstrok;ani Republike Kosovo, Po\u0161tovani predsedni&ccaron;e Skup\u0161tine, Po\u0161tovani premijeru, Po\u0161tovani predstavnici medija, Danas je istorijski dan. Ovo je istorijski trenutak. 14. decembar od danas ima dvostruki zna&ccaron;aj u savremenoj istoriji na\u0161eg Kosova \u2013 u istoriji na\u0161e Republike. S jedne strane prijavljujemo se za &ccaron;lanstvo u Evropskoj uniji, a sa druge strane slavimo godi\u0161njicu osnivanja na\u0161e vojske. I jedno i drugo, dela koja idu ka ostvarenju na\u0161e evroatlantske vizije. Zajedno sa predsednikom Skup\u0161tine Konjufcom i premijerom Kurtijem, u ime Republike Kosovo i njenih gra&dstrok;ana, &ccaron;inimo odlu&ccaron;uju&cacute;i korak ka ostvarenju na\u0161eg kolektivnog sna i na\u0161e neotu&dstrok;ive ambicije. Danas smo zajedno kako bismo na\u0161u zemlju pribli&#382;ili za jedan korak Evropskoj uniji, doprinose&cacute;i na isti na&ccaron;in da i Evropska unija do&dstrok;e korak bli&#382;e realizaciji projekta cele i slobodne Evrope u miru. Za Kosovo i njegove gra&dstrok;ane nikada nije postojala druga alternativa. Ali snovi postaju stvarnost tek kada se preduzmu akcije, a ambicije postaju opipljive tek kada se radi. Uo&ccaron;i 15. godi\u0161njice progla\u0161enja nezavisnosti, ovaj akt je posve&cacute;en svim gra&dstrok;anima na\u0161e zemlje \u2013 predanim Evropljanima i braniocima i promoterima evropskih vrednosti. Ali pre svega, ovaj trenutak je posve&cacute;en svakom detetu, &#382;eni i &ccaron;oveku Kosova koji su &#382;rtvovali svoje &#382;ivote brane&cacute;i ideale slobode, nezavisnosti i demokratije dok su nepravedno bili suo&ccaron;eni sa okupacijom i genocidom. Kosovo je danas oli&ccaron;enje vrednosti na kojima je izgra&dstrok;ena Evropska unija i di\u0161e evropskim duhom. Najmla&dstrok;a dr&#382;ava na najstarijem kontinentu; promoter i garant demokratskih prava; zemlja politi&ccaron;kog pluralizma i slobodnih medija; garant ljudskih prava, verskih sloboda i prava neve&cacute;inskih zajednica; Kosovo slobodne tr&#382;i\u0161ne ekonomije i nepopustljiv doprinosilac miru i bezbednosti zaslu&#382;uje da bude deo porodice Evropske unije. Na\u0161 put napred je jasan. Proces pridru&#382;ivanja EU nije lak proces i ceo proces mo&#382;e biti dugoro&ccaron;an. Ali odlu&ccaron;ni smo da uspemo. Uradi&cacute;emo svoj deo posla, kako bi Evropskoj uniji bilo \u0161to lak\u0161e da uradi svoj deo. Na ovom putu uvek &cacute;emo biti pouzdan partner. Stoga danas &ccaron;inimo istorijski korak, kako bi Evropska unija \u0161to pre krenula ka istorijskoj odluci. Sre&cacute;no nam bilo!\u00a0<\/p>\n","protected":false},"author":1,"featured_media":9173,"comment_status":"open","ping_status":"closed","sticky":false,"template":"","format":"standard","meta":{"_eb_attr":"","footnotes":""},"categories":[106],"tags":[],"class_list":["post-73799","post","type-post","status-publish","format-standard","has-post-thumbnail","hentry","category-govori"],"yoast_head":"<!-- This site is optimized with the Yoast SEO plugin v23.5 - https:\/\/yoast.com\/wordpress\/plugins\/seo\/ -->\n<title>Govor predsednice Osmani na ceremoniji potpisivanja prijave Kosova za &amp;ccaron;lanstvo u Evropskoj uniji - Predsednik Republike Kosovo - DR. VJOSA OSMANI - SADRIU<\/title>\n<meta name=\"description\" content=\"Govor predsednice Osmani na ceremoniji potpisivanja prijave Kosova za &amp;ccaron;lanstvo u Evropskoj uniji - Predsednik Republike Kosovo - DR. VJOSA OSMANI - SADRIU -\" \/>\n<meta name=\"robots\" content=\"index, follow, max-snippet:-1, max-image-preview:large, max-video-preview:-1\" \/>\n<link rel=\"canonical\" href=\"https:\/\/president-ksgov.net\/sr\/govor-predsednice-osmani-na-ceremoniji-potpisivanja-prijave-kosova-za-lanstvo-u-evropskoj-uniji\/\" \/>\n<meta property=\"og:locale\" content=\"sr_RS\" \/>\n<meta property=\"og:type\" content=\"article\" \/>\n<meta property=\"og:title\" content=\"Govor predsednice Osmani na ceremoniji potpisivanja prijave Kosova za &amp;ccaron;lanstvo u Evropskoj uniji - Predsednik Republike Kosovo - DR. VJOSA OSMANI - SADRIU\" \/>\n<meta property=\"og:description\" content=\"Govor predsednice Osmani na ceremoniji potpisivanja prijave Kosova za &amp;ccaron;lanstvo u Evropskoj uniji - Predsednik Republike Kosovo - DR. VJOSA OSMANI - SADRIU -\" \/>\n<meta property=\"og:url\" content=\"https:\/\/president-ksgov.net\/sr\/govor-predsednice-osmani-na-ceremoniji-potpisivanja-prijave-kosova-za-lanstvo-u-evropskoj-uniji\/\" \/>\n<meta property=\"og:site_name\" content=\"Predsednik Republike Kosovo - DR. VJOSA OSMANI - SADRIU\" \/>\n<meta property=\"article:published_time\" content=\"2022-12-14T11:17:17+00:00\" \/>\n<meta property=\"article:modified_time\" content=\"2023-03-08T08:59:24+00:00\" \/>\n<meta property=\"og:image\" content=\"https:\/\/president-ksgov.net\/wp-content\/uploads\/2023\/03\/14_12_2022_7945807_To_post-scaled.jpg\" \/>\n\t<meta property=\"og:image:width\" content=\"2560\" \/>\n\t<meta property=\"og:image:height\" content=\"1707\" \/>\n\t<meta property=\"og:image:type\" content=\"image\/jpeg\" \/>\n<meta name=\"author\" content=\"admin\" \/>\n<meta name=\"twitter:card\" content=\"summary_large_image\" \/>\n<meta name=\"twitter:label1\" content=\"\u041d\u0430\u043f\u0438\u0441\u0430\u043d\u043e \u043e\u0434\" \/>\n\t<meta name=\"twitter:data1\" content=\"admin\" \/>\n\t<meta name=\"twitter:label2\" content=\"\u041f\u0440\u043e\u0446\u0435\u045a\u0435\u043d\u043e \u0432\u0440\u0435\u043c\u0435 \u0447\u0438\u0442\u0430\u045a\u0430\" \/>\n\t<meta name=\"twitter:data2\" content=\"2 \u043c\u0438\u043d\u0443\u0442\u0430\" \/>\n<script type=\"application\/ld+json\" class=\"yoast-schema-graph\">{\"@context\":\"https:\/\/schema.org\",\"@graph\":[{\"@type\":\"WebPage\",\"@id\":\"https:\/\/president-ksgov.net\/sr\/govor-predsednice-osmani-na-ceremoniji-potpisivanja-prijave-kosova-za-lanstvo-u-evropskoj-uniji\/\",\"url\":\"https:\/\/president-ksgov.net\/sr\/govor-predsednice-osmani-na-ceremoniji-potpisivanja-prijave-kosova-za-lanstvo-u-evropskoj-uniji\/\",\"name\":\"Govor predsednice Osmani na ceremoniji potpisivanja prijave Kosova za &ccaron;lanstvo u Evropskoj uniji - Predsednik Republike Kosovo - DR. VJOSA OSMANI - SADRIU\",\"isPartOf\":{\"@id\":\"https:\/\/president-ksgov.net\/#website\"},\"primaryImageOfPage\":{\"@id\":\"https:\/\/president-ksgov.net\/sr\/govor-predsednice-osmani-na-ceremoniji-potpisivanja-prijave-kosova-za-lanstvo-u-evropskoj-uniji\/#primaryimage\"},\"image\":{\"@id\":\"https:\/\/president-ksgov.net\/sr\/govor-predsednice-osmani-na-ceremoniji-potpisivanja-prijave-kosova-za-lanstvo-u-evropskoj-uniji\/#primaryimage\"},\"thumbnailUrl\":\"https:\/\/president-ksgov.net\/wp-content\/uploads\/2023\/03\/14_12_2022_7945807_To_post-scaled.jpg\",\"datePublished\":\"2022-12-14T11:17:17+00:00\",\"dateModified\":\"2023-03-08T08:59:24+00:00\",\"author\":{\"@id\":\"https:\/\/president-ksgov.net\/#\/schema\/person\/bb4337a5fb147cb2046d80548172cbee\"},\"description\":\"Govor predsednice Osmani na ceremoniji potpisivanja prijave Kosova za &ccaron;lanstvo u Evropskoj uniji - Predsednik Republike Kosovo - DR. VJOSA OSMANI - SADRIU -\",\"breadcrumb\":{\"@id\":\"https:\/\/president-ksgov.net\/sr\/govor-predsednice-osmani-na-ceremoniji-potpisivanja-prijave-kosova-za-lanstvo-u-evropskoj-uniji\/#breadcrumb\"},\"inLanguage\":\"sr-RS\",\"potentialAction\":[{\"@type\":\"ReadAction\",\"target\":[\"https:\/\/president-ksgov.net\/sr\/govor-predsednice-osmani-na-ceremoniji-potpisivanja-prijave-kosova-za-lanstvo-u-evropskoj-uniji\/\"]}]},{\"@type\":\"ImageObject\",\"inLanguage\":\"sr-RS\",\"@id\":\"https:\/\/president-ksgov.net\/sr\/govor-predsednice-osmani-na-ceremoniji-potpisivanja-prijave-kosova-za-lanstvo-u-evropskoj-uniji\/#primaryimage\",\"url\":\"https:\/\/president-ksgov.net\/wp-content\/uploads\/2023\/03\/14_12_2022_7945807_To_post-scaled.jpg\",\"contentUrl\":\"https:\/\/president-ksgov.net\/wp-content\/uploads\/2023\/03\/14_12_2022_7945807_To_post-scaled.jpg\",\"width\":2560,\"height\":1707},{\"@type\":\"BreadcrumbList\",\"@id\":\"https:\/\/president-ksgov.net\/sr\/govor-predsednice-osmani-na-ceremoniji-potpisivanja-prijave-kosova-za-lanstvo-u-evropskoj-uniji\/#breadcrumb\",\"itemListElement\":[{\"@type\":\"ListItem\",\"position\":1,\"name\":\"Home\",\"item\":\"https:\/\/president-ksgov.net\/sr\/\"},{\"@type\":\"ListItem\",\"position\":2,\"name\":\"Govor predsednice Osmani na ceremoniji potpisivanja prijave Kosova za &ccaron;lanstvo u Evropskoj uniji\"}]},{\"@type\":\"WebSite\",\"@id\":\"https:\/\/president-ksgov.net\/#website\",\"url\":\"https:\/\/president-ksgov.net\/\",\"name\":\"Presidente e Republik\u00ebs s\u00eb Kosov\u00ebs\",\"description\":\"Presidente e Republik\u00ebs s\u00eb Kosov\u00ebs\",\"alternateName\":\"DR. VJOSA OSMANI - SADRIU\",\"potentialAction\":[{\"@type\":\"SearchAction\",\"target\":{\"@type\":\"EntryPoint\",\"urlTemplate\":\"https:\/\/president-ksgov.net\/?s={search_term_string}\"},\"query-input\":{\"@type\":\"PropertyValueSpecification\",\"valueRequired\":true,\"valueName\":\"search_term_string\"}}],\"inLanguage\":\"sr-RS\"},{\"@type\":\"Person\",\"@id\":\"https:\/\/president-ksgov.net\/#\/schema\/person\/bb4337a5fb147cb2046d80548172cbee\",\"name\":\"admin\",\"image\":{\"@type\":\"ImageObject\",\"inLanguage\":\"sr-RS\",\"@id\":\"https:\/\/president-ksgov.net\/#\/schema\/person\/image\/\",\"url\":\"https:\/\/secure.gravatar.com\/avatar\/36156ca0fa3b8d9d25174f146e16beea0cf28f37adf1b9e19b6c9c279a7c9dd3?s=96&d=mm&r=g\",\"contentUrl\":\"https:\/\/secure.gravatar.com\/avatar\/36156ca0fa3b8d9d25174f146e16beea0cf28f37adf1b9e19b6c9c279a7c9dd3?s=96&d=mm&r=g\",\"caption\":\"admin\"},\"sameAs\":[\"https:\/\/president-ksgov.net\"]}]}<\/script>\n<!-- \/ Yoast SEO plugin. -->","yoast_head_json":{"title":"Govor predsednice Osmani na ceremoniji potpisivanja prijave Kosova za &ccaron;lanstvo u Evropskoj uniji - Predsednik Republike Kosovo - DR. VJOSA OSMANI - SADRIU","description":"Govor predsednice Osmani na ceremoniji potpisivanja prijave Kosova za &ccaron;lanstvo u Evropskoj uniji - Predsednik Republike Kosovo - DR. VJOSA OSMANI - SADRIU -","robots":{"index":"index","follow":"follow","max-snippet":"max-snippet:-1","max-image-preview":"max-image-preview:large","max-video-preview":"max-video-preview:-1"},"canonical":"https:\/\/president-ksgov.net\/sr\/govor-predsednice-osmani-na-ceremoniji-potpisivanja-prijave-kosova-za-lanstvo-u-evropskoj-uniji\/","og_locale":"sr_RS","og_type":"article","og_title":"Govor predsednice Osmani na ceremoniji potpisivanja prijave Kosova za &ccaron;lanstvo u Evropskoj uniji - Predsednik Republike Kosovo - DR. VJOSA OSMANI - SADRIU","og_description":"Govor predsednice Osmani na ceremoniji potpisivanja prijave Kosova za &ccaron;lanstvo u Evropskoj uniji - Predsednik Republike Kosovo - DR. VJOSA OSMANI - SADRIU -","og_url":"https:\/\/president-ksgov.net\/sr\/govor-predsednice-osmani-na-ceremoniji-potpisivanja-prijave-kosova-za-lanstvo-u-evropskoj-uniji\/","og_site_name":"Predsednik Republike Kosovo - DR. VJOSA OSMANI - SADRIU","article_published_time":"2022-12-14T11:17:17+00:00","article_modified_time":"2023-03-08T08:59:24+00:00","og_image":[{"width":2560,"height":1707,"url":"https:\/\/president-ksgov.net\/wp-content\/uploads\/2023\/03\/14_12_2022_7945807_To_post-scaled.jpg","type":"image\/jpeg"}],"author":"admin","twitter_card":"summary_large_image","twitter_misc":{"\u041d\u0430\u043f\u0438\u0441\u0430\u043d\u043e \u043e\u0434":"admin","\u041f\u0440\u043e\u0446\u0435\u045a\u0435\u043d\u043e \u0432\u0440\u0435\u043c\u0435 \u0447\u0438\u0442\u0430\u045a\u0430":"2 \u043c\u0438\u043d\u0443\u0442\u0430"},"schema":{"@context":"https:\/\/schema.org","@graph":[{"@type":"WebPage","@id":"https:\/\/president-ksgov.net\/sr\/govor-predsednice-osmani-na-ceremoniji-potpisivanja-prijave-kosova-za-lanstvo-u-evropskoj-uniji\/","url":"https:\/\/president-ksgov.net\/sr\/govor-predsednice-osmani-na-ceremoniji-potpisivanja-prijave-kosova-za-lanstvo-u-evropskoj-uniji\/","name":"Govor predsednice Osmani na ceremoniji potpisivanja prijave Kosova za &ccaron;lanstvo u Evropskoj uniji - Predsednik Republike Kosovo - DR. VJOSA OSMANI - SADRIU","isPartOf":{"@id":"https:\/\/president-ksgov.net\/#website"},"primaryImageOfPage":{"@id":"https:\/\/president-ksgov.net\/sr\/govor-predsednice-osmani-na-ceremoniji-potpisivanja-prijave-kosova-za-lanstvo-u-evropskoj-uniji\/#primaryimage"},"image":{"@id":"https:\/\/president-ksgov.net\/sr\/govor-predsednice-osmani-na-ceremoniji-potpisivanja-prijave-kosova-za-lanstvo-u-evropskoj-uniji\/#primaryimage"},"thumbnailUrl":"https:\/\/president-ksgov.net\/wp-content\/uploads\/2023\/03\/14_12_2022_7945807_To_post-scaled.jpg","datePublished":"2022-12-14T11:17:17+00:00","dateModified":"2023-03-08T08:59:24+00:00","author":{"@id":"https:\/\/president-ksgov.net\/#\/schema\/person\/bb4337a5fb147cb2046d80548172cbee"},"description":"Govor predsednice Osmani na ceremoniji potpisivanja prijave Kosova za &ccaron;lanstvo u Evropskoj uniji - Predsednik Republike Kosovo - DR. VJOSA OSMANI - SADRIU -","breadcrumb":{"@id":"https:\/\/president-ksgov.net\/sr\/govor-predsednice-osmani-na-ceremoniji-potpisivanja-prijave-kosova-za-lanstvo-u-evropskoj-uniji\/#breadcrumb"},"inLanguage":"sr-RS","potentialAction":[{"@type":"ReadAction","target":["https:\/\/president-ksgov.net\/sr\/govor-predsednice-osmani-na-ceremoniji-potpisivanja-prijave-kosova-za-lanstvo-u-evropskoj-uniji\/"]}]},{"@type":"ImageObject","inLanguage":"sr-RS","@id":"https:\/\/president-ksgov.net\/sr\/govor-predsednice-osmani-na-ceremoniji-potpisivanja-prijave-kosova-za-lanstvo-u-evropskoj-uniji\/#primaryimage","url":"https:\/\/president-ksgov.net\/wp-content\/uploads\/2023\/03\/14_12_2022_7945807_To_post-scaled.jpg","contentUrl":"https:\/\/president-ksgov.net\/wp-content\/uploads\/2023\/03\/14_12_2022_7945807_To_post-scaled.jpg","width":2560,"height":1707},{"@type":"BreadcrumbList","@id":"https:\/\/president-ksgov.net\/sr\/govor-predsednice-osmani-na-ceremoniji-potpisivanja-prijave-kosova-za-lanstvo-u-evropskoj-uniji\/#breadcrumb","itemListElement":[{"@type":"ListItem","position":1,"name":"Home","item":"https:\/\/president-ksgov.net\/sr\/"},{"@type":"ListItem","position":2,"name":"Govor predsednice Osmani na ceremoniji potpisivanja prijave Kosova za &ccaron;lanstvo u Evropskoj uniji"}]},{"@type":"WebSite","@id":"https:\/\/president-ksgov.net\/#website","url":"https:\/\/president-ksgov.net\/","name":"Presidente e Republik\u00ebs s\u00eb Kosov\u00ebs","description":"Presidente e Republik\u00ebs s\u00eb Kosov\u00ebs","alternateName":"DR. VJOSA OSMANI - SADRIU","potentialAction":[{"@type":"SearchAction","target":{"@type":"EntryPoint","urlTemplate":"https:\/\/president-ksgov.net\/?s={search_term_string}"},"query-input":{"@type":"PropertyValueSpecification","valueRequired":true,"valueName":"search_term_string"}}],"inLanguage":"sr-RS"},{"@type":"Person","@id":"https:\/\/president-ksgov.net\/#\/schema\/person\/bb4337a5fb147cb2046d80548172cbee","name":"admin","image":{"@type":"ImageObject","inLanguage":"sr-RS","@id":"https:\/\/president-ksgov.net\/#\/schema\/person\/image\/","url":"https:\/\/secure.gravatar.com\/avatar\/36156ca0fa3b8d9d25174f146e16beea0cf28f37adf1b9e19b6c9c279a7c9dd3?s=96&d=mm&r=g","contentUrl":"https:\/\/secure.gravatar.com\/avatar\/36156ca0fa3b8d9d25174f146e16beea0cf28f37adf1b9e19b6c9c279a7c9dd3?s=96&d=mm&r=g","caption":"admin"},"sameAs":["https:\/\/president-ksgov.net"]}]}},"_links":{"self":[{"href":"https:\/\/president-ksgov.net\/sr\/wp-json\/wp\/v2\/posts\/73799","targetHints":{"allow":["GET"]}}],"collection":[{"href":"https:\/\/president-ksgov.net\/sr\/wp-json\/wp\/v2\/posts"}],"about":[{"href":"https:\/\/president-ksgov.net\/sr\/wp-json\/wp\/v2\/types\/post"}],"author":[{"embeddable":true,"href":"https:\/\/president-ksgov.net\/sr\/wp-json\/wp\/v2\/users\/1"}],"replies":[{"embeddable":true,"href":"https:\/\/president-ksgov.net\/sr\/wp-json\/wp\/v2\/comments?post=73799"}],"version-history":[{"count":1,"href":"https:\/\/president-ksgov.net\/sr\/wp-json\/wp\/v2\/posts\/73799\/revisions"}],"predecessor-version":[{"id":81354,"href":"https:\/\/president-ksgov.net\/sr\/wp-json\/wp\/v2\/posts\/73799\/revisions\/81354"}],"wp:featuredmedia":[{"embeddable":true,"href":"https:\/\/president-ksgov.net\/sr\/wp-json\/wp\/v2\/media\/9173"}],"wp:attachment":[{"href":"https:\/\/president-ksgov.net\/sr\/wp-json\/wp\/v2\/media?parent=73799"}],"wp:term":[{"taxonomy":"category","embeddable":true,"href":"https:\/\/president-ksgov.net\/sr\/wp-json\/wp\/v2\/categories?post=73799"},{"taxonomy":"post_tag","embeddable":true,"href":"https:\/\/president-ksgov.net\/sr\/wp-json\/wp\/v2\/tags?post=73799"}],"curies":[{"name":"wp","href":"https:\/\/api.w.org\/{rel}","templated":true}]}}