{"id":73790,"date":"2022-12-19T21:38:13","date_gmt":"2022-12-19T21:38:13","guid":{"rendered":"https:\/\/dev.president-ksgov.net\/govor-predsednice-osmani-na-sestoj-konferenciji-ambasadora-republike-kosovo\/"},"modified":"2022-12-19T21:28:13","modified_gmt":"2022-12-19T21:28:13","slug":"govor-predsednice-osmani-na-sestoj-konferenciji-ambasadora-republike-kosovo","status":"publish","type":"post","link":"https:\/\/president-ksgov.net\/sr\/govor-predsednice-osmani-na-sestoj-konferenciji-ambasadora-republike-kosovo\/","title":{"rendered":"Govor predsednice Osmani na \u0161estoj Konferenciji ambasadora Republike Kosovo"},"content":{"rendered":"<p>Po\u0161tovani premijeru, g. Kurti,<br \/>\nPo\u0161tovana zamenice premijera i ministarko spoljnih poslova i dijaspore, Donika G\u00ebrvalla,<br \/>\nPo\u0161tovani zameni&ccaron;e premijera g. Bislimi,<br \/>\nPo\u0161tovana potpredsednice Skup\u0161tine, g&dstrok;o. Bogujevci,<br \/>\nPo\u0161tovani \u0161efovi misija i diplomate Republike Kosovo,<br \/>\nPo\u0161tovaniprijatelji,<br \/>\nPo\u0161tovani prisutni i Vi predstavnici medija,<\/p>\n<p>Ovakve godi\u0161nje konferencije ambasadora slu&#382;e za otvorenu diskusiju o na\u0161oj spoljnoj politici, kao i o regionalnom, kontinentalnom i globalnom okru&#382;enju u kojem se kao dr&#382;ava nalazimo, dostignu&cacute;ima i izazovima sa kojima se suo&ccaron;ava na\u0161a spoljna politika i spoljna slu&#382;ba, kao i da vam se prenesu poruke o klju&ccaron;nim spoljnopoliti&ccaron;kim temama.<\/p>\n<p>Na\u0161a spoljna politika uvek mora da bude u interesu dr&#382;ave, u interesu njenih gra&dstrok;ana i zasnovana na promociji evroatlantskih vrednosti, izgradnji partnerstva sa dr&#382;avama sa razli&ccaron;itih kontinenata i produbljivanju saveza sa na\u0161im tradicionalnim strate\u0161kim partnerima. Stoga bi ova Konferencija trebalo da nam omogu&cacute;i da kroz diskusije i analize do&dstrok;emo do istog shvatanja ambijenta koji uti&ccaron;e na na\u0161u spoljnu politiku, razjasnimo strate\u0161ke ciljeve ove politike, kao i da identifikujemo oblasti i dobre prakse u kojima moramo da budemo bolji.<\/p>\n<p>Vi ste, kao diplomate Republike Kosovo, ogledalo i prozor Kosova u inostranstvu. S jedne strane, svojim delovanjem morate da odra&#382;avate osnovne vrednosti Republike Kosovo koje se odnose na demokratiju, etni&ccaron;ku i kulturnu raznolikost, preduzetni&ccaron;ki i inovativni duh na\u0161ih gra&dstrok;ana, a sa druge strane, vi ste prozor kroz koje komunicirate i gradite mostove saradnje sa institucijama i organizacijama u zemljama u kojima radite i slu&#382;ite kao kosovski dom i na\u0161oj dijaspori. Stoga vas molim da pove&cacute;ate svoje napore zajedno sa nama kao i svoje anga&#382;ovanje kako bi Kosovo imalo \u0161to vi\u0161e prijatelja i partnera u me&dstrok;unarodnoj areni, kao i da jo\u0161 te\u0161nje komunicirate i sara&dstrok;ujete sa Kancelarijom Predsednice i sa svim ostalim institucijama ka ostvarenju na\u0161ih zajedni&ccaron;kih ciljeva za ja&ccaron;e Kosovo.<\/p>\n<p>Tako&dstrok;e, ohrabrujem vas da tokom Konferencije i diskusija na raznim panelima svi budemo samokriti&ccaron;ni prema dostignu&cacute;ima i izazovima sa kojima se suo&ccaron;avamo, jer nam ovakav pristup poma&#382;e da se unapredimo i da mnogo bolje radimo kao institucije u slu&#382;bi dr&#382;avnih interesa svih na\u0161ih gra&dstrok;ana.<\/p>\n<p>Kao rukovodilac spoljne politike, konstantno sam artikulisala strate\u0161ke ciljeve Kosova u spoljnoj politici koji, izme&dstrok;u ostalog, uklju&ccaron;uju:<\/p>\n<p>\u2022\tja&ccaron;anje me&dstrok;unarodnog subjektiviteta na\u0161e Republike, uklju&ccaron;uju&cacute;i i cilj novih priznanja i &ccaron;lanstva u me&dstrok;unarodnim organizacijama;<\/p>\n<p>\u2022\tunapre&dstrok;enje procesa integracije u evroatlantske strukture;<\/p>\n<p>\u2022\tpromovisanje dobrih odnosa sa zemljama \u0161irom sveta koje dele iste vrednosti kao i mi; i<\/p>\n<p>\u2022\tpromovisanje ekonomskih interesa zemlje.<\/p>\n<p>\u0160to se ti&ccaron;e ambijenta u kojem deluje na\u0161a spoljna politika, treba podvu&cacute;i da smo tokom 2022. godine bili izazvani u &ccaron;etiri pravca.<\/p>\n<p>Prvo, Srbija je nastavila sa aktivnim delovanjem protiv na\u0161eg me&dstrok;unarodnog polo&#382;aja kroz koruptivnu kampanju blokiranja novih priznanja i &ccaron;lanstva u me&dstrok;unarodnim organizacijama. Borili smo se protiv ovih akcija Srbije u saradnji sa savezni&ccaron;kim dr&#382;avama i preduzeli smo konkretne korake ka stvaranju komunikacionih kanala sa dr&#382;avama koje nas ne priznaju, a ove godine, kao \u0161to znate, podneli smo i zahtev za &ccaron;lanstvo u Savetu Evrope, a tako&dstrok;e i zahtev za &ccaron;lanstvo u Evropskoj uniji. Me&dstrok;utim, kao spoljna politika, moramo dalje da umno&#382;avamo na\u0161e zajedni&ccaron;ke napore da zaustavimo uticaj Srbije na druge zemlje, posebno kori\u0161&cacute;enjem bliskog partnerstva sa prijateljskim zemljama koje imamo na svakom kontinentu.<\/p>\n<p>Drugo, Srbija je preduzela akcije protiv ustavnog poretka tako \u0161to je pretnjama, prinudom, napadima, ali i zavo&dstrok;enjem, naterala Srbe na severu da napuste institucije Republike Kosovo. Ove akcije imaju za cilj destabilizaciju zemlje i stvaranje institucionalnog vakuuma na severu kao uvod u ono \u0161to Srbija &#382;eli, odnosno svoje teritorijalne pretenzije u odnosu na Kosovo. Tako ne\u0161to, naravno, nikada ne&cacute;e biti dozvoljeno i na\u0161e akcije &cacute;e se samo pove&cacute;ati radi uspostavljanja vladavine prava u svakom delu, na svakom uglu na\u0161e teritorije. U odnosu na Srbe koji su gra&dstrok;ani na\u0161e Republike, na\u0161e institucije &cacute;e uvek biti podr\u0161ka socijalno-ekonomskim inicijativama u cilju njihove pune integracije u multietni&ccaron;ko dru\u0161tvo Republike Kosovo.<\/p>\n<p>Tre&cacute;e, proces dijaloga sa Srbijom je miniran i blokiran opstrukcionisti&ccaron;kim delovanjem re&#382;ima u Srbiji, onemogu&cacute;avaju&cacute;i napredak i postizanje dogovora na mnogim frontovima, uklju&ccaron;uju&cacute;i blokiranje sporazuma o nasilno nestalim licima, nesprovo&dstrok;enje sporazuma u oblasti energetike, nesprovo&dstrok;enje drugih sporazuma koji su postignuti tokom poslednjih meseci, kao i blokiranje rasprave o dokumentu koji su predlo&#382;ile Nema&ccaron;ka i Francuska, a podr&#382;ale SAD. Uprkos ovim izazovima, Kosovo je bilo konstruktivna strana i u&ccaron;estvovalo je u dijalogu po jasnim principima: kona&ccaron;ni sporazum mora biti usredsre&dstrok;en na uzajamno priznavanje i mora da po\u0161tuje suverenitet, teritorijalni integritet, ustavni poredak i institucionalnu funkcionalnost Republike Kosovo.<\/p>\n<p>I &ccaron;etvrto, rat Rusije protiv Ukrajine, koji je, pored posledica koje je donela po evropsku bezbednost stvaranjem jasne podele izme&dstrok;u dr&#382;ava evroatlantske osovine protiv ruske, aktuelizovao zna&ccaron;aj NATO-a, krizu inflacije, energije i snabdevanja hranom, ponudio nam je prilike u spoljnoj politici da poka&#382;emo na\u0161e evroatlantske vrednosti i da se jo\u0161 vi\u0161e pribli&#382;imo na\u0161im saveznicima.<\/p>\n<p>Tako&dstrok;e, \u0161to se me&dstrok;unarodnog konteksta ti&ccaron;e, na na\u0161u spoljnu politiku, kao i na politiku drugih zemalja, uticale su promene u globalnoj ekonomiji i hibridne pretnje kao rezultat ruskog rata u Ukrajini i zlonamernog delovanja dr&#382;ava poput Kine i Irana ili nedr&#382;avni akteri koji osporavaju me&dstrok;unarodni poredak. U svetu koji je sve vi\u0161e me&dstrok;usobno povezan, me&dstrok;unarodno okru&#382;enje u kome deluju dr&#382;ave postaje jo\u0161 slo&#382;enije, nepredvidivo i podlo&#382;no nezaustavljivim promenama. Dakle, bezbedno regionalno i globalno okru&#382;enje zahteva me&dstrok;unarodnu saradnju svih zemalja, jer problemi, bilo regionalni ili globalni, zahtevaju re\u0161enja zasnovana na partnerstvu i reciprocitetu. U tom pogledu, Kosovo je bilo potpuno u skladu sa odlukama SAD-a i Evropske unije u uvo&dstrok;enju sankcija Rusiji nakon njene vojne agresije na Ukrajinu. Na osnovu ovih de\u0161avanja, ve&cacute; je postalo neophodno pove&cacute;ati bezbednosne kapacitete, uklju&ccaron;uju&cacute;i i sajber bezbednost, budu&cacute;i da hibridni rat i netradicionalne bezbednosne pretnje i dalje izazivaju zemlje \u0161irom sveta.<\/p>\n<p>U pogledu bilateralne diplomatije, na\u0161 fokus treba da bude na o&ccaron;uvanju i produbljivanju postoje&cacute;ih prijateljstava, posebno sa Sjedinjenim Ameri&ccaron;kim Dr&#382;avama, sa dr&#382;avama Evropske unije, sa Velikom Britanijom, sa dr&#382;avama regiona, ali da te&#382;imo i izgradnji novih prijateljstava u svakoj zemlji i na svakom kontinentu. Naravno, moramo da nastavimo da radimo zajedno na ja&ccaron;anju na\u0161ih bratskih odnosa sa Albanijom svakog dana, elimini\u0161u&cacute;i barijere i pove&cacute;avaju&cacute;i broj sporazuma koji su od koristi na\u0161im gra&dstrok;anima, a tako&dstrok;e da radimo na ja&ccaron;anju partnerstva zasnovanog na vrednostima sa svakom zemljom.<\/p>\n<p>Na multilateralnom nivou, ove godine smo preduzeli konkretne korake ka &ccaron;lanstvu u Savet Evrope. U me&dstrok;uvremenu, pro\u0161le nedelje smo potpisali prijavu i predali aplikaciju za &ccaron;lanstvo u Evropsku uniju. &Ccaron;lanstvo u EU je naravno strate\u0161ki cilj, ali svi moramo da znamo da je prijava konkretan korak koji nas dovodi korak bli&#382;e ostvarenju ovog istorijskog cilja. U tom duhu, zapo&ccaron;eli smo i politi&ccaron;ke razgovore sa dr&#382;avama &ccaron;lanicama NATO-a u vezi sa prijavom za program Partnerstvo za mir kao formalnim korakom ka &ccaron;lanstvu u NATO-u.<\/p>\n<p>I, tako&dstrok;e, u okviru ja&ccaron;anja me&dstrok;unarodne pozicije Kosova, postali smo deo novih multilateralnih inicijativa kao ravnopravna strana sa drugim zemljama. Kosovo je ove godine pozvano da bude ravnopravna stranka u stvaranju Evropske politi&ccaron;ke zajednice, koja je inicijativa predsednika Macrona i koja objedinjuje 44 zemlje evropskog kontinenta. Tako &cacute;emo nastaviti sa &ccaron;lanstvom u drugim regionalnim, kontinentalnim i globalnim inicijativama, sve dok Kosovo ne zauzme svoje zaslu&#382;eno mesto u me&dstrok;unarodnoj areni.<\/p>\n<p>Na kraju, dozvolite mi da istaknem da sam veoma svesna izazova sa kojima se svakodnevno suo&ccaron;avate, kao neko koji se ovom obla\u0161&cacute;u bavio i pre osnivanja ambasada, a posebno od 2008. godine kada smo osnovali prve ambasade na\u0161e Republike. Ni od sada ne&cacute;e biti lako, ali hajde da u svakom poslu, u svakoj akciji, u svakom trudu i u svakom zalaganju ne zaboravimo da je svetinja ono \u0161to zajedno &ccaron;uvamo. Mi \u0161titimo suverenitet dr&#382;ave koja je krvlju gra&dstrok;ena, sagra&dstrok;ena je sa mnogo &#382;rtava, izgra&dstrok;ena je trudom mnogih ljudi koji su prethodili na\u0161oj slobodi &#382;rtvuju&cacute;i svoje najdragocenije. Ne zaboravimo ovo svaki dan kada se suo&ccaron;avamo sa pote\u0161ko&cacute;ama bilo da pokucamo na vrata, ili da otvorimo ta vrata, ili da se zalo&#382;imo za ono \u0161to je na\u0161e pravo, ili da odbranimo vrednosti na kojima svi zajedno sa svojim prijateljima stojimo. Stoga, uprkos izazovima ne zaboravimo da branimo slobode koje su ostvarene uz mnogo odricanja i verujem da to treba da nas vodi u svakodnevnom radu, bez obzira da li smo u rukovodstvu dr&#382;ave ili u ambasadama u kojima slu&#382;imo dr&#382;avi i na\u0161im gra&dstrok;anima.<\/p>\n<p>Na kraju, dozvolite mi da vam se zahvalim na saradnji tokom ove godine, da vas ohrabrim da &cacute;e ona samo rasti i produbljivati se u narednim godinama, i naravno da vama i va\u0161im porodicama po&#382;elim dobro zdravlje i mnogo uspeha za vas i Kosovo u tokom 2023. godine.<\/p>\n<p>A za vi\u0161e detalja, a znate da &cacute;u se upustiti u mnogo vi\u0161e detalja, bar vi koji me poznajete, razgovara&cacute;emo o njima sutra na panelu.<\/p>\n<p>Mnogo vam hvala!\u00a0<\/p>\n","protected":false},"excerpt":{"rendered":"<p>Po\u0161tovani premijeru, g. Kurti, Po\u0161tovana zamenice premijera i ministarko spoljnih poslova i dijaspore, Donika G\u00ebrvalla, Po\u0161tovani zameni&ccaron;e premijera g. Bislimi, Po\u0161tovana potpredsednice Skup\u0161tine, g&dstrok;o. Bogujevci, Po\u0161tovani \u0161efovi misija i diplomate Republike Kosovo, Po\u0161tovaniprijatelji, Po\u0161tovani prisutni i Vi predstavnici medija, Ovakve godi\u0161nje konferencije ambasadora slu&#382;e za otvorenu diskusiju o na\u0161oj spoljnoj politici, kao i o regionalnom, kontinentalnom i globalnom okru&#382;enju u kojem se kao dr&#382;ava nalazimo, dostignu&cacute;ima i izazovima sa kojima se suo&ccaron;ava na\u0161a spoljna politika i spoljna slu&#382;ba, kao i da vam se prenesu poruke o klju&ccaron;nim spoljnopoliti&ccaron;kim temama. Na\u0161a spoljna politika uvek mora da bude u interesu dr&#382;ave, u interesu njenih gra&dstrok;ana i zasnovana na promociji evroatlantskih vrednosti, izgradnji partnerstva sa dr&#382;avama sa razli&ccaron;itih kontinenata i produbljivanju saveza sa na\u0161im tradicionalnim strate\u0161kim partnerima. Stoga bi ova Konferencija trebalo da nam omogu&cacute;i da kroz diskusije i analize do&dstrok;emo do istog shvatanja ambijenta koji uti&ccaron;e na na\u0161u spoljnu politiku, razjasnimo strate\u0161ke ciljeve ove politike, kao i da identifikujemo oblasti i dobre prakse u kojima moramo da budemo bolji. Vi ste, kao diplomate Republike Kosovo, ogledalo i prozor Kosova u inostranstvu. S jedne strane, svojim delovanjem morate da odra&#382;avate osnovne vrednosti Republike Kosovo koje se odnose na demokratiju, etni&ccaron;ku i kulturnu raznolikost, preduzetni&ccaron;ki i inovativni duh na\u0161ih gra&dstrok;ana, a sa druge strane, vi ste prozor kroz koje komunicirate i gradite mostove saradnje sa institucijama i organizacijama u zemljama u kojima radite i slu&#382;ite kao kosovski dom i na\u0161oj dijaspori. Stoga vas molim da pove&cacute;ate svoje napore zajedno sa nama kao i svoje anga&#382;ovanje kako bi Kosovo imalo \u0161to vi\u0161e prijatelja i partnera u me&dstrok;unarodnoj areni, kao i da jo\u0161 te\u0161nje komunicirate i sara&dstrok;ujete sa Kancelarijom Predsednice i sa svim ostalim institucijama ka ostvarenju na\u0161ih zajedni&ccaron;kih ciljeva za ja&ccaron;e Kosovo. Tako&dstrok;e, ohrabrujem vas da tokom Konferencije i diskusija na raznim panelima svi budemo samokriti&ccaron;ni prema dostignu&cacute;ima i izazovima sa kojima se suo&ccaron;avamo, jer nam ovakav pristup poma&#382;e da se unapredimo i da mnogo bolje radimo kao institucije u slu&#382;bi dr&#382;avnih interesa svih na\u0161ih gra&dstrok;ana. Kao rukovodilac spoljne politike, konstantno sam artikulisala strate\u0161ke ciljeve Kosova u spoljnoj politici koji, izme&dstrok;u ostalog, uklju&ccaron;uju: \u2022 ja&ccaron;anje me&dstrok;unarodnog subjektiviteta na\u0161e Republike, uklju&ccaron;uju&cacute;i i cilj novih priznanja i &ccaron;lanstva u me&dstrok;unarodnim organizacijama; \u2022 unapre&dstrok;enje procesa integracije u evroatlantske strukture; \u2022 promovisanje dobrih odnosa sa zemljama \u0161irom sveta koje dele iste vrednosti kao i mi; i \u2022 promovisanje ekonomskih interesa zemlje. \u0160to se ti&ccaron;e ambijenta u kojem deluje na\u0161a spoljna politika, treba podvu&cacute;i da smo tokom 2022. godine bili izazvani u &ccaron;etiri pravca. Prvo, Srbija je nastavila sa aktivnim delovanjem protiv na\u0161eg me&dstrok;unarodnog polo&#382;aja kroz koruptivnu kampanju blokiranja novih priznanja i &ccaron;lanstva u me&dstrok;unarodnim organizacijama. Borili smo se protiv ovih akcija Srbije u saradnji sa savezni&ccaron;kim dr&#382;avama i preduzeli smo konkretne korake ka stvaranju komunikacionih kanala sa dr&#382;avama koje nas ne priznaju, a ove godine, kao \u0161to znate, podneli smo i zahtev za &ccaron;lanstvo u Savetu Evrope, a tako&dstrok;e i zahtev za &ccaron;lanstvo u Evropskoj uniji. Me&dstrok;utim, kao spoljna politika, moramo dalje da umno&#382;avamo na\u0161e zajedni&ccaron;ke napore da zaustavimo uticaj Srbije na druge zemlje, posebno kori\u0161&cacute;enjem bliskog partnerstva sa prijateljskim zemljama koje imamo na svakom kontinentu. Drugo, Srbija je preduzela akcije protiv ustavnog poretka tako \u0161to je pretnjama, prinudom, napadima, ali i zavo&dstrok;enjem, naterala Srbe na severu da napuste institucije Republike Kosovo. Ove akcije imaju za cilj destabilizaciju zemlje i stvaranje institucionalnog vakuuma na severu kao uvod u ono \u0161to Srbija &#382;eli, odnosno svoje teritorijalne pretenzije u odnosu na Kosovo. Tako ne\u0161to, naravno, nikada ne&cacute;e biti dozvoljeno i na\u0161e akcije &cacute;e se samo pove&cacute;ati radi uspostavljanja vladavine prava u svakom delu, na svakom uglu na\u0161e teritorije. U odnosu na Srbe koji su gra&dstrok;ani na\u0161e Republike, na\u0161e institucije &cacute;e uvek biti podr\u0161ka socijalno-ekonomskim inicijativama u cilju njihove pune integracije u multietni&ccaron;ko dru\u0161tvo Republike Kosovo. Tre&cacute;e, proces dijaloga sa Srbijom je miniran i blokiran opstrukcionisti&ccaron;kim delovanjem re&#382;ima u Srbiji, onemogu&cacute;avaju&cacute;i napredak i postizanje dogovora na mnogim frontovima, uklju&ccaron;uju&cacute;i blokiranje sporazuma o nasilno nestalim licima, nesprovo&dstrok;enje sporazuma u oblasti energetike, nesprovo&dstrok;enje drugih sporazuma koji su postignuti tokom poslednjih meseci, kao i blokiranje rasprave o dokumentu koji su predlo&#382;ile Nema&ccaron;ka i Francuska, a podr&#382;ale SAD. Uprkos ovim izazovima, Kosovo je bilo konstruktivna strana i u&ccaron;estvovalo je u dijalogu po jasnim principima: kona&ccaron;ni sporazum mora biti usredsre&dstrok;en na uzajamno priznavanje i mora da po\u0161tuje suverenitet, teritorijalni integritet, ustavni poredak i institucionalnu funkcionalnost Republike Kosovo. I &ccaron;etvrto, rat Rusije protiv Ukrajine, koji je, pored posledica koje je donela po evropsku bezbednost stvaranjem jasne podele izme&dstrok;u dr&#382;ava evroatlantske osovine protiv ruske, aktuelizovao zna&ccaron;aj NATO-a, krizu inflacije, energije i snabdevanja hranom, ponudio nam je prilike u spoljnoj politici da poka&#382;emo na\u0161e evroatlantske vrednosti i da se jo\u0161 vi\u0161e pribli&#382;imo na\u0161im saveznicima. Tako&dstrok;e, \u0161to se me&dstrok;unarodnog konteksta ti&ccaron;e, na na\u0161u spoljnu politiku, kao i na politiku drugih zemalja, uticale su promene u globalnoj ekonomiji i hibridne pretnje kao rezultat ruskog rata u Ukrajini i zlonamernog delovanja dr&#382;ava poput Kine i Irana ili nedr&#382;avni akteri koji osporavaju me&dstrok;unarodni poredak. U svetu koji je sve vi\u0161e me&dstrok;usobno povezan, me&dstrok;unarodno okru&#382;enje u kome deluju dr&#382;ave postaje jo\u0161 slo&#382;enije, nepredvidivo i podlo&#382;no nezaustavljivim promenama. Dakle, bezbedno regionalno i globalno okru&#382;enje zahteva me&dstrok;unarodnu saradnju svih zemalja, jer problemi, bilo regionalni ili globalni, zahtevaju re\u0161enja zasnovana na partnerstvu i reciprocitetu. U tom pogledu, Kosovo je bilo potpuno u skladu sa odlukama SAD-a i Evropske unije u uvo&dstrok;enju sankcija Rusiji nakon njene vojne agresije na Ukrajinu. Na osnovu ovih de\u0161avanja, ve&cacute; je postalo neophodno pove&cacute;ati bezbednosne kapacitete, uklju&ccaron;uju&cacute;i i sajber bezbednost, budu&cacute;i da hibridni rat i netradicionalne bezbednosne pretnje i dalje izazivaju zemlje \u0161irom sveta. U pogledu bilateralne diplomatije, na\u0161 fokus treba da bude na o&ccaron;uvanju i produbljivanju postoje&cacute;ih prijateljstava, posebno sa Sjedinjenim Ameri&ccaron;kim Dr&#382;avama, sa dr&#382;avama Evropske unije, sa Velikom Britanijom, sa dr&#382;avama regiona, ali da te&#382;imo i izgradnji novih prijateljstava u svakoj zemlji i na svakom kontinentu. Naravno, moramo da nastavimo da radimo zajedno na ja&ccaron;anju na\u0161ih bratskih odnosa sa Albanijom svakog dana, elimini\u0161u&cacute;i barijere i pove&cacute;avaju&cacute;i broj sporazuma koji su od koristi na\u0161im gra&dstrok;anima, a tako&dstrok;e da radimo na ja&ccaron;anju partnerstva<\/p>\n","protected":false},"author":1,"featured_media":9101,"comment_status":"open","ping_status":"closed","sticky":false,"template":"","format":"standard","meta":{"_eb_attr":"","footnotes":""},"categories":[101],"tags":[],"class_list":["post-73790","post","type-post","status-publish","format-standard","has-post-thumbnail","hentry","category-vesti"],"yoast_head":"<!-- This site is optimized with the Yoast SEO plugin v23.5 - https:\/\/yoast.com\/wordpress\/plugins\/seo\/ -->\n<title>Govor predsednice Osmani na \u0161estoj Konferenciji ambasadora Republike Kosovo - Predsednik Republike Kosovo - DR. VJOSA OSMANI - SADRIU<\/title>\n<meta name=\"description\" content=\"Govor predsednice Osmani na \u0161estoj Konferenciji ambasadora Republike Kosovo - Predsednik Republike Kosovo - DR. VJOSA OSMANI - SADRIU -\" \/>\n<meta name=\"robots\" content=\"index, follow, max-snippet:-1, max-image-preview:large, max-video-preview:-1\" \/>\n<link rel=\"canonical\" href=\"https:\/\/president-ksgov.net\/sr\/govor-predsednice-osmani-na-sestoj-konferenciji-ambasadora-republike-kosovo\/\" \/>\n<meta property=\"og:locale\" content=\"sr_RS\" \/>\n<meta property=\"og:type\" content=\"article\" \/>\n<meta property=\"og:title\" content=\"Govor predsednice Osmani na \u0161estoj Konferenciji ambasadora Republike Kosovo - Predsednik Republike Kosovo - DR. VJOSA OSMANI - SADRIU\" \/>\n<meta property=\"og:description\" content=\"Govor predsednice Osmani na \u0161estoj Konferenciji ambasadora Republike Kosovo - Predsednik Republike Kosovo - DR. VJOSA OSMANI - SADRIU -\" \/>\n<meta property=\"og:url\" content=\"https:\/\/president-ksgov.net\/sr\/govor-predsednice-osmani-na-sestoj-konferenciji-ambasadora-republike-kosovo\/\" \/>\n<meta property=\"og:site_name\" content=\"Predsednik Republike Kosovo - DR. VJOSA OSMANI - SADRIU\" \/>\n<meta property=\"article:published_time\" content=\"2022-12-19T21:38:13+00:00\" \/>\n<meta property=\"article:modified_time\" content=\"2022-12-19T21:28:13+00:00\" \/>\n<meta property=\"og:image\" content=\"https:\/\/president-ksgov.net\/wp-content\/uploads\/2023\/03\/20_12_2022_6651305_konferenca_e_ambasadoreve-scaled.jpg\" \/>\n\t<meta property=\"og:image:width\" content=\"2560\" \/>\n\t<meta property=\"og:image:height\" content=\"1706\" \/>\n\t<meta property=\"og:image:type\" content=\"image\/jpeg\" \/>\n<meta name=\"author\" content=\"admin\" \/>\n<meta name=\"twitter:card\" content=\"summary_large_image\" \/>\n<meta name=\"twitter:label1\" content=\"\u041d\u0430\u043f\u0438\u0441\u0430\u043d\u043e \u043e\u0434\" \/>\n\t<meta name=\"twitter:data1\" content=\"admin\" \/>\n\t<meta name=\"twitter:label2\" content=\"\u041f\u0440\u043e\u0446\u0435\u045a\u0435\u043d\u043e \u0432\u0440\u0435\u043c\u0435 \u0447\u0438\u0442\u0430\u045a\u0430\" \/>\n\t<meta name=\"twitter:data2\" content=\"9 \u043c\u0438\u043d\u0443\u0442\u0430\" \/>\n<script type=\"application\/ld+json\" class=\"yoast-schema-graph\">{\"@context\":\"https:\/\/schema.org\",\"@graph\":[{\"@type\":\"WebPage\",\"@id\":\"https:\/\/president-ksgov.net\/sr\/govor-predsednice-osmani-na-sestoj-konferenciji-ambasadora-republike-kosovo\/\",\"url\":\"https:\/\/president-ksgov.net\/sr\/govor-predsednice-osmani-na-sestoj-konferenciji-ambasadora-republike-kosovo\/\",\"name\":\"Govor predsednice Osmani na \u0161estoj Konferenciji ambasadora Republike Kosovo - Predsednik Republike Kosovo - DR. VJOSA OSMANI - SADRIU\",\"isPartOf\":{\"@id\":\"https:\/\/president-ksgov.net\/#website\"},\"primaryImageOfPage\":{\"@id\":\"https:\/\/president-ksgov.net\/sr\/govor-predsednice-osmani-na-sestoj-konferenciji-ambasadora-republike-kosovo\/#primaryimage\"},\"image\":{\"@id\":\"https:\/\/president-ksgov.net\/sr\/govor-predsednice-osmani-na-sestoj-konferenciji-ambasadora-republike-kosovo\/#primaryimage\"},\"thumbnailUrl\":\"https:\/\/president-ksgov.net\/wp-content\/uploads\/2023\/03\/20_12_2022_6651305_konferenca_e_ambasadoreve-scaled.jpg\",\"datePublished\":\"2022-12-19T21:38:13+00:00\",\"dateModified\":\"2022-12-19T21:28:13+00:00\",\"author\":{\"@id\":\"https:\/\/president-ksgov.net\/#\/schema\/person\/bb4337a5fb147cb2046d80548172cbee\"},\"description\":\"Govor predsednice Osmani na \u0161estoj Konferenciji ambasadora Republike Kosovo - Predsednik Republike Kosovo - DR. VJOSA OSMANI - SADRIU -\",\"breadcrumb\":{\"@id\":\"https:\/\/president-ksgov.net\/sr\/govor-predsednice-osmani-na-sestoj-konferenciji-ambasadora-republike-kosovo\/#breadcrumb\"},\"inLanguage\":\"sr-RS\",\"potentialAction\":[{\"@type\":\"ReadAction\",\"target\":[\"https:\/\/president-ksgov.net\/sr\/govor-predsednice-osmani-na-sestoj-konferenciji-ambasadora-republike-kosovo\/\"]}]},{\"@type\":\"ImageObject\",\"inLanguage\":\"sr-RS\",\"@id\":\"https:\/\/president-ksgov.net\/sr\/govor-predsednice-osmani-na-sestoj-konferenciji-ambasadora-republike-kosovo\/#primaryimage\",\"url\":\"https:\/\/president-ksgov.net\/wp-content\/uploads\/2023\/03\/20_12_2022_6651305_konferenca_e_ambasadoreve-scaled.jpg\",\"contentUrl\":\"https:\/\/president-ksgov.net\/wp-content\/uploads\/2023\/03\/20_12_2022_6651305_konferenca_e_ambasadoreve-scaled.jpg\",\"width\":2560,\"height\":1706},{\"@type\":\"BreadcrumbList\",\"@id\":\"https:\/\/president-ksgov.net\/sr\/govor-predsednice-osmani-na-sestoj-konferenciji-ambasadora-republike-kosovo\/#breadcrumb\",\"itemListElement\":[{\"@type\":\"ListItem\",\"position\":1,\"name\":\"Home\",\"item\":\"https:\/\/president-ksgov.net\/sr\/\"},{\"@type\":\"ListItem\",\"position\":2,\"name\":\"Govor predsednice Osmani na \u0161estoj Konferenciji ambasadora Republike Kosovo\"}]},{\"@type\":\"WebSite\",\"@id\":\"https:\/\/president-ksgov.net\/#website\",\"url\":\"https:\/\/president-ksgov.net\/\",\"name\":\"Presidente e Republik\u00ebs s\u00eb Kosov\u00ebs\",\"description\":\"Presidente e Republik\u00ebs s\u00eb Kosov\u00ebs\",\"alternateName\":\"DR. VJOSA OSMANI - SADRIU\",\"potentialAction\":[{\"@type\":\"SearchAction\",\"target\":{\"@type\":\"EntryPoint\",\"urlTemplate\":\"https:\/\/president-ksgov.net\/?s={search_term_string}\"},\"query-input\":{\"@type\":\"PropertyValueSpecification\",\"valueRequired\":true,\"valueName\":\"search_term_string\"}}],\"inLanguage\":\"sr-RS\"},{\"@type\":\"Person\",\"@id\":\"https:\/\/president-ksgov.net\/#\/schema\/person\/bb4337a5fb147cb2046d80548172cbee\",\"name\":\"admin\",\"image\":{\"@type\":\"ImageObject\",\"inLanguage\":\"sr-RS\",\"@id\":\"https:\/\/president-ksgov.net\/#\/schema\/person\/image\/\",\"url\":\"https:\/\/secure.gravatar.com\/avatar\/36156ca0fa3b8d9d25174f146e16beea0cf28f37adf1b9e19b6c9c279a7c9dd3?s=96&d=mm&r=g\",\"contentUrl\":\"https:\/\/secure.gravatar.com\/avatar\/36156ca0fa3b8d9d25174f146e16beea0cf28f37adf1b9e19b6c9c279a7c9dd3?s=96&d=mm&r=g\",\"caption\":\"admin\"},\"sameAs\":[\"https:\/\/president-ksgov.net\"]}]}<\/script>\n<!-- \/ Yoast SEO plugin. -->","yoast_head_json":{"title":"Govor predsednice Osmani na \u0161estoj Konferenciji ambasadora Republike Kosovo - Predsednik Republike Kosovo - DR. VJOSA OSMANI - SADRIU","description":"Govor predsednice Osmani na \u0161estoj Konferenciji ambasadora Republike Kosovo - Predsednik Republike Kosovo - DR. VJOSA OSMANI - SADRIU -","robots":{"index":"index","follow":"follow","max-snippet":"max-snippet:-1","max-image-preview":"max-image-preview:large","max-video-preview":"max-video-preview:-1"},"canonical":"https:\/\/president-ksgov.net\/sr\/govor-predsednice-osmani-na-sestoj-konferenciji-ambasadora-republike-kosovo\/","og_locale":"sr_RS","og_type":"article","og_title":"Govor predsednice Osmani na \u0161estoj Konferenciji ambasadora Republike Kosovo - Predsednik Republike Kosovo - DR. VJOSA OSMANI - SADRIU","og_description":"Govor predsednice Osmani na \u0161estoj Konferenciji ambasadora Republike Kosovo - Predsednik Republike Kosovo - DR. VJOSA OSMANI - SADRIU -","og_url":"https:\/\/president-ksgov.net\/sr\/govor-predsednice-osmani-na-sestoj-konferenciji-ambasadora-republike-kosovo\/","og_site_name":"Predsednik Republike Kosovo - DR. VJOSA OSMANI - SADRIU","article_published_time":"2022-12-19T21:38:13+00:00","article_modified_time":"2022-12-19T21:28:13+00:00","og_image":[{"width":2560,"height":1706,"url":"https:\/\/president-ksgov.net\/wp-content\/uploads\/2023\/03\/20_12_2022_6651305_konferenca_e_ambasadoreve-scaled.jpg","type":"image\/jpeg"}],"author":"admin","twitter_card":"summary_large_image","twitter_misc":{"\u041d\u0430\u043f\u0438\u0441\u0430\u043d\u043e \u043e\u0434":"admin","\u041f\u0440\u043e\u0446\u0435\u045a\u0435\u043d\u043e \u0432\u0440\u0435\u043c\u0435 \u0447\u0438\u0442\u0430\u045a\u0430":"9 \u043c\u0438\u043d\u0443\u0442\u0430"},"schema":{"@context":"https:\/\/schema.org","@graph":[{"@type":"WebPage","@id":"https:\/\/president-ksgov.net\/sr\/govor-predsednice-osmani-na-sestoj-konferenciji-ambasadora-republike-kosovo\/","url":"https:\/\/president-ksgov.net\/sr\/govor-predsednice-osmani-na-sestoj-konferenciji-ambasadora-republike-kosovo\/","name":"Govor predsednice Osmani na \u0161estoj Konferenciji ambasadora Republike Kosovo - Predsednik Republike Kosovo - DR. VJOSA OSMANI - SADRIU","isPartOf":{"@id":"https:\/\/president-ksgov.net\/#website"},"primaryImageOfPage":{"@id":"https:\/\/president-ksgov.net\/sr\/govor-predsednice-osmani-na-sestoj-konferenciji-ambasadora-republike-kosovo\/#primaryimage"},"image":{"@id":"https:\/\/president-ksgov.net\/sr\/govor-predsednice-osmani-na-sestoj-konferenciji-ambasadora-republike-kosovo\/#primaryimage"},"thumbnailUrl":"https:\/\/president-ksgov.net\/wp-content\/uploads\/2023\/03\/20_12_2022_6651305_konferenca_e_ambasadoreve-scaled.jpg","datePublished":"2022-12-19T21:38:13+00:00","dateModified":"2022-12-19T21:28:13+00:00","author":{"@id":"https:\/\/president-ksgov.net\/#\/schema\/person\/bb4337a5fb147cb2046d80548172cbee"},"description":"Govor predsednice Osmani na \u0161estoj Konferenciji ambasadora Republike Kosovo - Predsednik Republike Kosovo - DR. VJOSA OSMANI - SADRIU -","breadcrumb":{"@id":"https:\/\/president-ksgov.net\/sr\/govor-predsednice-osmani-na-sestoj-konferenciji-ambasadora-republike-kosovo\/#breadcrumb"},"inLanguage":"sr-RS","potentialAction":[{"@type":"ReadAction","target":["https:\/\/president-ksgov.net\/sr\/govor-predsednice-osmani-na-sestoj-konferenciji-ambasadora-republike-kosovo\/"]}]},{"@type":"ImageObject","inLanguage":"sr-RS","@id":"https:\/\/president-ksgov.net\/sr\/govor-predsednice-osmani-na-sestoj-konferenciji-ambasadora-republike-kosovo\/#primaryimage","url":"https:\/\/president-ksgov.net\/wp-content\/uploads\/2023\/03\/20_12_2022_6651305_konferenca_e_ambasadoreve-scaled.jpg","contentUrl":"https:\/\/president-ksgov.net\/wp-content\/uploads\/2023\/03\/20_12_2022_6651305_konferenca_e_ambasadoreve-scaled.jpg","width":2560,"height":1706},{"@type":"BreadcrumbList","@id":"https:\/\/president-ksgov.net\/sr\/govor-predsednice-osmani-na-sestoj-konferenciji-ambasadora-republike-kosovo\/#breadcrumb","itemListElement":[{"@type":"ListItem","position":1,"name":"Home","item":"https:\/\/president-ksgov.net\/sr\/"},{"@type":"ListItem","position":2,"name":"Govor predsednice Osmani na \u0161estoj Konferenciji ambasadora Republike Kosovo"}]},{"@type":"WebSite","@id":"https:\/\/president-ksgov.net\/#website","url":"https:\/\/president-ksgov.net\/","name":"Presidente e Republik\u00ebs s\u00eb Kosov\u00ebs","description":"Presidente e Republik\u00ebs s\u00eb Kosov\u00ebs","alternateName":"DR. VJOSA OSMANI - SADRIU","potentialAction":[{"@type":"SearchAction","target":{"@type":"EntryPoint","urlTemplate":"https:\/\/president-ksgov.net\/?s={search_term_string}"},"query-input":{"@type":"PropertyValueSpecification","valueRequired":true,"valueName":"search_term_string"}}],"inLanguage":"sr-RS"},{"@type":"Person","@id":"https:\/\/president-ksgov.net\/#\/schema\/person\/bb4337a5fb147cb2046d80548172cbee","name":"admin","image":{"@type":"ImageObject","inLanguage":"sr-RS","@id":"https:\/\/president-ksgov.net\/#\/schema\/person\/image\/","url":"https:\/\/secure.gravatar.com\/avatar\/36156ca0fa3b8d9d25174f146e16beea0cf28f37adf1b9e19b6c9c279a7c9dd3?s=96&d=mm&r=g","contentUrl":"https:\/\/secure.gravatar.com\/avatar\/36156ca0fa3b8d9d25174f146e16beea0cf28f37adf1b9e19b6c9c279a7c9dd3?s=96&d=mm&r=g","caption":"admin"},"sameAs":["https:\/\/president-ksgov.net"]}]}},"_links":{"self":[{"href":"https:\/\/president-ksgov.net\/sr\/wp-json\/wp\/v2\/posts\/73790","targetHints":{"allow":["GET"]}}],"collection":[{"href":"https:\/\/president-ksgov.net\/sr\/wp-json\/wp\/v2\/posts"}],"about":[{"href":"https:\/\/president-ksgov.net\/sr\/wp-json\/wp\/v2\/types\/post"}],"author":[{"embeddable":true,"href":"https:\/\/president-ksgov.net\/sr\/wp-json\/wp\/v2\/users\/1"}],"replies":[{"embeddable":true,"href":"https:\/\/president-ksgov.net\/sr\/wp-json\/wp\/v2\/comments?post=73790"}],"version-history":[{"count":0,"href":"https:\/\/president-ksgov.net\/sr\/wp-json\/wp\/v2\/posts\/73790\/revisions"}],"wp:featuredmedia":[{"embeddable":true,"href":"https:\/\/president-ksgov.net\/sr\/wp-json\/wp\/v2\/media\/9101"}],"wp:attachment":[{"href":"https:\/\/president-ksgov.net\/sr\/wp-json\/wp\/v2\/media?parent=73790"}],"wp:term":[{"taxonomy":"category","embeddable":true,"href":"https:\/\/president-ksgov.net\/sr\/wp-json\/wp\/v2\/categories?post=73790"},{"taxonomy":"post_tag","embeddable":true,"href":"https:\/\/president-ksgov.net\/sr\/wp-json\/wp\/v2\/tags?post=73790"}],"curies":[{"name":"wp","href":"https:\/\/api.w.org\/{rel}","templated":true}]}}