{"id":73776,"date":"2022-12-28T12:52:15","date_gmt":"2022-12-28T12:52:15","guid":{"rendered":"https:\/\/dev.president-ksgov.net\/godisnje-obraanje-predsednice-osmani-bezbednosnim-snagama-kosova-u-komandi-kopnenih-snaga-u-istoku\/"},"modified":"2023-03-08T08:59:23","modified_gmt":"2023-03-08T08:59:23","slug":"godisnje-obraanje-predsednice-osmani-bezbednosnim-snagama-kosova-u-komandi-kopnenih-snaga-u-istoku","status":"publish","type":"post","link":"https:\/\/president-ksgov.net\/sr\/godisnje-obraanje-predsednice-osmani-bezbednosnim-snagama-kosova-u-komandi-kopnenih-snaga-u-istoku\/","title":{"rendered":"Godi\u0161nje obra&cacute;anje predsednice Osmani Bezbednosnim snagama Kosova u Komandi kopnenih snaga u Istoku"},"content":{"rendered":"<p>Uva&#382;eni komandante Bezbednosnih snaga Kosova, general-majore Jashari,<br \/>\nUva&#382;eni generali,<br \/>\nUva&#382;eni pukovni&ccaron;e Dreshaj, zameni&ccaron;e komandanta Komande kopnenih snaga,<br \/>\nUva&#382;eni vojnici, podoficiri i oficiri na&ccaron;e vojske,<\/p>\n<p>Dok se sastajemo se ovde u Istoku, u Komandi kopnenih snaga, na kraju jedne izuzetno izazovne godine, uverena sam da svako od vas stoji u &ccaron;ast zastave Republike Kosovo, sa potpunim uverenjem da je zakletva koju ste dali, da slu&#382;ite otad&#382;bini u svako vreme i u svakom trenutku, najsvetije od bilo &ccaron;ega drugog.<\/p>\n<p>I upravo ova va\u0161a spremnost, da slu&#382;ite zemlji i da je branite od svake opasnosti, &ccaron;ini sve nas ponosnim, stoga je za mene kao vrhovnog komandanta ove vojske izgra&dstrok;ene sa tolikom po&#382;rtvovano\u0161&cacute;u, &ccaron;ast i privilegija svaki put kada sam me&dstrok;u vama.<\/p>\n<p>Va\u0161i uspesi u podizanju kapaciteta, zajedno sa posve&cacute;eno\u0161&cacute;u institucija da pove&cacute;aju bud&#382;et i podr&#382;avaju sektor odbrane, vodi&cacute;e nas jo\u0161 br&#382;im koracima ka onome \u0161to predstavlja strate\u0161ku viziju i utvr&dstrok;enu destinaciju: na\u0161em zaslu&#382;enom mestu u NATO.<\/p>\n<p>Zajedno sa na\u0161im me&dstrok;unarodnim partnerima i kao obavezu prema &#382;enama i mu\u0161karcima koji su dali svoje &#382;ivote za slobodu Kosova, kako bismo mi &#382;iveli slobodno i u miru, uskoro &cacute;emo zauzeti na\u0161e zaslu&#382;eno mesto u Severnoatlantskoj alijansi pokazuju&cacute;i svetu da smo spremni ne samo da o&ccaron;uvamo mir, ve&cacute; i da ga branimo u bilo kom trenutku i na svakom delu zemaljske kugle.<\/p>\n<p>Ali pre svega, momci i devojke na\u0161ih Snaga su spremni da brane teritorijalni integritet i suverenitet na\u0161e dr&#382;ave, Republike Kosovo, na svakom njenom pedalju.<\/p>\n<p>Vi se isti&ccaron;ete po posve&cacute;enosti svojoj zemlji, po profesionalnom nivou, po svojoj disciplini i posve&cacute;enosti du&#382;nosti, po &ccaron;asti prema svojoj zemlji. To nas &ccaron;ini ponosnim nas kao lidere, ali i kao dr&#382;avu, stoga, svakom od vas se zahvaljujem na ovu iskazanu posve&cacute;enost.<\/p>\n<p>Godina koje je iza nas bila je pra&cacute;ena izazovima ne samo za nas, ve&cacute; i za ceo svet. Moramo biti svesni da &cacute;e izazovi rasti uporedo sa naporima da se ospori svetski mir i poredak od strane autoritarnih i hegemonisti&ccaron;kih re&#382;ima. U vreme kada se bezbednosna arhitektura na na\u0161em kontinentu osporava i napada, pored ugro&#382;avanja mira u svetu, ja&ccaron;anje na\u0161ih odbrambenih kapaciteta predstavlja neophodnost.<\/p>\n<p>Zato nam je danas, vi\u0161e nego ikada, potrebna odanost otad&#382;bini, opreznost i posve&cacute;enost da postanemo &ccaron;uvari Republike.<\/p>\n<p>Vi nosite uniformu sa dostojanstvom i sa ponosom unutar i van Kosova, dok obavljate svoje du&#382;nosti \u0161irom zemlje i uz na\u0161e partnere i saveznike, kao i u mirovnim misijama, podi&#382;u&cacute;i visoko i uva&#382;avaju&cacute;i zastavu dr&#382;ave Kosovo.<\/p>\n<p>Ovo jo\u0161 jednom dokazuje da su BSK spremne i pripremane za operacije u slu&#382;bi globalnog mira, stabilnosti i bezbednosti.<\/p>\n<p>Ove godine, vojnici BSK-a su zauzeli drugo mesto u konkurenciji od preko 100 vojski iz celog sveta, u najva&#382;nijem takmi&ccaron;enju vojnog patroliranja u Ujedinjenom Kraljevstvu.<\/p>\n<p>Na\u0161i oficiri i podoficiri u \u0161kolovanju i obukama u inostranstvu postigli su vrhunske rezultate, gde je zajedno sa njima sijala Republika Kosovo.<\/p>\n<p>Ovo je duh na\u0161e vojske, to su ne samo na\u0161i branioci, ve&cacute; i najbolji zastupnici Republike.<\/p>\n<p>U narednoj godini, vi &cacute;ete imati priliku da ponovo uzdignete dr&#382;avu profesionalizmom, u&ccaron;e\u0161&cacute;em na najve&cacute;oj ve&#382;bi ameri&ccaron;kih snaga u istoriji na\u0161eg regiona u \u201eDefender-Europe 23\u201c, gde &cacute;e Kosovo imati status zemlje doma&cacute;ina.<\/p>\n<p>Dakle, na\u0161a vojska se sigurnim koracima transformi\u0161e u profesionalne vojne snage, koja je u interakciji sa NATO snagama.<\/p>\n<p>Ovo je rezultat koji dolazi iz posve&cacute;enosti vojnika Snage, i ujedno, stalne podr\u0161ke na\u0161ih zapadnih saveznika, posebno Sjedinjenih Ameri&ccaron;kih Dr&#382;ava.<\/p>\n<p>Stoga, na kraju ove godine, pored zahvalnosti svakome od vas, predvo&dstrok;enim komandantom Jashari, jednako velika zahvalnost i svim na\u0161im saveznicima, na &cacute;elu sa SAD, koji nam poma&#382;u da nastavimo da obu&ccaron;avamo i pripremamo na\u0161u vojsku i podizanje njenih kapaciteta!<\/p>\n<p>Kao i svake godine, na\u0161a Vojska ponovo u&#382;iva najve&cacute;u podr\u0161ku gra&dstrok;ana me&dstrok;u institucijama u zemlji. Ovo je rezultat va\u0161eg anga&#382;ovanja, va\u0161e upornosti i, pre svega, va\u0161e spremnosti da slu&#382;ite otad&#382;bini.<\/p>\n<p>Vi nas stalno &ccaron;inite ponosnim, stoga vam se zahvaljujem u ime svih gra&dstrok;ana Republike Kosovo.<\/p>\n<p>Uva&#382;eni vojnici, podoficiri i oficiri,<\/p>\n<p>Vojska je najsna&#382;niji stub dr&#382;ave, tako da &cacute;emo je uvek tretirati kao takvu. U 2023. godini bud&#382;et za BSK je pove&cacute;an i bi&cacute;e u funkciji dalje modernizacije na\u0161ih snaga.<\/p>\n<p>Sa bud&#382;etom od 123 miliona evra, na\u0161 cilj je da pove&cacute;amo ve\u0161tine i operativne kapacitete BSK-a u odbrani na\u0161e zemlje.<\/p>\n<p>Vi ste ti koji predstavljate sve gra&dstrok;ane Republike Kosovo bez razlike, uz va\u0161u slobodnu volju, sa velikom posve&cacute;eno\u0161&cacute;u ste izabrali da slu&#382;ite na\u0161oj dr&#382;avi.<\/p>\n<p>Na praznicima kao \u0161to su novogodi\u0161nji praznici, moramo da vas se setimo i da budemo beskrajno zahvalni mnogima od vas koji ste u prazni&ccaron;nim danima na du&#382;nosti, brinu&cacute;i o na\u0161oj zemlji.<\/p>\n<p>U ime svih gra&dstrok;ana Kosova, zahvaljujem vam se na va\u0161oj slu&#382;bi, disciplini i posve&cacute;enosti du&#382;nosti, dok zajedno sa vama iskazujemo i bezgrani&ccaron;nu zahvalnost i na\u0161im policajcima na du&#382;nosti koji svakodnevno brane otad&#382;binu.<\/p>\n<p>Stoga, danas cenimo dostignu&cacute;a iskusnih oficira, kao i nekoliko jedinica BSK-a za profesionalizam, odlikuju&cacute;i ih za ovogodi\u0161nje uspehe, ali i za uspehe tokom celokupne njihove slu&#382;be, nakon predloga od strane BSK-a.<\/p>\n<p>Tako&dstrok;e, do kraja nedelje bi&cacute;e okon&ccaron;an proces gradiranja i imenovanja vi\u0161ih oficira i komandnih pozicija u BSK-u, prema predlozima koji su mi stigli.<\/p>\n<p>Dok stojite spremni i pripremljeni da uvek branite otad&#382;binu \u2013 &#382;elim da predstoje&cacute;a Nova godina donese mir, prosperitet i zdravlje va\u0161im porodicama i svim gra&dstrok;anima Republike Kosovo!<\/p>\n<p>A za sve one koji &#382;ele da ospore mir i osporavaju na\u0161u slobodu, jo\u0161 jednom da ih podsetimo odavde gde smo raspore&dstrok;eni u odbrani zastave na\u0161e zemlje, da ne postoji ni\u0161ta \u0161to mo&#382;e da pobedi volju naroda da &#382;ivi slobodan i nezavisan. To smo dokazali 90-ih godina kada je na\u0161a oslobodila&ccaron;ka vojska, iako u manjem broju u odnosu na genocidnu vojsku i srpsku policiju, imala vi\u0161estruko ve&cacute;u volju i borbeni duh jer je bila u odbrani otad&#382;bine. Upravo ovaj borbeni duh, u odbrani na\u0161eg zajedni&ccaron;kog doma, Kosova, rezultirao je slobodom koju danas u&#382;ivamo i koju &cacute;emo braniti po svaku cenu i u svakom trenutku.<\/p>\n<p>Stoga, svaki dan kada obu&ccaron;ete ovu svetu uniformu, ne zaboravite po&#382;rtvovanost koja je u&ccaron;injena za ovaj dan, krv koja je prolivena da svane dan slobode i da vi mo&#382;ete da u&#382;ivate u ovoj uniformi, zajedno sa nama. Nosite ovu uniformu i za one koji nisu, i neka vizija na\u0161ih heroja i palih boraca bude svetla vodilja sve dok branimo stvorenu dr&#382;avu sa toliko napora i toliko po&#382;rtvovanosti.<\/p>\n<p>Neka bog blagoslovi na\u0161u vojsku!<br \/>\nNeka bog blagoslovi Republiku Kosovo!<br \/>\nHvala Vam!<\/p>\n<p>\u00a0\u00a0<\/p>\n","protected":false},"excerpt":{"rendered":"<p>Uva&#382;eni komandante Bezbednosnih snaga Kosova, general-majore Jashari, Uva&#382;eni generali, Uva&#382;eni pukovni&ccaron;e Dreshaj, zameni&ccaron;e komandanta Komande kopnenih snaga, Uva&#382;eni vojnici, podoficiri i oficiri na&ccaron;e vojske, Dok se sastajemo se ovde u Istoku, u Komandi kopnenih snaga, na kraju jedne izuzetno izazovne godine, uverena sam da svako od vas stoji u &ccaron;ast zastave Republike Kosovo, sa potpunim uverenjem da je zakletva koju ste dali, da slu&#382;ite otad&#382;bini u svako vreme i u svakom trenutku, najsvetije od bilo &ccaron;ega drugog. I upravo ova va\u0161a spremnost, da slu&#382;ite zemlji i da je branite od svake opasnosti, &ccaron;ini sve nas ponosnim, stoga je za mene kao vrhovnog komandanta ove vojske izgra&dstrok;ene sa tolikom po&#382;rtvovano\u0161&cacute;u, &ccaron;ast i privilegija svaki put kada sam me&dstrok;u vama. Va\u0161i uspesi u podizanju kapaciteta, zajedno sa posve&cacute;eno\u0161&cacute;u institucija da pove&cacute;aju bud&#382;et i podr&#382;avaju sektor odbrane, vodi&cacute;e nas jo\u0161 br&#382;im koracima ka onome \u0161to predstavlja strate\u0161ku viziju i utvr&dstrok;enu destinaciju: na\u0161em zaslu&#382;enom mestu u NATO. Zajedno sa na\u0161im me&dstrok;unarodnim partnerima i kao obavezu prema &#382;enama i mu\u0161karcima koji su dali svoje &#382;ivote za slobodu Kosova, kako bismo mi &#382;iveli slobodno i u miru, uskoro &cacute;emo zauzeti na\u0161e zaslu&#382;eno mesto u Severnoatlantskoj alijansi pokazuju&cacute;i svetu da smo spremni ne samo da o&ccaron;uvamo mir, ve&cacute; i da ga branimo u bilo kom trenutku i na svakom delu zemaljske kugle. Ali pre svega, momci i devojke na\u0161ih Snaga su spremni da brane teritorijalni integritet i suverenitet na\u0161e dr&#382;ave, Republike Kosovo, na svakom njenom pedalju. Vi se isti&ccaron;ete po posve&cacute;enosti svojoj zemlji, po profesionalnom nivou, po svojoj disciplini i posve&cacute;enosti du&#382;nosti, po &ccaron;asti prema svojoj zemlji. To nas &ccaron;ini ponosnim nas kao lidere, ali i kao dr&#382;avu, stoga, svakom od vas se zahvaljujem na ovu iskazanu posve&cacute;enost. Godina koje je iza nas bila je pra&cacute;ena izazovima ne samo za nas, ve&cacute; i za ceo svet. Moramo biti svesni da &cacute;e izazovi rasti uporedo sa naporima da se ospori svetski mir i poredak od strane autoritarnih i hegemonisti&ccaron;kih re&#382;ima. U vreme kada se bezbednosna arhitektura na na\u0161em kontinentu osporava i napada, pored ugro&#382;avanja mira u svetu, ja&ccaron;anje na\u0161ih odbrambenih kapaciteta predstavlja neophodnost. Zato nam je danas, vi\u0161e nego ikada, potrebna odanost otad&#382;bini, opreznost i posve&cacute;enost da postanemo &ccaron;uvari Republike. Vi nosite uniformu sa dostojanstvom i sa ponosom unutar i van Kosova, dok obavljate svoje du&#382;nosti \u0161irom zemlje i uz na\u0161e partnere i saveznike, kao i u mirovnim misijama, podi&#382;u&cacute;i visoko i uva&#382;avaju&cacute;i zastavu dr&#382;ave Kosovo. Ovo jo\u0161 jednom dokazuje da su BSK spremne i pripremane za operacije u slu&#382;bi globalnog mira, stabilnosti i bezbednosti. Ove godine, vojnici BSK-a su zauzeli drugo mesto u konkurenciji od preko 100 vojski iz celog sveta, u najva&#382;nijem takmi&ccaron;enju vojnog patroliranja u Ujedinjenom Kraljevstvu. Na\u0161i oficiri i podoficiri u \u0161kolovanju i obukama u inostranstvu postigli su vrhunske rezultate, gde je zajedno sa njima sijala Republika Kosovo. Ovo je duh na\u0161e vojske, to su ne samo na\u0161i branioci, ve&cacute; i najbolji zastupnici Republike. U narednoj godini, vi &cacute;ete imati priliku da ponovo uzdignete dr&#382;avu profesionalizmom, u&ccaron;e\u0161&cacute;em na najve&cacute;oj ve&#382;bi ameri&ccaron;kih snaga u istoriji na\u0161eg regiona u \u201eDefender-Europe 23\u201c, gde &cacute;e Kosovo imati status zemlje doma&cacute;ina. Dakle, na\u0161a vojska se sigurnim koracima transformi\u0161e u profesionalne vojne snage, koja je u interakciji sa NATO snagama. Ovo je rezultat koji dolazi iz posve&cacute;enosti vojnika Snage, i ujedno, stalne podr\u0161ke na\u0161ih zapadnih saveznika, posebno Sjedinjenih Ameri&ccaron;kih Dr&#382;ava. Stoga, na kraju ove godine, pored zahvalnosti svakome od vas, predvo&dstrok;enim komandantom Jashari, jednako velika zahvalnost i svim na\u0161im saveznicima, na &cacute;elu sa SAD, koji nam poma&#382;u da nastavimo da obu&ccaron;avamo i pripremamo na\u0161u vojsku i podizanje njenih kapaciteta! Kao i svake godine, na\u0161a Vojska ponovo u&#382;iva najve&cacute;u podr\u0161ku gra&dstrok;ana me&dstrok;u institucijama u zemlji. Ovo je rezultat va\u0161eg anga&#382;ovanja, va\u0161e upornosti i, pre svega, va\u0161e spremnosti da slu&#382;ite otad&#382;bini. Vi nas stalno &ccaron;inite ponosnim, stoga vam se zahvaljujem u ime svih gra&dstrok;ana Republike Kosovo. Uva&#382;eni vojnici, podoficiri i oficiri, Vojska je najsna&#382;niji stub dr&#382;ave, tako da &cacute;emo je uvek tretirati kao takvu. U 2023. godini bud&#382;et za BSK je pove&cacute;an i bi&cacute;e u funkciji dalje modernizacije na\u0161ih snaga. Sa bud&#382;etom od 123 miliona evra, na\u0161 cilj je da pove&cacute;amo ve\u0161tine i operativne kapacitete BSK-a u odbrani na\u0161e zemlje. Vi ste ti koji predstavljate sve gra&dstrok;ane Republike Kosovo bez razlike, uz va\u0161u slobodnu volju, sa velikom posve&cacute;eno\u0161&cacute;u ste izabrali da slu&#382;ite na\u0161oj dr&#382;avi. Na praznicima kao \u0161to su novogodi\u0161nji praznici, moramo da vas se setimo i da budemo beskrajno zahvalni mnogima od vas koji ste u prazni&ccaron;nim danima na du&#382;nosti, brinu&cacute;i o na\u0161oj zemlji. U ime svih gra&dstrok;ana Kosova, zahvaljujem vam se na va\u0161oj slu&#382;bi, disciplini i posve&cacute;enosti du&#382;nosti, dok zajedno sa vama iskazujemo i bezgrani&ccaron;nu zahvalnost i na\u0161im policajcima na du&#382;nosti koji svakodnevno brane otad&#382;binu. Stoga, danas cenimo dostignu&cacute;a iskusnih oficira, kao i nekoliko jedinica BSK-a za profesionalizam, odlikuju&cacute;i ih za ovogodi\u0161nje uspehe, ali i za uspehe tokom celokupne njihove slu&#382;be, nakon predloga od strane BSK-a. Tako&dstrok;e, do kraja nedelje bi&cacute;e okon&ccaron;an proces gradiranja i imenovanja vi\u0161ih oficira i komandnih pozicija u BSK-u, prema predlozima koji su mi stigli. Dok stojite spremni i pripremljeni da uvek branite otad&#382;binu \u2013 &#382;elim da predstoje&cacute;a Nova godina donese mir, prosperitet i zdravlje va\u0161im porodicama i svim gra&dstrok;anima Republike Kosovo! A za sve one koji &#382;ele da ospore mir i osporavaju na\u0161u slobodu, jo\u0161 jednom da ih podsetimo odavde gde smo raspore&dstrok;eni u odbrani zastave na\u0161e zemlje, da ne postoji ni\u0161ta \u0161to mo&#382;e da pobedi volju naroda da &#382;ivi slobodan i nezavisan. To smo dokazali 90-ih godina kada je na\u0161a oslobodila&ccaron;ka vojska, iako u manjem broju u odnosu na genocidnu vojsku i srpsku policiju, imala vi\u0161estruko ve&cacute;u volju i borbeni duh jer je bila u odbrani otad&#382;bine. Upravo ovaj borbeni duh, u odbrani na\u0161eg zajedni&ccaron;kog doma, Kosova, rezultirao je slobodom koju danas u&#382;ivamo i koju &cacute;emo braniti po svaku cenu i u svakom trenutku. Stoga, svaki dan kada obu&ccaron;ete ovu svetu uniformu, ne zaboravite po&#382;rtvovanost koja je u&ccaron;injena za ovaj dan, krv koja je prolivena da svane dan slobode i da vi mo&#382;ete da u&#382;ivate u ovoj uniformi, zajedno sa nama. Nosite ovu<\/p>\n","protected":false},"author":1,"featured_media":8777,"comment_status":"open","ping_status":"closed","sticky":false,"template":"","format":"standard","meta":{"_eb_attr":"","footnotes":""},"categories":[106],"tags":[],"class_list":["post-73776","post","type-post","status-publish","format-standard","has-post-thumbnail","hentry","category-govori"],"yoast_head":"<!-- This site is optimized with the Yoast SEO plugin v23.5 - https:\/\/yoast.com\/wordpress\/plugins\/seo\/ -->\n<title>Godi\u0161nje obra&amp;cacute;anje predsednice Osmani Bezbednosnim snagama Kosova u Komandi kopnenih snaga u Istoku - Predsednik Republike Kosovo - DR. VJOSA OSMANI - SADRIU<\/title>\n<meta name=\"description\" content=\"Godi\u0161nje obra&amp;cacute;anje predsednice Osmani Bezbednosnim snagama Kosova u Komandi kopnenih snaga u Istoku - Predsednik Republike Kosovo - DR. VJOSA OSMANI - SADRIU -\" \/>\n<meta name=\"robots\" content=\"index, follow, max-snippet:-1, max-image-preview:large, max-video-preview:-1\" \/>\n<link rel=\"canonical\" href=\"https:\/\/president-ksgov.net\/sr\/godisnje-obraanje-predsednice-osmani-bezbednosnim-snagama-kosova-u-komandi-kopnenih-snaga-u-istoku\/\" \/>\n<meta property=\"og:locale\" content=\"sr_RS\" \/>\n<meta property=\"og:type\" content=\"article\" \/>\n<meta property=\"og:title\" content=\"Godi\u0161nje obra&amp;cacute;anje predsednice Osmani Bezbednosnim snagama Kosova u Komandi kopnenih snaga u Istoku - Predsednik Republike Kosovo - DR. VJOSA OSMANI - SADRIU\" \/>\n<meta property=\"og:description\" content=\"Godi\u0161nje obra&amp;cacute;anje predsednice Osmani Bezbednosnim snagama Kosova u Komandi kopnenih snaga u Istoku - Predsednik Republike Kosovo - DR. VJOSA OSMANI - SADRIU -\" \/>\n<meta property=\"og:url\" content=\"https:\/\/president-ksgov.net\/sr\/godisnje-obraanje-predsednice-osmani-bezbednosnim-snagama-kosova-u-komandi-kopnenih-snaga-u-istoku\/\" \/>\n<meta property=\"og:site_name\" content=\"Predsednik Republike Kosovo - DR. VJOSA OSMANI - SADRIU\" \/>\n<meta property=\"article:published_time\" content=\"2022-12-28T12:52:15+00:00\" \/>\n<meta property=\"article:modified_time\" content=\"2023-03-08T08:59:23+00:00\" \/>\n<meta property=\"og:image\" content=\"https:\/\/president-ksgov.net\/wp-content\/uploads\/2023\/03\/28_12_2022_924285__VXH6122_copy-scaled.jpg\" \/>\n\t<meta property=\"og:image:width\" content=\"2560\" \/>\n\t<meta property=\"og:image:height\" content=\"1707\" \/>\n\t<meta property=\"og:image:type\" content=\"image\/jpeg\" \/>\n<meta name=\"author\" content=\"admin\" \/>\n<meta name=\"twitter:card\" content=\"summary_large_image\" \/>\n<meta name=\"twitter:label1\" content=\"\u041d\u0430\u043f\u0438\u0441\u0430\u043d\u043e \u043e\u0434\" \/>\n\t<meta name=\"twitter:data1\" content=\"admin\" \/>\n\t<meta name=\"twitter:label2\" content=\"\u041f\u0440\u043e\u0446\u0435\u045a\u0435\u043d\u043e \u0432\u0440\u0435\u043c\u0435 \u0447\u0438\u0442\u0430\u045a\u0430\" \/>\n\t<meta name=\"twitter:data2\" content=\"6 \u043c\u0438\u043d\u0443\u0442\u0430\" \/>\n<script type=\"application\/ld+json\" class=\"yoast-schema-graph\">{\"@context\":\"https:\/\/schema.org\",\"@graph\":[{\"@type\":\"WebPage\",\"@id\":\"https:\/\/president-ksgov.net\/sr\/godisnje-obraanje-predsednice-osmani-bezbednosnim-snagama-kosova-u-komandi-kopnenih-snaga-u-istoku\/\",\"url\":\"https:\/\/president-ksgov.net\/sr\/godisnje-obraanje-predsednice-osmani-bezbednosnim-snagama-kosova-u-komandi-kopnenih-snaga-u-istoku\/\",\"name\":\"Godi\u0161nje obra&cacute;anje predsednice Osmani Bezbednosnim snagama Kosova u Komandi kopnenih snaga u Istoku - Predsednik Republike Kosovo - DR. VJOSA OSMANI - SADRIU\",\"isPartOf\":{\"@id\":\"https:\/\/president-ksgov.net\/#website\"},\"primaryImageOfPage\":{\"@id\":\"https:\/\/president-ksgov.net\/sr\/godisnje-obraanje-predsednice-osmani-bezbednosnim-snagama-kosova-u-komandi-kopnenih-snaga-u-istoku\/#primaryimage\"},\"image\":{\"@id\":\"https:\/\/president-ksgov.net\/sr\/godisnje-obraanje-predsednice-osmani-bezbednosnim-snagama-kosova-u-komandi-kopnenih-snaga-u-istoku\/#primaryimage\"},\"thumbnailUrl\":\"https:\/\/president-ksgov.net\/wp-content\/uploads\/2023\/03\/28_12_2022_924285__VXH6122_copy-scaled.jpg\",\"datePublished\":\"2022-12-28T12:52:15+00:00\",\"dateModified\":\"2023-03-08T08:59:23+00:00\",\"author\":{\"@id\":\"https:\/\/president-ksgov.net\/#\/schema\/person\/bb4337a5fb147cb2046d80548172cbee\"},\"description\":\"Godi\u0161nje obra&cacute;anje predsednice Osmani Bezbednosnim snagama Kosova u Komandi kopnenih snaga u Istoku - Predsednik Republike Kosovo - DR. VJOSA OSMANI - SADRIU -\",\"breadcrumb\":{\"@id\":\"https:\/\/president-ksgov.net\/sr\/godisnje-obraanje-predsednice-osmani-bezbednosnim-snagama-kosova-u-komandi-kopnenih-snaga-u-istoku\/#breadcrumb\"},\"inLanguage\":\"sr-RS\",\"potentialAction\":[{\"@type\":\"ReadAction\",\"target\":[\"https:\/\/president-ksgov.net\/sr\/godisnje-obraanje-predsednice-osmani-bezbednosnim-snagama-kosova-u-komandi-kopnenih-snaga-u-istoku\/\"]}]},{\"@type\":\"ImageObject\",\"inLanguage\":\"sr-RS\",\"@id\":\"https:\/\/president-ksgov.net\/sr\/godisnje-obraanje-predsednice-osmani-bezbednosnim-snagama-kosova-u-komandi-kopnenih-snaga-u-istoku\/#primaryimage\",\"url\":\"https:\/\/president-ksgov.net\/wp-content\/uploads\/2023\/03\/28_12_2022_924285__VXH6122_copy-scaled.jpg\",\"contentUrl\":\"https:\/\/president-ksgov.net\/wp-content\/uploads\/2023\/03\/28_12_2022_924285__VXH6122_copy-scaled.jpg\",\"width\":2560,\"height\":1707},{\"@type\":\"BreadcrumbList\",\"@id\":\"https:\/\/president-ksgov.net\/sr\/godisnje-obraanje-predsednice-osmani-bezbednosnim-snagama-kosova-u-komandi-kopnenih-snaga-u-istoku\/#breadcrumb\",\"itemListElement\":[{\"@type\":\"ListItem\",\"position\":1,\"name\":\"Home\",\"item\":\"https:\/\/president-ksgov.net\/sr\/\"},{\"@type\":\"ListItem\",\"position\":2,\"name\":\"Godi\u0161nje obra&cacute;anje predsednice Osmani Bezbednosnim snagama Kosova u Komandi kopnenih snaga u Istoku\"}]},{\"@type\":\"WebSite\",\"@id\":\"https:\/\/president-ksgov.net\/#website\",\"url\":\"https:\/\/president-ksgov.net\/\",\"name\":\"Presidente e Republik\u00ebs s\u00eb Kosov\u00ebs\",\"description\":\"Presidente e Republik\u00ebs s\u00eb Kosov\u00ebs\",\"alternateName\":\"DR. VJOSA OSMANI - SADRIU\",\"potentialAction\":[{\"@type\":\"SearchAction\",\"target\":{\"@type\":\"EntryPoint\",\"urlTemplate\":\"https:\/\/president-ksgov.net\/?s={search_term_string}\"},\"query-input\":{\"@type\":\"PropertyValueSpecification\",\"valueRequired\":true,\"valueName\":\"search_term_string\"}}],\"inLanguage\":\"sr-RS\"},{\"@type\":\"Person\",\"@id\":\"https:\/\/president-ksgov.net\/#\/schema\/person\/bb4337a5fb147cb2046d80548172cbee\",\"name\":\"admin\",\"image\":{\"@type\":\"ImageObject\",\"inLanguage\":\"sr-RS\",\"@id\":\"https:\/\/president-ksgov.net\/#\/schema\/person\/image\/\",\"url\":\"https:\/\/secure.gravatar.com\/avatar\/36156ca0fa3b8d9d25174f146e16beea0cf28f37adf1b9e19b6c9c279a7c9dd3?s=96&d=mm&r=g\",\"contentUrl\":\"https:\/\/secure.gravatar.com\/avatar\/36156ca0fa3b8d9d25174f146e16beea0cf28f37adf1b9e19b6c9c279a7c9dd3?s=96&d=mm&r=g\",\"caption\":\"admin\"},\"sameAs\":[\"https:\/\/president-ksgov.net\"]}]}<\/script>\n<!-- \/ Yoast SEO plugin. -->","yoast_head_json":{"title":"Godi\u0161nje obra&cacute;anje predsednice Osmani Bezbednosnim snagama Kosova u Komandi kopnenih snaga u Istoku - Predsednik Republike Kosovo - DR. VJOSA OSMANI - SADRIU","description":"Godi\u0161nje obra&cacute;anje predsednice Osmani Bezbednosnim snagama Kosova u Komandi kopnenih snaga u Istoku - Predsednik Republike Kosovo - DR. VJOSA OSMANI - SADRIU -","robots":{"index":"index","follow":"follow","max-snippet":"max-snippet:-1","max-image-preview":"max-image-preview:large","max-video-preview":"max-video-preview:-1"},"canonical":"https:\/\/president-ksgov.net\/sr\/godisnje-obraanje-predsednice-osmani-bezbednosnim-snagama-kosova-u-komandi-kopnenih-snaga-u-istoku\/","og_locale":"sr_RS","og_type":"article","og_title":"Godi\u0161nje obra&cacute;anje predsednice Osmani Bezbednosnim snagama Kosova u Komandi kopnenih snaga u Istoku - Predsednik Republike Kosovo - DR. VJOSA OSMANI - SADRIU","og_description":"Godi\u0161nje obra&cacute;anje predsednice Osmani Bezbednosnim snagama Kosova u Komandi kopnenih snaga u Istoku - Predsednik Republike Kosovo - DR. VJOSA OSMANI - SADRIU -","og_url":"https:\/\/president-ksgov.net\/sr\/godisnje-obraanje-predsednice-osmani-bezbednosnim-snagama-kosova-u-komandi-kopnenih-snaga-u-istoku\/","og_site_name":"Predsednik Republike Kosovo - DR. VJOSA OSMANI - SADRIU","article_published_time":"2022-12-28T12:52:15+00:00","article_modified_time":"2023-03-08T08:59:23+00:00","og_image":[{"width":2560,"height":1707,"url":"https:\/\/president-ksgov.net\/wp-content\/uploads\/2023\/03\/28_12_2022_924285__VXH6122_copy-scaled.jpg","type":"image\/jpeg"}],"author":"admin","twitter_card":"summary_large_image","twitter_misc":{"\u041d\u0430\u043f\u0438\u0441\u0430\u043d\u043e \u043e\u0434":"admin","\u041f\u0440\u043e\u0446\u0435\u045a\u0435\u043d\u043e \u0432\u0440\u0435\u043c\u0435 \u0447\u0438\u0442\u0430\u045a\u0430":"6 \u043c\u0438\u043d\u0443\u0442\u0430"},"schema":{"@context":"https:\/\/schema.org","@graph":[{"@type":"WebPage","@id":"https:\/\/president-ksgov.net\/sr\/godisnje-obraanje-predsednice-osmani-bezbednosnim-snagama-kosova-u-komandi-kopnenih-snaga-u-istoku\/","url":"https:\/\/president-ksgov.net\/sr\/godisnje-obraanje-predsednice-osmani-bezbednosnim-snagama-kosova-u-komandi-kopnenih-snaga-u-istoku\/","name":"Godi\u0161nje obra&cacute;anje predsednice Osmani Bezbednosnim snagama Kosova u Komandi kopnenih snaga u Istoku - Predsednik Republike Kosovo - DR. VJOSA OSMANI - SADRIU","isPartOf":{"@id":"https:\/\/president-ksgov.net\/#website"},"primaryImageOfPage":{"@id":"https:\/\/president-ksgov.net\/sr\/godisnje-obraanje-predsednice-osmani-bezbednosnim-snagama-kosova-u-komandi-kopnenih-snaga-u-istoku\/#primaryimage"},"image":{"@id":"https:\/\/president-ksgov.net\/sr\/godisnje-obraanje-predsednice-osmani-bezbednosnim-snagama-kosova-u-komandi-kopnenih-snaga-u-istoku\/#primaryimage"},"thumbnailUrl":"https:\/\/president-ksgov.net\/wp-content\/uploads\/2023\/03\/28_12_2022_924285__VXH6122_copy-scaled.jpg","datePublished":"2022-12-28T12:52:15+00:00","dateModified":"2023-03-08T08:59:23+00:00","author":{"@id":"https:\/\/president-ksgov.net\/#\/schema\/person\/bb4337a5fb147cb2046d80548172cbee"},"description":"Godi\u0161nje obra&cacute;anje predsednice Osmani Bezbednosnim snagama Kosova u Komandi kopnenih snaga u Istoku - Predsednik Republike Kosovo - DR. VJOSA OSMANI - SADRIU -","breadcrumb":{"@id":"https:\/\/president-ksgov.net\/sr\/godisnje-obraanje-predsednice-osmani-bezbednosnim-snagama-kosova-u-komandi-kopnenih-snaga-u-istoku\/#breadcrumb"},"inLanguage":"sr-RS","potentialAction":[{"@type":"ReadAction","target":["https:\/\/president-ksgov.net\/sr\/godisnje-obraanje-predsednice-osmani-bezbednosnim-snagama-kosova-u-komandi-kopnenih-snaga-u-istoku\/"]}]},{"@type":"ImageObject","inLanguage":"sr-RS","@id":"https:\/\/president-ksgov.net\/sr\/godisnje-obraanje-predsednice-osmani-bezbednosnim-snagama-kosova-u-komandi-kopnenih-snaga-u-istoku\/#primaryimage","url":"https:\/\/president-ksgov.net\/wp-content\/uploads\/2023\/03\/28_12_2022_924285__VXH6122_copy-scaled.jpg","contentUrl":"https:\/\/president-ksgov.net\/wp-content\/uploads\/2023\/03\/28_12_2022_924285__VXH6122_copy-scaled.jpg","width":2560,"height":1707},{"@type":"BreadcrumbList","@id":"https:\/\/president-ksgov.net\/sr\/godisnje-obraanje-predsednice-osmani-bezbednosnim-snagama-kosova-u-komandi-kopnenih-snaga-u-istoku\/#breadcrumb","itemListElement":[{"@type":"ListItem","position":1,"name":"Home","item":"https:\/\/president-ksgov.net\/sr\/"},{"@type":"ListItem","position":2,"name":"Godi\u0161nje obra&cacute;anje predsednice Osmani Bezbednosnim snagama Kosova u Komandi kopnenih snaga u Istoku"}]},{"@type":"WebSite","@id":"https:\/\/president-ksgov.net\/#website","url":"https:\/\/president-ksgov.net\/","name":"Presidente e Republik\u00ebs s\u00eb Kosov\u00ebs","description":"Presidente e Republik\u00ebs s\u00eb Kosov\u00ebs","alternateName":"DR. VJOSA OSMANI - SADRIU","potentialAction":[{"@type":"SearchAction","target":{"@type":"EntryPoint","urlTemplate":"https:\/\/president-ksgov.net\/?s={search_term_string}"},"query-input":{"@type":"PropertyValueSpecification","valueRequired":true,"valueName":"search_term_string"}}],"inLanguage":"sr-RS"},{"@type":"Person","@id":"https:\/\/president-ksgov.net\/#\/schema\/person\/bb4337a5fb147cb2046d80548172cbee","name":"admin","image":{"@type":"ImageObject","inLanguage":"sr-RS","@id":"https:\/\/president-ksgov.net\/#\/schema\/person\/image\/","url":"https:\/\/secure.gravatar.com\/avatar\/36156ca0fa3b8d9d25174f146e16beea0cf28f37adf1b9e19b6c9c279a7c9dd3?s=96&d=mm&r=g","contentUrl":"https:\/\/secure.gravatar.com\/avatar\/36156ca0fa3b8d9d25174f146e16beea0cf28f37adf1b9e19b6c9c279a7c9dd3?s=96&d=mm&r=g","caption":"admin"},"sameAs":["https:\/\/president-ksgov.net"]}]}},"_links":{"self":[{"href":"https:\/\/president-ksgov.net\/sr\/wp-json\/wp\/v2\/posts\/73776","targetHints":{"allow":["GET"]}}],"collection":[{"href":"https:\/\/president-ksgov.net\/sr\/wp-json\/wp\/v2\/posts"}],"about":[{"href":"https:\/\/president-ksgov.net\/sr\/wp-json\/wp\/v2\/types\/post"}],"author":[{"embeddable":true,"href":"https:\/\/president-ksgov.net\/sr\/wp-json\/wp\/v2\/users\/1"}],"replies":[{"embeddable":true,"href":"https:\/\/president-ksgov.net\/sr\/wp-json\/wp\/v2\/comments?post=73776"}],"version-history":[{"count":1,"href":"https:\/\/president-ksgov.net\/sr\/wp-json\/wp\/v2\/posts\/73776\/revisions"}],"predecessor-version":[{"id":81351,"href":"https:\/\/president-ksgov.net\/sr\/wp-json\/wp\/v2\/posts\/73776\/revisions\/81351"}],"wp:featuredmedia":[{"embeddable":true,"href":"https:\/\/president-ksgov.net\/sr\/wp-json\/wp\/v2\/media\/8777"}],"wp:attachment":[{"href":"https:\/\/president-ksgov.net\/sr\/wp-json\/wp\/v2\/media?parent=73776"}],"wp:term":[{"taxonomy":"category","embeddable":true,"href":"https:\/\/president-ksgov.net\/sr\/wp-json\/wp\/v2\/categories?post=73776"},{"taxonomy":"post_tag","embeddable":true,"href":"https:\/\/president-ksgov.net\/sr\/wp-json\/wp\/v2\/tags?post=73776"}],"curies":[{"name":"wp","href":"https:\/\/api.w.org\/{rel}","templated":true}]}}