{"id":73755,"date":"2023-01-07T09:05:32","date_gmt":"2023-01-07T08:05:32","guid":{"rendered":"https:\/\/dev.president-ksgov.net\/boina-estitka-predsednice-osmani\/"},"modified":"2026-02-20T10:28:13","modified_gmt":"2026-02-20T09:28:13","slug":"boina-estitka-predsednice-osmani","status":"publish","type":"post","link":"https:\/\/president-ksgov.net\/sr\/boina-estitka-predsednice-osmani\/","title":{"rendered":"Bo\u017ei\u0107na \u010destitka predsednice Osmani"},"content":{"rendered":"<p>Po\u0161tovani gra\u0111ani pravoslavne zajednice, \u017eelim da izrazim najsrda\u010dnije \u010destitke svima vama koji slavite ovaj praznik!<\/p>\n<p>Neka ljubav, mir i sloga ispune va\u0161a srca i domove.<\/p>\n<p>Praznici poput Bo\u017ei\u0107a su u funkciji ljubavi i solidarnosti me\u0111u ljudima.<\/p>\n<p>Tolerancija je tradicionalna vrednost na\u0161eg dru\u0161tva, tako da, i to ne samo na ovaj dan, treba da podr\u017eavamo jedni druge i da u isto vreme gajimo vi\u0161e nade, vere i hrabrosti.<\/p>\n<p>Neka sre\u0107a, zdravlje i blagostanje uvek budu sa vama!<\/p>\n<p>Sre\u0107an pravoslavni Bo\u017ei\u0107!<\/p>\n","protected":false},"excerpt":{"rendered":"<p>Po\u0161tovani gra\u0111ani pravoslavne zajednice, \u017eelim da izrazim najsrda\u010dnije \u010destitke svima vama koji slavite ovaj praznik! Neka ljubav, mir i sloga ispune va\u0161a srca i domove. Praznici poput Bo\u017ei\u0107a su u funkciji ljubavi i solidarnosti me\u0111u ljudima. Tolerancija je tradicionalna vrednost na\u0161eg dru\u0161tva, tako da, i to ne samo na ovaj dan, treba da podr\u017eavamo jedni druge i da u isto vreme gajimo vi\u0161e nade, vere i hrabrosti. Neka sre\u0107a, zdravlje i blagostanje uvek budu sa vama! Sre\u0107an pravoslavni Bo\u017ei\u0107!<\/p>\n","protected":false},"author":1,"featured_media":8675,"comment_status":"closed","ping_status":"closed","sticky":false,"template":"","format":"standard","meta":{"_eb_attr":"","footnotes":""},"categories":[101],"tags":[],"class_list":["post-73755","post","type-post","status-publish","format-standard","has-post-thumbnail","hentry","category-vesti"],"yoast_head":"<!-- This site is optimized with the Yoast SEO plugin v23.5 - https:\/\/yoast.com\/wordpress\/plugins\/seo\/ -->\n<title>Bo\u017ei\u0107na \u010destitka predsednice Osmani - Predsednik Republike Kosovo - DR. VJOSA OSMANI - SADRIU<\/title>\n<meta name=\"description\" content=\"Bo\u017ei\u0107na \u010destitka predsednice Osmani - Predsednik Republike Kosovo - DR. VJOSA OSMANI - SADRIU -\" \/>\n<meta name=\"robots\" content=\"index, follow, max-snippet:-1, max-image-preview:large, max-video-preview:-1\" \/>\n<link rel=\"canonical\" href=\"https:\/\/president-ksgov.net\/sr\/boina-estitka-predsednice-osmani\/\" \/>\n<meta property=\"og:locale\" content=\"sr_RS\" \/>\n<meta property=\"og:type\" content=\"article\" \/>\n<meta property=\"og:title\" content=\"Bo\u017ei\u0107na \u010destitka predsednice Osmani - Predsednik Republike Kosovo - DR. VJOSA OSMANI - SADRIU\" \/>\n<meta property=\"og:description\" content=\"Bo\u017ei\u0107na \u010destitka predsednice Osmani - Predsednik Republike Kosovo - DR. VJOSA OSMANI - SADRIU -\" \/>\n<meta property=\"og:url\" content=\"https:\/\/president-ksgov.net\/sr\/boina-estitka-predsednice-osmani\/\" \/>\n<meta property=\"og:site_name\" content=\"Predsednik Republike Kosovo - DR. VJOSA OSMANI - SADRIU\" \/>\n<meta property=\"article:published_time\" content=\"2023-01-07T08:05:32+00:00\" \/>\n<meta property=\"article:modified_time\" content=\"2026-02-20T09:28:13+00:00\" \/>\n<meta property=\"og:image\" content=\"https:\/\/president-ksgov.net\/wp-content\/uploads\/2023\/03\/07_01_2023_445135_Xmas_6-1.jpg\" \/>\n\t<meta property=\"og:image:width\" content=\"2000\" \/>\n\t<meta property=\"og:image:height\" content=\"2000\" \/>\n\t<meta property=\"og:image:type\" content=\"image\/jpeg\" \/>\n<meta name=\"author\" content=\"admin\" \/>\n<meta name=\"twitter:card\" content=\"summary_large_image\" \/>\n<meta name=\"twitter:label1\" content=\"\u041d\u0430\u043f\u0438\u0441\u0430\u043d\u043e \u043e\u0434\" \/>\n\t<meta name=\"twitter:data1\" content=\"admin\" \/>\n\t<meta name=\"twitter:label2\" content=\"\u041f\u0440\u043e\u0446\u0435\u045a\u0435\u043d\u043e \u0432\u0440\u0435\u043c\u0435 \u0447\u0438\u0442\u0430\u045a\u0430\" \/>\n\t<meta name=\"twitter:data2\" content=\"1 \u043c\u0438\u043d\u0443\u0442\" \/>\n<script type=\"application\/ld+json\" class=\"yoast-schema-graph\">{\"@context\":\"https:\/\/schema.org\",\"@graph\":[{\"@type\":\"WebPage\",\"@id\":\"https:\/\/president-ksgov.net\/sr\/boina-estitka-predsednice-osmani\/\",\"url\":\"https:\/\/president-ksgov.net\/sr\/boina-estitka-predsednice-osmani\/\",\"name\":\"Bo\u017ei\u0107na \u010destitka predsednice Osmani - Predsednik Republike Kosovo - DR. VJOSA OSMANI - SADRIU\",\"isPartOf\":{\"@id\":\"https:\/\/president-ksgov.net\/#website\"},\"primaryImageOfPage\":{\"@id\":\"https:\/\/president-ksgov.net\/sr\/boina-estitka-predsednice-osmani\/#primaryimage\"},\"image\":{\"@id\":\"https:\/\/president-ksgov.net\/sr\/boina-estitka-predsednice-osmani\/#primaryimage\"},\"thumbnailUrl\":\"https:\/\/president-ksgov.net\/wp-content\/uploads\/2023\/03\/07_01_2023_445135_Xmas_6-1.jpg\",\"datePublished\":\"2023-01-07T08:05:32+00:00\",\"dateModified\":\"2026-02-20T09:28:13+00:00\",\"author\":{\"@id\":\"https:\/\/president-ksgov.net\/#\/schema\/person\/bb4337a5fb147cb2046d80548172cbee\"},\"description\":\"Bo\u017ei\u0107na \u010destitka predsednice Osmani - Predsednik Republike Kosovo - DR. VJOSA OSMANI - SADRIU -\",\"breadcrumb\":{\"@id\":\"https:\/\/president-ksgov.net\/sr\/boina-estitka-predsednice-osmani\/#breadcrumb\"},\"inLanguage\":\"sr-RS\",\"potentialAction\":[{\"@type\":\"ReadAction\",\"target\":[\"https:\/\/president-ksgov.net\/sr\/boina-estitka-predsednice-osmani\/\"]}]},{\"@type\":\"ImageObject\",\"inLanguage\":\"sr-RS\",\"@id\":\"https:\/\/president-ksgov.net\/sr\/boina-estitka-predsednice-osmani\/#primaryimage\",\"url\":\"https:\/\/president-ksgov.net\/wp-content\/uploads\/2023\/03\/07_01_2023_445135_Xmas_6-1.jpg\",\"contentUrl\":\"https:\/\/president-ksgov.net\/wp-content\/uploads\/2023\/03\/07_01_2023_445135_Xmas_6-1.jpg\",\"width\":2000,\"height\":2000},{\"@type\":\"BreadcrumbList\",\"@id\":\"https:\/\/president-ksgov.net\/sr\/boina-estitka-predsednice-osmani\/#breadcrumb\",\"itemListElement\":[{\"@type\":\"ListItem\",\"position\":1,\"name\":\"Home\",\"item\":\"https:\/\/president-ksgov.net\/sr\/\"},{\"@type\":\"ListItem\",\"position\":2,\"name\":\"Bo\u017ei\u0107na \u010destitka predsednice Osmani\"}]},{\"@type\":\"WebSite\",\"@id\":\"https:\/\/president-ksgov.net\/#website\",\"url\":\"https:\/\/president-ksgov.net\/\",\"name\":\"Presidente e Republik\u00ebs s\u00eb Kosov\u00ebs\",\"description\":\"Presidente e Republik\u00ebs s\u00eb Kosov\u00ebs\",\"alternateName\":\"DR. VJOSA OSMANI - SADRIU\",\"potentialAction\":[{\"@type\":\"SearchAction\",\"target\":{\"@type\":\"EntryPoint\",\"urlTemplate\":\"https:\/\/president-ksgov.net\/?s={search_term_string}\"},\"query-input\":{\"@type\":\"PropertyValueSpecification\",\"valueRequired\":true,\"valueName\":\"search_term_string\"}}],\"inLanguage\":\"sr-RS\"},{\"@type\":\"Person\",\"@id\":\"https:\/\/president-ksgov.net\/#\/schema\/person\/bb4337a5fb147cb2046d80548172cbee\",\"name\":\"admin\",\"image\":{\"@type\":\"ImageObject\",\"inLanguage\":\"sr-RS\",\"@id\":\"https:\/\/president-ksgov.net\/#\/schema\/person\/image\/\",\"url\":\"https:\/\/secure.gravatar.com\/avatar\/36156ca0fa3b8d9d25174f146e16beea0cf28f37adf1b9e19b6c9c279a7c9dd3?s=96&d=mm&r=g\",\"contentUrl\":\"https:\/\/secure.gravatar.com\/avatar\/36156ca0fa3b8d9d25174f146e16beea0cf28f37adf1b9e19b6c9c279a7c9dd3?s=96&d=mm&r=g\",\"caption\":\"admin\"},\"sameAs\":[\"https:\/\/president-ksgov.net\"]}]}<\/script>\n<!-- \/ Yoast SEO plugin. -->","yoast_head_json":{"title":"Bo\u017ei\u0107na \u010destitka predsednice Osmani - Predsednik Republike Kosovo - DR. VJOSA OSMANI - SADRIU","description":"Bo\u017ei\u0107na \u010destitka predsednice Osmani - Predsednik Republike Kosovo - DR. VJOSA OSMANI - SADRIU -","robots":{"index":"index","follow":"follow","max-snippet":"max-snippet:-1","max-image-preview":"max-image-preview:large","max-video-preview":"max-video-preview:-1"},"canonical":"https:\/\/president-ksgov.net\/sr\/boina-estitka-predsednice-osmani\/","og_locale":"sr_RS","og_type":"article","og_title":"Bo\u017ei\u0107na \u010destitka predsednice Osmani - Predsednik Republike Kosovo - DR. VJOSA OSMANI - SADRIU","og_description":"Bo\u017ei\u0107na \u010destitka predsednice Osmani - Predsednik Republike Kosovo - DR. VJOSA OSMANI - SADRIU -","og_url":"https:\/\/president-ksgov.net\/sr\/boina-estitka-predsednice-osmani\/","og_site_name":"Predsednik Republike Kosovo - DR. VJOSA OSMANI - SADRIU","article_published_time":"2023-01-07T08:05:32+00:00","article_modified_time":"2026-02-20T09:28:13+00:00","og_image":[{"width":2000,"height":2000,"url":"https:\/\/president-ksgov.net\/wp-content\/uploads\/2023\/03\/07_01_2023_445135_Xmas_6-1.jpg","type":"image\/jpeg"}],"author":"admin","twitter_card":"summary_large_image","twitter_misc":{"\u041d\u0430\u043f\u0438\u0441\u0430\u043d\u043e \u043e\u0434":"admin","\u041f\u0440\u043e\u0446\u0435\u045a\u0435\u043d\u043e \u0432\u0440\u0435\u043c\u0435 \u0447\u0438\u0442\u0430\u045a\u0430":"1 \u043c\u0438\u043d\u0443\u0442"},"schema":{"@context":"https:\/\/schema.org","@graph":[{"@type":"WebPage","@id":"https:\/\/president-ksgov.net\/sr\/boina-estitka-predsednice-osmani\/","url":"https:\/\/president-ksgov.net\/sr\/boina-estitka-predsednice-osmani\/","name":"Bo\u017ei\u0107na \u010destitka predsednice Osmani - Predsednik Republike Kosovo - DR. VJOSA OSMANI - SADRIU","isPartOf":{"@id":"https:\/\/president-ksgov.net\/#website"},"primaryImageOfPage":{"@id":"https:\/\/president-ksgov.net\/sr\/boina-estitka-predsednice-osmani\/#primaryimage"},"image":{"@id":"https:\/\/president-ksgov.net\/sr\/boina-estitka-predsednice-osmani\/#primaryimage"},"thumbnailUrl":"https:\/\/president-ksgov.net\/wp-content\/uploads\/2023\/03\/07_01_2023_445135_Xmas_6-1.jpg","datePublished":"2023-01-07T08:05:32+00:00","dateModified":"2026-02-20T09:28:13+00:00","author":{"@id":"https:\/\/president-ksgov.net\/#\/schema\/person\/bb4337a5fb147cb2046d80548172cbee"},"description":"Bo\u017ei\u0107na \u010destitka predsednice Osmani - Predsednik Republike Kosovo - DR. VJOSA OSMANI - SADRIU -","breadcrumb":{"@id":"https:\/\/president-ksgov.net\/sr\/boina-estitka-predsednice-osmani\/#breadcrumb"},"inLanguage":"sr-RS","potentialAction":[{"@type":"ReadAction","target":["https:\/\/president-ksgov.net\/sr\/boina-estitka-predsednice-osmani\/"]}]},{"@type":"ImageObject","inLanguage":"sr-RS","@id":"https:\/\/president-ksgov.net\/sr\/boina-estitka-predsednice-osmani\/#primaryimage","url":"https:\/\/president-ksgov.net\/wp-content\/uploads\/2023\/03\/07_01_2023_445135_Xmas_6-1.jpg","contentUrl":"https:\/\/president-ksgov.net\/wp-content\/uploads\/2023\/03\/07_01_2023_445135_Xmas_6-1.jpg","width":2000,"height":2000},{"@type":"BreadcrumbList","@id":"https:\/\/president-ksgov.net\/sr\/boina-estitka-predsednice-osmani\/#breadcrumb","itemListElement":[{"@type":"ListItem","position":1,"name":"Home","item":"https:\/\/president-ksgov.net\/sr\/"},{"@type":"ListItem","position":2,"name":"Bo\u017ei\u0107na \u010destitka predsednice Osmani"}]},{"@type":"WebSite","@id":"https:\/\/president-ksgov.net\/#website","url":"https:\/\/president-ksgov.net\/","name":"Presidente e Republik\u00ebs s\u00eb Kosov\u00ebs","description":"Presidente e Republik\u00ebs s\u00eb Kosov\u00ebs","alternateName":"DR. VJOSA OSMANI - SADRIU","potentialAction":[{"@type":"SearchAction","target":{"@type":"EntryPoint","urlTemplate":"https:\/\/president-ksgov.net\/?s={search_term_string}"},"query-input":{"@type":"PropertyValueSpecification","valueRequired":true,"valueName":"search_term_string"}}],"inLanguage":"sr-RS"},{"@type":"Person","@id":"https:\/\/president-ksgov.net\/#\/schema\/person\/bb4337a5fb147cb2046d80548172cbee","name":"admin","image":{"@type":"ImageObject","inLanguage":"sr-RS","@id":"https:\/\/president-ksgov.net\/#\/schema\/person\/image\/","url":"https:\/\/secure.gravatar.com\/avatar\/36156ca0fa3b8d9d25174f146e16beea0cf28f37adf1b9e19b6c9c279a7c9dd3?s=96&d=mm&r=g","contentUrl":"https:\/\/secure.gravatar.com\/avatar\/36156ca0fa3b8d9d25174f146e16beea0cf28f37adf1b9e19b6c9c279a7c9dd3?s=96&d=mm&r=g","caption":"admin"},"sameAs":["https:\/\/president-ksgov.net"]}]}},"_links":{"self":[{"href":"https:\/\/president-ksgov.net\/sr\/wp-json\/wp\/v2\/posts\/73755","targetHints":{"allow":["GET"]}}],"collection":[{"href":"https:\/\/president-ksgov.net\/sr\/wp-json\/wp\/v2\/posts"}],"about":[{"href":"https:\/\/president-ksgov.net\/sr\/wp-json\/wp\/v2\/types\/post"}],"author":[{"embeddable":true,"href":"https:\/\/president-ksgov.net\/sr\/wp-json\/wp\/v2\/users\/1"}],"replies":[{"embeddable":true,"href":"https:\/\/president-ksgov.net\/sr\/wp-json\/wp\/v2\/comments?post=73755"}],"version-history":[{"count":1,"href":"https:\/\/president-ksgov.net\/sr\/wp-json\/wp\/v2\/posts\/73755\/revisions"}],"predecessor-version":[{"id":183594,"href":"https:\/\/president-ksgov.net\/sr\/wp-json\/wp\/v2\/posts\/73755\/revisions\/183594"}],"wp:featuredmedia":[{"embeddable":true,"href":"https:\/\/president-ksgov.net\/sr\/wp-json\/wp\/v2\/media\/8675"}],"wp:attachment":[{"href":"https:\/\/president-ksgov.net\/sr\/wp-json\/wp\/v2\/media?parent=73755"}],"wp:term":[{"taxonomy":"category","embeddable":true,"href":"https:\/\/president-ksgov.net\/sr\/wp-json\/wp\/v2\/categories?post=73755"},{"taxonomy":"post_tag","embeddable":true,"href":"https:\/\/president-ksgov.net\/sr\/wp-json\/wp\/v2\/tags?post=73755"}],"curies":[{"name":"wp","href":"https:\/\/api.w.org\/{rel}","templated":true}]}}