{"id":73751,"date":"2023-01-11T11:19:03","date_gmt":"2023-01-11T10:19:03","guid":{"rendered":"https:\/\/dev.president-ksgov.net\/predsednica-se-prisea-envera-malokua-kao-sto-je-uradio-za-istinu-moramo-da-uradimo-mi-razotkrivajui-poinioce-njegovog-ubistva\/"},"modified":"2026-02-20T13:38:59","modified_gmt":"2026-02-20T12:38:59","slug":"predsednica-se-prisea-envera-malokua-kao-sto-je-uradio-za-istinu-moramo-da-uradimo-mi-razotkrivajui-poinioce-njegovog-ubistva","status":"publish","type":"post","link":"https:\/\/president-ksgov.net\/sr\/predsednica-se-prisea-envera-malokua-kao-sto-je-uradio-za-istinu-moramo-da-uradimo-mi-razotkrivajui-poinioce-njegovog-ubistva\/","title":{"rendered":"Predsednica podsetila na Envera Malokua: Kao \u0161to je on \u010dinio za istinu, tako moramo u\u010diniti i mi, otkrivanjem po\u010dinilaca njegovog ubistva"},"content":{"rendered":"<p>Predsednica Republike Kosovo Vjosa Osmani prisetila se i novinara Envera Malokua, na 24. godi\u0161njicu ubistva.<\/p>\n<p>Ceo post predsednice Osmani:<\/p>\n<p>Na 24. godi\u0161njicu ubistva patriote i novinara Envera Malokua, sa po\u0161tovanjem se se&cacute;amo saradnika istorijskog predsednika dr Ibrahima Rugove i \u0161efa Kosovskog informativnog centra, glasa na\u0161e istine iz mra&ccaron;nih vremena.<\/p>\n<p>Kao \u0161to je on uradio za istinu, i mi treba da uradimo, razotkrivaju&cacute;i po&ccaron;inioce njegovog ubistva i privode&cacute;i ih pravdi!<\/p>\n<p>Neka se uspomena na Envera Malokua ne zaboravi!<\/p>\n<p>\u00a0<\/p>\n","protected":false},"excerpt":{"rendered":"<p>Predsednica Republike Kosovo Vjosa Osmani prisetila se i novinara Envera Malokua, na 24. godi\u0161njicu ubistva.<\/p>\n","protected":false},"author":1,"featured_media":8653,"comment_status":"closed","ping_status":"closed","sticky":false,"template":"","format":"standard","meta":{"_eb_attr":"","footnotes":""},"categories":[101],"tags":[],"class_list":["post-73751","post","type-post","status-publish","format-standard","has-post-thumbnail","hentry","category-vesti"],"yoast_head":"<!-- This site is optimized with the Yoast SEO plugin v23.5 - https:\/\/yoast.com\/wordpress\/plugins\/seo\/ -->\n<title>Predsednica podsetila na Envera Malokua: Kao \u0161to je on \u010dinio za istinu, tako moramo u\u010diniti i mi, otkrivanjem po\u010dinilaca njegovog ubistva - Predsednik Republike Kosovo - DR. VJOSA OSMANI - SADRIU<\/title>\n<meta name=\"description\" content=\"Predsednica podsetila na Envera Malokua: Kao \u0161to je on \u010dinio za istinu, tako moramo u\u010diniti i mi, otkrivanjem po\u010dinilaca njegovog ubistva - Predsednik Republike Kosovo - DR. VJOSA OSMANI - SADRIU -\" \/>\n<meta name=\"robots\" content=\"index, follow, max-snippet:-1, max-image-preview:large, max-video-preview:-1\" \/>\n<link rel=\"canonical\" href=\"https:\/\/president-ksgov.net\/sr\/predsednica-se-prisea-envera-malokua-kao-sto-je-uradio-za-istinu-moramo-da-uradimo-mi-razotkrivajui-poinioce-njegovog-ubistva\/\" \/>\n<meta property=\"og:locale\" content=\"sr_RS\" \/>\n<meta property=\"og:type\" content=\"article\" \/>\n<meta property=\"og:title\" content=\"Predsednica podsetila na Envera Malokua: Kao \u0161to je on \u010dinio za istinu, tako moramo u\u010diniti i mi, otkrivanjem po\u010dinilaca njegovog ubistva - Predsednik Republike Kosovo - DR. VJOSA OSMANI - SADRIU\" \/>\n<meta property=\"og:description\" content=\"Predsednica podsetila na Envera Malokua: Kao \u0161to je on \u010dinio za istinu, tako moramo u\u010diniti i mi, otkrivanjem po\u010dinilaca njegovog ubistva - Predsednik Republike Kosovo - DR. VJOSA OSMANI - SADRIU -\" \/>\n<meta property=\"og:url\" content=\"https:\/\/president-ksgov.net\/sr\/predsednica-se-prisea-envera-malokua-kao-sto-je-uradio-za-istinu-moramo-da-uradimo-mi-razotkrivajui-poinioce-njegovog-ubistva\/\" \/>\n<meta property=\"og:site_name\" content=\"Predsednik Republike Kosovo - DR. VJOSA OSMANI - SADRIU\" \/>\n<meta property=\"article:published_time\" content=\"2023-01-11T10:19:03+00:00\" \/>\n<meta property=\"article:modified_time\" content=\"2026-02-20T12:38:59+00:00\" \/>\n<meta property=\"og:image\" content=\"https:\/\/president-ksgov.net\/wp-content\/uploads\/2023\/03\/11_01_2023_5434580_enver_maloku-1.jpeg\" \/>\n\t<meta property=\"og:image:width\" content=\"270\" \/>\n\t<meta property=\"og:image:height\" content=\"187\" \/>\n\t<meta property=\"og:image:type\" content=\"image\/jpeg\" \/>\n<meta name=\"author\" content=\"admin\" \/>\n<meta name=\"twitter:card\" content=\"summary_large_image\" \/>\n<meta name=\"twitter:label1\" content=\"\u041d\u0430\u043f\u0438\u0441\u0430\u043d\u043e \u043e\u0434\" \/>\n\t<meta name=\"twitter:data1\" content=\"admin\" \/>\n\t<meta name=\"twitter:label2\" content=\"\u041f\u0440\u043e\u0446\u0435\u045a\u0435\u043d\u043e \u0432\u0440\u0435\u043c\u0435 \u0447\u0438\u0442\u0430\u045a\u0430\" \/>\n\t<meta name=\"twitter:data2\" content=\"1 \u043c\u0438\u043d\u0443\u0442\" \/>\n<script type=\"application\/ld+json\" class=\"yoast-schema-graph\">{\"@context\":\"https:\/\/schema.org\",\"@graph\":[{\"@type\":\"WebPage\",\"@id\":\"https:\/\/president-ksgov.net\/sr\/predsednica-se-prisea-envera-malokua-kao-sto-je-uradio-za-istinu-moramo-da-uradimo-mi-razotkrivajui-poinioce-njegovog-ubistva\/\",\"url\":\"https:\/\/president-ksgov.net\/sr\/predsednica-se-prisea-envera-malokua-kao-sto-je-uradio-za-istinu-moramo-da-uradimo-mi-razotkrivajui-poinioce-njegovog-ubistva\/\",\"name\":\"Predsednica podsetila na Envera Malokua: Kao \u0161to je on \u010dinio za istinu, tako moramo u\u010diniti i mi, otkrivanjem po\u010dinilaca njegovog ubistva - Predsednik Republike Kosovo - DR. VJOSA OSMANI - SADRIU\",\"isPartOf\":{\"@id\":\"https:\/\/president-ksgov.net\/#website\"},\"primaryImageOfPage\":{\"@id\":\"https:\/\/president-ksgov.net\/sr\/predsednica-se-prisea-envera-malokua-kao-sto-je-uradio-za-istinu-moramo-da-uradimo-mi-razotkrivajui-poinioce-njegovog-ubistva\/#primaryimage\"},\"image\":{\"@id\":\"https:\/\/president-ksgov.net\/sr\/predsednica-se-prisea-envera-malokua-kao-sto-je-uradio-za-istinu-moramo-da-uradimo-mi-razotkrivajui-poinioce-njegovog-ubistva\/#primaryimage\"},\"thumbnailUrl\":\"https:\/\/president-ksgov.net\/wp-content\/uploads\/2023\/03\/11_01_2023_5434580_enver_maloku-1.jpeg\",\"datePublished\":\"2023-01-11T10:19:03+00:00\",\"dateModified\":\"2026-02-20T12:38:59+00:00\",\"author\":{\"@id\":\"https:\/\/president-ksgov.net\/#\/schema\/person\/bb4337a5fb147cb2046d80548172cbee\"},\"description\":\"Predsednica podsetila na Envera Malokua: Kao \u0161to je on \u010dinio za istinu, tako moramo u\u010diniti i mi, otkrivanjem po\u010dinilaca njegovog ubistva - Predsednik Republike Kosovo - DR. VJOSA OSMANI - SADRIU -\",\"breadcrumb\":{\"@id\":\"https:\/\/president-ksgov.net\/sr\/predsednica-se-prisea-envera-malokua-kao-sto-je-uradio-za-istinu-moramo-da-uradimo-mi-razotkrivajui-poinioce-njegovog-ubistva\/#breadcrumb\"},\"inLanguage\":\"sr-RS\",\"potentialAction\":[{\"@type\":\"ReadAction\",\"target\":[\"https:\/\/president-ksgov.net\/sr\/predsednica-se-prisea-envera-malokua-kao-sto-je-uradio-za-istinu-moramo-da-uradimo-mi-razotkrivajui-poinioce-njegovog-ubistva\/\"]}]},{\"@type\":\"ImageObject\",\"inLanguage\":\"sr-RS\",\"@id\":\"https:\/\/president-ksgov.net\/sr\/predsednica-se-prisea-envera-malokua-kao-sto-je-uradio-za-istinu-moramo-da-uradimo-mi-razotkrivajui-poinioce-njegovog-ubistva\/#primaryimage\",\"url\":\"https:\/\/president-ksgov.net\/wp-content\/uploads\/2023\/03\/11_01_2023_5434580_enver_maloku-1.jpeg\",\"contentUrl\":\"https:\/\/president-ksgov.net\/wp-content\/uploads\/2023\/03\/11_01_2023_5434580_enver_maloku-1.jpeg\",\"width\":270,\"height\":187},{\"@type\":\"BreadcrumbList\",\"@id\":\"https:\/\/president-ksgov.net\/sr\/predsednica-se-prisea-envera-malokua-kao-sto-je-uradio-za-istinu-moramo-da-uradimo-mi-razotkrivajui-poinioce-njegovog-ubistva\/#breadcrumb\",\"itemListElement\":[{\"@type\":\"ListItem\",\"position\":1,\"name\":\"Home\",\"item\":\"https:\/\/president-ksgov.net\/sr\/\"},{\"@type\":\"ListItem\",\"position\":2,\"name\":\"Predsednica podsetila na Envera Malokua: Kao \u0161to je on \u010dinio za istinu, tako moramo u\u010diniti i mi, otkrivanjem po\u010dinilaca njegovog ubistva\"}]},{\"@type\":\"WebSite\",\"@id\":\"https:\/\/president-ksgov.net\/#website\",\"url\":\"https:\/\/president-ksgov.net\/\",\"name\":\"Presidente e Republik\u00ebs s\u00eb Kosov\u00ebs\",\"description\":\"Presidente e Republik\u00ebs s\u00eb Kosov\u00ebs\",\"alternateName\":\"DR. VJOSA OSMANI - SADRIU\",\"potentialAction\":[{\"@type\":\"SearchAction\",\"target\":{\"@type\":\"EntryPoint\",\"urlTemplate\":\"https:\/\/president-ksgov.net\/?s={search_term_string}\"},\"query-input\":{\"@type\":\"PropertyValueSpecification\",\"valueRequired\":true,\"valueName\":\"search_term_string\"}}],\"inLanguage\":\"sr-RS\"},{\"@type\":\"Person\",\"@id\":\"https:\/\/president-ksgov.net\/#\/schema\/person\/bb4337a5fb147cb2046d80548172cbee\",\"name\":\"admin\",\"image\":{\"@type\":\"ImageObject\",\"inLanguage\":\"sr-RS\",\"@id\":\"https:\/\/president-ksgov.net\/#\/schema\/person\/image\/\",\"url\":\"https:\/\/secure.gravatar.com\/avatar\/36156ca0fa3b8d9d25174f146e16beea0cf28f37adf1b9e19b6c9c279a7c9dd3?s=96&d=mm&r=g\",\"contentUrl\":\"https:\/\/secure.gravatar.com\/avatar\/36156ca0fa3b8d9d25174f146e16beea0cf28f37adf1b9e19b6c9c279a7c9dd3?s=96&d=mm&r=g\",\"caption\":\"admin\"},\"sameAs\":[\"https:\/\/president-ksgov.net\"]}]}<\/script>\n<!-- \/ Yoast SEO plugin. -->","yoast_head_json":{"title":"Predsednica podsetila na Envera Malokua: Kao \u0161to je on \u010dinio za istinu, tako moramo u\u010diniti i mi, otkrivanjem po\u010dinilaca njegovog ubistva - Predsednik Republike Kosovo - DR. VJOSA OSMANI - SADRIU","description":"Predsednica podsetila na Envera Malokua: Kao \u0161to je on \u010dinio za istinu, tako moramo u\u010diniti i mi, otkrivanjem po\u010dinilaca njegovog ubistva - Predsednik Republike Kosovo - DR. VJOSA OSMANI - SADRIU -","robots":{"index":"index","follow":"follow","max-snippet":"max-snippet:-1","max-image-preview":"max-image-preview:large","max-video-preview":"max-video-preview:-1"},"canonical":"https:\/\/president-ksgov.net\/sr\/predsednica-se-prisea-envera-malokua-kao-sto-je-uradio-za-istinu-moramo-da-uradimo-mi-razotkrivajui-poinioce-njegovog-ubistva\/","og_locale":"sr_RS","og_type":"article","og_title":"Predsednica podsetila na Envera Malokua: Kao \u0161to je on \u010dinio za istinu, tako moramo u\u010diniti i mi, otkrivanjem po\u010dinilaca njegovog ubistva - Predsednik Republike Kosovo - DR. VJOSA OSMANI - SADRIU","og_description":"Predsednica podsetila na Envera Malokua: Kao \u0161to je on \u010dinio za istinu, tako moramo u\u010diniti i mi, otkrivanjem po\u010dinilaca njegovog ubistva - Predsednik Republike Kosovo - DR. VJOSA OSMANI - SADRIU -","og_url":"https:\/\/president-ksgov.net\/sr\/predsednica-se-prisea-envera-malokua-kao-sto-je-uradio-za-istinu-moramo-da-uradimo-mi-razotkrivajui-poinioce-njegovog-ubistva\/","og_site_name":"Predsednik Republike Kosovo - DR. VJOSA OSMANI - SADRIU","article_published_time":"2023-01-11T10:19:03+00:00","article_modified_time":"2026-02-20T12:38:59+00:00","og_image":[{"width":270,"height":187,"url":"https:\/\/president-ksgov.net\/wp-content\/uploads\/2023\/03\/11_01_2023_5434580_enver_maloku-1.jpeg","type":"image\/jpeg"}],"author":"admin","twitter_card":"summary_large_image","twitter_misc":{"\u041d\u0430\u043f\u0438\u0441\u0430\u043d\u043e \u043e\u0434":"admin","\u041f\u0440\u043e\u0446\u0435\u045a\u0435\u043d\u043e \u0432\u0440\u0435\u043c\u0435 \u0447\u0438\u0442\u0430\u045a\u0430":"1 \u043c\u0438\u043d\u0443\u0442"},"schema":{"@context":"https:\/\/schema.org","@graph":[{"@type":"WebPage","@id":"https:\/\/president-ksgov.net\/sr\/predsednica-se-prisea-envera-malokua-kao-sto-je-uradio-za-istinu-moramo-da-uradimo-mi-razotkrivajui-poinioce-njegovog-ubistva\/","url":"https:\/\/president-ksgov.net\/sr\/predsednica-se-prisea-envera-malokua-kao-sto-je-uradio-za-istinu-moramo-da-uradimo-mi-razotkrivajui-poinioce-njegovog-ubistva\/","name":"Predsednica podsetila na Envera Malokua: Kao \u0161to je on \u010dinio za istinu, tako moramo u\u010diniti i mi, otkrivanjem po\u010dinilaca njegovog ubistva - Predsednik Republike Kosovo - DR. VJOSA OSMANI - SADRIU","isPartOf":{"@id":"https:\/\/president-ksgov.net\/#website"},"primaryImageOfPage":{"@id":"https:\/\/president-ksgov.net\/sr\/predsednica-se-prisea-envera-malokua-kao-sto-je-uradio-za-istinu-moramo-da-uradimo-mi-razotkrivajui-poinioce-njegovog-ubistva\/#primaryimage"},"image":{"@id":"https:\/\/president-ksgov.net\/sr\/predsednica-se-prisea-envera-malokua-kao-sto-je-uradio-za-istinu-moramo-da-uradimo-mi-razotkrivajui-poinioce-njegovog-ubistva\/#primaryimage"},"thumbnailUrl":"https:\/\/president-ksgov.net\/wp-content\/uploads\/2023\/03\/11_01_2023_5434580_enver_maloku-1.jpeg","datePublished":"2023-01-11T10:19:03+00:00","dateModified":"2026-02-20T12:38:59+00:00","author":{"@id":"https:\/\/president-ksgov.net\/#\/schema\/person\/bb4337a5fb147cb2046d80548172cbee"},"description":"Predsednica podsetila na Envera Malokua: Kao \u0161to je on \u010dinio za istinu, tako moramo u\u010diniti i mi, otkrivanjem po\u010dinilaca njegovog ubistva - Predsednik Republike Kosovo - DR. VJOSA OSMANI - SADRIU -","breadcrumb":{"@id":"https:\/\/president-ksgov.net\/sr\/predsednica-se-prisea-envera-malokua-kao-sto-je-uradio-za-istinu-moramo-da-uradimo-mi-razotkrivajui-poinioce-njegovog-ubistva\/#breadcrumb"},"inLanguage":"sr-RS","potentialAction":[{"@type":"ReadAction","target":["https:\/\/president-ksgov.net\/sr\/predsednica-se-prisea-envera-malokua-kao-sto-je-uradio-za-istinu-moramo-da-uradimo-mi-razotkrivajui-poinioce-njegovog-ubistva\/"]}]},{"@type":"ImageObject","inLanguage":"sr-RS","@id":"https:\/\/president-ksgov.net\/sr\/predsednica-se-prisea-envera-malokua-kao-sto-je-uradio-za-istinu-moramo-da-uradimo-mi-razotkrivajui-poinioce-njegovog-ubistva\/#primaryimage","url":"https:\/\/president-ksgov.net\/wp-content\/uploads\/2023\/03\/11_01_2023_5434580_enver_maloku-1.jpeg","contentUrl":"https:\/\/president-ksgov.net\/wp-content\/uploads\/2023\/03\/11_01_2023_5434580_enver_maloku-1.jpeg","width":270,"height":187},{"@type":"BreadcrumbList","@id":"https:\/\/president-ksgov.net\/sr\/predsednica-se-prisea-envera-malokua-kao-sto-je-uradio-za-istinu-moramo-da-uradimo-mi-razotkrivajui-poinioce-njegovog-ubistva\/#breadcrumb","itemListElement":[{"@type":"ListItem","position":1,"name":"Home","item":"https:\/\/president-ksgov.net\/sr\/"},{"@type":"ListItem","position":2,"name":"Predsednica podsetila na Envera Malokua: Kao \u0161to je on \u010dinio za istinu, tako moramo u\u010diniti i mi, otkrivanjem po\u010dinilaca njegovog ubistva"}]},{"@type":"WebSite","@id":"https:\/\/president-ksgov.net\/#website","url":"https:\/\/president-ksgov.net\/","name":"Presidente e Republik\u00ebs s\u00eb Kosov\u00ebs","description":"Presidente e Republik\u00ebs s\u00eb Kosov\u00ebs","alternateName":"DR. VJOSA OSMANI - SADRIU","potentialAction":[{"@type":"SearchAction","target":{"@type":"EntryPoint","urlTemplate":"https:\/\/president-ksgov.net\/?s={search_term_string}"},"query-input":{"@type":"PropertyValueSpecification","valueRequired":true,"valueName":"search_term_string"}}],"inLanguage":"sr-RS"},{"@type":"Person","@id":"https:\/\/president-ksgov.net\/#\/schema\/person\/bb4337a5fb147cb2046d80548172cbee","name":"admin","image":{"@type":"ImageObject","inLanguage":"sr-RS","@id":"https:\/\/president-ksgov.net\/#\/schema\/person\/image\/","url":"https:\/\/secure.gravatar.com\/avatar\/36156ca0fa3b8d9d25174f146e16beea0cf28f37adf1b9e19b6c9c279a7c9dd3?s=96&d=mm&r=g","contentUrl":"https:\/\/secure.gravatar.com\/avatar\/36156ca0fa3b8d9d25174f146e16beea0cf28f37adf1b9e19b6c9c279a7c9dd3?s=96&d=mm&r=g","caption":"admin"},"sameAs":["https:\/\/president-ksgov.net"]}]}},"_links":{"self":[{"href":"https:\/\/president-ksgov.net\/sr\/wp-json\/wp\/v2\/posts\/73751","targetHints":{"allow":["GET"]}}],"collection":[{"href":"https:\/\/president-ksgov.net\/sr\/wp-json\/wp\/v2\/posts"}],"about":[{"href":"https:\/\/president-ksgov.net\/sr\/wp-json\/wp\/v2\/types\/post"}],"author":[{"embeddable":true,"href":"https:\/\/president-ksgov.net\/sr\/wp-json\/wp\/v2\/users\/1"}],"replies":[{"embeddable":true,"href":"https:\/\/president-ksgov.net\/sr\/wp-json\/wp\/v2\/comments?post=73751"}],"version-history":[{"count":1,"href":"https:\/\/president-ksgov.net\/sr\/wp-json\/wp\/v2\/posts\/73751\/revisions"}],"predecessor-version":[{"id":183614,"href":"https:\/\/president-ksgov.net\/sr\/wp-json\/wp\/v2\/posts\/73751\/revisions\/183614"}],"wp:featuredmedia":[{"embeddable":true,"href":"https:\/\/president-ksgov.net\/sr\/wp-json\/wp\/v2\/media\/8653"}],"wp:attachment":[{"href":"https:\/\/president-ksgov.net\/sr\/wp-json\/wp\/v2\/media?parent=73751"}],"wp:term":[{"taxonomy":"category","embeddable":true,"href":"https:\/\/president-ksgov.net\/sr\/wp-json\/wp\/v2\/categories?post=73751"},{"taxonomy":"post_tag","embeddable":true,"href":"https:\/\/president-ksgov.net\/sr\/wp-json\/wp\/v2\/tags?post=73751"}],"curies":[{"name":"wp","href":"https:\/\/api.w.org\/{rel}","templated":true}]}}