{"id":73745,"date":"2023-01-15T13:26:34","date_gmt":"2023-01-15T12:26:34","guid":{"rendered":"https:\/\/dev.president-ksgov.net\/govor-predsednice-osmani-na-memorijalnoj-akademiji-povodom-24-godisnjice-masakra-u-racku\/"},"modified":"2023-03-08T08:59:23","modified_gmt":"2023-03-08T08:59:23","slug":"govor-predsednice-osmani-na-memorijalnoj-akademiji-povodom-24-godisnjice-masakra-u-racku","status":"publish","type":"post","link":"https:\/\/president-ksgov.net\/sr\/govor-predsednice-osmani-na-memorijalnoj-akademiji-povodom-24-godisnjice-masakra-u-racku\/","title":{"rendered":"Govor predsednice Osmani na Memorijalnoj akademiji povodom 24. godi\u0161njice masakra u Ra\u010dku"},"content":{"rendered":"<p>Po\u0161tovani gra\u0111ani Ra\u010dka i \u0160timlja,<br \/>\nPo\u0161tovani predsedni\u010de Skup\u0161tine, g. Konjufca<br \/>\nPo\u0161tovani premijeru Kurti,<br \/>\nPo\u0161tovani ambasadore Walker,<br \/>\nPo\u0161tovani predsedni\u010de Aliu,<br \/>\nZamenici premijera, ministri, poslanici, gospodine biv\u0161i predsedni\u010de,<br \/>\nPo\u0161tovane ekselencije ambasadori koji ste danas me\u0111u nama,<br \/>\nPo\u0161tovane porodice \u017ertava masakra u Ra\u010dku,<br \/>\nPo\u0161tovane porodice palih boraca, mu\u010denika,<br \/>\nPo\u0161tovani pre\u017eiveli koji ste danas ponovo me\u0111u nama,<br \/>\nPo\u0161tovani prisutni,<\/p>\n<p>Okupili smo se danas da se jo\u0161 jednom prisetimo monstruoznih zlo\u010dina 15. januara 1999. godine u Ra\u010dku, koji su poslu\u017eili kao istorijska prekretnica, ne samo zato \u0161to je tamo surovost Milo\u0161evi\u0107evog re\u017eima prema albanskim civilima poprimila najnehumaniji oblik, ve\u0107 i zato \u0161to je ozna\u010dio je trenutak u kome se kona\u010dno probudila me\u0111unarodna svest.<br \/>\nMasakr u Ra\u010dku podstakao je mobilizaciju odlu\u010duju\u0107ih demokratskih centara da za\u0161tite narod koji je patio pod kand\u017eama genocidnog re\u017eima, ali i da doka\u017eu da se zapadna civilizacija ne mo\u017ee prepustiti hegemonijama, pa je Kosovu trebalo pomo\u0107i i za\u0161tititi ga.<br \/>\nRa\u010dak je dokazao da je Kosovo bilo i izazov suo\u010davanja demokratskog sveta sa ovom dilemom: da li \u0107e se \u010ditava civilizacija predati varvarstvu, ili \u0107e delovati u odbranu svojih vrednosti, \u0161tite\u0107i potla\u010deni narod koji je bio u opasnosti da bude istrebljen od strane re\u017eima koji imao \u010diste genocidne namere.<br \/>\nOva prekretnica bila je povezana i sa imenom i \u010dovekom, koji je preuzeo da vodi posmatra\u010dku misiju na Kosovu: ambasador William Walker, koji je danas, kao i 1999. godine i svake godine nakon toga, ovde zajedno sa me\u0161tanima Ra\u010dka, zajedno sa svojom porodicom i zajedno sa celim Kosovom.<br \/>\nZlo\u010dini po\u010dinjeni ovde u Ra\u010dku, pre dvadeset \u010detiri godine, kada su albanske civile surovo ubijale snage srpskog genocidnog re\u017eima, dokazali su svetu tragediju koju Albanci do\u017eivljavaju, ali u\u010dinili su neizbe\u017enom i intervenciju demokratskog sveta da zaustavi ovu ubila\u010dku ma\u0161ineriju.<br \/>\nKodra e Bebushit, kako ga znaju me\u0161tani, ali i ceo Ra\u010dak, postao je mesto gde zlo\u010dini protiv \u010dove\u010dnosti vi\u0161e nisu mogli da se skrivaju od strane Milo\u0161evi\u0107eve ma\u0161inerije. Ali masakrirani bi verovatno stradali po drugi put, propagandom informativne ma\u0161ine za la\u017ei, koju su u to vreme vodili aktuelni predsednik Srbije Aleksandar Vu\u010di\u0107, da \u0161ef verifikatora OEBS-a ambasador Walker, koji je do\u0161ao na lice mesta, nije, bez ikakvog oklevanja, pokliknuo \u0161irom sveta, s pravom ozna\u010div\u0161i ovaj doga\u0111aj kao te\u017eak zlo\u010din protiv \u010dove\u010dnosti.<br \/>\n\u201eIz onoga \u0161to sam video, ne ustru\u010davam se da opi\u0161em incident kao masakr i zlo\u010din protiv \u010dove\u010dnosti. Ovo je najtu\u017eniji doga\u0111aj u mom \u017eivotu\u201c, rekao je tada ambasador Walker.<br \/>\nOva njegova fraza ostala je zauvek u se\u0107anju Albanaca, ali se pretvorila i u odjek koji je demokratski svet \u010duo kako svuda odjekuje. Opisuju\u0107i masakr u Ra\u010dku kao zlo\u010din protiv \u010dove\u010dnosti i zahtevaju\u0107i pravdu za \u017ertve, ambasador Walker je postao glas \u017ertava i glas celog Kosova u najte\u017eim vremenima u na\u0161oj istoriji. Njegov poklik dokazao je svetu ne samo pravo albanskog naroda da \u017eivi slobodan, ve\u0107 i surovost Milo\u0161evi\u0107evog re\u017eima, koji su morali da zaustave svi oni koji su verovali u vrednosti slobode i demokratije.<\/p>\n<p>Po\u0161tovani prisutni,<br \/>\nPo\u0161tovani \u010dlanovi porodica i pre\u017eiveli,<\/p>\n<p>Danas, kada se sa bolom se\u0107amo svojih najmilijih, kojima je ma\u0161inerija nasilja oduzela \u017eivote samo zato \u0161to su oni bili Albanci, za\u0161to su \u017eeleli da \u017eive slobodni, obaveza da obezbedimo pravdu za njih i za sve \u017ertve \u0161irom Kosova postaje na\u0161a najva\u017enija te\u017enja. Jer istorija svakog od njih je istorija samog Kosova, zemlje koja se uzdigla iznad bola, tuge za gubitkom na\u0161ih ljudi, koji po\u010divaju na groblju u Ra\u010dku i na mnogim, mnogim drugim grobljima \u0161irom Kosova. Oni pozivaju na pravdu danas i uvek. Svakog dana kucaju na savest svakog od nas tra\u017ee\u0107i da u\u010dinimo jo\u0161 vi\u0161e za pravdu za njih, ali i za pronala\u017eenje vi\u0161e od 1.600 na\u0161ih najmilijih koji su nasilno nestali, koje Srbija i tada\u0161nji ministar informisanja, a dana\u0161nji predsednik, ih i dalje dr\u017ei kao taoce, dokazuju\u0107i da se ni njegov mentalitet ni njegova svrha nikada nisu promenili. Zato, nikada ne zaboravimo da svaki grob u Ra\u010dku nosu pri\u010du u\u017easa. Svaki od njih svedo\u010di o op\u0161tem u\u017easu koji su Albanci do\u017eiveli zbog hegemonije ubila\u010dkog i diktatorskog re\u017eima. Ove strahote su dokaz za put kroz koji smo pro\u0161li, ali i putokaz za put kojim moramo da idemo napred, a to je razvoj i ja\u010danje na\u0161e dr\u017eave i njena integracija u evroatlantske strukture zajedno sa demokratskim zemljama koje su stajale uz nas u najte\u017eim vremenima, kako bismo svi zajedno radili da se ovakve pri\u010de u\u017easa nikada vi\u0161e ne ponove ni u jednoj zemlji na svetu.<br \/>\nI pored toga \u0161to neko mo\u017eda ne\u0107e u potpunosti razumeti kada glasno govorimo o \u017ertvama poslednjeg rata na Kosovu, mi moramo nastaviti da to \u010dinimo, jer moramo da pamtimo i stalno svedo\u010dimo o istini, moramo je izgovarati glasno, ovde i bilo gde drugde u svetu. Pogotovo kada smo suo\u010deni sa tolikim tendencijama menjanja i falsifikovanja istorije.<br \/>\nZato, kao narod koji je sve \u017ertvovao za na\u0161u slobodu, danas moramo da se borimo za pam\u0107enje i protiv zaborava, uvek gledaju\u0107i u budu\u0107nost. Vra\u0107ajmo se u Ra\u010dak i na svako drugo mesto gde je srpsko varvarstvo ostavilo tragove u\u017easa i genocida, recimo naglas da su se ovde desili zlo\u010dini protiv \u010dove\u010dnosti, kako je rekao ambasador Walker 1999. godine, svedo\u010dimo o istini o Ra\u010dku i celom Kosovu, jer samo istina poma\u017ee u izgradnji budu\u0107nosti zasnovane na stabilnom i dugoro\u010dnom miru. Sa\u010duvajmo svoju privr\u017eenost slobodi, koju su \u0107erke i sinovi OVK dokazali, negujmo taj ose\u0107aj slobode, u\u010dinimo sve da mir zavlada u zemlji i \u010ditavom na\u0161em regionu, ali uvek zasnivaju\u0107i se na istini i bore\u0107i se protiv prevara. Budu\u0107i da su svi svedoci i \u017ertve genocidnog re\u017eima, narod Kosova dublje od bilo koga drugog razume vrednost se\u0107anja. Stoga \u0107emo podi\u0107i svoj glas protiv genocida \u0161irom sveta kao \u0161to to \u010dinimo i danas. Ra\u010dak je na\u0161 trajni bol, ali i potreba da sa\u010duvamo mir i ljudsko dostojanstvo. Odavde je na\u0161a sloboda po\u010dela da se oblikuje.<br \/>\nNeka je ve\u010dno se\u0107anje na pale u Ra\u010dku!<\/p>\n","protected":false},"excerpt":{"rendered":"<p>Po\u0161tovani gra\u0111ani Ra\u010dka i \u0160timlja, Po\u0161tovani predsedni\u010de Skup\u0161tine, g. Konjufca Po\u0161tovani premijeru Kurti, Po\u0161tovani ambasadore Walker, Po\u0161tovani predsedni\u010de Aliu, Zamenici premijera, ministri, poslanici, gospodine biv\u0161i predsedni\u010de, Po\u0161tovane ekselencije ambasadori koji ste danas me\u0111u nama, Po\u0161tovane porodice \u017ertava masakra u Ra\u010dku, Po\u0161tovane porodice palih boraca, mu\u010denika, Po\u0161tovani pre\u017eiveli koji ste danas ponovo me\u0111u nama, Po\u0161tovani prisutni, Okupili smo se danas da se jo\u0161 jednom prisetimo monstruoznih zlo\u010dina 15. januara 1999. godine u Ra\u010dku, koji su poslu\u017eili kao istorijska prekretnica, ne samo zato \u0161to je tamo surovost Milo\u0161evi\u0107evog re\u017eima prema albanskim civilima poprimila najnehumaniji oblik, ve\u0107 i zato \u0161to je ozna\u010dio je trenutak u kome se kona\u010dno probudila me\u0111unarodna svest. Masakr u Ra\u010dku podstakao je mobilizaciju odlu\u010duju\u0107ih demokratskih centara da za\u0161tite narod koji je patio pod kand\u017eama genocidnog re\u017eima, ali i da doka\u017eu da se zapadna civilizacija ne mo\u017ee prepustiti hegemonijama, pa je Kosovu trebalo pomo\u0107i i za\u0161tititi ga. Ra\u010dak je dokazao da je Kosovo bilo i izazov suo\u010davanja demokratskog sveta sa ovom dilemom: da li \u0107e se \u010ditava civilizacija predati varvarstvu, ili \u0107e delovati u odbranu svojih vrednosti, \u0161tite\u0107i potla\u010deni narod koji je bio u opasnosti da bude istrebljen od strane re\u017eima koji imao \u010diste genocidne namere. Ova prekretnica bila je povezana i sa imenom i \u010dovekom, koji je preuzeo da vodi posmatra\u010dku misiju na Kosovu: ambasador William Walker, koji je danas, kao i 1999. godine i svake godine nakon toga, ovde zajedno sa me\u0161tanima Ra\u010dka, zajedno sa svojom porodicom i zajedno sa celim Kosovom. Zlo\u010dini po\u010dinjeni ovde u Ra\u010dku, pre dvadeset \u010detiri godine, kada su albanske civile surovo ubijale snage srpskog genocidnog re\u017eima, dokazali su svetu tragediju koju Albanci do\u017eivljavaju, ali u\u010dinili su neizbe\u017enom i intervenciju demokratskog sveta da zaustavi ovu ubila\u010dku ma\u0161ineriju. Kodra e Bebushit, kako ga znaju me\u0161tani, ali i ceo Ra\u010dak, postao je mesto gde zlo\u010dini protiv \u010dove\u010dnosti vi\u0161e nisu mogli da se skrivaju od strane Milo\u0161evi\u0107eve ma\u0161inerije. Ali masakrirani bi verovatno stradali po drugi put, propagandom informativne ma\u0161ine za la\u017ei, koju su u to vreme vodili aktuelni predsednik Srbije Aleksandar Vu\u010di\u0107, da \u0161ef verifikatora OEBS-a ambasador Walker, koji je do\u0161ao na lice mesta, nije, bez ikakvog oklevanja, pokliknuo \u0161irom sveta, s pravom ozna\u010div\u0161i ovaj doga\u0111aj kao te\u017eak zlo\u010din protiv \u010dove\u010dnosti. \u201eIz onoga \u0161to sam video, ne ustru\u010davam se da opi\u0161em incident kao masakr i zlo\u010din protiv \u010dove\u010dnosti. Ovo je najtu\u017eniji doga\u0111aj u mom \u017eivotu\u201c, rekao je tada ambasador Walker. Ova njegova fraza ostala je zauvek u se\u0107anju Albanaca, ali se pretvorila i u odjek koji je demokratski svet \u010duo kako svuda odjekuje. Opisuju\u0107i masakr u Ra\u010dku kao zlo\u010din protiv \u010dove\u010dnosti i zahtevaju\u0107i pravdu za \u017ertve, ambasador Walker je postao glas \u017ertava i glas celog Kosova u najte\u017eim vremenima u na\u0161oj istoriji. Njegov poklik dokazao je svetu ne samo pravo albanskog naroda da \u017eivi slobodan, ve\u0107 i surovost Milo\u0161evi\u0107evog re\u017eima, koji su morali da zaustave svi oni koji su verovali u vrednosti slobode i demokratije. Po\u0161tovani prisutni, Po\u0161tovani \u010dlanovi porodica i pre\u017eiveli, Danas, kada se sa bolom se\u0107amo svojih najmilijih, kojima je ma\u0161inerija nasilja oduzela \u017eivote samo zato \u0161to su oni bili Albanci, za\u0161to su \u017eeleli da \u017eive slobodni, obaveza da obezbedimo pravdu za njih i za sve \u017ertve \u0161irom Kosova postaje na\u0161a najva\u017enija te\u017enja. Jer istorija svakog od njih je istorija samog Kosova, zemlje koja se uzdigla iznad bola, tuge za gubitkom na\u0161ih ljudi, koji po\u010divaju na groblju u Ra\u010dku i na mnogim, mnogim drugim grobljima \u0161irom Kosova. Oni pozivaju na pravdu danas i uvek. Svakog dana kucaju na savest svakog od nas tra\u017ee\u0107i da u\u010dinimo jo\u0161 vi\u0161e za pravdu za njih, ali i za pronala\u017eenje vi\u0161e od 1.600 na\u0161ih najmilijih koji su nasilno nestali, koje Srbija i tada\u0161nji ministar informisanja, a dana\u0161nji predsednik, ih i dalje dr\u017ei kao taoce, dokazuju\u0107i da se ni njegov mentalitet ni njegova svrha nikada nisu promenili. Zato, nikada ne zaboravimo da svaki grob u Ra\u010dku nosu pri\u010du u\u017easa. Svaki od njih svedo\u010di o op\u0161tem u\u017easu koji su Albanci do\u017eiveli zbog hegemonije ubila\u010dkog i diktatorskog re\u017eima. Ove strahote su dokaz za put kroz koji smo pro\u0161li, ali i putokaz za put kojim moramo da idemo napred, a to je razvoj i ja\u010danje na\u0161e dr\u017eave i njena integracija u evroatlantske strukture zajedno sa demokratskim zemljama koje su stajale uz nas u najte\u017eim vremenima, kako bismo svi zajedno radili da se ovakve pri\u010de u\u017easa nikada vi\u0161e ne ponove ni u jednoj zemlji na svetu. I pored toga \u0161to neko mo\u017eda ne\u0107e u potpunosti razumeti kada glasno govorimo o \u017ertvama poslednjeg rata na Kosovu, mi moramo nastaviti da to \u010dinimo, jer moramo da pamtimo i stalno svedo\u010dimo o istini, moramo je izgovarati glasno, ovde i bilo gde drugde u svetu. Pogotovo kada smo suo\u010deni sa tolikim tendencijama menjanja i falsifikovanja istorije. Zato, kao narod koji je sve \u017ertvovao za na\u0161u slobodu, danas moramo da se borimo za pam\u0107enje i protiv zaborava, uvek gledaju\u0107i u budu\u0107nost. Vra\u0107ajmo se u Ra\u010dak i na svako drugo mesto gde je srpsko varvarstvo ostavilo tragove u\u017easa i genocida, recimo naglas da su se ovde desili zlo\u010dini protiv \u010dove\u010dnosti, kako je rekao ambasador Walker 1999. godine, svedo\u010dimo o istini o Ra\u010dku i celom Kosovu, jer samo istina poma\u017ee u izgradnji budu\u0107nosti zasnovane na stabilnom i dugoro\u010dnom miru. Sa\u010duvajmo svoju privr\u017eenost slobodi, koju su \u0107erke i sinovi OVK dokazali, negujmo taj ose\u0107aj slobode, u\u010dinimo sve da mir zavlada u zemlji i \u010ditavom na\u0161em regionu, ali uvek zasnivaju\u0107i se na istini i bore\u0107i se protiv prevara. Budu\u0107i da su svi svedoci i \u017ertve genocidnog re\u017eima, narod Kosova dublje od bilo koga drugog razume vrednost se\u0107anja. Stoga \u0107emo podi\u0107i svoj glas protiv genocida \u0161irom sveta kao \u0161to to \u010dinimo i danas. Ra\u010dak je na\u0161 trajni bol, ali i potreba da sa\u010duvamo mir i ljudsko dostojanstvo. Odavde je na\u0161a sloboda po\u010dela da se oblikuje. Neka je ve\u010dno se\u0107anje na pale u Ra\u010dku!<\/p>\n","protected":false},"author":1,"featured_media":8608,"comment_status":"closed","ping_status":"closed","sticky":false,"template":"","format":"standard","meta":{"_eb_attr":"","footnotes":""},"categories":[106],"tags":[],"class_list":["post-73745","post","type-post","status-publish","format-standard","has-post-thumbnail","hentry","category-govori"],"yoast_head":"<!-- This site is optimized with the Yoast SEO plugin v23.5 - https:\/\/yoast.com\/wordpress\/plugins\/seo\/ -->\n<title>Govor predsednice Osmani na Memorijalnoj akademiji povodom 24. godi\u0161njice masakra u Ra\u010dku - Predsednik Republike Kosovo - DR. VJOSA OSMANI - SADRIU<\/title>\n<meta name=\"description\" content=\"Govor predsednice Osmani na Memorijalnoj akademiji povodom 24. godi\u0161njice masakra u Ra\u010dku - Predsednik Republike Kosovo - DR. VJOSA OSMANI - SADRIU -\" \/>\n<meta name=\"robots\" content=\"index, follow, max-snippet:-1, max-image-preview:large, max-video-preview:-1\" \/>\n<link rel=\"canonical\" href=\"https:\/\/president-ksgov.net\/sr\/govor-predsednice-osmani-na-memorijalnoj-akademiji-povodom-24-godisnjice-masakra-u-racku\/\" \/>\n<meta property=\"og:locale\" content=\"sr_RS\" \/>\n<meta property=\"og:type\" content=\"article\" \/>\n<meta property=\"og:title\" content=\"Govor predsednice Osmani na Memorijalnoj akademiji povodom 24. godi\u0161njice masakra u Ra\u010dku - Predsednik Republike Kosovo - DR. VJOSA OSMANI - SADRIU\" \/>\n<meta property=\"og:description\" content=\"Govor predsednice Osmani na Memorijalnoj akademiji povodom 24. godi\u0161njice masakra u Ra\u010dku - Predsednik Republike Kosovo - DR. VJOSA OSMANI - SADRIU -\" \/>\n<meta property=\"og:url\" content=\"https:\/\/president-ksgov.net\/sr\/govor-predsednice-osmani-na-memorijalnoj-akademiji-povodom-24-godisnjice-masakra-u-racku\/\" \/>\n<meta property=\"og:site_name\" content=\"Predsednik Republike Kosovo - DR. VJOSA OSMANI - SADRIU\" \/>\n<meta property=\"article:published_time\" content=\"2023-01-15T12:26:34+00:00\" \/>\n<meta property=\"article:modified_time\" content=\"2023-03-08T08:59:23+00:00\" \/>\n<meta property=\"og:image\" content=\"https:\/\/president-ksgov.net\/wp-content\/uploads\/2023\/03\/16_01_2023_7875312_DSC_7847.jpg\" \/>\n\t<meta property=\"og:image:width\" content=\"2048\" \/>\n\t<meta property=\"og:image:height\" content=\"1365\" \/>\n\t<meta property=\"og:image:type\" content=\"image\/jpeg\" \/>\n<meta name=\"author\" content=\"admin\" \/>\n<meta name=\"twitter:card\" content=\"summary_large_image\" \/>\n<meta name=\"twitter:label1\" content=\"\u041d\u0430\u043f\u0438\u0441\u0430\u043d\u043e \u043e\u0434\" \/>\n\t<meta name=\"twitter:data1\" content=\"admin\" \/>\n\t<meta name=\"twitter:label2\" content=\"\u041f\u0440\u043e\u0446\u0435\u045a\u0435\u043d\u043e \u0432\u0440\u0435\u043c\u0435 \u0447\u0438\u0442\u0430\u045a\u0430\" \/>\n\t<meta name=\"twitter:data2\" content=\"6 \u043c\u0438\u043d\u0443\u0442\u0430\" \/>\n<script type=\"application\/ld+json\" class=\"yoast-schema-graph\">{\"@context\":\"https:\/\/schema.org\",\"@graph\":[{\"@type\":\"WebPage\",\"@id\":\"https:\/\/president-ksgov.net\/sr\/govor-predsednice-osmani-na-memorijalnoj-akademiji-povodom-24-godisnjice-masakra-u-racku\/\",\"url\":\"https:\/\/president-ksgov.net\/sr\/govor-predsednice-osmani-na-memorijalnoj-akademiji-povodom-24-godisnjice-masakra-u-racku\/\",\"name\":\"Govor predsednice Osmani na Memorijalnoj akademiji povodom 24. godi\u0161njice masakra u Ra\u010dku - Predsednik Republike Kosovo - DR. VJOSA OSMANI - SADRIU\",\"isPartOf\":{\"@id\":\"https:\/\/president-ksgov.net\/#website\"},\"primaryImageOfPage\":{\"@id\":\"https:\/\/president-ksgov.net\/sr\/govor-predsednice-osmani-na-memorijalnoj-akademiji-povodom-24-godisnjice-masakra-u-racku\/#primaryimage\"},\"image\":{\"@id\":\"https:\/\/president-ksgov.net\/sr\/govor-predsednice-osmani-na-memorijalnoj-akademiji-povodom-24-godisnjice-masakra-u-racku\/#primaryimage\"},\"thumbnailUrl\":\"https:\/\/president-ksgov.net\/wp-content\/uploads\/2023\/03\/16_01_2023_7875312_DSC_7847.jpg\",\"datePublished\":\"2023-01-15T12:26:34+00:00\",\"dateModified\":\"2023-03-08T08:59:23+00:00\",\"author\":{\"@id\":\"https:\/\/president-ksgov.net\/#\/schema\/person\/bb4337a5fb147cb2046d80548172cbee\"},\"description\":\"Govor predsednice Osmani na Memorijalnoj akademiji povodom 24. godi\u0161njice masakra u Ra\u010dku - Predsednik Republike Kosovo - DR. VJOSA OSMANI - SADRIU -\",\"breadcrumb\":{\"@id\":\"https:\/\/president-ksgov.net\/sr\/govor-predsednice-osmani-na-memorijalnoj-akademiji-povodom-24-godisnjice-masakra-u-racku\/#breadcrumb\"},\"inLanguage\":\"sr-RS\",\"potentialAction\":[{\"@type\":\"ReadAction\",\"target\":[\"https:\/\/president-ksgov.net\/sr\/govor-predsednice-osmani-na-memorijalnoj-akademiji-povodom-24-godisnjice-masakra-u-racku\/\"]}]},{\"@type\":\"ImageObject\",\"inLanguage\":\"sr-RS\",\"@id\":\"https:\/\/president-ksgov.net\/sr\/govor-predsednice-osmani-na-memorijalnoj-akademiji-povodom-24-godisnjice-masakra-u-racku\/#primaryimage\",\"url\":\"https:\/\/president-ksgov.net\/wp-content\/uploads\/2023\/03\/16_01_2023_7875312_DSC_7847.jpg\",\"contentUrl\":\"https:\/\/president-ksgov.net\/wp-content\/uploads\/2023\/03\/16_01_2023_7875312_DSC_7847.jpg\",\"width\":2048,\"height\":1365,\"caption\":\"recak\"},{\"@type\":\"BreadcrumbList\",\"@id\":\"https:\/\/president-ksgov.net\/sr\/govor-predsednice-osmani-na-memorijalnoj-akademiji-povodom-24-godisnjice-masakra-u-racku\/#breadcrumb\",\"itemListElement\":[{\"@type\":\"ListItem\",\"position\":1,\"name\":\"Home\",\"item\":\"https:\/\/president-ksgov.net\/sr\/\"},{\"@type\":\"ListItem\",\"position\":2,\"name\":\"Govor predsednice Osmani na Memorijalnoj akademiji povodom 24. godi\u0161njice masakra u Ra\u010dku\"}]},{\"@type\":\"WebSite\",\"@id\":\"https:\/\/president-ksgov.net\/#website\",\"url\":\"https:\/\/president-ksgov.net\/\",\"name\":\"Presidente e Republik\u00ebs s\u00eb Kosov\u00ebs\",\"description\":\"Presidente e Republik\u00ebs s\u00eb Kosov\u00ebs\",\"alternateName\":\"DR. VJOSA OSMANI - SADRIU\",\"potentialAction\":[{\"@type\":\"SearchAction\",\"target\":{\"@type\":\"EntryPoint\",\"urlTemplate\":\"https:\/\/president-ksgov.net\/?s={search_term_string}\"},\"query-input\":{\"@type\":\"PropertyValueSpecification\",\"valueRequired\":true,\"valueName\":\"search_term_string\"}}],\"inLanguage\":\"sr-RS\"},{\"@type\":\"Person\",\"@id\":\"https:\/\/president-ksgov.net\/#\/schema\/person\/bb4337a5fb147cb2046d80548172cbee\",\"name\":\"admin\",\"image\":{\"@type\":\"ImageObject\",\"inLanguage\":\"sr-RS\",\"@id\":\"https:\/\/president-ksgov.net\/#\/schema\/person\/image\/\",\"url\":\"https:\/\/secure.gravatar.com\/avatar\/36156ca0fa3b8d9d25174f146e16beea0cf28f37adf1b9e19b6c9c279a7c9dd3?s=96&d=mm&r=g\",\"contentUrl\":\"https:\/\/secure.gravatar.com\/avatar\/36156ca0fa3b8d9d25174f146e16beea0cf28f37adf1b9e19b6c9c279a7c9dd3?s=96&d=mm&r=g\",\"caption\":\"admin\"},\"sameAs\":[\"https:\/\/president-ksgov.net\"]}]}<\/script>\n<!-- \/ Yoast SEO plugin. -->","yoast_head_json":{"title":"Govor predsednice Osmani na Memorijalnoj akademiji povodom 24. godi\u0161njice masakra u Ra\u010dku - Predsednik Republike Kosovo - DR. VJOSA OSMANI - SADRIU","description":"Govor predsednice Osmani na Memorijalnoj akademiji povodom 24. godi\u0161njice masakra u Ra\u010dku - Predsednik Republike Kosovo - DR. VJOSA OSMANI - SADRIU -","robots":{"index":"index","follow":"follow","max-snippet":"max-snippet:-1","max-image-preview":"max-image-preview:large","max-video-preview":"max-video-preview:-1"},"canonical":"https:\/\/president-ksgov.net\/sr\/govor-predsednice-osmani-na-memorijalnoj-akademiji-povodom-24-godisnjice-masakra-u-racku\/","og_locale":"sr_RS","og_type":"article","og_title":"Govor predsednice Osmani na Memorijalnoj akademiji povodom 24. godi\u0161njice masakra u Ra\u010dku - Predsednik Republike Kosovo - DR. VJOSA OSMANI - SADRIU","og_description":"Govor predsednice Osmani na Memorijalnoj akademiji povodom 24. godi\u0161njice masakra u Ra\u010dku - Predsednik Republike Kosovo - DR. VJOSA OSMANI - SADRIU -","og_url":"https:\/\/president-ksgov.net\/sr\/govor-predsednice-osmani-na-memorijalnoj-akademiji-povodom-24-godisnjice-masakra-u-racku\/","og_site_name":"Predsednik Republike Kosovo - DR. VJOSA OSMANI - SADRIU","article_published_time":"2023-01-15T12:26:34+00:00","article_modified_time":"2023-03-08T08:59:23+00:00","og_image":[{"width":2048,"height":1365,"url":"https:\/\/president-ksgov.net\/wp-content\/uploads\/2023\/03\/16_01_2023_7875312_DSC_7847.jpg","type":"image\/jpeg"}],"author":"admin","twitter_card":"summary_large_image","twitter_misc":{"\u041d\u0430\u043f\u0438\u0441\u0430\u043d\u043e \u043e\u0434":"admin","\u041f\u0440\u043e\u0446\u0435\u045a\u0435\u043d\u043e \u0432\u0440\u0435\u043c\u0435 \u0447\u0438\u0442\u0430\u045a\u0430":"6 \u043c\u0438\u043d\u0443\u0442\u0430"},"schema":{"@context":"https:\/\/schema.org","@graph":[{"@type":"WebPage","@id":"https:\/\/president-ksgov.net\/sr\/govor-predsednice-osmani-na-memorijalnoj-akademiji-povodom-24-godisnjice-masakra-u-racku\/","url":"https:\/\/president-ksgov.net\/sr\/govor-predsednice-osmani-na-memorijalnoj-akademiji-povodom-24-godisnjice-masakra-u-racku\/","name":"Govor predsednice Osmani na Memorijalnoj akademiji povodom 24. godi\u0161njice masakra u Ra\u010dku - Predsednik Republike Kosovo - DR. VJOSA OSMANI - SADRIU","isPartOf":{"@id":"https:\/\/president-ksgov.net\/#website"},"primaryImageOfPage":{"@id":"https:\/\/president-ksgov.net\/sr\/govor-predsednice-osmani-na-memorijalnoj-akademiji-povodom-24-godisnjice-masakra-u-racku\/#primaryimage"},"image":{"@id":"https:\/\/president-ksgov.net\/sr\/govor-predsednice-osmani-na-memorijalnoj-akademiji-povodom-24-godisnjice-masakra-u-racku\/#primaryimage"},"thumbnailUrl":"https:\/\/president-ksgov.net\/wp-content\/uploads\/2023\/03\/16_01_2023_7875312_DSC_7847.jpg","datePublished":"2023-01-15T12:26:34+00:00","dateModified":"2023-03-08T08:59:23+00:00","author":{"@id":"https:\/\/president-ksgov.net\/#\/schema\/person\/bb4337a5fb147cb2046d80548172cbee"},"description":"Govor predsednice Osmani na Memorijalnoj akademiji povodom 24. godi\u0161njice masakra u Ra\u010dku - Predsednik Republike Kosovo - DR. VJOSA OSMANI - SADRIU -","breadcrumb":{"@id":"https:\/\/president-ksgov.net\/sr\/govor-predsednice-osmani-na-memorijalnoj-akademiji-povodom-24-godisnjice-masakra-u-racku\/#breadcrumb"},"inLanguage":"sr-RS","potentialAction":[{"@type":"ReadAction","target":["https:\/\/president-ksgov.net\/sr\/govor-predsednice-osmani-na-memorijalnoj-akademiji-povodom-24-godisnjice-masakra-u-racku\/"]}]},{"@type":"ImageObject","inLanguage":"sr-RS","@id":"https:\/\/president-ksgov.net\/sr\/govor-predsednice-osmani-na-memorijalnoj-akademiji-povodom-24-godisnjice-masakra-u-racku\/#primaryimage","url":"https:\/\/president-ksgov.net\/wp-content\/uploads\/2023\/03\/16_01_2023_7875312_DSC_7847.jpg","contentUrl":"https:\/\/president-ksgov.net\/wp-content\/uploads\/2023\/03\/16_01_2023_7875312_DSC_7847.jpg","width":2048,"height":1365,"caption":"recak"},{"@type":"BreadcrumbList","@id":"https:\/\/president-ksgov.net\/sr\/govor-predsednice-osmani-na-memorijalnoj-akademiji-povodom-24-godisnjice-masakra-u-racku\/#breadcrumb","itemListElement":[{"@type":"ListItem","position":1,"name":"Home","item":"https:\/\/president-ksgov.net\/sr\/"},{"@type":"ListItem","position":2,"name":"Govor predsednice Osmani na Memorijalnoj akademiji povodom 24. godi\u0161njice masakra u Ra\u010dku"}]},{"@type":"WebSite","@id":"https:\/\/president-ksgov.net\/#website","url":"https:\/\/president-ksgov.net\/","name":"Presidente e Republik\u00ebs s\u00eb Kosov\u00ebs","description":"Presidente e Republik\u00ebs s\u00eb Kosov\u00ebs","alternateName":"DR. VJOSA OSMANI - SADRIU","potentialAction":[{"@type":"SearchAction","target":{"@type":"EntryPoint","urlTemplate":"https:\/\/president-ksgov.net\/?s={search_term_string}"},"query-input":{"@type":"PropertyValueSpecification","valueRequired":true,"valueName":"search_term_string"}}],"inLanguage":"sr-RS"},{"@type":"Person","@id":"https:\/\/president-ksgov.net\/#\/schema\/person\/bb4337a5fb147cb2046d80548172cbee","name":"admin","image":{"@type":"ImageObject","inLanguage":"sr-RS","@id":"https:\/\/president-ksgov.net\/#\/schema\/person\/image\/","url":"https:\/\/secure.gravatar.com\/avatar\/36156ca0fa3b8d9d25174f146e16beea0cf28f37adf1b9e19b6c9c279a7c9dd3?s=96&d=mm&r=g","contentUrl":"https:\/\/secure.gravatar.com\/avatar\/36156ca0fa3b8d9d25174f146e16beea0cf28f37adf1b9e19b6c9c279a7c9dd3?s=96&d=mm&r=g","caption":"admin"},"sameAs":["https:\/\/president-ksgov.net"]}]}},"_links":{"self":[{"href":"https:\/\/president-ksgov.net\/sr\/wp-json\/wp\/v2\/posts\/73745","targetHints":{"allow":["GET"]}}],"collection":[{"href":"https:\/\/president-ksgov.net\/sr\/wp-json\/wp\/v2\/posts"}],"about":[{"href":"https:\/\/president-ksgov.net\/sr\/wp-json\/wp\/v2\/types\/post"}],"author":[{"embeddable":true,"href":"https:\/\/president-ksgov.net\/sr\/wp-json\/wp\/v2\/users\/1"}],"replies":[{"embeddable":true,"href":"https:\/\/president-ksgov.net\/sr\/wp-json\/wp\/v2\/comments?post=73745"}],"version-history":[{"count":1,"href":"https:\/\/president-ksgov.net\/sr\/wp-json\/wp\/v2\/posts\/73745\/revisions"}],"predecessor-version":[{"id":81350,"href":"https:\/\/president-ksgov.net\/sr\/wp-json\/wp\/v2\/posts\/73745\/revisions\/81350"}],"wp:featuredmedia":[{"embeddable":true,"href":"https:\/\/president-ksgov.net\/sr\/wp-json\/wp\/v2\/media\/8608"}],"wp:attachment":[{"href":"https:\/\/president-ksgov.net\/sr\/wp-json\/wp\/v2\/media?parent=73745"}],"wp:term":[{"taxonomy":"category","embeddable":true,"href":"https:\/\/president-ksgov.net\/sr\/wp-json\/wp\/v2\/categories?post=73745"},{"taxonomy":"post_tag","embeddable":true,"href":"https:\/\/president-ksgov.net\/sr\/wp-json\/wp\/v2\/tags?post=73745"}],"curies":[{"name":"wp","href":"https:\/\/api.w.org\/{rel}","templated":true}]}}