{"id":73735,"date":"2023-01-23T14:44:04","date_gmt":"2023-01-23T14:44:04","guid":{"rendered":"https:\/\/dev.president-ksgov.net\/predsednicu-osmani-je-u-svetoj-stolici-docekao-papa-franja\/"},"modified":"2023-01-23T15:26:37","modified_gmt":"2023-01-23T15:26:37","slug":"predsednicu-osmani-je-u-svetoj-stolici-docekao-papa-franja","status":"publish","type":"post","link":"https:\/\/president-ksgov.net\/sr\/predsednicu-osmani-je-u-svetoj-stolici-docekao-papa-franja\/","title":{"rendered":"Predsednicu Osmani je u Svetoj Stolici do\u010dekao papa Franja"},"content":{"rendered":"<p>Predsednicu Kosova Vjosu Osmani danas je na audijenciju primio Sveti Otac papa Franja. U ovom toplom susretu, predsednica Osmani je zahvalila papi Franji na kontinuiranoj brizi koju Sveta Stolica i sam Sveti Otac pokazuju prema Kosovu.<\/p>\n<p>\u201eDo\u0161la sam ovde da izrazim zahvalnost naroda Kosova za brigu koju ste pokazali prema mojoj zemlji, ostaju\u0107i stalno uz njih\u201c, rekla je predsednica Osmani.<\/p>\n<p>Predsednica Osmani je obavestila papu Franju o orijentaciji Kosova kao dela rane evropske civilizacije i o viziji zemlje o integraciji u evroatlantske strukture.<\/p>\n<p>Priznanje \u017ertve je u temelju vere u budu\u0107nost\u201c, rekla je predsednica. \u201eNarod Kosova je vaskrsao na pepelu \u017ertve mnogih generacija i njihovim naporima za slobodu. Sada Kosovo bezbedno gradi svoju budu\u0107nost, u okviru \u0161iroke porodice slobodnih naroda. Priznanje Kosova od strane Svete Stolice uti\u010de na dalje ja\u010danje na\u0161e dr\u017eavnosti i integraciju zemlje u evroatlantske strukture. Cilj Kosova za priznanjem od strane Vatikana doprinosi daljem produbljivanju i unapre\u0111enju na\u0161ih vekovnih odnosa, kao i evropskom putu na\u0161e zemlje\u201c, rekla je predsednica Osmani.<\/p>\n<p>Predsednica Osmani je zahvalila papi Franji na njegovoj odluci 2018. godine da Apostolsku upravu Kosova podigne na nivo biskupije.<\/p>\n<p>\u201ePovodom pete godi\u0161njice Va\u0161e odluke da unapredite status Apostolske uprave na Kosovu, podi\u017eu\u0107i je na nivo biskupije, veoma sam sre\u0107na \u0161to mogu da Vam se li\u010dno zahvalim na brizi i da Vas uverim da \u0107e na\u0161e zajedni\u010dke vrednosti, na kojima su na\u0161i odnosi istorijski stvarani, i dalje ostati \u010dvrsta osnova na\u0161eg odnosa, koji nameravamo da dalje produbljujemo\u201c, rekla je predsednica Osmani.<\/p>\n<p>Dalje su predsednica Osmani i papa Franja razgovarali o odnosima dve zemlje i brizi koju je Vatikan pokazao prema na\u0161em narodu, prepoznaju\u0107i njegove civilizacijske vrednosti, koje je svet video oli\u010dene u li\u010dnosti Majke Tereze.<\/p>\n<p>\u201eNa\u0161i odnosi su veoma rani i veoma sna\u017eni, jer poti\u010du iz zalaganja za mir, toleranciju i slogu me\u0111u ljudima. Oni su nas tradicionalno ujedinjavali\u201c, rekla je predsednica Osmani. Ona je podsetila da je 90-ih godina, kada je postojanje naroda bilo ugro\u017een, Kosovo je, predvo\u0111eno predsednikom Rugovom, inspiraciju nalazilo i u stavu pape Jovana Pavla Drugog, kao i u nastojanjima Vatikana da sa\u010duva i promovi\u0161e civilizovane vrednosti i slobodu. naroda.\u201c<\/p>\n<p>Dalje je predsednica govorila o napretku na Kosovu, sa posebnim akcentom na funkcionisanje verskih zajednica na Kosovu i re\u0161enost dr\u017eave Kosovo da prizna i dalje promovi\u0161e verske slobode.<\/p>\n<p>Predsednicu Osmani danas \u0107e do\u010dekati i dr\u017eavni sekretar Vatikana kardinal Parolin.<\/p>\n","protected":false},"excerpt":{"rendered":"<p>Predsednicu Kosova Vjosu Osmani danas je na audijenciju primio Sveti Otac papa Franja. U ovom toplom susretu, predsednica Osmani je zahvalila papi Franji na kontinuiranoj brizi koju Sveta Stolica i sam Sveti Otac pokazuju prema Kosovu.<\/p>\n","protected":false},"author":1,"featured_media":8452,"comment_status":"open","ping_status":"closed","sticky":false,"template":"","format":"standard","meta":{"_eb_attr":"","footnotes":""},"categories":[101],"tags":[],"class_list":["post-73735","post","type-post","status-publish","format-standard","has-post-thumbnail","hentry","category-vesti"],"yoast_head":"<!-- This site is optimized with the Yoast SEO plugin v23.5 - https:\/\/yoast.com\/wordpress\/plugins\/seo\/ -->\n<title>Predsednicu Osmani je u Svetoj Stolici do\u010dekao papa Franja - Predsednik Republike Kosovo - DR. VJOSA OSMANI - SADRIU<\/title>\n<meta name=\"description\" content=\"Predsednicu Osmani je u Svetoj Stolici do\u010dekao papa Franja - Predsednik Republike Kosovo - DR. VJOSA OSMANI - SADRIU -\" \/>\n<meta name=\"robots\" content=\"index, follow, max-snippet:-1, max-image-preview:large, max-video-preview:-1\" \/>\n<link rel=\"canonical\" href=\"https:\/\/president-ksgov.net\/presidentja-osmani-u-prit-ne-seline-e-shenjte-nga-papa-francesku\/\" \/>\n<meta property=\"og:locale\" content=\"sr_RS\" \/>\n<meta property=\"og:type\" content=\"article\" \/>\n<meta property=\"og:title\" content=\"Predsednicu Osmani je u Svetoj Stolici do\u010dekao papa Franja - Predsednik Republike Kosovo - DR. VJOSA OSMANI - SADRIU\" \/>\n<meta property=\"og:description\" content=\"Predsednicu Osmani je u Svetoj Stolici do\u010dekao papa Franja - Predsednik Republike Kosovo - DR. VJOSA OSMANI - SADRIU -\" \/>\n<meta property=\"og:url\" content=\"https:\/\/president-ksgov.net\/presidentja-osmani-u-prit-ne-seline-e-shenjte-nga-papa-francesku\/\" \/>\n<meta property=\"og:site_name\" content=\"Predsednik Republike Kosovo - DR. VJOSA OSMANI - SADRIU\" \/>\n<meta property=\"article:published_time\" content=\"2023-01-23T14:44:04+00:00\" \/>\n<meta property=\"article:modified_time\" content=\"2023-01-23T15:26:37+00:00\" \/>\n<meta property=\"og:image\" content=\"https:\/\/president-ksgov.net\/wp-content\/uploads\/2023\/03\/2023_01_23_7668_1-1-scaled.jpg\" \/>\n\t<meta property=\"og:image:width\" content=\"2560\" \/>\n\t<meta property=\"og:image:height\" content=\"1707\" \/>\n\t<meta property=\"og:image:type\" content=\"image\/jpeg\" \/>\n<meta name=\"author\" content=\"admin\" \/>\n<meta name=\"twitter:card\" content=\"summary_large_image\" \/>\n<meta name=\"twitter:label1\" content=\"\u041d\u0430\u043f\u0438\u0441\u0430\u043d\u043e \u043e\u0434\" \/>\n\t<meta name=\"twitter:data1\" content=\"admin\" \/>\n\t<meta name=\"twitter:label2\" content=\"\u041f\u0440\u043e\u0446\u0435\u045a\u0435\u043d\u043e \u0432\u0440\u0435\u043c\u0435 \u0447\u0438\u0442\u0430\u045a\u0430\" \/>\n\t<meta name=\"twitter:data2\" content=\"2 \u043c\u0438\u043d\u0443\u0442\u0430\" \/>\n<script type=\"application\/ld+json\" class=\"yoast-schema-graph\">{\"@context\":\"https:\/\/schema.org\",\"@graph\":[{\"@type\":\"WebPage\",\"@id\":\"https:\/\/president-ksgov.net\/presidentja-osmani-u-prit-ne-seline-e-shenjte-nga-papa-francesku\/\",\"url\":\"https:\/\/president-ksgov.net\/presidentja-osmani-u-prit-ne-seline-e-shenjte-nga-papa-francesku\/\",\"name\":\"Predsednicu Osmani je u Svetoj Stolici do\u010dekao papa Franja - Predsednik Republike Kosovo - DR. VJOSA OSMANI - SADRIU\",\"isPartOf\":{\"@id\":\"https:\/\/president-ksgov.net\/#website\"},\"primaryImageOfPage\":{\"@id\":\"https:\/\/president-ksgov.net\/presidentja-osmani-u-prit-ne-seline-e-shenjte-nga-papa-francesku\/#primaryimage\"},\"image\":{\"@id\":\"https:\/\/president-ksgov.net\/presidentja-osmani-u-prit-ne-seline-e-shenjte-nga-papa-francesku\/#primaryimage\"},\"thumbnailUrl\":\"https:\/\/president-ksgov.net\/wp-content\/uploads\/2023\/03\/2023_01_23_7668_1-1-scaled.jpg\",\"datePublished\":\"2023-01-23T14:44:04+00:00\",\"dateModified\":\"2023-01-23T15:26:37+00:00\",\"author\":{\"@id\":\"https:\/\/president-ksgov.net\/#\/schema\/person\/bb4337a5fb147cb2046d80548172cbee\"},\"description\":\"Predsednicu Osmani je u Svetoj Stolici do\u010dekao papa Franja - Predsednik Republike Kosovo - DR. VJOSA OSMANI - SADRIU -\",\"breadcrumb\":{\"@id\":\"https:\/\/president-ksgov.net\/presidentja-osmani-u-prit-ne-seline-e-shenjte-nga-papa-francesku\/#breadcrumb\"},\"inLanguage\":\"sr-RS\",\"potentialAction\":[{\"@type\":\"ReadAction\",\"target\":[\"https:\/\/president-ksgov.net\/presidentja-osmani-u-prit-ne-seline-e-shenjte-nga-papa-francesku\/\"]}]},{\"@type\":\"ImageObject\",\"inLanguage\":\"sr-RS\",\"@id\":\"https:\/\/president-ksgov.net\/presidentja-osmani-u-prit-ne-seline-e-shenjte-nga-papa-francesku\/#primaryimage\",\"url\":\"https:\/\/president-ksgov.net\/wp-content\/uploads\/2023\/03\/2023_01_23_7668_1-1-scaled.jpg\",\"contentUrl\":\"https:\/\/president-ksgov.net\/wp-content\/uploads\/2023\/03\/2023_01_23_7668_1-1-scaled.jpg\",\"width\":2560,\"height\":1707},{\"@type\":\"BreadcrumbList\",\"@id\":\"https:\/\/president-ksgov.net\/presidentja-osmani-u-prit-ne-seline-e-shenjte-nga-papa-francesku\/#breadcrumb\",\"itemListElement\":[{\"@type\":\"ListItem\",\"position\":1,\"name\":\"Home\",\"item\":\"https:\/\/president-ksgov.net\/sr\/\"},{\"@type\":\"ListItem\",\"position\":2,\"name\":\"Predsednicu Osmani je u Svetoj Stolici do\u010dekao papa Franja\"}]},{\"@type\":\"WebSite\",\"@id\":\"https:\/\/president-ksgov.net\/#website\",\"url\":\"https:\/\/president-ksgov.net\/\",\"name\":\"Presidente e Republik\u00ebs s\u00eb Kosov\u00ebs\",\"description\":\"Presidente e Republik\u00ebs s\u00eb Kosov\u00ebs\",\"alternateName\":\"DR. VJOSA OSMANI - SADRIU\",\"potentialAction\":[{\"@type\":\"SearchAction\",\"target\":{\"@type\":\"EntryPoint\",\"urlTemplate\":\"https:\/\/president-ksgov.net\/?s={search_term_string}\"},\"query-input\":{\"@type\":\"PropertyValueSpecification\",\"valueRequired\":true,\"valueName\":\"search_term_string\"}}],\"inLanguage\":\"sr-RS\"},{\"@type\":\"Person\",\"@id\":\"https:\/\/president-ksgov.net\/#\/schema\/person\/bb4337a5fb147cb2046d80548172cbee\",\"name\":\"admin\",\"image\":{\"@type\":\"ImageObject\",\"inLanguage\":\"sr-RS\",\"@id\":\"https:\/\/president-ksgov.net\/#\/schema\/person\/image\/\",\"url\":\"https:\/\/secure.gravatar.com\/avatar\/36156ca0fa3b8d9d25174f146e16beea0cf28f37adf1b9e19b6c9c279a7c9dd3?s=96&d=mm&r=g\",\"contentUrl\":\"https:\/\/secure.gravatar.com\/avatar\/36156ca0fa3b8d9d25174f146e16beea0cf28f37adf1b9e19b6c9c279a7c9dd3?s=96&d=mm&r=g\",\"caption\":\"admin\"},\"sameAs\":[\"https:\/\/president-ksgov.net\"]}]}<\/script>\n<!-- \/ Yoast SEO plugin. -->","yoast_head_json":{"title":"Predsednicu Osmani je u Svetoj Stolici do\u010dekao papa Franja - Predsednik Republike Kosovo - DR. VJOSA OSMANI - SADRIU","description":"Predsednicu Osmani je u Svetoj Stolici do\u010dekao papa Franja - Predsednik Republike Kosovo - DR. VJOSA OSMANI - SADRIU -","robots":{"index":"index","follow":"follow","max-snippet":"max-snippet:-1","max-image-preview":"max-image-preview:large","max-video-preview":"max-video-preview:-1"},"canonical":"https:\/\/president-ksgov.net\/presidentja-osmani-u-prit-ne-seline-e-shenjte-nga-papa-francesku\/","og_locale":"sr_RS","og_type":"article","og_title":"Predsednicu Osmani je u Svetoj Stolici do\u010dekao papa Franja - Predsednik Republike Kosovo - DR. VJOSA OSMANI - SADRIU","og_description":"Predsednicu Osmani je u Svetoj Stolici do\u010dekao papa Franja - Predsednik Republike Kosovo - DR. VJOSA OSMANI - SADRIU -","og_url":"https:\/\/president-ksgov.net\/presidentja-osmani-u-prit-ne-seline-e-shenjte-nga-papa-francesku\/","og_site_name":"Predsednik Republike Kosovo - DR. VJOSA OSMANI - SADRIU","article_published_time":"2023-01-23T14:44:04+00:00","article_modified_time":"2023-01-23T15:26:37+00:00","og_image":[{"width":2560,"height":1707,"url":"https:\/\/president-ksgov.net\/wp-content\/uploads\/2023\/03\/2023_01_23_7668_1-1-scaled.jpg","type":"image\/jpeg"}],"author":"admin","twitter_card":"summary_large_image","twitter_misc":{"\u041d\u0430\u043f\u0438\u0441\u0430\u043d\u043e \u043e\u0434":"admin","\u041f\u0440\u043e\u0446\u0435\u045a\u0435\u043d\u043e \u0432\u0440\u0435\u043c\u0435 \u0447\u0438\u0442\u0430\u045a\u0430":"2 \u043c\u0438\u043d\u0443\u0442\u0430"},"schema":{"@context":"https:\/\/schema.org","@graph":[{"@type":"WebPage","@id":"https:\/\/president-ksgov.net\/presidentja-osmani-u-prit-ne-seline-e-shenjte-nga-papa-francesku\/","url":"https:\/\/president-ksgov.net\/presidentja-osmani-u-prit-ne-seline-e-shenjte-nga-papa-francesku\/","name":"Predsednicu Osmani je u Svetoj Stolici do\u010dekao papa Franja - Predsednik Republike Kosovo - DR. VJOSA OSMANI - SADRIU","isPartOf":{"@id":"https:\/\/president-ksgov.net\/#website"},"primaryImageOfPage":{"@id":"https:\/\/president-ksgov.net\/presidentja-osmani-u-prit-ne-seline-e-shenjte-nga-papa-francesku\/#primaryimage"},"image":{"@id":"https:\/\/president-ksgov.net\/presidentja-osmani-u-prit-ne-seline-e-shenjte-nga-papa-francesku\/#primaryimage"},"thumbnailUrl":"https:\/\/president-ksgov.net\/wp-content\/uploads\/2023\/03\/2023_01_23_7668_1-1-scaled.jpg","datePublished":"2023-01-23T14:44:04+00:00","dateModified":"2023-01-23T15:26:37+00:00","author":{"@id":"https:\/\/president-ksgov.net\/#\/schema\/person\/bb4337a5fb147cb2046d80548172cbee"},"description":"Predsednicu Osmani je u Svetoj Stolici do\u010dekao papa Franja - Predsednik Republike Kosovo - DR. VJOSA OSMANI - SADRIU -","breadcrumb":{"@id":"https:\/\/president-ksgov.net\/presidentja-osmani-u-prit-ne-seline-e-shenjte-nga-papa-francesku\/#breadcrumb"},"inLanguage":"sr-RS","potentialAction":[{"@type":"ReadAction","target":["https:\/\/president-ksgov.net\/presidentja-osmani-u-prit-ne-seline-e-shenjte-nga-papa-francesku\/"]}]},{"@type":"ImageObject","inLanguage":"sr-RS","@id":"https:\/\/president-ksgov.net\/presidentja-osmani-u-prit-ne-seline-e-shenjte-nga-papa-francesku\/#primaryimage","url":"https:\/\/president-ksgov.net\/wp-content\/uploads\/2023\/03\/2023_01_23_7668_1-1-scaled.jpg","contentUrl":"https:\/\/president-ksgov.net\/wp-content\/uploads\/2023\/03\/2023_01_23_7668_1-1-scaled.jpg","width":2560,"height":1707},{"@type":"BreadcrumbList","@id":"https:\/\/president-ksgov.net\/presidentja-osmani-u-prit-ne-seline-e-shenjte-nga-papa-francesku\/#breadcrumb","itemListElement":[{"@type":"ListItem","position":1,"name":"Home","item":"https:\/\/president-ksgov.net\/sr\/"},{"@type":"ListItem","position":2,"name":"Predsednicu Osmani je u Svetoj Stolici do\u010dekao papa Franja"}]},{"@type":"WebSite","@id":"https:\/\/president-ksgov.net\/#website","url":"https:\/\/president-ksgov.net\/","name":"Presidente e Republik\u00ebs s\u00eb Kosov\u00ebs","description":"Presidente e Republik\u00ebs s\u00eb Kosov\u00ebs","alternateName":"DR. VJOSA OSMANI - SADRIU","potentialAction":[{"@type":"SearchAction","target":{"@type":"EntryPoint","urlTemplate":"https:\/\/president-ksgov.net\/?s={search_term_string}"},"query-input":{"@type":"PropertyValueSpecification","valueRequired":true,"valueName":"search_term_string"}}],"inLanguage":"sr-RS"},{"@type":"Person","@id":"https:\/\/president-ksgov.net\/#\/schema\/person\/bb4337a5fb147cb2046d80548172cbee","name":"admin","image":{"@type":"ImageObject","inLanguage":"sr-RS","@id":"https:\/\/president-ksgov.net\/#\/schema\/person\/image\/","url":"https:\/\/secure.gravatar.com\/avatar\/36156ca0fa3b8d9d25174f146e16beea0cf28f37adf1b9e19b6c9c279a7c9dd3?s=96&d=mm&r=g","contentUrl":"https:\/\/secure.gravatar.com\/avatar\/36156ca0fa3b8d9d25174f146e16beea0cf28f37adf1b9e19b6c9c279a7c9dd3?s=96&d=mm&r=g","caption":"admin"},"sameAs":["https:\/\/president-ksgov.net"]}]}},"_links":{"self":[{"href":"https:\/\/president-ksgov.net\/sr\/wp-json\/wp\/v2\/posts\/73735","targetHints":{"allow":["GET"]}}],"collection":[{"href":"https:\/\/president-ksgov.net\/sr\/wp-json\/wp\/v2\/posts"}],"about":[{"href":"https:\/\/president-ksgov.net\/sr\/wp-json\/wp\/v2\/types\/post"}],"author":[{"embeddable":true,"href":"https:\/\/president-ksgov.net\/sr\/wp-json\/wp\/v2\/users\/1"}],"replies":[{"embeddable":true,"href":"https:\/\/president-ksgov.net\/sr\/wp-json\/wp\/v2\/comments?post=73735"}],"version-history":[{"count":0,"href":"https:\/\/president-ksgov.net\/sr\/wp-json\/wp\/v2\/posts\/73735\/revisions"}],"wp:featuredmedia":[{"embeddable":true,"href":"https:\/\/president-ksgov.net\/sr\/wp-json\/wp\/v2\/media\/8452"}],"wp:attachment":[{"href":"https:\/\/president-ksgov.net\/sr\/wp-json\/wp\/v2\/media?parent=73735"}],"wp:term":[{"taxonomy":"category","embeddable":true,"href":"https:\/\/president-ksgov.net\/sr\/wp-json\/wp\/v2\/categories?post=73735"},{"taxonomy":"post_tag","embeddable":true,"href":"https:\/\/president-ksgov.net\/sr\/wp-json\/wp\/v2\/tags?post=73735"}],"curies":[{"name":"wp","href":"https:\/\/api.w.org\/{rel}","templated":true}]}}