{"id":73732,"date":"2023-01-24T17:37:58","date_gmt":"2023-01-24T17:37:58","guid":{"rendered":"https:\/\/dev.president-ksgov.net\/predsednica-osmani-predala-kardinalu-ernestu-simoniju-predsednicku-medalju-sveta-tereza\/"},"modified":"2023-01-25T09:04:03","modified_gmt":"2023-01-25T09:04:03","slug":"predsednica-osmani-predala-kardinalu-ernestu-simoniju-predsednicku-medalju-sveta-tereza","status":"publish","type":"post","link":"https:\/\/president-ksgov.net\/sr\/predsednica-osmani-predala-kardinalu-ernestu-simoniju-predsednicku-medalju-sveta-tereza\/","title":{"rendered":"Predsednica Osmani predala kardinalu Ernestu Simoniju predsedni\u010dku medalju &#8222;Sveta Tereza&#8220;"},"content":{"rendered":"<p>Predsednica Republike Kosovo Vjosa Osmani Sadriu je tokom ju\u010dera\u0161njeg dana u ambasadi Republike Kosovo u Rimu predala jedinom albaskom kardinalu koji je pre\u017eiveo komunisti\u010dku diktaturu u Albaniji, kardinalu Ernestu Simoniju predsedni\u010dku medalju &#8222;Sveta Tereza&#8220;.<\/p>\n<p>Ova medalja mu je dodeljena pro\u0161loga septembra u okviru &#8222;Dana majke Tereze&#8220;, zbog nepokolebljivog otpora tokom komunisti\u010dke diktature i dugog aktivizma u slu\u017ebi mira i slobode. <\/p>\n<p>Izra\u017eavaju\u0107i mu duboku zahvalnost, predsednica Osmani je rekla: &#8222;Kardinalu Simoniju \u0107emo zauvek biti zahvalni na gajenju ljudskih vrednosti i na pa\u017enji koju ukazuje prema Kosovu na svakom sastanku i doga\u0111aju.&#8220;<\/p>\n","protected":false},"excerpt":{"rendered":"<p>Predsednica Republike Kosovo Vjosa Osmani Sadriu je tokom ju\u010dera\u0161njeg dana u ambasadi Republike Kosovo u Rimu predala jedinom albaskom kardinalu koji je pre\u017eiveo komunisti\u010dku diktaturu u Albaniji, kardinalu Ernestu Simoniju predsedni\u010dku medalju &#8222;Sveta Tereza&#8220;.<\/p>\n","protected":false},"author":1,"featured_media":8400,"comment_status":"open","ping_status":"closed","sticky":false,"template":"","format":"standard","meta":{"_eb_attr":"","footnotes":""},"categories":[101],"tags":[],"class_list":["post-73732","post","type-post","status-publish","format-standard","has-post-thumbnail","hentry","category-vesti"],"yoast_head":"<!-- This site is optimized with the Yoast SEO plugin v23.5 - https:\/\/yoast.com\/wordpress\/plugins\/seo\/ -->\n<title>Predsednica Osmani predala kardinalu Ernestu Simoniju predsedni\u010dku medalju &quot;Sveta Tereza&quot; - Predsednik Republike Kosovo - DR. VJOSA OSMANI - SADRIU<\/title>\n<meta name=\"description\" content=\"Predsednica Osmani predala kardinalu Ernestu Simoniju predsedni\u010dku medalju &quot;Sveta Tereza&quot; - Predsednik Republike Kosovo - DR. VJOSA OSMANI - SADRIU -\" \/>\n<meta name=\"robots\" content=\"index, follow, max-snippet:-1, max-image-preview:large, max-video-preview:-1\" \/>\n<link rel=\"canonical\" href=\"https:\/\/president-ksgov.net\/presidentja-osmani-ia-dorezoi-kardinalit-ernest-simoni-medaljen-presidenciale-shen-tereza\/\" \/>\n<meta property=\"og:locale\" content=\"sr_RS\" \/>\n<meta property=\"og:type\" content=\"article\" \/>\n<meta property=\"og:title\" content=\"Predsednica Osmani predala kardinalu Ernestu Simoniju predsedni\u010dku medalju &quot;Sveta Tereza&quot; - Predsednik Republike Kosovo - DR. VJOSA OSMANI - SADRIU\" \/>\n<meta property=\"og:description\" content=\"Predsednica Osmani predala kardinalu Ernestu Simoniju predsedni\u010dku medalju &quot;Sveta Tereza&quot; - Predsednik Republike Kosovo - DR. VJOSA OSMANI - SADRIU -\" \/>\n<meta property=\"og:url\" content=\"https:\/\/president-ksgov.net\/presidentja-osmani-ia-dorezoi-kardinalit-ernest-simoni-medaljen-presidenciale-shen-tereza\/\" \/>\n<meta property=\"og:site_name\" content=\"Predsednik Republike Kosovo - DR. VJOSA OSMANI - SADRIU\" \/>\n<meta property=\"article:published_time\" content=\"2023-01-24T17:37:58+00:00\" \/>\n<meta property=\"article:modified_time\" content=\"2023-01-25T09:04:03+00:00\" \/>\n<meta property=\"og:image\" content=\"https:\/\/president-ksgov.net\/wp-content\/uploads\/2023\/03\/24_01_2023_1-1-scaled.jpg\" \/>\n\t<meta property=\"og:image:width\" content=\"2560\" \/>\n\t<meta property=\"og:image:height\" content=\"1709\" \/>\n\t<meta property=\"og:image:type\" content=\"image\/jpeg\" \/>\n<meta name=\"author\" content=\"admin\" \/>\n<meta name=\"twitter:card\" content=\"summary_large_image\" \/>\n<meta name=\"twitter:label1\" content=\"\u041d\u0430\u043f\u0438\u0441\u0430\u043d\u043e \u043e\u0434\" \/>\n\t<meta name=\"twitter:data1\" content=\"admin\" \/>\n\t<meta name=\"twitter:label2\" content=\"\u041f\u0440\u043e\u0446\u0435\u045a\u0435\u043d\u043e \u0432\u0440\u0435\u043c\u0435 \u0447\u0438\u0442\u0430\u045a\u0430\" \/>\n\t<meta name=\"twitter:data2\" content=\"1 \u043c\u0438\u043d\u0443\u0442\" \/>\n<script type=\"application\/ld+json\" class=\"yoast-schema-graph\">{\"@context\":\"https:\/\/schema.org\",\"@graph\":[{\"@type\":\"WebPage\",\"@id\":\"https:\/\/president-ksgov.net\/presidentja-osmani-ia-dorezoi-kardinalit-ernest-simoni-medaljen-presidenciale-shen-tereza\/\",\"url\":\"https:\/\/president-ksgov.net\/presidentja-osmani-ia-dorezoi-kardinalit-ernest-simoni-medaljen-presidenciale-shen-tereza\/\",\"name\":\"Predsednica Osmani predala kardinalu Ernestu Simoniju predsedni\u010dku medalju \\\"Sveta Tereza\\\" - Predsednik Republike Kosovo - DR. VJOSA OSMANI - SADRIU\",\"isPartOf\":{\"@id\":\"https:\/\/president-ksgov.net\/#website\"},\"primaryImageOfPage\":{\"@id\":\"https:\/\/president-ksgov.net\/presidentja-osmani-ia-dorezoi-kardinalit-ernest-simoni-medaljen-presidenciale-shen-tereza\/#primaryimage\"},\"image\":{\"@id\":\"https:\/\/president-ksgov.net\/presidentja-osmani-ia-dorezoi-kardinalit-ernest-simoni-medaljen-presidenciale-shen-tereza\/#primaryimage\"},\"thumbnailUrl\":\"https:\/\/president-ksgov.net\/wp-content\/uploads\/2023\/03\/24_01_2023_1-1-scaled.jpg\",\"datePublished\":\"2023-01-24T17:37:58+00:00\",\"dateModified\":\"2023-01-25T09:04:03+00:00\",\"author\":{\"@id\":\"https:\/\/president-ksgov.net\/#\/schema\/person\/bb4337a5fb147cb2046d80548172cbee\"},\"description\":\"Predsednica Osmani predala kardinalu Ernestu Simoniju predsedni\u010dku medalju \\\"Sveta Tereza\\\" - Predsednik Republike Kosovo - DR. VJOSA OSMANI - SADRIU -\",\"breadcrumb\":{\"@id\":\"https:\/\/president-ksgov.net\/presidentja-osmani-ia-dorezoi-kardinalit-ernest-simoni-medaljen-presidenciale-shen-tereza\/#breadcrumb\"},\"inLanguage\":\"sr-RS\",\"potentialAction\":[{\"@type\":\"ReadAction\",\"target\":[\"https:\/\/president-ksgov.net\/presidentja-osmani-ia-dorezoi-kardinalit-ernest-simoni-medaljen-presidenciale-shen-tereza\/\"]}]},{\"@type\":\"ImageObject\",\"inLanguage\":\"sr-RS\",\"@id\":\"https:\/\/president-ksgov.net\/presidentja-osmani-ia-dorezoi-kardinalit-ernest-simoni-medaljen-presidenciale-shen-tereza\/#primaryimage\",\"url\":\"https:\/\/president-ksgov.net\/wp-content\/uploads\/2023\/03\/24_01_2023_1-1-scaled.jpg\",\"contentUrl\":\"https:\/\/president-ksgov.net\/wp-content\/uploads\/2023\/03\/24_01_2023_1-1-scaled.jpg\",\"width\":2560,\"height\":1709},{\"@type\":\"BreadcrumbList\",\"@id\":\"https:\/\/president-ksgov.net\/presidentja-osmani-ia-dorezoi-kardinalit-ernest-simoni-medaljen-presidenciale-shen-tereza\/#breadcrumb\",\"itemListElement\":[{\"@type\":\"ListItem\",\"position\":1,\"name\":\"Home\",\"item\":\"https:\/\/president-ksgov.net\/sr\/\"},{\"@type\":\"ListItem\",\"position\":2,\"name\":\"Predsednica Osmani predala kardinalu Ernestu Simoniju predsedni\u010dku medalju &#8220;Sveta Tereza&#8221;\"}]},{\"@type\":\"WebSite\",\"@id\":\"https:\/\/president-ksgov.net\/#website\",\"url\":\"https:\/\/president-ksgov.net\/\",\"name\":\"Presidente e Republik\u00ebs s\u00eb Kosov\u00ebs\",\"description\":\"Presidente e Republik\u00ebs s\u00eb Kosov\u00ebs\",\"alternateName\":\"DR. VJOSA OSMANI - SADRIU\",\"potentialAction\":[{\"@type\":\"SearchAction\",\"target\":{\"@type\":\"EntryPoint\",\"urlTemplate\":\"https:\/\/president-ksgov.net\/?s={search_term_string}\"},\"query-input\":{\"@type\":\"PropertyValueSpecification\",\"valueRequired\":true,\"valueName\":\"search_term_string\"}}],\"inLanguage\":\"sr-RS\"},{\"@type\":\"Person\",\"@id\":\"https:\/\/president-ksgov.net\/#\/schema\/person\/bb4337a5fb147cb2046d80548172cbee\",\"name\":\"admin\",\"image\":{\"@type\":\"ImageObject\",\"inLanguage\":\"sr-RS\",\"@id\":\"https:\/\/president-ksgov.net\/#\/schema\/person\/image\/\",\"url\":\"https:\/\/secure.gravatar.com\/avatar\/36156ca0fa3b8d9d25174f146e16beea0cf28f37adf1b9e19b6c9c279a7c9dd3?s=96&d=mm&r=g\",\"contentUrl\":\"https:\/\/secure.gravatar.com\/avatar\/36156ca0fa3b8d9d25174f146e16beea0cf28f37adf1b9e19b6c9c279a7c9dd3?s=96&d=mm&r=g\",\"caption\":\"admin\"},\"sameAs\":[\"https:\/\/president-ksgov.net\"]}]}<\/script>\n<!-- \/ Yoast SEO plugin. -->","yoast_head_json":{"title":"Predsednica Osmani predala kardinalu Ernestu Simoniju predsedni\u010dku medalju \"Sveta Tereza\" - Predsednik Republike Kosovo - DR. VJOSA OSMANI - SADRIU","description":"Predsednica Osmani predala kardinalu Ernestu Simoniju predsedni\u010dku medalju \"Sveta Tereza\" - Predsednik Republike Kosovo - DR. VJOSA OSMANI - SADRIU -","robots":{"index":"index","follow":"follow","max-snippet":"max-snippet:-1","max-image-preview":"max-image-preview:large","max-video-preview":"max-video-preview:-1"},"canonical":"https:\/\/president-ksgov.net\/presidentja-osmani-ia-dorezoi-kardinalit-ernest-simoni-medaljen-presidenciale-shen-tereza\/","og_locale":"sr_RS","og_type":"article","og_title":"Predsednica Osmani predala kardinalu Ernestu Simoniju predsedni\u010dku medalju \"Sveta Tereza\" - Predsednik Republike Kosovo - DR. VJOSA OSMANI - SADRIU","og_description":"Predsednica Osmani predala kardinalu Ernestu Simoniju predsedni\u010dku medalju \"Sveta Tereza\" - Predsednik Republike Kosovo - DR. VJOSA OSMANI - SADRIU -","og_url":"https:\/\/president-ksgov.net\/presidentja-osmani-ia-dorezoi-kardinalit-ernest-simoni-medaljen-presidenciale-shen-tereza\/","og_site_name":"Predsednik Republike Kosovo - DR. VJOSA OSMANI - SADRIU","article_published_time":"2023-01-24T17:37:58+00:00","article_modified_time":"2023-01-25T09:04:03+00:00","og_image":[{"width":2560,"height":1709,"url":"https:\/\/president-ksgov.net\/wp-content\/uploads\/2023\/03\/24_01_2023_1-1-scaled.jpg","type":"image\/jpeg"}],"author":"admin","twitter_card":"summary_large_image","twitter_misc":{"\u041d\u0430\u043f\u0438\u0441\u0430\u043d\u043e \u043e\u0434":"admin","\u041f\u0440\u043e\u0446\u0435\u045a\u0435\u043d\u043e \u0432\u0440\u0435\u043c\u0435 \u0447\u0438\u0442\u0430\u045a\u0430":"1 \u043c\u0438\u043d\u0443\u0442"},"schema":{"@context":"https:\/\/schema.org","@graph":[{"@type":"WebPage","@id":"https:\/\/president-ksgov.net\/presidentja-osmani-ia-dorezoi-kardinalit-ernest-simoni-medaljen-presidenciale-shen-tereza\/","url":"https:\/\/president-ksgov.net\/presidentja-osmani-ia-dorezoi-kardinalit-ernest-simoni-medaljen-presidenciale-shen-tereza\/","name":"Predsednica Osmani predala kardinalu Ernestu Simoniju predsedni\u010dku medalju \"Sveta Tereza\" - Predsednik Republike Kosovo - DR. VJOSA OSMANI - SADRIU","isPartOf":{"@id":"https:\/\/president-ksgov.net\/#website"},"primaryImageOfPage":{"@id":"https:\/\/president-ksgov.net\/presidentja-osmani-ia-dorezoi-kardinalit-ernest-simoni-medaljen-presidenciale-shen-tereza\/#primaryimage"},"image":{"@id":"https:\/\/president-ksgov.net\/presidentja-osmani-ia-dorezoi-kardinalit-ernest-simoni-medaljen-presidenciale-shen-tereza\/#primaryimage"},"thumbnailUrl":"https:\/\/president-ksgov.net\/wp-content\/uploads\/2023\/03\/24_01_2023_1-1-scaled.jpg","datePublished":"2023-01-24T17:37:58+00:00","dateModified":"2023-01-25T09:04:03+00:00","author":{"@id":"https:\/\/president-ksgov.net\/#\/schema\/person\/bb4337a5fb147cb2046d80548172cbee"},"description":"Predsednica Osmani predala kardinalu Ernestu Simoniju predsedni\u010dku medalju \"Sveta Tereza\" - Predsednik Republike Kosovo - DR. VJOSA OSMANI - SADRIU -","breadcrumb":{"@id":"https:\/\/president-ksgov.net\/presidentja-osmani-ia-dorezoi-kardinalit-ernest-simoni-medaljen-presidenciale-shen-tereza\/#breadcrumb"},"inLanguage":"sr-RS","potentialAction":[{"@type":"ReadAction","target":["https:\/\/president-ksgov.net\/presidentja-osmani-ia-dorezoi-kardinalit-ernest-simoni-medaljen-presidenciale-shen-tereza\/"]}]},{"@type":"ImageObject","inLanguage":"sr-RS","@id":"https:\/\/president-ksgov.net\/presidentja-osmani-ia-dorezoi-kardinalit-ernest-simoni-medaljen-presidenciale-shen-tereza\/#primaryimage","url":"https:\/\/president-ksgov.net\/wp-content\/uploads\/2023\/03\/24_01_2023_1-1-scaled.jpg","contentUrl":"https:\/\/president-ksgov.net\/wp-content\/uploads\/2023\/03\/24_01_2023_1-1-scaled.jpg","width":2560,"height":1709},{"@type":"BreadcrumbList","@id":"https:\/\/president-ksgov.net\/presidentja-osmani-ia-dorezoi-kardinalit-ernest-simoni-medaljen-presidenciale-shen-tereza\/#breadcrumb","itemListElement":[{"@type":"ListItem","position":1,"name":"Home","item":"https:\/\/president-ksgov.net\/sr\/"},{"@type":"ListItem","position":2,"name":"Predsednica Osmani predala kardinalu Ernestu Simoniju predsedni\u010dku medalju &#8220;Sveta Tereza&#8221;"}]},{"@type":"WebSite","@id":"https:\/\/president-ksgov.net\/#website","url":"https:\/\/president-ksgov.net\/","name":"Presidente e Republik\u00ebs s\u00eb Kosov\u00ebs","description":"Presidente e Republik\u00ebs s\u00eb Kosov\u00ebs","alternateName":"DR. VJOSA OSMANI - SADRIU","potentialAction":[{"@type":"SearchAction","target":{"@type":"EntryPoint","urlTemplate":"https:\/\/president-ksgov.net\/?s={search_term_string}"},"query-input":{"@type":"PropertyValueSpecification","valueRequired":true,"valueName":"search_term_string"}}],"inLanguage":"sr-RS"},{"@type":"Person","@id":"https:\/\/president-ksgov.net\/#\/schema\/person\/bb4337a5fb147cb2046d80548172cbee","name":"admin","image":{"@type":"ImageObject","inLanguage":"sr-RS","@id":"https:\/\/president-ksgov.net\/#\/schema\/person\/image\/","url":"https:\/\/secure.gravatar.com\/avatar\/36156ca0fa3b8d9d25174f146e16beea0cf28f37adf1b9e19b6c9c279a7c9dd3?s=96&d=mm&r=g","contentUrl":"https:\/\/secure.gravatar.com\/avatar\/36156ca0fa3b8d9d25174f146e16beea0cf28f37adf1b9e19b6c9c279a7c9dd3?s=96&d=mm&r=g","caption":"admin"},"sameAs":["https:\/\/president-ksgov.net"]}]}},"_links":{"self":[{"href":"https:\/\/president-ksgov.net\/sr\/wp-json\/wp\/v2\/posts\/73732","targetHints":{"allow":["GET"]}}],"collection":[{"href":"https:\/\/president-ksgov.net\/sr\/wp-json\/wp\/v2\/posts"}],"about":[{"href":"https:\/\/president-ksgov.net\/sr\/wp-json\/wp\/v2\/types\/post"}],"author":[{"embeddable":true,"href":"https:\/\/president-ksgov.net\/sr\/wp-json\/wp\/v2\/users\/1"}],"replies":[{"embeddable":true,"href":"https:\/\/president-ksgov.net\/sr\/wp-json\/wp\/v2\/comments?post=73732"}],"version-history":[{"count":0,"href":"https:\/\/president-ksgov.net\/sr\/wp-json\/wp\/v2\/posts\/73732\/revisions"}],"wp:featuredmedia":[{"embeddable":true,"href":"https:\/\/president-ksgov.net\/sr\/wp-json\/wp\/v2\/media\/8400"}],"wp:attachment":[{"href":"https:\/\/president-ksgov.net\/sr\/wp-json\/wp\/v2\/media?parent=73732"}],"wp:term":[{"taxonomy":"category","embeddable":true,"href":"https:\/\/president-ksgov.net\/sr\/wp-json\/wp\/v2\/categories?post=73732"},{"taxonomy":"post_tag","embeddable":true,"href":"https:\/\/president-ksgov.net\/sr\/wp-json\/wp\/v2\/tags?post=73732"}],"curies":[{"name":"wp","href":"https:\/\/api.w.org\/{rel}","templated":true}]}}