{"id":73727,"date":"2023-01-27T13:43:33","date_gmt":"2023-01-27T13:43:33","guid":{"rendered":"https:\/\/dev.president-ksgov.net\/predsednica-osmani-docekala-na-sastanku-grupu-prijateljstva-austrija-kosovo-koju-je-predvodio-evropski-poslanik-lukas-mandl\/"},"modified":"2023-01-29T16:20:32","modified_gmt":"2023-01-29T16:20:32","slug":"predsednica-osmani-docekala-na-sastanku-grupu-prijateljstva-austrija-kosovo-koju-je-predvodio-evropski-poslanik-lukas-mandl","status":"publish","type":"post","link":"https:\/\/president-ksgov.net\/sr\/predsednica-osmani-docekala-na-sastanku-grupu-prijateljstva-austrija-kosovo-koju-je-predvodio-evropski-poslanik-lukas-mandl\/","title":{"rendered":"Predsednica Osmani do\u010dekala na sastanku Grupu prijateljstva Austrija-Kosovo koju je predvodio evropski poslanik Lukas Mandl"},"content":{"rendered":"<p>Predsednica Osmani do\u010dekala na sastanku Grupu prijateljstva Austrija-Kosovo koju je predvodio evropski poslanik Lukas MandlPredsednica Republike Kosovo Vjosa Osmani do\u010dekala je danas na sastanku delegaciju Grupe prijateljstva Austrija-Kosovo, koju je predvodio evropski poslanik Lukas Mandl, u kojoj su bili visoki austrijski zvani\u010dnici i privrednici.<\/p>\n<p>Na sastanku sa austrijskom delegacijom, predsednica Osmani je zahvalila dr\u017eavi Austriji na podr\u0161ci Kosovu u razli\u010ditim fazama istorije.<\/p>\n<p>Predsednica Osmani je posve\u0107ena ja\u010dem partnerstvu sa Austrijom, koju smatra saveznikom i podr\u017eavaocem na evroatlantskom putu Kosova.<\/p>\n<p>Razgovarano je i o procesu dijaloga sa Srbijom, po\u0161to je predsednica Osmani istakla opstrukcije Srbije u procesu dijaloga, ometaju\u0107i dijalog i poku\u0161avaju\u0107i da preko kriminalnih bandi na severu destabilizuje ne samo Kosovo. U tom duhu, predsednica Osmani je istakla da je Kosovo posve\u0107eno doprinosu miru i stabilnosti zemlje i regiona, u koordinaciji sa saveznicima.<\/p>\n<p>Predsednica Osmani je dodala da je Kosovu potrebna dalja podr\u0161ka partnera za \u010dlanstvo u Savet Evrope i druge me\u0111unarodne organizacije, jer napredak Kosova u me\u0111unarodnoj areni donosi vi\u0161e stabilnosti i prosperiteta za sve gra\u0111ane, bez razlike.<\/p>\n<p>Tako\u0111e, na sastanku se razgovaralo i o mogu\u0107nostima pove\u0107anja saradnje izme\u0111u Kosova i Austrije, pa je u ovom kontekstu predsednica Osmani pomenula ekonomski potencijal koji Kosovo ima, kao i povoljan ambijent za strane investitore.<\/p>\n<p>Spoljna politika, obrazovanje, zdravstvo i trgovinska razmena pomenuti su u kontekstu produbljivanja saradnje Kosova sa Austrijom.<\/p>\n","protected":false},"excerpt":{"rendered":"<p>Predsednica Osmani do\u010dekala na sastanku Grupu prijateljstva Austrija-Kosovo koju je predvodio evropski poslanik Lukas MandlPredsednica Republike Kosovo Vjosa Osmani do\u010dekala je danas na sastanku delegaciju Grupe prijateljstva Austrija-Kosovo, koju je predvodio evropski poslanik Lukas Mandl, u kojoj su bili visoki austrijski zvani\u010dnici i privrednici.<\/p>\n","protected":false},"author":1,"featured_media":8328,"comment_status":"open","ping_status":"closed","sticky":false,"template":"","format":"standard","meta":{"_eb_attr":"","footnotes":""},"categories":[101],"tags":[],"class_list":["post-73727","post","type-post","status-publish","format-standard","has-post-thumbnail","hentry","category-vesti"],"yoast_head":"<!-- This site is optimized with the Yoast SEO plugin v23.5 - https:\/\/yoast.com\/wordpress\/plugins\/seo\/ -->\n<title>Predsednica Osmani do\u010dekala na sastanku Grupu prijateljstva Austrija-Kosovo koju je predvodio evropski poslanik Lukas Mandl - Predsednik Republike Kosovo - DR. VJOSA OSMANI - SADRIU<\/title>\n<meta name=\"description\" content=\"Predsednica Osmani do\u010dekala na sastanku Grupu prijateljstva Austrija-Kosovo koju je predvodio evropski poslanik Lukas Mandl - Predsednik Republike Kosovo - DR. VJOSA OSMANI - SADRIU -\" \/>\n<meta name=\"robots\" content=\"index, follow, max-snippet:-1, max-image-preview:large, max-video-preview:-1\" \/>\n<link rel=\"canonical\" href=\"https:\/\/president-ksgov.net\/presidentja-osmani-priti-ne-takim-grupin-e-miqesise-austri-kosove-te-kryesuar-nga-eurodeputeti-lukas-mandl\/\" \/>\n<meta property=\"og:locale\" content=\"sr_RS\" \/>\n<meta property=\"og:type\" content=\"article\" \/>\n<meta property=\"og:title\" content=\"Predsednica Osmani do\u010dekala na sastanku Grupu prijateljstva Austrija-Kosovo koju je predvodio evropski poslanik Lukas Mandl - Predsednik Republike Kosovo - DR. VJOSA OSMANI - SADRIU\" \/>\n<meta property=\"og:description\" content=\"Predsednica Osmani do\u010dekala na sastanku Grupu prijateljstva Austrija-Kosovo koju je predvodio evropski poslanik Lukas Mandl - Predsednik Republike Kosovo - DR. VJOSA OSMANI - SADRIU -\" \/>\n<meta property=\"og:url\" content=\"https:\/\/president-ksgov.net\/presidentja-osmani-priti-ne-takim-grupin-e-miqesise-austri-kosove-te-kryesuar-nga-eurodeputeti-lukas-mandl\/\" \/>\n<meta property=\"og:site_name\" content=\"Predsednik Republike Kosovo - DR. VJOSA OSMANI - SADRIU\" \/>\n<meta property=\"article:published_time\" content=\"2023-01-27T13:43:33+00:00\" \/>\n<meta property=\"article:modified_time\" content=\"2023-01-29T16:20:32+00:00\" \/>\n<meta property=\"og:image\" content=\"https:\/\/president-ksgov.net\/wp-content\/uploads\/2023\/03\/Osmani_27_Janar_2023-1-scaled.jpg\" \/>\n\t<meta property=\"og:image:width\" content=\"2560\" \/>\n\t<meta property=\"og:image:height\" content=\"1920\" \/>\n\t<meta property=\"og:image:type\" content=\"image\/jpeg\" \/>\n<meta name=\"author\" content=\"admin\" \/>\n<meta name=\"twitter:card\" content=\"summary_large_image\" \/>\n<meta name=\"twitter:label1\" content=\"\u041d\u0430\u043f\u0438\u0441\u0430\u043d\u043e \u043e\u0434\" \/>\n\t<meta name=\"twitter:data1\" content=\"admin\" \/>\n\t<meta name=\"twitter:label2\" content=\"\u041f\u0440\u043e\u0446\u0435\u045a\u0435\u043d\u043e \u0432\u0440\u0435\u043c\u0435 \u0447\u0438\u0442\u0430\u045a\u0430\" \/>\n\t<meta name=\"twitter:data2\" content=\"1 \u043c\u0438\u043d\u0443\u0442\" \/>\n<script type=\"application\/ld+json\" class=\"yoast-schema-graph\">{\"@context\":\"https:\/\/schema.org\",\"@graph\":[{\"@type\":\"WebPage\",\"@id\":\"https:\/\/president-ksgov.net\/presidentja-osmani-priti-ne-takim-grupin-e-miqesise-austri-kosove-te-kryesuar-nga-eurodeputeti-lukas-mandl\/\",\"url\":\"https:\/\/president-ksgov.net\/presidentja-osmani-priti-ne-takim-grupin-e-miqesise-austri-kosove-te-kryesuar-nga-eurodeputeti-lukas-mandl\/\",\"name\":\"Predsednica Osmani do\u010dekala na sastanku Grupu prijateljstva Austrija-Kosovo koju je predvodio evropski poslanik Lukas Mandl - Predsednik Republike Kosovo - DR. VJOSA OSMANI - SADRIU\",\"isPartOf\":{\"@id\":\"https:\/\/president-ksgov.net\/#website\"},\"primaryImageOfPage\":{\"@id\":\"https:\/\/president-ksgov.net\/presidentja-osmani-priti-ne-takim-grupin-e-miqesise-austri-kosove-te-kryesuar-nga-eurodeputeti-lukas-mandl\/#primaryimage\"},\"image\":{\"@id\":\"https:\/\/president-ksgov.net\/presidentja-osmani-priti-ne-takim-grupin-e-miqesise-austri-kosove-te-kryesuar-nga-eurodeputeti-lukas-mandl\/#primaryimage\"},\"thumbnailUrl\":\"https:\/\/president-ksgov.net\/wp-content\/uploads\/2023\/03\/Osmani_27_Janar_2023-1-scaled.jpg\",\"datePublished\":\"2023-01-27T13:43:33+00:00\",\"dateModified\":\"2023-01-29T16:20:32+00:00\",\"author\":{\"@id\":\"https:\/\/president-ksgov.net\/#\/schema\/person\/bb4337a5fb147cb2046d80548172cbee\"},\"description\":\"Predsednica Osmani do\u010dekala na sastanku Grupu prijateljstva Austrija-Kosovo koju je predvodio evropski poslanik Lukas Mandl - Predsednik Republike Kosovo - DR. VJOSA OSMANI - SADRIU -\",\"breadcrumb\":{\"@id\":\"https:\/\/president-ksgov.net\/presidentja-osmani-priti-ne-takim-grupin-e-miqesise-austri-kosove-te-kryesuar-nga-eurodeputeti-lukas-mandl\/#breadcrumb\"},\"inLanguage\":\"sr-RS\",\"potentialAction\":[{\"@type\":\"ReadAction\",\"target\":[\"https:\/\/president-ksgov.net\/presidentja-osmani-priti-ne-takim-grupin-e-miqesise-austri-kosove-te-kryesuar-nga-eurodeputeti-lukas-mandl\/\"]}]},{\"@type\":\"ImageObject\",\"inLanguage\":\"sr-RS\",\"@id\":\"https:\/\/president-ksgov.net\/presidentja-osmani-priti-ne-takim-grupin-e-miqesise-austri-kosove-te-kryesuar-nga-eurodeputeti-lukas-mandl\/#primaryimage\",\"url\":\"https:\/\/president-ksgov.net\/wp-content\/uploads\/2023\/03\/Osmani_27_Janar_2023-1-scaled.jpg\",\"contentUrl\":\"https:\/\/president-ksgov.net\/wp-content\/uploads\/2023\/03\/Osmani_27_Janar_2023-1-scaled.jpg\",\"width\":2560,\"height\":1920},{\"@type\":\"BreadcrumbList\",\"@id\":\"https:\/\/president-ksgov.net\/presidentja-osmani-priti-ne-takim-grupin-e-miqesise-austri-kosove-te-kryesuar-nga-eurodeputeti-lukas-mandl\/#breadcrumb\",\"itemListElement\":[{\"@type\":\"ListItem\",\"position\":1,\"name\":\"Home\",\"item\":\"https:\/\/president-ksgov.net\/sr\/\"},{\"@type\":\"ListItem\",\"position\":2,\"name\":\"Predsednica Osmani do\u010dekala na sastanku Grupu prijateljstva Austrija-Kosovo koju je predvodio evropski poslanik Lukas Mandl\"}]},{\"@type\":\"WebSite\",\"@id\":\"https:\/\/president-ksgov.net\/#website\",\"url\":\"https:\/\/president-ksgov.net\/\",\"name\":\"Presidente e Republik\u00ebs s\u00eb Kosov\u00ebs\",\"description\":\"Presidente e Republik\u00ebs s\u00eb Kosov\u00ebs\",\"alternateName\":\"DR. VJOSA OSMANI - SADRIU\",\"potentialAction\":[{\"@type\":\"SearchAction\",\"target\":{\"@type\":\"EntryPoint\",\"urlTemplate\":\"https:\/\/president-ksgov.net\/?s={search_term_string}\"},\"query-input\":{\"@type\":\"PropertyValueSpecification\",\"valueRequired\":true,\"valueName\":\"search_term_string\"}}],\"inLanguage\":\"sr-RS\"},{\"@type\":\"Person\",\"@id\":\"https:\/\/president-ksgov.net\/#\/schema\/person\/bb4337a5fb147cb2046d80548172cbee\",\"name\":\"admin\",\"image\":{\"@type\":\"ImageObject\",\"inLanguage\":\"sr-RS\",\"@id\":\"https:\/\/president-ksgov.net\/#\/schema\/person\/image\/\",\"url\":\"https:\/\/secure.gravatar.com\/avatar\/36156ca0fa3b8d9d25174f146e16beea0cf28f37adf1b9e19b6c9c279a7c9dd3?s=96&d=mm&r=g\",\"contentUrl\":\"https:\/\/secure.gravatar.com\/avatar\/36156ca0fa3b8d9d25174f146e16beea0cf28f37adf1b9e19b6c9c279a7c9dd3?s=96&d=mm&r=g\",\"caption\":\"admin\"},\"sameAs\":[\"https:\/\/president-ksgov.net\"]}]}<\/script>\n<!-- \/ Yoast SEO plugin. -->","yoast_head_json":{"title":"Predsednica Osmani do\u010dekala na sastanku Grupu prijateljstva Austrija-Kosovo koju je predvodio evropski poslanik Lukas Mandl - Predsednik Republike Kosovo - DR. VJOSA OSMANI - SADRIU","description":"Predsednica Osmani do\u010dekala na sastanku Grupu prijateljstva Austrija-Kosovo koju je predvodio evropski poslanik Lukas Mandl - Predsednik Republike Kosovo - DR. VJOSA OSMANI - SADRIU -","robots":{"index":"index","follow":"follow","max-snippet":"max-snippet:-1","max-image-preview":"max-image-preview:large","max-video-preview":"max-video-preview:-1"},"canonical":"https:\/\/president-ksgov.net\/presidentja-osmani-priti-ne-takim-grupin-e-miqesise-austri-kosove-te-kryesuar-nga-eurodeputeti-lukas-mandl\/","og_locale":"sr_RS","og_type":"article","og_title":"Predsednica Osmani do\u010dekala na sastanku Grupu prijateljstva Austrija-Kosovo koju je predvodio evropski poslanik Lukas Mandl - Predsednik Republike Kosovo - DR. VJOSA OSMANI - SADRIU","og_description":"Predsednica Osmani do\u010dekala na sastanku Grupu prijateljstva Austrija-Kosovo koju je predvodio evropski poslanik Lukas Mandl - Predsednik Republike Kosovo - DR. VJOSA OSMANI - SADRIU -","og_url":"https:\/\/president-ksgov.net\/presidentja-osmani-priti-ne-takim-grupin-e-miqesise-austri-kosove-te-kryesuar-nga-eurodeputeti-lukas-mandl\/","og_site_name":"Predsednik Republike Kosovo - DR. VJOSA OSMANI - SADRIU","article_published_time":"2023-01-27T13:43:33+00:00","article_modified_time":"2023-01-29T16:20:32+00:00","og_image":[{"width":2560,"height":1920,"url":"https:\/\/president-ksgov.net\/wp-content\/uploads\/2023\/03\/Osmani_27_Janar_2023-1-scaled.jpg","type":"image\/jpeg"}],"author":"admin","twitter_card":"summary_large_image","twitter_misc":{"\u041d\u0430\u043f\u0438\u0441\u0430\u043d\u043e \u043e\u0434":"admin","\u041f\u0440\u043e\u0446\u0435\u045a\u0435\u043d\u043e \u0432\u0440\u0435\u043c\u0435 \u0447\u0438\u0442\u0430\u045a\u0430":"1 \u043c\u0438\u043d\u0443\u0442"},"schema":{"@context":"https:\/\/schema.org","@graph":[{"@type":"WebPage","@id":"https:\/\/president-ksgov.net\/presidentja-osmani-priti-ne-takim-grupin-e-miqesise-austri-kosove-te-kryesuar-nga-eurodeputeti-lukas-mandl\/","url":"https:\/\/president-ksgov.net\/presidentja-osmani-priti-ne-takim-grupin-e-miqesise-austri-kosove-te-kryesuar-nga-eurodeputeti-lukas-mandl\/","name":"Predsednica Osmani do\u010dekala na sastanku Grupu prijateljstva Austrija-Kosovo koju je predvodio evropski poslanik Lukas Mandl - Predsednik Republike Kosovo - DR. VJOSA OSMANI - SADRIU","isPartOf":{"@id":"https:\/\/president-ksgov.net\/#website"},"primaryImageOfPage":{"@id":"https:\/\/president-ksgov.net\/presidentja-osmani-priti-ne-takim-grupin-e-miqesise-austri-kosove-te-kryesuar-nga-eurodeputeti-lukas-mandl\/#primaryimage"},"image":{"@id":"https:\/\/president-ksgov.net\/presidentja-osmani-priti-ne-takim-grupin-e-miqesise-austri-kosove-te-kryesuar-nga-eurodeputeti-lukas-mandl\/#primaryimage"},"thumbnailUrl":"https:\/\/president-ksgov.net\/wp-content\/uploads\/2023\/03\/Osmani_27_Janar_2023-1-scaled.jpg","datePublished":"2023-01-27T13:43:33+00:00","dateModified":"2023-01-29T16:20:32+00:00","author":{"@id":"https:\/\/president-ksgov.net\/#\/schema\/person\/bb4337a5fb147cb2046d80548172cbee"},"description":"Predsednica Osmani do\u010dekala na sastanku Grupu prijateljstva Austrija-Kosovo koju je predvodio evropski poslanik Lukas Mandl - Predsednik Republike Kosovo - DR. VJOSA OSMANI - SADRIU -","breadcrumb":{"@id":"https:\/\/president-ksgov.net\/presidentja-osmani-priti-ne-takim-grupin-e-miqesise-austri-kosove-te-kryesuar-nga-eurodeputeti-lukas-mandl\/#breadcrumb"},"inLanguage":"sr-RS","potentialAction":[{"@type":"ReadAction","target":["https:\/\/president-ksgov.net\/presidentja-osmani-priti-ne-takim-grupin-e-miqesise-austri-kosove-te-kryesuar-nga-eurodeputeti-lukas-mandl\/"]}]},{"@type":"ImageObject","inLanguage":"sr-RS","@id":"https:\/\/president-ksgov.net\/presidentja-osmani-priti-ne-takim-grupin-e-miqesise-austri-kosove-te-kryesuar-nga-eurodeputeti-lukas-mandl\/#primaryimage","url":"https:\/\/president-ksgov.net\/wp-content\/uploads\/2023\/03\/Osmani_27_Janar_2023-1-scaled.jpg","contentUrl":"https:\/\/president-ksgov.net\/wp-content\/uploads\/2023\/03\/Osmani_27_Janar_2023-1-scaled.jpg","width":2560,"height":1920},{"@type":"BreadcrumbList","@id":"https:\/\/president-ksgov.net\/presidentja-osmani-priti-ne-takim-grupin-e-miqesise-austri-kosove-te-kryesuar-nga-eurodeputeti-lukas-mandl\/#breadcrumb","itemListElement":[{"@type":"ListItem","position":1,"name":"Home","item":"https:\/\/president-ksgov.net\/sr\/"},{"@type":"ListItem","position":2,"name":"Predsednica Osmani do\u010dekala na sastanku Grupu prijateljstva Austrija-Kosovo koju je predvodio evropski poslanik Lukas Mandl"}]},{"@type":"WebSite","@id":"https:\/\/president-ksgov.net\/#website","url":"https:\/\/president-ksgov.net\/","name":"Presidente e Republik\u00ebs s\u00eb Kosov\u00ebs","description":"Presidente e Republik\u00ebs s\u00eb Kosov\u00ebs","alternateName":"DR. VJOSA OSMANI - SADRIU","potentialAction":[{"@type":"SearchAction","target":{"@type":"EntryPoint","urlTemplate":"https:\/\/president-ksgov.net\/?s={search_term_string}"},"query-input":{"@type":"PropertyValueSpecification","valueRequired":true,"valueName":"search_term_string"}}],"inLanguage":"sr-RS"},{"@type":"Person","@id":"https:\/\/president-ksgov.net\/#\/schema\/person\/bb4337a5fb147cb2046d80548172cbee","name":"admin","image":{"@type":"ImageObject","inLanguage":"sr-RS","@id":"https:\/\/president-ksgov.net\/#\/schema\/person\/image\/","url":"https:\/\/secure.gravatar.com\/avatar\/36156ca0fa3b8d9d25174f146e16beea0cf28f37adf1b9e19b6c9c279a7c9dd3?s=96&d=mm&r=g","contentUrl":"https:\/\/secure.gravatar.com\/avatar\/36156ca0fa3b8d9d25174f146e16beea0cf28f37adf1b9e19b6c9c279a7c9dd3?s=96&d=mm&r=g","caption":"admin"},"sameAs":["https:\/\/president-ksgov.net"]}]}},"_links":{"self":[{"href":"https:\/\/president-ksgov.net\/sr\/wp-json\/wp\/v2\/posts\/73727","targetHints":{"allow":["GET"]}}],"collection":[{"href":"https:\/\/president-ksgov.net\/sr\/wp-json\/wp\/v2\/posts"}],"about":[{"href":"https:\/\/president-ksgov.net\/sr\/wp-json\/wp\/v2\/types\/post"}],"author":[{"embeddable":true,"href":"https:\/\/president-ksgov.net\/sr\/wp-json\/wp\/v2\/users\/1"}],"replies":[{"embeddable":true,"href":"https:\/\/president-ksgov.net\/sr\/wp-json\/wp\/v2\/comments?post=73727"}],"version-history":[{"count":0,"href":"https:\/\/president-ksgov.net\/sr\/wp-json\/wp\/v2\/posts\/73727\/revisions"}],"wp:featuredmedia":[{"embeddable":true,"href":"https:\/\/president-ksgov.net\/sr\/wp-json\/wp\/v2\/media\/8328"}],"wp:attachment":[{"href":"https:\/\/president-ksgov.net\/sr\/wp-json\/wp\/v2\/media?parent=73727"}],"wp:term":[{"taxonomy":"category","embeddable":true,"href":"https:\/\/president-ksgov.net\/sr\/wp-json\/wp\/v2\/categories?post=73727"},{"taxonomy":"post_tag","embeddable":true,"href":"https:\/\/president-ksgov.net\/sr\/wp-json\/wp\/v2\/tags?post=73727"}],"curies":[{"name":"wp","href":"https:\/\/api.w.org\/{rel}","templated":true}]}}