{"id":73722,"date":"2023-02-01T12:38:30","date_gmt":"2023-02-01T12:38:30","guid":{"rendered":"https:\/\/dev.president-ksgov.net\/learta-hollaj-je-imenovana-za-zamenicu-sefa-osoblja-kabineta-predsednice-republike-kosovo\/"},"modified":"2023-02-01T14:37:41","modified_gmt":"2023-02-01T14:37:41","slug":"learta-hollaj-je-imenovana-za-zamenicu-sefa-osoblja-kabineta-predsednice-republike-kosovo","status":"publish","type":"post","link":"https:\/\/president-ksgov.net\/sr\/learta-hollaj-je-imenovana-za-zamenicu-sefa-osoblja-kabineta-predsednice-republike-kosovo\/","title":{"rendered":"Learta Hollaj je imenovana za zamenicu \u0161efa osoblja kabineta predsednice Republike Kosovo"},"content":{"rendered":"<p>Predsednica Vjosa Osmani imenovala je g\u0111u Leartu Hollaj za zamenicu \u0161efa osoblja kabineta predsednice. Gospo\u0111a. Hollaj je u po\u010detku bila anga\u017eovana kao glavna savetnica za odr\u017eivi razvoj i partnerstvo. Pokrivala je portfolio energetskih, ekolo\u0161kih i razvojnih politika, spoljnu politiku, kao i projekte i inicijative u oblasti rodne ravnopravnosti, konstantno promovi\u0161u\u0107i partnerstvo i saradnju sa relevantnim akterima u relevantnim oblastima. Gospo\u0111a Learta Hollaj je vodila organizaciju prve edicije Me\u0111unarodnog foruma za \u017eene, mir i bezbednost, dok trenutno tako\u0111e vodi rad u jednom od tri stuba obaveza u okviru Samita za demokratiju, koji se fokusira na unapre\u0111enje ljudskih prava kroz promocija razli\u010ditosti i inkluzije.<\/p>\n<p>Gospo\u0111a Hollaj se pridru\u017eila timu predsednice Osmani 2020. godine kao politi\u010dki savetnik predsednice Skup\u0161tine, a pre toga je bila aktivni \u010dlan civilnog dru\u0161tva i radila na izradi politika u oblasti energetike, za\u0161tite \u017eivotne sredine i odr\u017eivog razvoja uop\u0161te. Gospo\u0111a Hollaj je zavr\u0161ila osnovne studije na RIT Kosova, dok je master studije zavr\u0161ila na Univerzitetu Centralne Evrope u Budimpe\u0161ti. Gospo\u0111a Hollaj preuzima poziciju od Artana Muratija, koji je do sada bio na ovoj funkciji.<\/p>\n<p>Predsednica Osmani je zahvalila g. Artanu Muratiju na neumornom radu i profesionalnom doprinosu Kabinetu tokom slu\u017ebe na ovoj funkciji, po\u017eelev\u0161i mu uspeh na budu\u0107em profesionalnom putu. Predsednica je tako\u0111e istakla da \u0107e nastaviti odli\u010dan posao sa g\u0111om Hollaj radi postizanja ciljeva Kabineta predsednice i daljeg unapre\u0111enja rada Kabineta.<\/p>\n","protected":false},"excerpt":{"rendered":"<p>Predsednica Vjosa Osmani imenovala je g\u0111u Leartu Hollaj za zamenicu \u0161efa osoblja kabineta predsednice. Gospo\u0111a. Hollaj je u po\u010detku bila anga\u017eovana kao glavna savetnica za odr\u017eivi razvoj i partnerstvo. Pokrivala je portfolio energetskih, ekolo\u0161kih i razvojnih politika, spoljnu politiku, kao i projekte i inicijative u oblasti rodne ravnopravnosti, konstantno promovi\u0161u\u0107i partnerstvo i saradnju sa relevantnim akterima u relevantnim oblastima. Gospo\u0111a Learta Hollaj je vodila organizaciju prve edicije Me\u0111unarodnog foruma za \u017eene, mir i bezbednost, dok trenutno tako\u0111e vodi rad u jednom od tri stuba obaveza u okviru Samita za demokratiju, koji se fokusira na unapre\u0111enje ljudskih prava kroz promocija razli\u010ditosti i inkluzije. Gospo\u0111a Hollaj se pridru\u017eila timu predsednice Osmani 2020. godine kao politi\u010dki savetnik predsednice Skup\u0161tine, a pre toga je bila aktivni \u010dlan civilnog dru\u0161tva i radila na izradi politika u oblasti energetike, za\u0161tite \u017eivotne sredine i odr\u017eivog razvoja uop\u0161te. Gospo\u0111a Hollaj je zavr\u0161ila osnovne studije na RIT Kosova, dok je master studije zavr\u0161ila na Univerzitetu Centralne Evrope u Budimpe\u0161ti. Gospo\u0111a Hollaj preuzima poziciju od Artana Muratija, koji je do sada bio na ovoj funkciji. Predsednica Osmani je zahvalila g. Artanu Muratiju na neumornom radu i profesionalnom doprinosu Kabinetu tokom slu\u017ebe na ovoj funkciji, po\u017eelev\u0161i mu uspeh na budu\u0107em profesionalnom putu. Predsednica je tako\u0111e istakla da \u0107e nastaviti odli\u010dan posao sa g\u0111om Hollaj radi postizanja ciljeva Kabineta predsednice i daljeg unapre\u0111enja rada Kabineta.<\/p>\n","protected":false},"author":1,"featured_media":8296,"comment_status":"open","ping_status":"closed","sticky":false,"template":"","format":"standard","meta":{"_eb_attr":"","footnotes":""},"categories":[101],"tags":[],"class_list":["post-73722","post","type-post","status-publish","format-standard","has-post-thumbnail","hentry","category-vesti"],"yoast_head":"<!-- This site is optimized with the Yoast SEO plugin v23.5 - https:\/\/yoast.com\/wordpress\/plugins\/seo\/ -->\n<title>Learta Hollaj je imenovana za zamenicu \u0161efa osoblja kabineta predsednice Republike Kosovo - Predsednik Republike Kosovo - DR. VJOSA OSMANI - SADRIU<\/title>\n<meta name=\"description\" content=\"Learta Hollaj je imenovana za zamenicu \u0161efa osoblja kabineta predsednice Republike Kosovo - Predsednik Republike Kosovo - DR. VJOSA OSMANI - SADRIU -\" \/>\n<meta name=\"robots\" content=\"index, follow, max-snippet:-1, max-image-preview:large, max-video-preview:-1\" \/>\n<link rel=\"canonical\" href=\"https:\/\/president-ksgov.net\/learta-hollaj-eshte-emeruar-zevendesshefe-e-stafit-te-kabinetit-te-presidentes-se-republikes-se-kosoves\/\" \/>\n<meta property=\"og:locale\" content=\"sr_RS\" \/>\n<meta property=\"og:type\" content=\"article\" \/>\n<meta property=\"og:title\" content=\"Learta Hollaj je imenovana za zamenicu \u0161efa osoblja kabineta predsednice Republike Kosovo - Predsednik Republike Kosovo - DR. VJOSA OSMANI - SADRIU\" \/>\n<meta property=\"og:description\" content=\"Learta Hollaj je imenovana za zamenicu \u0161efa osoblja kabineta predsednice Republike Kosovo - Predsednik Republike Kosovo - DR. VJOSA OSMANI - SADRIU -\" \/>\n<meta property=\"og:url\" content=\"https:\/\/president-ksgov.net\/learta-hollaj-eshte-emeruar-zevendesshefe-e-stafit-te-kabinetit-te-presidentes-se-republikes-se-kosoves\/\" \/>\n<meta property=\"og:site_name\" content=\"Predsednik Republike Kosovo - DR. VJOSA OSMANI - SADRIU\" \/>\n<meta property=\"article:published_time\" content=\"2023-02-01T12:38:30+00:00\" \/>\n<meta property=\"article:modified_time\" content=\"2023-02-01T14:37:41+00:00\" \/>\n<meta property=\"og:image\" content=\"https:\/\/president-ksgov.net\/wp-content\/uploads\/2023\/03\/1_Shkurt_2023-2-scaled.jpg\" \/>\n\t<meta property=\"og:image:width\" content=\"2560\" \/>\n\t<meta property=\"og:image:height\" content=\"1707\" \/>\n\t<meta property=\"og:image:type\" content=\"image\/jpeg\" \/>\n<meta name=\"author\" content=\"admin\" \/>\n<meta name=\"twitter:card\" content=\"summary_large_image\" \/>\n<meta name=\"twitter:label1\" content=\"\u041d\u0430\u043f\u0438\u0441\u0430\u043d\u043e \u043e\u0434\" \/>\n\t<meta name=\"twitter:data1\" content=\"admin\" \/>\n\t<meta name=\"twitter:label2\" content=\"\u041f\u0440\u043e\u0446\u0435\u045a\u0435\u043d\u043e \u0432\u0440\u0435\u043c\u0435 \u0447\u0438\u0442\u0430\u045a\u0430\" \/>\n\t<meta name=\"twitter:data2\" content=\"1 \u043c\u0438\u043d\u0443\u0442\" \/>\n<script type=\"application\/ld+json\" class=\"yoast-schema-graph\">{\"@context\":\"https:\/\/schema.org\",\"@graph\":[{\"@type\":\"WebPage\",\"@id\":\"https:\/\/president-ksgov.net\/learta-hollaj-eshte-emeruar-zevendesshefe-e-stafit-te-kabinetit-te-presidentes-se-republikes-se-kosoves\/\",\"url\":\"https:\/\/president-ksgov.net\/learta-hollaj-eshte-emeruar-zevendesshefe-e-stafit-te-kabinetit-te-presidentes-se-republikes-se-kosoves\/\",\"name\":\"Learta Hollaj je imenovana za zamenicu \u0161efa osoblja kabineta predsednice Republike Kosovo - Predsednik Republike Kosovo - DR. VJOSA OSMANI - SADRIU\",\"isPartOf\":{\"@id\":\"https:\/\/president-ksgov.net\/#website\"},\"primaryImageOfPage\":{\"@id\":\"https:\/\/president-ksgov.net\/learta-hollaj-eshte-emeruar-zevendesshefe-e-stafit-te-kabinetit-te-presidentes-se-republikes-se-kosoves\/#primaryimage\"},\"image\":{\"@id\":\"https:\/\/president-ksgov.net\/learta-hollaj-eshte-emeruar-zevendesshefe-e-stafit-te-kabinetit-te-presidentes-se-republikes-se-kosoves\/#primaryimage\"},\"thumbnailUrl\":\"https:\/\/president-ksgov.net\/wp-content\/uploads\/2023\/03\/1_Shkurt_2023-2-scaled.jpg\",\"datePublished\":\"2023-02-01T12:38:30+00:00\",\"dateModified\":\"2023-02-01T14:37:41+00:00\",\"author\":{\"@id\":\"https:\/\/president-ksgov.net\/#\/schema\/person\/bb4337a5fb147cb2046d80548172cbee\"},\"description\":\"Learta Hollaj je imenovana za zamenicu \u0161efa osoblja kabineta predsednice Republike Kosovo - Predsednik Republike Kosovo - DR. VJOSA OSMANI - SADRIU -\",\"breadcrumb\":{\"@id\":\"https:\/\/president-ksgov.net\/learta-hollaj-eshte-emeruar-zevendesshefe-e-stafit-te-kabinetit-te-presidentes-se-republikes-se-kosoves\/#breadcrumb\"},\"inLanguage\":\"sr-RS\",\"potentialAction\":[{\"@type\":\"ReadAction\",\"target\":[\"https:\/\/president-ksgov.net\/learta-hollaj-eshte-emeruar-zevendesshefe-e-stafit-te-kabinetit-te-presidentes-se-republikes-se-kosoves\/\"]}]},{\"@type\":\"ImageObject\",\"inLanguage\":\"sr-RS\",\"@id\":\"https:\/\/president-ksgov.net\/learta-hollaj-eshte-emeruar-zevendesshefe-e-stafit-te-kabinetit-te-presidentes-se-republikes-se-kosoves\/#primaryimage\",\"url\":\"https:\/\/president-ksgov.net\/wp-content\/uploads\/2023\/03\/1_Shkurt_2023-2-scaled.jpg\",\"contentUrl\":\"https:\/\/president-ksgov.net\/wp-content\/uploads\/2023\/03\/1_Shkurt_2023-2-scaled.jpg\",\"width\":2560,\"height\":1707},{\"@type\":\"BreadcrumbList\",\"@id\":\"https:\/\/president-ksgov.net\/learta-hollaj-eshte-emeruar-zevendesshefe-e-stafit-te-kabinetit-te-presidentes-se-republikes-se-kosoves\/#breadcrumb\",\"itemListElement\":[{\"@type\":\"ListItem\",\"position\":1,\"name\":\"Home\",\"item\":\"https:\/\/president-ksgov.net\/sr\/\"},{\"@type\":\"ListItem\",\"position\":2,\"name\":\"Learta Hollaj je imenovana za zamenicu \u0161efa osoblja kabineta predsednice Republike Kosovo\"}]},{\"@type\":\"WebSite\",\"@id\":\"https:\/\/president-ksgov.net\/#website\",\"url\":\"https:\/\/president-ksgov.net\/\",\"name\":\"Presidente e Republik\u00ebs s\u00eb Kosov\u00ebs\",\"description\":\"Presidente e Republik\u00ebs s\u00eb Kosov\u00ebs\",\"alternateName\":\"DR. VJOSA OSMANI - SADRIU\",\"potentialAction\":[{\"@type\":\"SearchAction\",\"target\":{\"@type\":\"EntryPoint\",\"urlTemplate\":\"https:\/\/president-ksgov.net\/?s={search_term_string}\"},\"query-input\":{\"@type\":\"PropertyValueSpecification\",\"valueRequired\":true,\"valueName\":\"search_term_string\"}}],\"inLanguage\":\"sr-RS\"},{\"@type\":\"Person\",\"@id\":\"https:\/\/president-ksgov.net\/#\/schema\/person\/bb4337a5fb147cb2046d80548172cbee\",\"name\":\"admin\",\"image\":{\"@type\":\"ImageObject\",\"inLanguage\":\"sr-RS\",\"@id\":\"https:\/\/president-ksgov.net\/#\/schema\/person\/image\/\",\"url\":\"https:\/\/secure.gravatar.com\/avatar\/36156ca0fa3b8d9d25174f146e16beea0cf28f37adf1b9e19b6c9c279a7c9dd3?s=96&d=mm&r=g\",\"contentUrl\":\"https:\/\/secure.gravatar.com\/avatar\/36156ca0fa3b8d9d25174f146e16beea0cf28f37adf1b9e19b6c9c279a7c9dd3?s=96&d=mm&r=g\",\"caption\":\"admin\"},\"sameAs\":[\"https:\/\/president-ksgov.net\"]}]}<\/script>\n<!-- \/ Yoast SEO plugin. -->","yoast_head_json":{"title":"Learta Hollaj je imenovana za zamenicu \u0161efa osoblja kabineta predsednice Republike Kosovo - Predsednik Republike Kosovo - DR. VJOSA OSMANI - SADRIU","description":"Learta Hollaj je imenovana za zamenicu \u0161efa osoblja kabineta predsednice Republike Kosovo - Predsednik Republike Kosovo - DR. VJOSA OSMANI - SADRIU -","robots":{"index":"index","follow":"follow","max-snippet":"max-snippet:-1","max-image-preview":"max-image-preview:large","max-video-preview":"max-video-preview:-1"},"canonical":"https:\/\/president-ksgov.net\/learta-hollaj-eshte-emeruar-zevendesshefe-e-stafit-te-kabinetit-te-presidentes-se-republikes-se-kosoves\/","og_locale":"sr_RS","og_type":"article","og_title":"Learta Hollaj je imenovana za zamenicu \u0161efa osoblja kabineta predsednice Republike Kosovo - Predsednik Republike Kosovo - DR. VJOSA OSMANI - SADRIU","og_description":"Learta Hollaj je imenovana za zamenicu \u0161efa osoblja kabineta predsednice Republike Kosovo - Predsednik Republike Kosovo - DR. VJOSA OSMANI - SADRIU -","og_url":"https:\/\/president-ksgov.net\/learta-hollaj-eshte-emeruar-zevendesshefe-e-stafit-te-kabinetit-te-presidentes-se-republikes-se-kosoves\/","og_site_name":"Predsednik Republike Kosovo - DR. VJOSA OSMANI - SADRIU","article_published_time":"2023-02-01T12:38:30+00:00","article_modified_time":"2023-02-01T14:37:41+00:00","og_image":[{"width":2560,"height":1707,"url":"https:\/\/president-ksgov.net\/wp-content\/uploads\/2023\/03\/1_Shkurt_2023-2-scaled.jpg","type":"image\/jpeg"}],"author":"admin","twitter_card":"summary_large_image","twitter_misc":{"\u041d\u0430\u043f\u0438\u0441\u0430\u043d\u043e \u043e\u0434":"admin","\u041f\u0440\u043e\u0446\u0435\u045a\u0435\u043d\u043e \u0432\u0440\u0435\u043c\u0435 \u0447\u0438\u0442\u0430\u045a\u0430":"1 \u043c\u0438\u043d\u0443\u0442"},"schema":{"@context":"https:\/\/schema.org","@graph":[{"@type":"WebPage","@id":"https:\/\/president-ksgov.net\/learta-hollaj-eshte-emeruar-zevendesshefe-e-stafit-te-kabinetit-te-presidentes-se-republikes-se-kosoves\/","url":"https:\/\/president-ksgov.net\/learta-hollaj-eshte-emeruar-zevendesshefe-e-stafit-te-kabinetit-te-presidentes-se-republikes-se-kosoves\/","name":"Learta Hollaj je imenovana za zamenicu \u0161efa osoblja kabineta predsednice Republike Kosovo - Predsednik Republike Kosovo - DR. VJOSA OSMANI - SADRIU","isPartOf":{"@id":"https:\/\/president-ksgov.net\/#website"},"primaryImageOfPage":{"@id":"https:\/\/president-ksgov.net\/learta-hollaj-eshte-emeruar-zevendesshefe-e-stafit-te-kabinetit-te-presidentes-se-republikes-se-kosoves\/#primaryimage"},"image":{"@id":"https:\/\/president-ksgov.net\/learta-hollaj-eshte-emeruar-zevendesshefe-e-stafit-te-kabinetit-te-presidentes-se-republikes-se-kosoves\/#primaryimage"},"thumbnailUrl":"https:\/\/president-ksgov.net\/wp-content\/uploads\/2023\/03\/1_Shkurt_2023-2-scaled.jpg","datePublished":"2023-02-01T12:38:30+00:00","dateModified":"2023-02-01T14:37:41+00:00","author":{"@id":"https:\/\/president-ksgov.net\/#\/schema\/person\/bb4337a5fb147cb2046d80548172cbee"},"description":"Learta Hollaj je imenovana za zamenicu \u0161efa osoblja kabineta predsednice Republike Kosovo - Predsednik Republike Kosovo - DR. VJOSA OSMANI - SADRIU -","breadcrumb":{"@id":"https:\/\/president-ksgov.net\/learta-hollaj-eshte-emeruar-zevendesshefe-e-stafit-te-kabinetit-te-presidentes-se-republikes-se-kosoves\/#breadcrumb"},"inLanguage":"sr-RS","potentialAction":[{"@type":"ReadAction","target":["https:\/\/president-ksgov.net\/learta-hollaj-eshte-emeruar-zevendesshefe-e-stafit-te-kabinetit-te-presidentes-se-republikes-se-kosoves\/"]}]},{"@type":"ImageObject","inLanguage":"sr-RS","@id":"https:\/\/president-ksgov.net\/learta-hollaj-eshte-emeruar-zevendesshefe-e-stafit-te-kabinetit-te-presidentes-se-republikes-se-kosoves\/#primaryimage","url":"https:\/\/president-ksgov.net\/wp-content\/uploads\/2023\/03\/1_Shkurt_2023-2-scaled.jpg","contentUrl":"https:\/\/president-ksgov.net\/wp-content\/uploads\/2023\/03\/1_Shkurt_2023-2-scaled.jpg","width":2560,"height":1707},{"@type":"BreadcrumbList","@id":"https:\/\/president-ksgov.net\/learta-hollaj-eshte-emeruar-zevendesshefe-e-stafit-te-kabinetit-te-presidentes-se-republikes-se-kosoves\/#breadcrumb","itemListElement":[{"@type":"ListItem","position":1,"name":"Home","item":"https:\/\/president-ksgov.net\/sr\/"},{"@type":"ListItem","position":2,"name":"Learta Hollaj je imenovana za zamenicu \u0161efa osoblja kabineta predsednice Republike Kosovo"}]},{"@type":"WebSite","@id":"https:\/\/president-ksgov.net\/#website","url":"https:\/\/president-ksgov.net\/","name":"Presidente e Republik\u00ebs s\u00eb Kosov\u00ebs","description":"Presidente e Republik\u00ebs s\u00eb Kosov\u00ebs","alternateName":"DR. VJOSA OSMANI - SADRIU","potentialAction":[{"@type":"SearchAction","target":{"@type":"EntryPoint","urlTemplate":"https:\/\/president-ksgov.net\/?s={search_term_string}"},"query-input":{"@type":"PropertyValueSpecification","valueRequired":true,"valueName":"search_term_string"}}],"inLanguage":"sr-RS"},{"@type":"Person","@id":"https:\/\/president-ksgov.net\/#\/schema\/person\/bb4337a5fb147cb2046d80548172cbee","name":"admin","image":{"@type":"ImageObject","inLanguage":"sr-RS","@id":"https:\/\/president-ksgov.net\/#\/schema\/person\/image\/","url":"https:\/\/secure.gravatar.com\/avatar\/36156ca0fa3b8d9d25174f146e16beea0cf28f37adf1b9e19b6c9c279a7c9dd3?s=96&d=mm&r=g","contentUrl":"https:\/\/secure.gravatar.com\/avatar\/36156ca0fa3b8d9d25174f146e16beea0cf28f37adf1b9e19b6c9c279a7c9dd3?s=96&d=mm&r=g","caption":"admin"},"sameAs":["https:\/\/president-ksgov.net"]}]}},"_links":{"self":[{"href":"https:\/\/president-ksgov.net\/sr\/wp-json\/wp\/v2\/posts\/73722","targetHints":{"allow":["GET"]}}],"collection":[{"href":"https:\/\/president-ksgov.net\/sr\/wp-json\/wp\/v2\/posts"}],"about":[{"href":"https:\/\/president-ksgov.net\/sr\/wp-json\/wp\/v2\/types\/post"}],"author":[{"embeddable":true,"href":"https:\/\/president-ksgov.net\/sr\/wp-json\/wp\/v2\/users\/1"}],"replies":[{"embeddable":true,"href":"https:\/\/president-ksgov.net\/sr\/wp-json\/wp\/v2\/comments?post=73722"}],"version-history":[{"count":0,"href":"https:\/\/president-ksgov.net\/sr\/wp-json\/wp\/v2\/posts\/73722\/revisions"}],"wp:featuredmedia":[{"embeddable":true,"href":"https:\/\/president-ksgov.net\/sr\/wp-json\/wp\/v2\/media\/8296"}],"wp:attachment":[{"href":"https:\/\/president-ksgov.net\/sr\/wp-json\/wp\/v2\/media?parent=73722"}],"wp:term":[{"taxonomy":"category","embeddable":true,"href":"https:\/\/president-ksgov.net\/sr\/wp-json\/wp\/v2\/categories?post=73722"},{"taxonomy":"post_tag","embeddable":true,"href":"https:\/\/president-ksgov.net\/sr\/wp-json\/wp\/v2\/tags?post=73722"}],"curies":[{"name":"wp","href":"https:\/\/api.w.org\/{rel}","templated":true}]}}