{"id":73720,"date":"2023-02-02T14:47:41","date_gmt":"2023-02-02T14:47:41","guid":{"rendered":"https:\/\/dev.president-ksgov.net\/predsednicu-osmani-na-sastanku-docekala-premijerka-islanda-katrin-jakobsdottir\/"},"modified":"2023-02-02T15:16:07","modified_gmt":"2023-02-02T15:16:07","slug":"predsednicu-osmani-na-sastanku-docekala-premijerka-islanda-katrin-jakobsdottir","status":"publish","type":"post","link":"https:\/\/president-ksgov.net\/sr\/predsednicu-osmani-na-sastanku-docekala-premijerka-islanda-katrin-jakobsdottir\/","title":{"rendered":"Predsednicu Osmani na sastanku do\u010dekala premijerka Islanda Katr\u00edn Jakobsd\u00f3ttir"},"content":{"rendered":"<p>Predsednicu Republike Kosovo Vjosu Osmani tokom posete Rejkjaviku do\u010dekala je premijerka Islanda Katr\u00edn Jakobsd\u00f3ttir.<\/p>\n<p>Po\u0161to Island trenutno predsedava Savetom Evrope, diskusije su se fokusirale na unapre\u0111enje \u010dlanstva Kosova u ovoj organizaciji, imaju\u0107i u vidu njen zna\u010daj za osnovne slobode i prava gra\u0111ana Kosova.<\/p>\n<p>Predsednica Osmani je istakla da je Island, jedna od prvih dr\u017eava koja je priznala Republiku Kosovo, va\u017ean partner i saveznik naroda Kosova. U tom pravcu predsednica Osmani ceni stalnu podr\u0161ku Islanda za \u010dlanstvo Kosova u me\u0111unarodne strukture i izrazila je spremnost da intenzivira me\u0111udr\u017eavnu komunikaciju kako bi se unapredio proces \u010dlanstva u Savetu Evrope u narednim mesecima.<\/p>\n<p>U razgovoru sa premijerkom Jakobsd\u00f3ttir, predsednica Osmani je pomenula odli\u010dnost naroda i institucija Kosova da se u\u010dlani u NATO i u tom duhu zatra\u017eila podr\u0161ku Islanda, kao jedne od dr\u017eava osniva\u010da Severnoatlantske alijanse.<\/p>\n<p>Predsednic Osmani je pomenula napredak institucija zemlje u garantovanju, za\u0161titi i promovisanju ljudskih prava na Kosovu, uklju\u010duju\u0107i ustavni i zakonski okvir, koji je veoma napredan i potpuno uskla\u0111en sa svim me\u0111unarodnim konvencijama. Ustavni model na Kosovu za za\u0161titu prava neve\u0107inskih zajednica je najnapredniji u Evropi, istakla je predsednica Osmani, navode\u0107i konkretne primere ovog modela.<\/p>\n<p>Predsednica je dalje rekla da \u0107e \u010dlanstvo Republike Kosovo u Savetu Evrope biti va\u017ean korak za dalje ja\u010danje i unapre\u0111enje ljudskih prava kroz mehanizme koje nudi Savet i da \u0107e predstavljati napredak za sve gra\u0111ane Kosova, bez obzira na etni\u010dku pripadnost ili veru. Predsednica je tako\u0111e dodala da veza izme\u0111u procesa \u010dlanstva Republike Kosovo u Savetu Evrope i procesa dijaloga nije ispravna, isti\u010du\u0107i da ova dva procesa treba posmatrati kao odvojena. Stoga je \u010dlanstvo Kosova u Savetu Evrope odraz dostignu\u0107a Kosova u sprovo\u0111enju vrednosti demokratije i ljudskih prava, o \u010demu svedo\u010de izve\u0161taji relevantnih me\u0111unarodnih organizacija.<\/p>\n<p>Na temu bezbednosne situacije u Evropi, predsednica Osmani je ponovila posve\u0107enost institucija Republike odr\u017eivom miru u regionu i \u0161ire, a tako\u0111e je istakla va\u017enost nastavka podr\u0161ke ukrajinskom narodu protiv ruske agresije.<\/p>\n<p>Predsednica Osmani i premijerka Jakobsd\u00f3ttir izrazile su spremnost da prodube odli\u010dne odnose izme\u0111u Kosova i Islanda u razli\u010ditim oblastima i da otvore nova poglavlja saradnje izme\u0111u dve zemlje.<\/p>\n","protected":false},"excerpt":{"rendered":"<p>Predsednicu Republike Kosovo Vjosu Osmani tokom posete Rejkjaviku do\u010dekala je premijerka Islanda Katr\u00edn Jakobsd\u00f3ttir.<\/p>\n","protected":false},"author":1,"featured_media":8276,"comment_status":"open","ping_status":"closed","sticky":false,"template":"","format":"standard","meta":{"_eb_attr":"","footnotes":""},"categories":[101],"tags":[],"class_list":["post-73720","post","type-post","status-publish","format-standard","has-post-thumbnail","hentry","category-vesti"],"yoast_head":"<!-- This site is optimized with the Yoast SEO plugin v23.5 - https:\/\/yoast.com\/wordpress\/plugins\/seo\/ -->\n<title>Predsednicu Osmani na sastanku do\u010dekala premijerka Islanda Katr\u00edn Jakobsd\u00f3ttir - Predsednik Republike Kosovo - DR. VJOSA OSMANI - SADRIU<\/title>\n<meta name=\"description\" content=\"Predsednicu Osmani na sastanku do\u010dekala premijerka Islanda Katr\u00edn Jakobsd\u00f3ttir - Predsednik Republike Kosovo - DR. VJOSA OSMANI - SADRIU -\" \/>\n<meta name=\"robots\" content=\"index, follow, max-snippet:-1, max-image-preview:large, max-video-preview:-1\" \/>\n<link rel=\"canonical\" href=\"https:\/\/president-ksgov.net\/sr\/predsednicu-osmani-na-sastanku-docekala-premijerka-islanda-katrin-jakobsdottir\/\" \/>\n<meta property=\"og:locale\" content=\"sr_RS\" \/>\n<meta property=\"og:type\" content=\"article\" \/>\n<meta property=\"og:title\" content=\"Predsednicu Osmani na sastanku do\u010dekala premijerka Islanda Katr\u00edn Jakobsd\u00f3ttir - Predsednik Republike Kosovo - DR. VJOSA OSMANI - SADRIU\" \/>\n<meta property=\"og:description\" content=\"Predsednicu Osmani na sastanku do\u010dekala premijerka Islanda Katr\u00edn Jakobsd\u00f3ttir - Predsednik Republike Kosovo - DR. VJOSA OSMANI - SADRIU -\" \/>\n<meta property=\"og:url\" content=\"https:\/\/president-ksgov.net\/sr\/predsednicu-osmani-na-sastanku-docekala-premijerka-islanda-katrin-jakobsdottir\/\" \/>\n<meta property=\"og:site_name\" content=\"Predsednik Republike Kosovo - DR. VJOSA OSMANI - SADRIU\" \/>\n<meta property=\"article:published_time\" content=\"2023-02-02T14:47:41+00:00\" \/>\n<meta property=\"article:modified_time\" content=\"2023-02-02T15:16:07+00:00\" \/>\n<meta property=\"og:image\" content=\"https:\/\/president-ksgov.net\/wp-content\/uploads\/2023\/03\/Presidentja_Osmani_Katrin_jakobsdottir_1-2.jpg\" \/>\n\t<meta property=\"og:image:width\" content=\"2069\" \/>\n\t<meta property=\"og:image:height\" content=\"1351\" \/>\n\t<meta property=\"og:image:type\" content=\"image\/jpeg\" \/>\n<meta name=\"author\" content=\"admin\" \/>\n<meta name=\"twitter:card\" content=\"summary_large_image\" \/>\n<meta name=\"twitter:label1\" content=\"\u041d\u0430\u043f\u0438\u0441\u0430\u043d\u043e \u043e\u0434\" \/>\n\t<meta name=\"twitter:data1\" content=\"admin\" \/>\n\t<meta name=\"twitter:label2\" content=\"\u041f\u0440\u043e\u0446\u0435\u045a\u0435\u043d\u043e \u0432\u0440\u0435\u043c\u0435 \u0447\u0438\u0442\u0430\u045a\u0430\" \/>\n\t<meta name=\"twitter:data2\" content=\"2 \u043c\u0438\u043d\u0443\u0442\u0430\" \/>\n<script type=\"application\/ld+json\" class=\"yoast-schema-graph\">{\"@context\":\"https:\/\/schema.org\",\"@graph\":[{\"@type\":\"WebPage\",\"@id\":\"https:\/\/president-ksgov.net\/sr\/predsednicu-osmani-na-sastanku-docekala-premijerka-islanda-katrin-jakobsdottir\/\",\"url\":\"https:\/\/president-ksgov.net\/sr\/predsednicu-osmani-na-sastanku-docekala-premijerka-islanda-katrin-jakobsdottir\/\",\"name\":\"Predsednicu Osmani na sastanku do\u010dekala premijerka Islanda Katr\u00edn Jakobsd\u00f3ttir - Predsednik Republike Kosovo - DR. VJOSA OSMANI - SADRIU\",\"isPartOf\":{\"@id\":\"https:\/\/president-ksgov.net\/#website\"},\"primaryImageOfPage\":{\"@id\":\"https:\/\/president-ksgov.net\/sr\/predsednicu-osmani-na-sastanku-docekala-premijerka-islanda-katrin-jakobsdottir\/#primaryimage\"},\"image\":{\"@id\":\"https:\/\/president-ksgov.net\/sr\/predsednicu-osmani-na-sastanku-docekala-premijerka-islanda-katrin-jakobsdottir\/#primaryimage\"},\"thumbnailUrl\":\"https:\/\/president-ksgov.net\/wp-content\/uploads\/2023\/03\/Presidentja_Osmani_Katrin_jakobsdottir_1-2.jpg\",\"datePublished\":\"2023-02-02T14:47:41+00:00\",\"dateModified\":\"2023-02-02T15:16:07+00:00\",\"author\":{\"@id\":\"https:\/\/president-ksgov.net\/#\/schema\/person\/bb4337a5fb147cb2046d80548172cbee\"},\"description\":\"Predsednicu Osmani na sastanku do\u010dekala premijerka Islanda Katr\u00edn Jakobsd\u00f3ttir - Predsednik Republike Kosovo - DR. VJOSA OSMANI - SADRIU -\",\"breadcrumb\":{\"@id\":\"https:\/\/president-ksgov.net\/sr\/predsednicu-osmani-na-sastanku-docekala-premijerka-islanda-katrin-jakobsdottir\/#breadcrumb\"},\"inLanguage\":\"sr-RS\",\"potentialAction\":[{\"@type\":\"ReadAction\",\"target\":[\"https:\/\/president-ksgov.net\/sr\/predsednicu-osmani-na-sastanku-docekala-premijerka-islanda-katrin-jakobsdottir\/\"]}]},{\"@type\":\"ImageObject\",\"inLanguage\":\"sr-RS\",\"@id\":\"https:\/\/president-ksgov.net\/sr\/predsednicu-osmani-na-sastanku-docekala-premijerka-islanda-katrin-jakobsdottir\/#primaryimage\",\"url\":\"https:\/\/president-ksgov.net\/wp-content\/uploads\/2023\/03\/Presidentja_Osmani_Katrin_jakobsdottir_1-2.jpg\",\"contentUrl\":\"https:\/\/president-ksgov.net\/wp-content\/uploads\/2023\/03\/Presidentja_Osmani_Katrin_jakobsdottir_1-2.jpg\",\"width\":2069,\"height\":1351},{\"@type\":\"BreadcrumbList\",\"@id\":\"https:\/\/president-ksgov.net\/sr\/predsednicu-osmani-na-sastanku-docekala-premijerka-islanda-katrin-jakobsdottir\/#breadcrumb\",\"itemListElement\":[{\"@type\":\"ListItem\",\"position\":1,\"name\":\"Home\",\"item\":\"https:\/\/president-ksgov.net\/sr\/\"},{\"@type\":\"ListItem\",\"position\":2,\"name\":\"Predsednicu Osmani na sastanku do\u010dekala premijerka Islanda Katr\u00edn Jakobsd\u00f3ttir\"}]},{\"@type\":\"WebSite\",\"@id\":\"https:\/\/president-ksgov.net\/#website\",\"url\":\"https:\/\/president-ksgov.net\/\",\"name\":\"Presidente e Republik\u00ebs s\u00eb Kosov\u00ebs\",\"description\":\"Presidente e Republik\u00ebs s\u00eb Kosov\u00ebs\",\"alternateName\":\"DR. VJOSA OSMANI - SADRIU\",\"potentialAction\":[{\"@type\":\"SearchAction\",\"target\":{\"@type\":\"EntryPoint\",\"urlTemplate\":\"https:\/\/president-ksgov.net\/?s={search_term_string}\"},\"query-input\":{\"@type\":\"PropertyValueSpecification\",\"valueRequired\":true,\"valueName\":\"search_term_string\"}}],\"inLanguage\":\"sr-RS\"},{\"@type\":\"Person\",\"@id\":\"https:\/\/president-ksgov.net\/#\/schema\/person\/bb4337a5fb147cb2046d80548172cbee\",\"name\":\"admin\",\"image\":{\"@type\":\"ImageObject\",\"inLanguage\":\"sr-RS\",\"@id\":\"https:\/\/president-ksgov.net\/#\/schema\/person\/image\/\",\"url\":\"https:\/\/secure.gravatar.com\/avatar\/36156ca0fa3b8d9d25174f146e16beea0cf28f37adf1b9e19b6c9c279a7c9dd3?s=96&d=mm&r=g\",\"contentUrl\":\"https:\/\/secure.gravatar.com\/avatar\/36156ca0fa3b8d9d25174f146e16beea0cf28f37adf1b9e19b6c9c279a7c9dd3?s=96&d=mm&r=g\",\"caption\":\"admin\"},\"sameAs\":[\"https:\/\/president-ksgov.net\"]}]}<\/script>\n<!-- \/ Yoast SEO plugin. -->","yoast_head_json":{"title":"Predsednicu Osmani na sastanku do\u010dekala premijerka Islanda Katr\u00edn Jakobsd\u00f3ttir - Predsednik Republike Kosovo - DR. VJOSA OSMANI - SADRIU","description":"Predsednicu Osmani na sastanku do\u010dekala premijerka Islanda Katr\u00edn Jakobsd\u00f3ttir - Predsednik Republike Kosovo - DR. VJOSA OSMANI - SADRIU -","robots":{"index":"index","follow":"follow","max-snippet":"max-snippet:-1","max-image-preview":"max-image-preview:large","max-video-preview":"max-video-preview:-1"},"canonical":"https:\/\/president-ksgov.net\/sr\/predsednicu-osmani-na-sastanku-docekala-premijerka-islanda-katrin-jakobsdottir\/","og_locale":"sr_RS","og_type":"article","og_title":"Predsednicu Osmani na sastanku do\u010dekala premijerka Islanda Katr\u00edn Jakobsd\u00f3ttir - Predsednik Republike Kosovo - DR. VJOSA OSMANI - SADRIU","og_description":"Predsednicu Osmani na sastanku do\u010dekala premijerka Islanda Katr\u00edn Jakobsd\u00f3ttir - Predsednik Republike Kosovo - DR. VJOSA OSMANI - SADRIU -","og_url":"https:\/\/president-ksgov.net\/sr\/predsednicu-osmani-na-sastanku-docekala-premijerka-islanda-katrin-jakobsdottir\/","og_site_name":"Predsednik Republike Kosovo - DR. VJOSA OSMANI - SADRIU","article_published_time":"2023-02-02T14:47:41+00:00","article_modified_time":"2023-02-02T15:16:07+00:00","og_image":[{"width":2069,"height":1351,"url":"https:\/\/president-ksgov.net\/wp-content\/uploads\/2023\/03\/Presidentja_Osmani_Katrin_jakobsdottir_1-2.jpg","type":"image\/jpeg"}],"author":"admin","twitter_card":"summary_large_image","twitter_misc":{"\u041d\u0430\u043f\u0438\u0441\u0430\u043d\u043e \u043e\u0434":"admin","\u041f\u0440\u043e\u0446\u0435\u045a\u0435\u043d\u043e \u0432\u0440\u0435\u043c\u0435 \u0447\u0438\u0442\u0430\u045a\u0430":"2 \u043c\u0438\u043d\u0443\u0442\u0430"},"schema":{"@context":"https:\/\/schema.org","@graph":[{"@type":"WebPage","@id":"https:\/\/president-ksgov.net\/sr\/predsednicu-osmani-na-sastanku-docekala-premijerka-islanda-katrin-jakobsdottir\/","url":"https:\/\/president-ksgov.net\/sr\/predsednicu-osmani-na-sastanku-docekala-premijerka-islanda-katrin-jakobsdottir\/","name":"Predsednicu Osmani na sastanku do\u010dekala premijerka Islanda Katr\u00edn Jakobsd\u00f3ttir - Predsednik Republike Kosovo - DR. VJOSA OSMANI - SADRIU","isPartOf":{"@id":"https:\/\/president-ksgov.net\/#website"},"primaryImageOfPage":{"@id":"https:\/\/president-ksgov.net\/sr\/predsednicu-osmani-na-sastanku-docekala-premijerka-islanda-katrin-jakobsdottir\/#primaryimage"},"image":{"@id":"https:\/\/president-ksgov.net\/sr\/predsednicu-osmani-na-sastanku-docekala-premijerka-islanda-katrin-jakobsdottir\/#primaryimage"},"thumbnailUrl":"https:\/\/president-ksgov.net\/wp-content\/uploads\/2023\/03\/Presidentja_Osmani_Katrin_jakobsdottir_1-2.jpg","datePublished":"2023-02-02T14:47:41+00:00","dateModified":"2023-02-02T15:16:07+00:00","author":{"@id":"https:\/\/president-ksgov.net\/#\/schema\/person\/bb4337a5fb147cb2046d80548172cbee"},"description":"Predsednicu Osmani na sastanku do\u010dekala premijerka Islanda Katr\u00edn Jakobsd\u00f3ttir - Predsednik Republike Kosovo - DR. VJOSA OSMANI - SADRIU -","breadcrumb":{"@id":"https:\/\/president-ksgov.net\/sr\/predsednicu-osmani-na-sastanku-docekala-premijerka-islanda-katrin-jakobsdottir\/#breadcrumb"},"inLanguage":"sr-RS","potentialAction":[{"@type":"ReadAction","target":["https:\/\/president-ksgov.net\/sr\/predsednicu-osmani-na-sastanku-docekala-premijerka-islanda-katrin-jakobsdottir\/"]}]},{"@type":"ImageObject","inLanguage":"sr-RS","@id":"https:\/\/president-ksgov.net\/sr\/predsednicu-osmani-na-sastanku-docekala-premijerka-islanda-katrin-jakobsdottir\/#primaryimage","url":"https:\/\/president-ksgov.net\/wp-content\/uploads\/2023\/03\/Presidentja_Osmani_Katrin_jakobsdottir_1-2.jpg","contentUrl":"https:\/\/president-ksgov.net\/wp-content\/uploads\/2023\/03\/Presidentja_Osmani_Katrin_jakobsdottir_1-2.jpg","width":2069,"height":1351},{"@type":"BreadcrumbList","@id":"https:\/\/president-ksgov.net\/sr\/predsednicu-osmani-na-sastanku-docekala-premijerka-islanda-katrin-jakobsdottir\/#breadcrumb","itemListElement":[{"@type":"ListItem","position":1,"name":"Home","item":"https:\/\/president-ksgov.net\/sr\/"},{"@type":"ListItem","position":2,"name":"Predsednicu Osmani na sastanku do\u010dekala premijerka Islanda Katr\u00edn Jakobsd\u00f3ttir"}]},{"@type":"WebSite","@id":"https:\/\/president-ksgov.net\/#website","url":"https:\/\/president-ksgov.net\/","name":"Presidente e Republik\u00ebs s\u00eb Kosov\u00ebs","description":"Presidente e Republik\u00ebs s\u00eb Kosov\u00ebs","alternateName":"DR. VJOSA OSMANI - SADRIU","potentialAction":[{"@type":"SearchAction","target":{"@type":"EntryPoint","urlTemplate":"https:\/\/president-ksgov.net\/?s={search_term_string}"},"query-input":{"@type":"PropertyValueSpecification","valueRequired":true,"valueName":"search_term_string"}}],"inLanguage":"sr-RS"},{"@type":"Person","@id":"https:\/\/president-ksgov.net\/#\/schema\/person\/bb4337a5fb147cb2046d80548172cbee","name":"admin","image":{"@type":"ImageObject","inLanguage":"sr-RS","@id":"https:\/\/president-ksgov.net\/#\/schema\/person\/image\/","url":"https:\/\/secure.gravatar.com\/avatar\/36156ca0fa3b8d9d25174f146e16beea0cf28f37adf1b9e19b6c9c279a7c9dd3?s=96&d=mm&r=g","contentUrl":"https:\/\/secure.gravatar.com\/avatar\/36156ca0fa3b8d9d25174f146e16beea0cf28f37adf1b9e19b6c9c279a7c9dd3?s=96&d=mm&r=g","caption":"admin"},"sameAs":["https:\/\/president-ksgov.net"]}]}},"_links":{"self":[{"href":"https:\/\/president-ksgov.net\/sr\/wp-json\/wp\/v2\/posts\/73720","targetHints":{"allow":["GET"]}}],"collection":[{"href":"https:\/\/president-ksgov.net\/sr\/wp-json\/wp\/v2\/posts"}],"about":[{"href":"https:\/\/president-ksgov.net\/sr\/wp-json\/wp\/v2\/types\/post"}],"author":[{"embeddable":true,"href":"https:\/\/president-ksgov.net\/sr\/wp-json\/wp\/v2\/users\/1"}],"replies":[{"embeddable":true,"href":"https:\/\/president-ksgov.net\/sr\/wp-json\/wp\/v2\/comments?post=73720"}],"version-history":[{"count":0,"href":"https:\/\/president-ksgov.net\/sr\/wp-json\/wp\/v2\/posts\/73720\/revisions"}],"wp:featuredmedia":[{"embeddable":true,"href":"https:\/\/president-ksgov.net\/sr\/wp-json\/wp\/v2\/media\/8276"}],"wp:attachment":[{"href":"https:\/\/president-ksgov.net\/sr\/wp-json\/wp\/v2\/media?parent=73720"}],"wp:term":[{"taxonomy":"category","embeddable":true,"href":"https:\/\/president-ksgov.net\/sr\/wp-json\/wp\/v2\/categories?post=73720"},{"taxonomy":"post_tag","embeddable":true,"href":"https:\/\/president-ksgov.net\/sr\/wp-json\/wp\/v2\/tags?post=73720"}],"curies":[{"name":"wp","href":"https:\/\/api.w.org\/{rel}","templated":true}]}}