{"id":73695,"date":"2023-02-16T20:28:33","date_gmt":"2023-02-16T20:28:33","guid":{"rendered":"https:\/\/dev.president-ksgov.net\/predsednik-macron-cestita-predsednici-osmani-dan-nezavisnosti-francuska-podrzava-kosovo-u-njegovim-naporima-da-ojaca-vladavinu-prava\/"},"modified":"2023-02-17T11:45:19","modified_gmt":"2023-02-17T11:45:19","slug":"predsednik-macron-cestita-predsednici-osmani-dan-nezavisnosti-francuska-podrzava-kosovo-u-njegovim-naporima-da-ojaca-vladavinu-prava","status":"publish","type":"post","link":"https:\/\/president-ksgov.net\/sr\/predsednik-macron-cestita-predsednici-osmani-dan-nezavisnosti-francuska-podrzava-kosovo-u-njegovim-naporima-da-ojaca-vladavinu-prava\/","title":{"rendered":"Predsednik Macron \u010destita predsednici Osmani Dan nezavisnosti: Francuska podr\u017eava Kosovo u njegovim naporima da oja\u010da vladavinu prava"},"content":{"rendered":"<p>Predsednica Republike Kosovo Vjosa Osmani, je povodom 15. godi\u0161njice nezavisnosti Republike Kosovo, primila je \u010destitku predsednika Francuske Republike Emmanuela Macrona.<\/p>\n<p>\u201eNova geopoliti\u010dka situacija stvorena ratom ruske agresije u Ukrajini naterala je Evropsku uniju da oja\u010da svoju politi\u010dku, ekonomsku i bezbednosnu posve\u0107enost na Zapadnom Balkanu [&#8230;] U tom smeru, pozdravljam solidarnost koju je Kosovo pokazalo kao doma\u0107in izbeglicama i ukrajinskim novinarima\u201c, rekao je predsednik Macron.<\/p>\n<p>Izme\u0111u ostalog, predsednik Macron je pozvao na ja\u010danje bilateralnih odnosa, a ohrabrio je Kosovo da odlu\u010dno nastavi napore preduzete u ja\u010danju vladavine prava, kako bi se olak\u0161ale evropske integracije, rekav\u0161i da mo\u017ee da ra\u010duna na podr\u0161ku Francuske. <\/p>\n<p>U prilogu je \u010destitka.<br \/>\nPismo predsednika Makrona predsedniku Osmaniju<\/p>\n","protected":false},"excerpt":{"rendered":"<p>Predsednica Republike Kosovo Vjosa Osmani, je povodom 15. godi\u0161njice nezavisnosti Republike Kosovo, primila je \u010destitku predsednika Francuske Republike Emmanuela Macrona.<\/p>\n","protected":false},"author":1,"featured_media":8000,"comment_status":"open","ping_status":"closed","sticky":false,"template":"","format":"standard","meta":{"_eb_attr":"","footnotes":""},"categories":[101],"tags":[],"class_list":["post-73695","post","type-post","status-publish","format-standard","has-post-thumbnail","hentry","category-vesti"],"yoast_head":"<!-- This site is optimized with the Yoast SEO plugin v23.5 - https:\/\/yoast.com\/wordpress\/plugins\/seo\/ -->\n<title>Predsednik Macron \u010destita predsednici Osmani Dan nezavisnosti: Francuska podr\u017eava Kosovo u njegovim naporima da oja\u010da vladavinu prava - Predsednik Republike Kosovo - DR. VJOSA OSMANI - SADRIU<\/title>\n<meta name=\"description\" content=\"Predsednik Macron \u010destita predsednici Osmani Dan nezavisnosti: Francuska podr\u017eava Kosovo u njegovim naporima da oja\u010da vladavinu prava - Predsednik Republike Kosovo - DR. VJOSA OSMANI - SADRIU -\" \/>\n<meta name=\"robots\" content=\"index, follow, max-snippet:-1, max-image-preview:large, max-video-preview:-1\" \/>\n<link rel=\"canonical\" href=\"https:\/\/president-ksgov.net\/sr\/predsednik-macron-cestita-predsednici-osmani-dan-nezavisnosti-francuska-podrzava-kosovo-u-njegovim-naporima-da-ojaca-vladavinu-prava\/\" \/>\n<meta property=\"og:locale\" content=\"sr_RS\" \/>\n<meta property=\"og:type\" content=\"article\" \/>\n<meta property=\"og:title\" content=\"Predsednik Macron \u010destita predsednici Osmani Dan nezavisnosti: Francuska podr\u017eava Kosovo u njegovim naporima da oja\u010da vladavinu prava - Predsednik Republike Kosovo - DR. VJOSA OSMANI - SADRIU\" \/>\n<meta property=\"og:description\" content=\"Predsednik Macron \u010destita predsednici Osmani Dan nezavisnosti: Francuska podr\u017eava Kosovo u njegovim naporima da oja\u010da vladavinu prava - Predsednik Republike Kosovo - DR. VJOSA OSMANI - SADRIU -\" \/>\n<meta property=\"og:url\" content=\"https:\/\/president-ksgov.net\/sr\/predsednik-macron-cestita-predsednici-osmani-dan-nezavisnosti-francuska-podrzava-kosovo-u-njegovim-naporima-da-ojaca-vladavinu-prava\/\" \/>\n<meta property=\"og:site_name\" content=\"Predsednik Republike Kosovo - DR. VJOSA OSMANI - SADRIU\" \/>\n<meta property=\"article:published_time\" content=\"2023-02-16T20:28:33+00:00\" \/>\n<meta property=\"article:modified_time\" content=\"2023-02-17T11:45:19+00:00\" \/>\n<meta property=\"og:image\" content=\"https:\/\/president-ksgov.net\/wp-content\/uploads\/2023\/03\/telegram_france-3.jpg\" \/>\n\t<meta property=\"og:image:width\" content=\"989\" \/>\n\t<meta property=\"og:image:height\" content=\"814\" \/>\n\t<meta property=\"og:image:type\" content=\"image\/jpeg\" \/>\n<meta name=\"author\" content=\"admin\" \/>\n<meta name=\"twitter:card\" content=\"summary_large_image\" \/>\n<meta name=\"twitter:label1\" content=\"\u041d\u0430\u043f\u0438\u0441\u0430\u043d\u043e \u043e\u0434\" \/>\n\t<meta name=\"twitter:data1\" content=\"admin\" \/>\n\t<meta name=\"twitter:label2\" content=\"\u041f\u0440\u043e\u0446\u0435\u045a\u0435\u043d\u043e \u0432\u0440\u0435\u043c\u0435 \u0447\u0438\u0442\u0430\u045a\u0430\" \/>\n\t<meta name=\"twitter:data2\" content=\"1 \u043c\u0438\u043d\u0443\u0442\" \/>\n<script type=\"application\/ld+json\" class=\"yoast-schema-graph\">{\"@context\":\"https:\/\/schema.org\",\"@graph\":[{\"@type\":\"WebPage\",\"@id\":\"https:\/\/president-ksgov.net\/sr\/predsednik-macron-cestita-predsednici-osmani-dan-nezavisnosti-francuska-podrzava-kosovo-u-njegovim-naporima-da-ojaca-vladavinu-prava\/\",\"url\":\"https:\/\/president-ksgov.net\/sr\/predsednik-macron-cestita-predsednici-osmani-dan-nezavisnosti-francuska-podrzava-kosovo-u-njegovim-naporima-da-ojaca-vladavinu-prava\/\",\"name\":\"Predsednik Macron \u010destita predsednici Osmani Dan nezavisnosti: Francuska podr\u017eava Kosovo u njegovim naporima da oja\u010da vladavinu prava - Predsednik Republike Kosovo - DR. VJOSA OSMANI - SADRIU\",\"isPartOf\":{\"@id\":\"https:\/\/president-ksgov.net\/#website\"},\"primaryImageOfPage\":{\"@id\":\"https:\/\/president-ksgov.net\/sr\/predsednik-macron-cestita-predsednici-osmani-dan-nezavisnosti-francuska-podrzava-kosovo-u-njegovim-naporima-da-ojaca-vladavinu-prava\/#primaryimage\"},\"image\":{\"@id\":\"https:\/\/president-ksgov.net\/sr\/predsednik-macron-cestita-predsednici-osmani-dan-nezavisnosti-francuska-podrzava-kosovo-u-njegovim-naporima-da-ojaca-vladavinu-prava\/#primaryimage\"},\"thumbnailUrl\":\"https:\/\/president-ksgov.net\/wp-content\/uploads\/2023\/03\/telegram_france-3.jpg\",\"datePublished\":\"2023-02-16T20:28:33+00:00\",\"dateModified\":\"2023-02-17T11:45:19+00:00\",\"author\":{\"@id\":\"https:\/\/president-ksgov.net\/#\/schema\/person\/bb4337a5fb147cb2046d80548172cbee\"},\"description\":\"Predsednik Macron \u010destita predsednici Osmani Dan nezavisnosti: Francuska podr\u017eava Kosovo u njegovim naporima da oja\u010da vladavinu prava - Predsednik Republike Kosovo - DR. VJOSA OSMANI - SADRIU -\",\"breadcrumb\":{\"@id\":\"https:\/\/president-ksgov.net\/sr\/predsednik-macron-cestita-predsednici-osmani-dan-nezavisnosti-francuska-podrzava-kosovo-u-njegovim-naporima-da-ojaca-vladavinu-prava\/#breadcrumb\"},\"inLanguage\":\"sr-RS\",\"potentialAction\":[{\"@type\":\"ReadAction\",\"target\":[\"https:\/\/president-ksgov.net\/sr\/predsednik-macron-cestita-predsednici-osmani-dan-nezavisnosti-francuska-podrzava-kosovo-u-njegovim-naporima-da-ojaca-vladavinu-prava\/\"]}]},{\"@type\":\"ImageObject\",\"inLanguage\":\"sr-RS\",\"@id\":\"https:\/\/president-ksgov.net\/sr\/predsednik-macron-cestita-predsednici-osmani-dan-nezavisnosti-francuska-podrzava-kosovo-u-njegovim-naporima-da-ojaca-vladavinu-prava\/#primaryimage\",\"url\":\"https:\/\/president-ksgov.net\/wp-content\/uploads\/2023\/03\/telegram_france-3.jpg\",\"contentUrl\":\"https:\/\/president-ksgov.net\/wp-content\/uploads\/2023\/03\/telegram_france-3.jpg\",\"width\":989,\"height\":814},{\"@type\":\"BreadcrumbList\",\"@id\":\"https:\/\/president-ksgov.net\/sr\/predsednik-macron-cestita-predsednici-osmani-dan-nezavisnosti-francuska-podrzava-kosovo-u-njegovim-naporima-da-ojaca-vladavinu-prava\/#breadcrumb\",\"itemListElement\":[{\"@type\":\"ListItem\",\"position\":1,\"name\":\"Home\",\"item\":\"https:\/\/president-ksgov.net\/sr\/\"},{\"@type\":\"ListItem\",\"position\":2,\"name\":\"Predsednik Macron \u010destita predsednici Osmani Dan nezavisnosti: Francuska podr\u017eava Kosovo u njegovim naporima da oja\u010da vladavinu prava\"}]},{\"@type\":\"WebSite\",\"@id\":\"https:\/\/president-ksgov.net\/#website\",\"url\":\"https:\/\/president-ksgov.net\/\",\"name\":\"Presidente e Republik\u00ebs s\u00eb Kosov\u00ebs\",\"description\":\"Presidente e Republik\u00ebs s\u00eb Kosov\u00ebs\",\"alternateName\":\"DR. VJOSA OSMANI - SADRIU\",\"potentialAction\":[{\"@type\":\"SearchAction\",\"target\":{\"@type\":\"EntryPoint\",\"urlTemplate\":\"https:\/\/president-ksgov.net\/?s={search_term_string}\"},\"query-input\":{\"@type\":\"PropertyValueSpecification\",\"valueRequired\":true,\"valueName\":\"search_term_string\"}}],\"inLanguage\":\"sr-RS\"},{\"@type\":\"Person\",\"@id\":\"https:\/\/president-ksgov.net\/#\/schema\/person\/bb4337a5fb147cb2046d80548172cbee\",\"name\":\"admin\",\"image\":{\"@type\":\"ImageObject\",\"inLanguage\":\"sr-RS\",\"@id\":\"https:\/\/president-ksgov.net\/#\/schema\/person\/image\/\",\"url\":\"https:\/\/secure.gravatar.com\/avatar\/36156ca0fa3b8d9d25174f146e16beea0cf28f37adf1b9e19b6c9c279a7c9dd3?s=96&d=mm&r=g\",\"contentUrl\":\"https:\/\/secure.gravatar.com\/avatar\/36156ca0fa3b8d9d25174f146e16beea0cf28f37adf1b9e19b6c9c279a7c9dd3?s=96&d=mm&r=g\",\"caption\":\"admin\"},\"sameAs\":[\"https:\/\/president-ksgov.net\"]}]}<\/script>\n<!-- \/ Yoast SEO plugin. -->","yoast_head_json":{"title":"Predsednik Macron \u010destita predsednici Osmani Dan nezavisnosti: Francuska podr\u017eava Kosovo u njegovim naporima da oja\u010da vladavinu prava - Predsednik Republike Kosovo - DR. VJOSA OSMANI - SADRIU","description":"Predsednik Macron \u010destita predsednici Osmani Dan nezavisnosti: Francuska podr\u017eava Kosovo u njegovim naporima da oja\u010da vladavinu prava - Predsednik Republike Kosovo - DR. VJOSA OSMANI - SADRIU -","robots":{"index":"index","follow":"follow","max-snippet":"max-snippet:-1","max-image-preview":"max-image-preview:large","max-video-preview":"max-video-preview:-1"},"canonical":"https:\/\/president-ksgov.net\/sr\/predsednik-macron-cestita-predsednici-osmani-dan-nezavisnosti-francuska-podrzava-kosovo-u-njegovim-naporima-da-ojaca-vladavinu-prava\/","og_locale":"sr_RS","og_type":"article","og_title":"Predsednik Macron \u010destita predsednici Osmani Dan nezavisnosti: Francuska podr\u017eava Kosovo u njegovim naporima da oja\u010da vladavinu prava - Predsednik Republike Kosovo - DR. VJOSA OSMANI - SADRIU","og_description":"Predsednik Macron \u010destita predsednici Osmani Dan nezavisnosti: Francuska podr\u017eava Kosovo u njegovim naporima da oja\u010da vladavinu prava - Predsednik Republike Kosovo - DR. VJOSA OSMANI - SADRIU -","og_url":"https:\/\/president-ksgov.net\/sr\/predsednik-macron-cestita-predsednici-osmani-dan-nezavisnosti-francuska-podrzava-kosovo-u-njegovim-naporima-da-ojaca-vladavinu-prava\/","og_site_name":"Predsednik Republike Kosovo - DR. VJOSA OSMANI - SADRIU","article_published_time":"2023-02-16T20:28:33+00:00","article_modified_time":"2023-02-17T11:45:19+00:00","og_image":[{"width":989,"height":814,"url":"https:\/\/president-ksgov.net\/wp-content\/uploads\/2023\/03\/telegram_france-3.jpg","type":"image\/jpeg"}],"author":"admin","twitter_card":"summary_large_image","twitter_misc":{"\u041d\u0430\u043f\u0438\u0441\u0430\u043d\u043e \u043e\u0434":"admin","\u041f\u0440\u043e\u0446\u0435\u045a\u0435\u043d\u043e \u0432\u0440\u0435\u043c\u0435 \u0447\u0438\u0442\u0430\u045a\u0430":"1 \u043c\u0438\u043d\u0443\u0442"},"schema":{"@context":"https:\/\/schema.org","@graph":[{"@type":"WebPage","@id":"https:\/\/president-ksgov.net\/sr\/predsednik-macron-cestita-predsednici-osmani-dan-nezavisnosti-francuska-podrzava-kosovo-u-njegovim-naporima-da-ojaca-vladavinu-prava\/","url":"https:\/\/president-ksgov.net\/sr\/predsednik-macron-cestita-predsednici-osmani-dan-nezavisnosti-francuska-podrzava-kosovo-u-njegovim-naporima-da-ojaca-vladavinu-prava\/","name":"Predsednik Macron \u010destita predsednici Osmani Dan nezavisnosti: Francuska podr\u017eava Kosovo u njegovim naporima da oja\u010da vladavinu prava - Predsednik Republike Kosovo - DR. VJOSA OSMANI - SADRIU","isPartOf":{"@id":"https:\/\/president-ksgov.net\/#website"},"primaryImageOfPage":{"@id":"https:\/\/president-ksgov.net\/sr\/predsednik-macron-cestita-predsednici-osmani-dan-nezavisnosti-francuska-podrzava-kosovo-u-njegovim-naporima-da-ojaca-vladavinu-prava\/#primaryimage"},"image":{"@id":"https:\/\/president-ksgov.net\/sr\/predsednik-macron-cestita-predsednici-osmani-dan-nezavisnosti-francuska-podrzava-kosovo-u-njegovim-naporima-da-ojaca-vladavinu-prava\/#primaryimage"},"thumbnailUrl":"https:\/\/president-ksgov.net\/wp-content\/uploads\/2023\/03\/telegram_france-3.jpg","datePublished":"2023-02-16T20:28:33+00:00","dateModified":"2023-02-17T11:45:19+00:00","author":{"@id":"https:\/\/president-ksgov.net\/#\/schema\/person\/bb4337a5fb147cb2046d80548172cbee"},"description":"Predsednik Macron \u010destita predsednici Osmani Dan nezavisnosti: Francuska podr\u017eava Kosovo u njegovim naporima da oja\u010da vladavinu prava - Predsednik Republike Kosovo - DR. VJOSA OSMANI - SADRIU -","breadcrumb":{"@id":"https:\/\/president-ksgov.net\/sr\/predsednik-macron-cestita-predsednici-osmani-dan-nezavisnosti-francuska-podrzava-kosovo-u-njegovim-naporima-da-ojaca-vladavinu-prava\/#breadcrumb"},"inLanguage":"sr-RS","potentialAction":[{"@type":"ReadAction","target":["https:\/\/president-ksgov.net\/sr\/predsednik-macron-cestita-predsednici-osmani-dan-nezavisnosti-francuska-podrzava-kosovo-u-njegovim-naporima-da-ojaca-vladavinu-prava\/"]}]},{"@type":"ImageObject","inLanguage":"sr-RS","@id":"https:\/\/president-ksgov.net\/sr\/predsednik-macron-cestita-predsednici-osmani-dan-nezavisnosti-francuska-podrzava-kosovo-u-njegovim-naporima-da-ojaca-vladavinu-prava\/#primaryimage","url":"https:\/\/president-ksgov.net\/wp-content\/uploads\/2023\/03\/telegram_france-3.jpg","contentUrl":"https:\/\/president-ksgov.net\/wp-content\/uploads\/2023\/03\/telegram_france-3.jpg","width":989,"height":814},{"@type":"BreadcrumbList","@id":"https:\/\/president-ksgov.net\/sr\/predsednik-macron-cestita-predsednici-osmani-dan-nezavisnosti-francuska-podrzava-kosovo-u-njegovim-naporima-da-ojaca-vladavinu-prava\/#breadcrumb","itemListElement":[{"@type":"ListItem","position":1,"name":"Home","item":"https:\/\/president-ksgov.net\/sr\/"},{"@type":"ListItem","position":2,"name":"Predsednik Macron \u010destita predsednici Osmani Dan nezavisnosti: Francuska podr\u017eava Kosovo u njegovim naporima da oja\u010da vladavinu prava"}]},{"@type":"WebSite","@id":"https:\/\/president-ksgov.net\/#website","url":"https:\/\/president-ksgov.net\/","name":"Presidente e Republik\u00ebs s\u00eb Kosov\u00ebs","description":"Presidente e Republik\u00ebs s\u00eb Kosov\u00ebs","alternateName":"DR. VJOSA OSMANI - SADRIU","potentialAction":[{"@type":"SearchAction","target":{"@type":"EntryPoint","urlTemplate":"https:\/\/president-ksgov.net\/?s={search_term_string}"},"query-input":{"@type":"PropertyValueSpecification","valueRequired":true,"valueName":"search_term_string"}}],"inLanguage":"sr-RS"},{"@type":"Person","@id":"https:\/\/president-ksgov.net\/#\/schema\/person\/bb4337a5fb147cb2046d80548172cbee","name":"admin","image":{"@type":"ImageObject","inLanguage":"sr-RS","@id":"https:\/\/president-ksgov.net\/#\/schema\/person\/image\/","url":"https:\/\/secure.gravatar.com\/avatar\/36156ca0fa3b8d9d25174f146e16beea0cf28f37adf1b9e19b6c9c279a7c9dd3?s=96&d=mm&r=g","contentUrl":"https:\/\/secure.gravatar.com\/avatar\/36156ca0fa3b8d9d25174f146e16beea0cf28f37adf1b9e19b6c9c279a7c9dd3?s=96&d=mm&r=g","caption":"admin"},"sameAs":["https:\/\/president-ksgov.net"]}]}},"_links":{"self":[{"href":"https:\/\/president-ksgov.net\/sr\/wp-json\/wp\/v2\/posts\/73695","targetHints":{"allow":["GET"]}}],"collection":[{"href":"https:\/\/president-ksgov.net\/sr\/wp-json\/wp\/v2\/posts"}],"about":[{"href":"https:\/\/president-ksgov.net\/sr\/wp-json\/wp\/v2\/types\/post"}],"author":[{"embeddable":true,"href":"https:\/\/president-ksgov.net\/sr\/wp-json\/wp\/v2\/users\/1"}],"replies":[{"embeddable":true,"href":"https:\/\/president-ksgov.net\/sr\/wp-json\/wp\/v2\/comments?post=73695"}],"version-history":[{"count":0,"href":"https:\/\/president-ksgov.net\/sr\/wp-json\/wp\/v2\/posts\/73695\/revisions"}],"wp:featuredmedia":[{"embeddable":true,"href":"https:\/\/president-ksgov.net\/sr\/wp-json\/wp\/v2\/media\/8000"}],"wp:attachment":[{"href":"https:\/\/president-ksgov.net\/sr\/wp-json\/wp\/v2\/media?parent=73695"}],"wp:term":[{"taxonomy":"category","embeddable":true,"href":"https:\/\/president-ksgov.net\/sr\/wp-json\/wp\/v2\/categories?post=73695"},{"taxonomy":"post_tag","embeddable":true,"href":"https:\/\/president-ksgov.net\/sr\/wp-json\/wp\/v2\/tags?post=73695"}],"curies":[{"name":"wp","href":"https:\/\/api.w.org\/{rel}","templated":true}]}}