{"id":73690,"date":"2023-02-17T15:14:02","date_gmt":"2023-02-17T15:14:02","guid":{"rendered":"https:\/\/dev.president-ksgov.net\/govor-predsednice-osmani-na-paradi-bezbednosnih-snaga-kosova-i-policije-kosova-povodom-15-godisnjice-nezavisnosti-republike-kosovo\/"},"modified":"2023-03-08T08:59:22","modified_gmt":"2023-03-08T08:59:22","slug":"govor-predsednice-osmani-na-paradi-bezbednosnih-snaga-kosova-i-policije-kosova-povodom-15-godisnjice-nezavisnosti-republike-kosovo","status":"publish","type":"post","link":"https:\/\/president-ksgov.net\/sr\/govor-predsednice-osmani-na-paradi-bezbednosnih-snaga-kosova-i-policije-kosova-povodom-15-godisnjice-nezavisnosti-republike-kosovo\/","title":{"rendered":"Govor predsednice Osmani na paradi Bezbednosnih snaga Kosova i Policije Kosova povodom 15. godi\u0161njice nezavisnosti Republike Kosovo"},"content":{"rendered":"<p>Dragi gra\u0111ani na\u0161e Republike, hvala vam \u0161to svaki dan po\u0161tujete Kosovo i svaki dan uzdi\u017eete zastavu na\u0161e Republike.<\/p>\n<p>Po\u0161tovani predsedni\u010de Albanije,<\/p>\n<p>Po\u0161tovani potpredsedni\u010de Bugarske,<\/p>\n<p>Po\u0161tovani predsedni\u010de Skup\u0161tine Konjufca,<\/p>\n<p>Po\u0161tovani premijeru Kurti,<\/p>\n<p>Po\u0161tovani komandante BSK-a,<\/p>\n<p>Po\u0161tovani ambasadori,<\/p>\n<p>Po\u0161tovani pripadnici Policije Kosova,<\/p>\n<p>Po\u0161tovani oficiri, podoficiri i vojnici BSK-a,<\/p>\n<p>Dame i gospodo,<\/p>\n<p>Danas smo se okupili da proslavimo jo\u0161 jednu godinu nezavisnosti, jo\u0161 jednu godinu slobode i jo\u0161 jednu godinu napretka.<br \/>\nNa 15. godi\u0161njicu nezavisnosti na\u0161e dr\u017eave, Republike Kosovo, se\u0107amo se sa dubokim po\u0161tovanjem \u017ertvovanja svih onih koji su se hrabro borili i herojski pali da bi obezbedili na\u0161u slobodu i omogu\u0107ili demokratsko Kosovo gde su svi jednaki pred zakonom.<\/p>\n<p>Nimalo slu\u010dajno, trupe na\u0161e vojske, snaga bezbednosti i Policije Kosova danas \u0107e mar\u0161irati na tri amblemati\u010dna trga koji sa\u017eimaju i prepli\u0107u veliki deo na\u0161e istorije.<\/p>\n<p>Krenu\u0107e od trga \u201cIbrahim Rugova\u201d, nastavi\u0107e preko trga \u201cMajke Tereze\u201d i vrati\u0107e se na trg \u201cZahir Pajaziti\u201d, u \u010dast 15. godi\u0161njice nezavisnosti dr\u017eave, njihovi kadrovi \u0107e se vratiti u kasarnu koja nosi ime ikone na\u0161eg oslobodila\u010dkog rata, legendarnog komandanta Adema Ja\u0161arija.<\/p>\n<p>Devojke i momci na\u0161e vojske i policije, na ovaj dan proslave, mar\u0161ira\u0107e sa trga koji nosi ime arhitekte dr\u017eave Kosovo, oca osniva\u010da, istorijskog predsednika dr Ibrahima Rugove, koji nas i danas gleda odozgo i koji se, uverena sam, ponosi uspesima na\u0161e zemlje.<\/p>\n<p>Na\u0161a Republika nosi pe\u010dat \u017ertvovanja tri hiljade palih boraca OVK koje je predvodio legendarni komandant Adem Ja\u0161ari. Sloboda, nezavisnost i na\u0161a dr\u017eava su njegov testament i testament mnogih generacija, pa se sa po\u0161tovanjem klanjamo pred njima!<\/p>\n<p>Vojni kadrovi, koji danas zajedno sa Policijom Kosova defiluju ispred nas, najsjajniji su deo na\u0161e nove istorije i spoj dva istorijska perioda, koji su prokr\u010dili put na\u0161oj slobodi, formiranju i izgradnji dr\u017eave.<\/p>\n<p>Kao i na\u0161a vojska, koja se svaki put dokazuje i \u010dini nas ponosnim, tako je i Policija Kosova, koja se nedavno suo\u010dila sa pove\u0107anom posve\u0107eno\u0161\u0107u zbog de\u0161avanja na severu zemlje, pokazala posve\u0107enost i odlu\u010dnost da odr\u017ei red i zakon, ali pre svega da o\u010duva suverenitet u svakom kutku Republike Kosovo.<br \/>\nOve devojke i momci su potomci Oslobodila\u010dke vojske Kosova, koji su se vratili i za\u0161titili dostojanstvo na\u0161eg naroda.<\/p>\n<p>Stoga, hvala svakome od vas!<\/p>\n<p>Ali danas jedno veliko hvala ide i na\u0161im prijateljima, pre svega, hvala Sjedinjenim Ameri\u010dkim Dr\u017eavama, na\u0161im ve\u010dnim saveznicima, hvala svim dr\u017eavama \u010dlanicama NATO-a kao i drugim prijateljskim zemljama \u0161irom sveta, koje su se, podr\u017eavaju\u0107i na\u0161e pravo da \u017eivimo slobodno, stavile na pravu stranu istorije.<br \/>\nNa\u0161e snage su stru\u010dne i spremne u svakom trenutku da za\u0161tite suverenitet i nepovredivost teritorije na\u0161e Republike, tako da \u0107emo danas zajedno sa Vama, po\u0161tovani gra\u0111ani, imati priliku da se zahvalimo na\u0161oj vojsci i na\u0161oj policiji tokom ove parade.<\/p>\n<p>Kao dru\u0161tvo i kao dr\u017eava dugujemo na\u0161im vojnicima i na\u0161oj policiji i njihovom \u017ertvovanju. Oni su oli\u010denje nesebi\u010dnosti i slu\u017eenja.<\/p>\n<p>Na\u0161a nezavisnost nije samo sloboda od ropstva, ve\u0107 i na\u0161i svakodnevni napori da stvorimo dru\u0161tvo zasnovano na pravdi, jednakosti i prosperitetu za sve gra\u0111ane bez razlike.<\/p>\n<p>Stoga, hajde da radimo zajedno na izgradnji svetlije budu\u0107nosti za na\u0161u zemlju i generacije koje dolaze. Period kroz koji prolazi na\u0161a zemlja, u ovom vremenu globalnih izazova i pretnji, pove\u0107ava potrebu da se ujedinimo na jednom frontu, za dobro Republike. Jer samo kada smo zajedno smo uspe\u0161ni. Na\u0161a Republika je sveta i kao takvu moramo da je tretiramo i \u0161titimo.<\/p>\n<p>Republika Kosovo je ve\u010dna, kao i na\u0161i napori da je oja\u010damo i da nastavimo da se ose\u0107amo ponosno na dr\u017eavu, \u0161to predstavlja na\u0161 primarni interes.<\/p>\n<p>Blagoslovio Bog na\u0161u vojsku i policiju!<\/p>\n<p>Blagoslovio Bog Republiku Kosovo i njene gra\u0111ane!<\/p>\n","protected":false},"excerpt":{"rendered":"<p>Dragi gra\u0111ani na\u0161e Republike, hvala vam \u0161to svaki dan po\u0161tujete Kosovo i svaki dan uzdi\u017eete zastavu na\u0161e Republike. Po\u0161tovani predsedni\u010de Albanije, Po\u0161tovani potpredsedni\u010de Bugarske, Po\u0161tovani predsedni\u010de Skup\u0161tine Konjufca, Po\u0161tovani premijeru Kurti, Po\u0161tovani komandante BSK-a, Po\u0161tovani ambasadori, Po\u0161tovani pripadnici Policije Kosova, Po\u0161tovani oficiri, podoficiri i vojnici BSK-a, Dame i gospodo, Danas smo se okupili da proslavimo jo\u0161 jednu godinu nezavisnosti, jo\u0161 jednu godinu slobode i jo\u0161 jednu godinu napretka. Na 15. godi\u0161njicu nezavisnosti na\u0161e dr\u017eave, Republike Kosovo, se\u0107amo se sa dubokim po\u0161tovanjem \u017ertvovanja svih onih koji su se hrabro borili i herojski pali da bi obezbedili na\u0161u slobodu i omogu\u0107ili demokratsko Kosovo gde su svi jednaki pred zakonom. Nimalo slu\u010dajno, trupe na\u0161e vojske, snaga bezbednosti i Policije Kosova danas \u0107e mar\u0161irati na tri amblemati\u010dna trga koji sa\u017eimaju i prepli\u0107u veliki deo na\u0161e istorije. Krenu\u0107e od trga \u201cIbrahim Rugova\u201d, nastavi\u0107e preko trga \u201cMajke Tereze\u201d i vrati\u0107e se na trg \u201cZahir Pajaziti\u201d, u \u010dast 15. godi\u0161njice nezavisnosti dr\u017eave, njihovi kadrovi \u0107e se vratiti u kasarnu koja nosi ime ikone na\u0161eg oslobodila\u010dkog rata, legendarnog komandanta Adema Ja\u0161arija. Devojke i momci na\u0161e vojske i policije, na ovaj dan proslave, mar\u0161ira\u0107e sa trga koji nosi ime arhitekte dr\u017eave Kosovo, oca osniva\u010da, istorijskog predsednika dr Ibrahima Rugove, koji nas i danas gleda odozgo i koji se, uverena sam, ponosi uspesima na\u0161e zemlje. Na\u0161a Republika nosi pe\u010dat \u017ertvovanja tri hiljade palih boraca OVK koje je predvodio legendarni komandant Adem Ja\u0161ari. Sloboda, nezavisnost i na\u0161a dr\u017eava su njegov testament i testament mnogih generacija, pa se sa po\u0161tovanjem klanjamo pred njima! Vojni kadrovi, koji danas zajedno sa Policijom Kosova defiluju ispred nas, najsjajniji su deo na\u0161e nove istorije i spoj dva istorijska perioda, koji su prokr\u010dili put na\u0161oj slobodi, formiranju i izgradnji dr\u017eave. Kao i na\u0161a vojska, koja se svaki put dokazuje i \u010dini nas ponosnim, tako je i Policija Kosova, koja se nedavno suo\u010dila sa pove\u0107anom posve\u0107eno\u0161\u0107u zbog de\u0161avanja na severu zemlje, pokazala posve\u0107enost i odlu\u010dnost da odr\u017ei red i zakon, ali pre svega da o\u010duva suverenitet u svakom kutku Republike Kosovo. Ove devojke i momci su potomci Oslobodila\u010dke vojske Kosova, koji su se vratili i za\u0161titili dostojanstvo na\u0161eg naroda. Stoga, hvala svakome od vas! Ali danas jedno veliko hvala ide i na\u0161im prijateljima, pre svega, hvala Sjedinjenim Ameri\u010dkim Dr\u017eavama, na\u0161im ve\u010dnim saveznicima, hvala svim dr\u017eavama \u010dlanicama NATO-a kao i drugim prijateljskim zemljama \u0161irom sveta, koje su se, podr\u017eavaju\u0107i na\u0161e pravo da \u017eivimo slobodno, stavile na pravu stranu istorije. Na\u0161e snage su stru\u010dne i spremne u svakom trenutku da za\u0161tite suverenitet i nepovredivost teritorije na\u0161e Republike, tako da \u0107emo danas zajedno sa Vama, po\u0161tovani gra\u0111ani, imati priliku da se zahvalimo na\u0161oj vojsci i na\u0161oj policiji tokom ove parade. Kao dru\u0161tvo i kao dr\u017eava dugujemo na\u0161im vojnicima i na\u0161oj policiji i njihovom \u017ertvovanju. Oni su oli\u010denje nesebi\u010dnosti i slu\u017eenja. Na\u0161a nezavisnost nije samo sloboda od ropstva, ve\u0107 i na\u0161i svakodnevni napori da stvorimo dru\u0161tvo zasnovano na pravdi, jednakosti i prosperitetu za sve gra\u0111ane bez razlike. Stoga, hajde da radimo zajedno na izgradnji svetlije budu\u0107nosti za na\u0161u zemlju i generacije koje dolaze. Period kroz koji prolazi na\u0161a zemlja, u ovom vremenu globalnih izazova i pretnji, pove\u0107ava potrebu da se ujedinimo na jednom frontu, za dobro Republike. Jer samo kada smo zajedno smo uspe\u0161ni. Na\u0161a Republika je sveta i kao takvu moramo da je tretiramo i \u0161titimo. Republika Kosovo je ve\u010dna, kao i na\u0161i napori da je oja\u010damo i da nastavimo da se ose\u0107amo ponosno na dr\u017eavu, \u0161to predstavlja na\u0161 primarni interes. Blagoslovio Bog na\u0161u vojsku i policiju! Blagoslovio Bog Republiku Kosovo i njene gra\u0111ane!<\/p>\n","protected":false},"author":1,"featured_media":7983,"comment_status":"open","ping_status":"closed","sticky":false,"template":"","format":"standard","meta":{"_eb_attr":"","footnotes":""},"categories":[106],"tags":[],"class_list":["post-73690","post","type-post","status-publish","format-standard","has-post-thumbnail","hentry","category-govori"],"yoast_head":"<!-- This site is optimized with the Yoast SEO plugin v23.5 - https:\/\/yoast.com\/wordpress\/plugins\/seo\/ -->\n<title>Govor predsednice Osmani na paradi Bezbednosnih snaga Kosova i Policije Kosova povodom 15. godi\u0161njice nezavisnosti Republike Kosovo - Predsednik Republike Kosovo - DR. VJOSA OSMANI - SADRIU<\/title>\n<meta name=\"description\" content=\"Govor predsednice Osmani na paradi Bezbednosnih snaga Kosova i Policije Kosova povodom 15. godi\u0161njice nezavisnosti Republike Kosovo - Predsednik Republike Kosovo - DR. VJOSA OSMANI - SADRIU -\" \/>\n<meta name=\"robots\" content=\"index, follow, max-snippet:-1, max-image-preview:large, max-video-preview:-1\" \/>\n<link rel=\"canonical\" href=\"https:\/\/president-ksgov.net\/sr\/govor-predsednice-osmani-na-paradi-bezbednosnih-snaga-kosova-i-policije-kosova-povodom-15-godisnjice-nezavisnosti-republike-kosovo\/\" \/>\n<meta property=\"og:locale\" content=\"sr_RS\" \/>\n<meta property=\"og:type\" content=\"article\" \/>\n<meta property=\"og:title\" content=\"Govor predsednice Osmani na paradi Bezbednosnih snaga Kosova i Policije Kosova povodom 15. godi\u0161njice nezavisnosti Republike Kosovo - Predsednik Republike Kosovo - DR. VJOSA OSMANI - SADRIU\" \/>\n<meta property=\"og:description\" content=\"Govor predsednice Osmani na paradi Bezbednosnih snaga Kosova i Policije Kosova povodom 15. godi\u0161njice nezavisnosti Republike Kosovo - Predsednik Republike Kosovo - DR. VJOSA OSMANI - SADRIU -\" \/>\n<meta property=\"og:url\" content=\"https:\/\/president-ksgov.net\/sr\/govor-predsednice-osmani-na-paradi-bezbednosnih-snaga-kosova-i-policije-kosova-povodom-15-godisnjice-nezavisnosti-republike-kosovo\/\" \/>\n<meta property=\"og:site_name\" content=\"Predsednik Republike Kosovo - DR. VJOSA OSMANI - SADRIU\" \/>\n<meta property=\"article:published_time\" content=\"2023-02-17T15:14:02+00:00\" \/>\n<meta property=\"article:modified_time\" content=\"2023-03-08T08:59:22+00:00\" \/>\n<meta property=\"og:image\" content=\"https:\/\/president-ksgov.net\/wp-content\/uploads\/2023\/03\/VX19633-copy-3-scaled.jpg\" \/>\n\t<meta property=\"og:image:width\" content=\"2560\" \/>\n\t<meta property=\"og:image:height\" content=\"1706\" \/>\n\t<meta property=\"og:image:type\" content=\"image\/jpeg\" \/>\n<meta name=\"author\" content=\"admin\" \/>\n<meta name=\"twitter:card\" content=\"summary_large_image\" \/>\n<meta name=\"twitter:label1\" content=\"\u041d\u0430\u043f\u0438\u0441\u0430\u043d\u043e \u043e\u0434\" \/>\n\t<meta name=\"twitter:data1\" content=\"admin\" \/>\n\t<meta name=\"twitter:label2\" content=\"\u041f\u0440\u043e\u0446\u0435\u045a\u0435\u043d\u043e \u0432\u0440\u0435\u043c\u0435 \u0447\u0438\u0442\u0430\u045a\u0430\" \/>\n\t<meta name=\"twitter:data2\" content=\"3 \u043c\u0438\u043d\u0443\u0442\u0430\" \/>\n<script type=\"application\/ld+json\" class=\"yoast-schema-graph\">{\"@context\":\"https:\/\/schema.org\",\"@graph\":[{\"@type\":\"WebPage\",\"@id\":\"https:\/\/president-ksgov.net\/sr\/govor-predsednice-osmani-na-paradi-bezbednosnih-snaga-kosova-i-policije-kosova-povodom-15-godisnjice-nezavisnosti-republike-kosovo\/\",\"url\":\"https:\/\/president-ksgov.net\/sr\/govor-predsednice-osmani-na-paradi-bezbednosnih-snaga-kosova-i-policije-kosova-povodom-15-godisnjice-nezavisnosti-republike-kosovo\/\",\"name\":\"Govor predsednice Osmani na paradi Bezbednosnih snaga Kosova i Policije Kosova povodom 15. godi\u0161njice nezavisnosti Republike Kosovo - Predsednik Republike Kosovo - DR. VJOSA OSMANI - SADRIU\",\"isPartOf\":{\"@id\":\"https:\/\/president-ksgov.net\/#website\"},\"primaryImageOfPage\":{\"@id\":\"https:\/\/president-ksgov.net\/sr\/govor-predsednice-osmani-na-paradi-bezbednosnih-snaga-kosova-i-policije-kosova-povodom-15-godisnjice-nezavisnosti-republike-kosovo\/#primaryimage\"},\"image\":{\"@id\":\"https:\/\/president-ksgov.net\/sr\/govor-predsednice-osmani-na-paradi-bezbednosnih-snaga-kosova-i-policije-kosova-povodom-15-godisnjice-nezavisnosti-republike-kosovo\/#primaryimage\"},\"thumbnailUrl\":\"https:\/\/president-ksgov.net\/wp-content\/uploads\/2023\/03\/VX19633-copy-3-scaled.jpg\",\"datePublished\":\"2023-02-17T15:14:02+00:00\",\"dateModified\":\"2023-03-08T08:59:22+00:00\",\"author\":{\"@id\":\"https:\/\/president-ksgov.net\/#\/schema\/person\/bb4337a5fb147cb2046d80548172cbee\"},\"description\":\"Govor predsednice Osmani na paradi Bezbednosnih snaga Kosova i Policije Kosova povodom 15. godi\u0161njice nezavisnosti Republike Kosovo - Predsednik Republike Kosovo - DR. VJOSA OSMANI - SADRIU -\",\"breadcrumb\":{\"@id\":\"https:\/\/president-ksgov.net\/sr\/govor-predsednice-osmani-na-paradi-bezbednosnih-snaga-kosova-i-policije-kosova-povodom-15-godisnjice-nezavisnosti-republike-kosovo\/#breadcrumb\"},\"inLanguage\":\"sr-RS\",\"potentialAction\":[{\"@type\":\"ReadAction\",\"target\":[\"https:\/\/president-ksgov.net\/sr\/govor-predsednice-osmani-na-paradi-bezbednosnih-snaga-kosova-i-policije-kosova-povodom-15-godisnjice-nezavisnosti-republike-kosovo\/\"]}]},{\"@type\":\"ImageObject\",\"inLanguage\":\"sr-RS\",\"@id\":\"https:\/\/president-ksgov.net\/sr\/govor-predsednice-osmani-na-paradi-bezbednosnih-snaga-kosova-i-policije-kosova-povodom-15-godisnjice-nezavisnosti-republike-kosovo\/#primaryimage\",\"url\":\"https:\/\/president-ksgov.net\/wp-content\/uploads\/2023\/03\/VX19633-copy-3-scaled.jpg\",\"contentUrl\":\"https:\/\/president-ksgov.net\/wp-content\/uploads\/2023\/03\/VX19633-copy-3-scaled.jpg\",\"width\":2560,\"height\":1706},{\"@type\":\"BreadcrumbList\",\"@id\":\"https:\/\/president-ksgov.net\/sr\/govor-predsednice-osmani-na-paradi-bezbednosnih-snaga-kosova-i-policije-kosova-povodom-15-godisnjice-nezavisnosti-republike-kosovo\/#breadcrumb\",\"itemListElement\":[{\"@type\":\"ListItem\",\"position\":1,\"name\":\"Home\",\"item\":\"https:\/\/president-ksgov.net\/sr\/\"},{\"@type\":\"ListItem\",\"position\":2,\"name\":\"Govor predsednice Osmani na paradi Bezbednosnih snaga Kosova i Policije Kosova povodom 15. godi\u0161njice nezavisnosti Republike Kosovo\"}]},{\"@type\":\"WebSite\",\"@id\":\"https:\/\/president-ksgov.net\/#website\",\"url\":\"https:\/\/president-ksgov.net\/\",\"name\":\"Presidente e Republik\u00ebs s\u00eb Kosov\u00ebs\",\"description\":\"Presidente e Republik\u00ebs s\u00eb Kosov\u00ebs\",\"alternateName\":\"DR. VJOSA OSMANI - SADRIU\",\"potentialAction\":[{\"@type\":\"SearchAction\",\"target\":{\"@type\":\"EntryPoint\",\"urlTemplate\":\"https:\/\/president-ksgov.net\/?s={search_term_string}\"},\"query-input\":{\"@type\":\"PropertyValueSpecification\",\"valueRequired\":true,\"valueName\":\"search_term_string\"}}],\"inLanguage\":\"sr-RS\"},{\"@type\":\"Person\",\"@id\":\"https:\/\/president-ksgov.net\/#\/schema\/person\/bb4337a5fb147cb2046d80548172cbee\",\"name\":\"admin\",\"image\":{\"@type\":\"ImageObject\",\"inLanguage\":\"sr-RS\",\"@id\":\"https:\/\/president-ksgov.net\/#\/schema\/person\/image\/\",\"url\":\"https:\/\/secure.gravatar.com\/avatar\/36156ca0fa3b8d9d25174f146e16beea0cf28f37adf1b9e19b6c9c279a7c9dd3?s=96&d=mm&r=g\",\"contentUrl\":\"https:\/\/secure.gravatar.com\/avatar\/36156ca0fa3b8d9d25174f146e16beea0cf28f37adf1b9e19b6c9c279a7c9dd3?s=96&d=mm&r=g\",\"caption\":\"admin\"},\"sameAs\":[\"https:\/\/president-ksgov.net\"]}]}<\/script>\n<!-- \/ Yoast SEO plugin. -->","yoast_head_json":{"title":"Govor predsednice Osmani na paradi Bezbednosnih snaga Kosova i Policije Kosova povodom 15. godi\u0161njice nezavisnosti Republike Kosovo - Predsednik Republike Kosovo - DR. VJOSA OSMANI - SADRIU","description":"Govor predsednice Osmani na paradi Bezbednosnih snaga Kosova i Policije Kosova povodom 15. godi\u0161njice nezavisnosti Republike Kosovo - Predsednik Republike Kosovo - DR. VJOSA OSMANI - SADRIU -","robots":{"index":"index","follow":"follow","max-snippet":"max-snippet:-1","max-image-preview":"max-image-preview:large","max-video-preview":"max-video-preview:-1"},"canonical":"https:\/\/president-ksgov.net\/sr\/govor-predsednice-osmani-na-paradi-bezbednosnih-snaga-kosova-i-policije-kosova-povodom-15-godisnjice-nezavisnosti-republike-kosovo\/","og_locale":"sr_RS","og_type":"article","og_title":"Govor predsednice Osmani na paradi Bezbednosnih snaga Kosova i Policije Kosova povodom 15. godi\u0161njice nezavisnosti Republike Kosovo - Predsednik Republike Kosovo - DR. VJOSA OSMANI - SADRIU","og_description":"Govor predsednice Osmani na paradi Bezbednosnih snaga Kosova i Policije Kosova povodom 15. godi\u0161njice nezavisnosti Republike Kosovo - Predsednik Republike Kosovo - DR. VJOSA OSMANI - SADRIU -","og_url":"https:\/\/president-ksgov.net\/sr\/govor-predsednice-osmani-na-paradi-bezbednosnih-snaga-kosova-i-policije-kosova-povodom-15-godisnjice-nezavisnosti-republike-kosovo\/","og_site_name":"Predsednik Republike Kosovo - DR. VJOSA OSMANI - SADRIU","article_published_time":"2023-02-17T15:14:02+00:00","article_modified_time":"2023-03-08T08:59:22+00:00","og_image":[{"width":2560,"height":1706,"url":"https:\/\/president-ksgov.net\/wp-content\/uploads\/2023\/03\/VX19633-copy-3-scaled.jpg","type":"image\/jpeg"}],"author":"admin","twitter_card":"summary_large_image","twitter_misc":{"\u041d\u0430\u043f\u0438\u0441\u0430\u043d\u043e \u043e\u0434":"admin","\u041f\u0440\u043e\u0446\u0435\u045a\u0435\u043d\u043e \u0432\u0440\u0435\u043c\u0435 \u0447\u0438\u0442\u0430\u045a\u0430":"3 \u043c\u0438\u043d\u0443\u0442\u0430"},"schema":{"@context":"https:\/\/schema.org","@graph":[{"@type":"WebPage","@id":"https:\/\/president-ksgov.net\/sr\/govor-predsednice-osmani-na-paradi-bezbednosnih-snaga-kosova-i-policije-kosova-povodom-15-godisnjice-nezavisnosti-republike-kosovo\/","url":"https:\/\/president-ksgov.net\/sr\/govor-predsednice-osmani-na-paradi-bezbednosnih-snaga-kosova-i-policije-kosova-povodom-15-godisnjice-nezavisnosti-republike-kosovo\/","name":"Govor predsednice Osmani na paradi Bezbednosnih snaga Kosova i Policije Kosova povodom 15. godi\u0161njice nezavisnosti Republike Kosovo - Predsednik Republike Kosovo - DR. VJOSA OSMANI - SADRIU","isPartOf":{"@id":"https:\/\/president-ksgov.net\/#website"},"primaryImageOfPage":{"@id":"https:\/\/president-ksgov.net\/sr\/govor-predsednice-osmani-na-paradi-bezbednosnih-snaga-kosova-i-policije-kosova-povodom-15-godisnjice-nezavisnosti-republike-kosovo\/#primaryimage"},"image":{"@id":"https:\/\/president-ksgov.net\/sr\/govor-predsednice-osmani-na-paradi-bezbednosnih-snaga-kosova-i-policije-kosova-povodom-15-godisnjice-nezavisnosti-republike-kosovo\/#primaryimage"},"thumbnailUrl":"https:\/\/president-ksgov.net\/wp-content\/uploads\/2023\/03\/VX19633-copy-3-scaled.jpg","datePublished":"2023-02-17T15:14:02+00:00","dateModified":"2023-03-08T08:59:22+00:00","author":{"@id":"https:\/\/president-ksgov.net\/#\/schema\/person\/bb4337a5fb147cb2046d80548172cbee"},"description":"Govor predsednice Osmani na paradi Bezbednosnih snaga Kosova i Policije Kosova povodom 15. godi\u0161njice nezavisnosti Republike Kosovo - Predsednik Republike Kosovo - DR. VJOSA OSMANI - SADRIU -","breadcrumb":{"@id":"https:\/\/president-ksgov.net\/sr\/govor-predsednice-osmani-na-paradi-bezbednosnih-snaga-kosova-i-policije-kosova-povodom-15-godisnjice-nezavisnosti-republike-kosovo\/#breadcrumb"},"inLanguage":"sr-RS","potentialAction":[{"@type":"ReadAction","target":["https:\/\/president-ksgov.net\/sr\/govor-predsednice-osmani-na-paradi-bezbednosnih-snaga-kosova-i-policije-kosova-povodom-15-godisnjice-nezavisnosti-republike-kosovo\/"]}]},{"@type":"ImageObject","inLanguage":"sr-RS","@id":"https:\/\/president-ksgov.net\/sr\/govor-predsednice-osmani-na-paradi-bezbednosnih-snaga-kosova-i-policije-kosova-povodom-15-godisnjice-nezavisnosti-republike-kosovo\/#primaryimage","url":"https:\/\/president-ksgov.net\/wp-content\/uploads\/2023\/03\/VX19633-copy-3-scaled.jpg","contentUrl":"https:\/\/president-ksgov.net\/wp-content\/uploads\/2023\/03\/VX19633-copy-3-scaled.jpg","width":2560,"height":1706},{"@type":"BreadcrumbList","@id":"https:\/\/president-ksgov.net\/sr\/govor-predsednice-osmani-na-paradi-bezbednosnih-snaga-kosova-i-policije-kosova-povodom-15-godisnjice-nezavisnosti-republike-kosovo\/#breadcrumb","itemListElement":[{"@type":"ListItem","position":1,"name":"Home","item":"https:\/\/president-ksgov.net\/sr\/"},{"@type":"ListItem","position":2,"name":"Govor predsednice Osmani na paradi Bezbednosnih snaga Kosova i Policije Kosova povodom 15. godi\u0161njice nezavisnosti Republike Kosovo"}]},{"@type":"WebSite","@id":"https:\/\/president-ksgov.net\/#website","url":"https:\/\/president-ksgov.net\/","name":"Presidente e Republik\u00ebs s\u00eb Kosov\u00ebs","description":"Presidente e Republik\u00ebs s\u00eb Kosov\u00ebs","alternateName":"DR. VJOSA OSMANI - SADRIU","potentialAction":[{"@type":"SearchAction","target":{"@type":"EntryPoint","urlTemplate":"https:\/\/president-ksgov.net\/?s={search_term_string}"},"query-input":{"@type":"PropertyValueSpecification","valueRequired":true,"valueName":"search_term_string"}}],"inLanguage":"sr-RS"},{"@type":"Person","@id":"https:\/\/president-ksgov.net\/#\/schema\/person\/bb4337a5fb147cb2046d80548172cbee","name":"admin","image":{"@type":"ImageObject","inLanguage":"sr-RS","@id":"https:\/\/president-ksgov.net\/#\/schema\/person\/image\/","url":"https:\/\/secure.gravatar.com\/avatar\/36156ca0fa3b8d9d25174f146e16beea0cf28f37adf1b9e19b6c9c279a7c9dd3?s=96&d=mm&r=g","contentUrl":"https:\/\/secure.gravatar.com\/avatar\/36156ca0fa3b8d9d25174f146e16beea0cf28f37adf1b9e19b6c9c279a7c9dd3?s=96&d=mm&r=g","caption":"admin"},"sameAs":["https:\/\/president-ksgov.net"]}]}},"_links":{"self":[{"href":"https:\/\/president-ksgov.net\/sr\/wp-json\/wp\/v2\/posts\/73690","targetHints":{"allow":["GET"]}}],"collection":[{"href":"https:\/\/president-ksgov.net\/sr\/wp-json\/wp\/v2\/posts"}],"about":[{"href":"https:\/\/president-ksgov.net\/sr\/wp-json\/wp\/v2\/types\/post"}],"author":[{"embeddable":true,"href":"https:\/\/president-ksgov.net\/sr\/wp-json\/wp\/v2\/users\/1"}],"replies":[{"embeddable":true,"href":"https:\/\/president-ksgov.net\/sr\/wp-json\/wp\/v2\/comments?post=73690"}],"version-history":[{"count":1,"href":"https:\/\/president-ksgov.net\/sr\/wp-json\/wp\/v2\/posts\/73690\/revisions"}],"predecessor-version":[{"id":81348,"href":"https:\/\/president-ksgov.net\/sr\/wp-json\/wp\/v2\/posts\/73690\/revisions\/81348"}],"wp:featuredmedia":[{"embeddable":true,"href":"https:\/\/president-ksgov.net\/sr\/wp-json\/wp\/v2\/media\/7983"}],"wp:attachment":[{"href":"https:\/\/president-ksgov.net\/sr\/wp-json\/wp\/v2\/media?parent=73690"}],"wp:term":[{"taxonomy":"category","embeddable":true,"href":"https:\/\/president-ksgov.net\/sr\/wp-json\/wp\/v2\/categories?post=73690"},{"taxonomy":"post_tag","embeddable":true,"href":"https:\/\/president-ksgov.net\/sr\/wp-json\/wp\/v2\/tags?post=73690"}],"curies":[{"name":"wp","href":"https:\/\/api.w.org\/{rel}","templated":true}]}}