{"id":73689,"date":"2023-02-17T15:22:19","date_gmt":"2023-02-17T14:22:19","guid":{"rendered":"https:\/\/dev.president-ksgov.net\/govor-predsednice-osmani-na-svecanoj-sednici-skupstine-republike-kosovo-povodom-15-godisnjice-nezavisnosti-2\/"},"modified":"2026-01-28T08:56:06","modified_gmt":"2026-01-28T07:56:06","slug":"govor-predsednice-osmani-na-svecanoj-sednici-skupstine-republike-kosovo-povodom-15-godisnjice-nezavisnosti-2","status":"publish","type":"post","link":"https:\/\/president-ksgov.net\/sr\/govor-predsednice-osmani-na-svecanoj-sednici-skupstine-republike-kosovo-povodom-15-godisnjice-nezavisnosti-2\/","title":{"rendered":"Govor predsednice Osmani na sve\u010danoj sednici Skup\u0161tine Republike Kosovo povodom 15. godi\u0161njice nezavisnosti"},"content":{"rendered":"<p>Dozvolite mi da se prvobitno zahvaljujem Filharmoniji Kosova na ovom izvanrednom mini koncertu na po\u010detku ove sednice, i tako\u0111e se zahvaljujem predsedniku Republike Albanije, Bajram Begaj, koji nas je po\u010dastio svojim prisustvom.<\/p>\n<p>G. Predsedni\u010de,<\/p>\n<p>G. Predsedni\u010de Skup\u0161tine, g. Konjufca,<\/p>\n<p>G. Premijeru Kurti,<\/p>\n<p>Uva\u017eeni zamenici ministara, ministri vladinog kabineta,<\/p>\n<p>Veoma uva\u017eeni poslanici, zastupnici gra\u0111ana Republike Kosovo, <\/p>\n<p>Uva\u017eene ekselencije ambasadori, <\/p>\n<p>Uva\u017eeni predstavnici porodica palih boraca, ratni veterani,<\/p>\n<p>Predstavnici bezbednosnih institucija, <\/p>\n<p>Veoma dragi gra\u0111ani Republike!<\/p>\n<p>Po\u010da\u0161\u0107ena sam \u0161to danas, na petnaestom ro\u0111endanu na\u0161e Republike, mogu da vam se obratim sa govornice Skup\u0161tine Republike, institucije koja nosi teret pluralisti\u010dkog i demokratskog \u017eivota u na\u0161oj zemlji.<\/p>\n<p>Stoga, imaju\u0107i u vidu ovaj uzvi\u0161eni \u010din progla\u0161enja nezavisne dr\u017eave Kosovo, dozvolite mi da \u010destitam svakom gra\u0111aninu na\u0161e zemlje na doprinosu u izgradnji na\u0161e zajedni\u010dke dr\u017eave; da se setimo nevi\u0111ene po\u017ertvovanosti i stalnom otporu generacija, koje su prethodile ostvarenju sna o slobodi i demokratiji; da se setimo lidera na\u0161e dr\u017eavnosti, istorijskog predsednika Kosova, dr Ibrahim Rugova, koji je obezbedio po\u0161tovanje celog demokratskog sveta; da se setimo na\u0161ih sinova i k\u0107eri, koji su, kao pripadnici Oslobodila\u010dke vojske Kosova, \u017ertvovali svoje \u017eivote u odbrani zemlje, istorijskog komandanta ove vojske Adem Jashari, koji je predvodio otpor za slobodu; da se setimo predstavnika nezavisnih institucija Kosova, koji su tokom ovih 15 godina doprineli izgradnji demokratskog \u017eivota u zemlji, ali i op\u0161tem miru, da se setimo tako\u0111e i doprinosa na\u0161ih vojnika i na\u0161e policije, uklju\u010duju\u0107i i vojnike KBS-a, koji, dok mi danas obele\u017eavamo 15. godi\u0161njicu na\u0161u zemlju, oni se bore za spa\u0161avanje \u017eivota pod ru\u0161evinama zgrada sru\u0161enih u tragi\u010dnom zemljotresu koji je pre nekoliko dana pogodio Tursku i Siriju.<\/p>\n<p>Me\u0111utim, danas se se\u0107amo i zahvaljujemo se na\u0161im prijateljima, na\u0161im saveznicima, koje smo s pravom nazvali spasiocima i prijateljima slobode, koji su bili sa nama uvek, kada smo bili tla\u010deni i borili se za slobodu, kada smo se oslobodili i zapo\u010deli demokratski \u017eivot u slobodnoj zemlji , u slobodnoj i dragoj zemlji na\u0161oj. Oni su i danas tu, pouzdani i stabilni partneri, sa kojima zajedno gradimo na\u0161u budu\u0107nost, kao pouzdani i interaktivni partneri.<\/p>\n<p>Uva\u017eeni poslanici,<br \/>\nUva\u017eeni gra\u0111ani na\u0161e zemlje! <\/p>\n<p>Za ovih 15 godina Kosovo se razvilo i oja\u010dalo kao nova dr\u017eava; pokazalo je demokratsku kulturu u organizaciji politi\u010dkog \u017eivota i funkcionisanju institucija, izgradilo je i razvilo svoje dr\u017eavne kapacitete i stvorilo solidnu osnovu za dalje funkcionisanje. Na\u0161e institucije ja\u010daju iz dana u dan. Ovo je veliko dostignu\u0107e na\u0161ih gra\u0111ana. <\/p>\n<p>Izazovi su, naravno, bili prisutni, ali smo ih mudro savladali, jer smo bili posve\u0107eni istinskoj dr\u017eavi i stabilnom partnerstvu sa na\u0161im saveznicima.<br \/>\nOvi izazovi su nas ponekad doveli do unutra\u0161njih sukoba, jer su na\u0161i stavovi bili razli\u010diti, \u0161to je razumljivo za demokratska dru\u0161tva. Ali, svakako, \u010dinili su nas jo\u0161 ja\u010dim. Oni su dokazali na\u0161u sposobnost da budemo stabilni u odnosu na njih, i da dalje razvijamo na\u0161 demokratski \u017eivot.<\/p>\n<p>Ovi izazovi su prisutni i danas, kada Kosovo, zahvaljuju\u0107i svom ranom opredeljenju, poku\u0161ava da dodatno oja\u010da svoju me\u0111unarodnu poziciju u pravcu integracije zemlje u evroatlantske strukture. Naravno, Kosovo ne mo\u017ee biti izolovano ostrvo protiv izazova i pretnji koje su izazvale ceo na\u0161 kontinent i demokratski svet. Ali, ne mo\u017ee da ignori\u0161e ni bezbednosne pretnje protiv nje, koje dolaze kao rezultat napora da se dovodi u opasnost na\u0161a dr\u017eavnost. <\/p>\n<p>Jo\u0161 uvek, destruktivne sile poku\u0161avaju da ugro\u017eavaju na\u0161u dr\u017eavnost. Oni poku\u0161avaju da izvr\u0161e svoj uticaj, koriste\u0107i napore da razbiju na\u0161e istorijsko jedinstvo oko velikih pitanja. Ali, ne smemo dozvoliti da na\u0161e dru\u0161tvo postane polarizovano pred takvim izazovima. U suo\u010davanju sa Srbijom, moramo i bi\u0107emo jedno. Kao i uvek, moramo odra\u017eavati zrelost, da saose\u0107amo i sara\u0111ujemo protiv ovih izazova.<\/p>\n<p>Dalje ja\u010danje dr\u017eave Kosovo je misija svakog: institucija, \u010ditavog politi\u010dkog spektra i svakog gra\u0111anina, bez razlike, kao \u0161to je bila na\u0161a sloboda i nezavisnost Kosova bila san i misija mnogih generacija pre nas.<\/p>\n<p>Stoga, uprkos razlikama u stavovima, idejama i politi\u010dkim platformama, politi\u010dki spektar zemlje bi\u0107e ujedinjen protiv svih onih koji poku\u0161avaju da uzdrmaju na\u0161u dr\u017eavu, ili ometaju njen napredak. Kao \u0161to smo uvek bili ujedinjeni i kad god su to zahtevali vi\u0161i interesi na\u0161e zemlje.<\/p>\n<p>Bitka za me\u0111unarodno osna\u017eivanje, za \u010dlanstvo u me\u0111unarodnim organizacijama, i put u pravcu evroatlantskih integracija, zahteva punu saradnju sa prijateljskim i savezni\u010dkim zemljama, veoma va\u017eni istorijski za svaki va\u017ean proces kroz koji je pro\u0161lo na\u0161e Kosovo.<\/p>\n<p>Kao \u0161to smo krunisali slobodu, uz njihovu pomo\u0107, isto se nadamo da \u0107emo uz njihovu pomo\u0107 dovr\u0161iti proces integracije u evropsku porodicu i \u010dlanstvo u NATO-u. <\/p>\n<p>Mi smo sna\u017eno smo na strani na\u0161ih saveznika, stoga je neophodno da zemlje Zapadnog Balkana koje su demokratske \u0161to pre u\u0111u u NATO i EU, kao preventivna mera protiv politi\u010dkog, vojnog i ekonomskog ugro\u017eavanja Rusije i njenih satelita u regionu. Proces dijaloga sa Srbijom ima epilog, epilog koji je svako od nas rekao, epilog koji je predsednik Biden potvrdio u svom ju\u010dera\u0161njem pismu upu\u0107enom meni kao predsednici zemlje, a to je me\u0111usobno priznanje. O na\u0161em teritorijalnom integritetu, ustavnosti, pravnom poretku i suverenitetu se ne mo\u017ee pregovarati.<\/p>\n<p>Uva\u017eeni poslanici!<\/p>\n<p>Godi\u0161njice kao \u0161to je ova predstavljaju dobru priliku da se osvrnemo na na\u0161 dug i bolan, ali ponosan put, kao i priliku da, rade\u0107i svakodnevno, dalje razvijamo na\u0161 demokratski \u017eivot i ja\u010damo na\u0161u dr\u017eavu za koju je toliko \u017ertvovano. Stoga, da zajedno neumorno radimo na razvoju i ja\u010danju na\u0161e dr\u017eave, Republike Kosovo. \u0160to vi\u0161e drugi rade da uzdrmaju na\u0161u dr\u017eavu, to \u0107e na\u0161e jedinstvo biti ja\u010de, da je oja\u010damo i unapre\u0111ujemo, jer je na\u0161a Republika ve\u010dna.<\/p>\n<p>Neka bog blagoslovi Republiku Kosovo! <\/p>\n<p>Neka bog blagoslovi njene prijatelje! <\/p>\n<p>Neka bog blagoslovi na\u0161e gra\u0111ane! <\/p>\n<p>Hvala Vam!<\/p>\n<p><iframe width=\"1396\" height=\"785\" src=\"https:\/\/www.youtube.com\/embed\/nIhx95jDFvA\" title=\"Seanca solemne e Kuvendit t\u00eb Kosov\u00ebs me rastin e 15 vjetorit t\u00eb Pavar\u00ebsis\u00eb - 17.02.2023\" frameborder=\"0\" allow=\"accelerometer; autoplay; clipboard-write; encrypted-media; gyroscope; picture-in-picture; web-share\" referrerpolicy=\"strict-origin-when-cross-origin\" allowfullscreen><\/iframe><\/p>\n","protected":false},"excerpt":{"rendered":"<p>Dozvolite mi da se prvobitno zahvaljujem Filharmoniji Kosova na ovom izvanrednom mini koncertu na po\u010detku ove sednice, i tako\u0111e se zahvaljujem predsedniku Republike Albanije, Bajram Begaj, koji nas je po\u010dastio svojim prisustvom. G. Predsedni\u010de, G. Predsedni\u010de Skup\u0161tine, g. Konjufca, G. Premijeru Kurti, Uva\u017eeni zamenici ministara, ministri vladinog kabineta, Veoma uva\u017eeni poslanici, zastupnici gra\u0111ana Republike Kosovo, Uva\u017eene ekselencije ambasadori, Uva\u017eeni predstavnici porodica palih boraca, ratni veterani, Predstavnici bezbednosnih institucija, Veoma dragi gra\u0111ani Republike! Po\u010da\u0161\u0107ena sam \u0161to danas, na petnaestom ro\u0111endanu na\u0161e Republike, mogu da vam se obratim sa govornice Skup\u0161tine Republike, institucije koja nosi teret pluralisti\u010dkog i demokratskog \u017eivota u na\u0161oj zemlji. Stoga, imaju\u0107i u vidu ovaj uzvi\u0161eni \u010din progla\u0161enja nezavisne dr\u017eave Kosovo, dozvolite mi da \u010destitam svakom gra\u0111aninu na\u0161e zemlje na doprinosu u izgradnji na\u0161e zajedni\u010dke dr\u017eave; da se setimo nevi\u0111ene po\u017ertvovanosti i stalnom otporu generacija, koje su prethodile ostvarenju sna o slobodi i demokratiji; da se setimo lidera na\u0161e dr\u017eavnosti, istorijskog predsednika Kosova, dr Ibrahim Rugova, koji je obezbedio po\u0161tovanje celog demokratskog sveta; da se setimo na\u0161ih sinova i k\u0107eri, koji su, kao pripadnici Oslobodila\u010dke vojske Kosova, \u017ertvovali svoje \u017eivote u odbrani zemlje, istorijskog komandanta ove vojske Adem Jashari, koji je predvodio otpor za slobodu; da se setimo predstavnika nezavisnih institucija Kosova, koji su tokom ovih 15 godina doprineli izgradnji demokratskog \u017eivota u zemlji, ali i op\u0161tem miru, da se setimo tako\u0111e i doprinosa na\u0161ih vojnika i na\u0161e policije, uklju\u010duju\u0107i i vojnike KBS-a, koji, dok mi danas obele\u017eavamo 15. godi\u0161njicu na\u0161u zemlju, oni se bore za spa\u0161avanje \u017eivota pod ru\u0161evinama zgrada sru\u0161enih u tragi\u010dnom zemljotresu koji je pre nekoliko dana pogodio Tursku i Siriju. Me\u0111utim, danas se se\u0107amo i zahvaljujemo se na\u0161im prijateljima, na\u0161im saveznicima, koje smo s pravom nazvali spasiocima i prijateljima slobode, koji su bili sa nama uvek, kada smo bili tla\u010deni i borili se za slobodu, kada smo se oslobodili i zapo\u010deli demokratski \u017eivot u slobodnoj zemlji , u slobodnoj i dragoj zemlji na\u0161oj. Oni su i danas tu, pouzdani i stabilni partneri, sa kojima zajedno gradimo na\u0161u budu\u0107nost, kao pouzdani i interaktivni partneri. Uva\u017eeni poslanici, Uva\u017eeni gra\u0111ani na\u0161e zemlje! Za ovih 15 godina Kosovo se razvilo i oja\u010dalo kao nova dr\u017eava; pokazalo je demokratsku kulturu u organizaciji politi\u010dkog \u017eivota i funkcionisanju institucija, izgradilo je i razvilo svoje dr\u017eavne kapacitete i stvorilo solidnu osnovu za dalje funkcionisanje. Na\u0161e institucije ja\u010daju iz dana u dan. Ovo je veliko dostignu\u0107e na\u0161ih gra\u0111ana. Izazovi su, naravno, bili prisutni, ali smo ih mudro savladali, jer smo bili posve\u0107eni istinskoj dr\u017eavi i stabilnom partnerstvu sa na\u0161im saveznicima. Ovi izazovi su nas ponekad doveli do unutra\u0161njih sukoba, jer su na\u0161i stavovi bili razli\u010diti, \u0161to je razumljivo za demokratska dru\u0161tva. Ali, svakako, \u010dinili su nas jo\u0161 ja\u010dim. Oni su dokazali na\u0161u sposobnost da budemo stabilni u odnosu na njih, i da dalje razvijamo na\u0161 demokratski \u017eivot. Ovi izazovi su prisutni i danas, kada Kosovo, zahvaljuju\u0107i svom ranom opredeljenju, poku\u0161ava da dodatno oja\u010da svoju me\u0111unarodnu poziciju u pravcu integracije zemlje u evroatlantske strukture. Naravno, Kosovo ne mo\u017ee biti izolovano ostrvo protiv izazova i pretnji koje su izazvale ceo na\u0161 kontinent i demokratski svet. Ali, ne mo\u017ee da ignori\u0161e ni bezbednosne pretnje protiv nje, koje dolaze kao rezultat napora da se dovodi u opasnost na\u0161a dr\u017eavnost. Jo\u0161 uvek, destruktivne sile poku\u0161avaju da ugro\u017eavaju na\u0161u dr\u017eavnost. Oni poku\u0161avaju da izvr\u0161e svoj uticaj, koriste\u0107i napore da razbiju na\u0161e istorijsko jedinstvo oko velikih pitanja. Ali, ne smemo dozvoliti da na\u0161e dru\u0161tvo postane polarizovano pred takvim izazovima. U suo\u010davanju sa Srbijom, moramo i bi\u0107emo jedno. Kao i uvek, moramo odra\u017eavati zrelost, da saose\u0107amo i sara\u0111ujemo protiv ovih izazova. Dalje ja\u010danje dr\u017eave Kosovo je misija svakog: institucija, \u010ditavog politi\u010dkog spektra i svakog gra\u0111anina, bez razlike, kao \u0161to je bila na\u0161a sloboda i nezavisnost Kosova bila san i misija mnogih generacija pre nas. Stoga, uprkos razlikama u stavovima, idejama i politi\u010dkim platformama, politi\u010dki spektar zemlje bi\u0107e ujedinjen protiv svih onih koji poku\u0161avaju da uzdrmaju na\u0161u dr\u017eavu, ili ometaju njen napredak. Kao \u0161to smo uvek bili ujedinjeni i kad god su to zahtevali vi\u0161i interesi na\u0161e zemlje. Bitka za me\u0111unarodno osna\u017eivanje, za \u010dlanstvo u me\u0111unarodnim organizacijama, i put u pravcu evroatlantskih integracija, zahteva punu saradnju sa prijateljskim i savezni\u010dkim zemljama, veoma va\u017eni istorijski za svaki va\u017ean proces kroz koji je pro\u0161lo na\u0161e Kosovo. Kao \u0161to smo krunisali slobodu, uz njihovu pomo\u0107, isto se nadamo da \u0107emo uz njihovu pomo\u0107 dovr\u0161iti proces integracije u evropsku porodicu i \u010dlanstvo u NATO-u. Mi smo sna\u017eno smo na strani na\u0161ih saveznika, stoga je neophodno da zemlje Zapadnog Balkana koje su demokratske \u0161to pre u\u0111u u NATO i EU, kao preventivna mera protiv politi\u010dkog, vojnog i ekonomskog ugro\u017eavanja Rusije i njenih satelita u regionu. Proces dijaloga sa Srbijom ima epilog, epilog koji je svako od nas rekao, epilog koji je predsednik Biden potvrdio u svom ju\u010dera\u0161njem pismu upu\u0107enom meni kao predsednici zemlje, a to je me\u0111usobno priznanje. O na\u0161em teritorijalnom integritetu, ustavnosti, pravnom poretku i suverenitetu se ne mo\u017ee pregovarati. Uva\u017eeni poslanici! Godi\u0161njice kao \u0161to je ova predstavljaju dobru priliku da se osvrnemo na na\u0161 dug i bolan, ali ponosan put, kao i priliku da, rade\u0107i svakodnevno, dalje razvijamo na\u0161 demokratski \u017eivot i ja\u010damo na\u0161u dr\u017eavu za koju je toliko \u017ertvovano. Stoga, da zajedno neumorno radimo na razvoju i ja\u010danju na\u0161e dr\u017eave, Republike Kosovo. \u0160to vi\u0161e drugi rade da uzdrmaju na\u0161u dr\u017eavu, to \u0107e na\u0161e jedinstvo biti ja\u010de, da je oja\u010damo i unapre\u0111ujemo, jer je na\u0161a Republika ve\u010dna. Neka bog blagoslovi Republiku Kosovo! Neka bog blagoslovi njene prijatelje! Neka bog blagoslovi na\u0161e gra\u0111ane! Hvala Vam!<\/p>\n","protected":false},"author":1,"featured_media":7978,"comment_status":"closed","ping_status":"closed","sticky":false,"template":"","format":"standard","meta":{"_eb_attr":"","footnotes":""},"categories":[101],"tags":[],"class_list":["post-73689","post","type-post","status-publish","format-standard","has-post-thumbnail","hentry","category-vesti"],"yoast_head":"<!-- This site is optimized with the Yoast SEO plugin v23.5 - https:\/\/yoast.com\/wordpress\/plugins\/seo\/ -->\n<title>Govor predsednice Osmani na sve\u010danoj sednici Skup\u0161tine Republike Kosovo povodom 15. godi\u0161njice nezavisnosti - Predsednik Republike Kosovo - DR. VJOSA OSMANI - SADRIU<\/title>\n<meta name=\"description\" content=\"Govor predsednice Osmani na sve\u010danoj sednici Skup\u0161tine Republike Kosovo povodom 15. godi\u0161njice nezavisnosti - Predsednik Republike Kosovo - DR. VJOSA OSMANI - SADRIU -\" \/>\n<meta name=\"robots\" content=\"index, follow, max-snippet:-1, max-image-preview:large, max-video-preview:-1\" \/>\n<link rel=\"canonical\" href=\"https:\/\/president-ksgov.net\/sr\/govor-predsednice-osmani-na-svecanoj-sednici-skupstine-republike-kosovo-povodom-15-godisnjice-nezavisnosti-2\/\" \/>\n<meta property=\"og:locale\" content=\"sr_RS\" \/>\n<meta property=\"og:type\" content=\"article\" \/>\n<meta property=\"og:title\" content=\"Govor predsednice Osmani na sve\u010danoj sednici Skup\u0161tine Republike Kosovo povodom 15. godi\u0161njice nezavisnosti - Predsednik Republike Kosovo - DR. VJOSA OSMANI - SADRIU\" \/>\n<meta property=\"og:description\" content=\"Govor predsednice Osmani na sve\u010danoj sednici Skup\u0161tine Republike Kosovo povodom 15. godi\u0161njice nezavisnosti - Predsednik Republike Kosovo - DR. VJOSA OSMANI - SADRIU -\" \/>\n<meta property=\"og:url\" content=\"https:\/\/president-ksgov.net\/sr\/govor-predsednice-osmani-na-svecanoj-sednici-skupstine-republike-kosovo-povodom-15-godisnjice-nezavisnosti-2\/\" \/>\n<meta property=\"og:site_name\" content=\"Predsednik Republike Kosovo - DR. VJOSA OSMANI - SADRIU\" \/>\n<meta property=\"article:published_time\" content=\"2023-02-17T14:22:19+00:00\" \/>\n<meta property=\"article:modified_time\" content=\"2026-01-28T07:56:06+00:00\" \/>\n<meta property=\"og:image\" content=\"https:\/\/president-ksgov.net\/wp-content\/uploads\/2023\/03\/VXH0053_fjalimi_ne_kuvend-3-scaled.jpg\" \/>\n\t<meta property=\"og:image:width\" content=\"2560\" \/>\n\t<meta property=\"og:image:height\" content=\"1707\" \/>\n\t<meta property=\"og:image:type\" content=\"image\/jpeg\" \/>\n<meta name=\"author\" content=\"admin\" \/>\n<meta name=\"twitter:card\" content=\"summary_large_image\" \/>\n<meta name=\"twitter:label1\" content=\"\u041d\u0430\u043f\u0438\u0441\u0430\u043d\u043e \u043e\u0434\" \/>\n\t<meta name=\"twitter:data1\" content=\"admin\" \/>\n\t<meta name=\"twitter:label2\" content=\"\u041f\u0440\u043e\u0446\u0435\u045a\u0435\u043d\u043e \u0432\u0440\u0435\u043c\u0435 \u0447\u0438\u0442\u0430\u045a\u0430\" \/>\n\t<meta name=\"twitter:data2\" content=\"6 \u043c\u0438\u043d\u0443\u0442\u0430\" \/>\n<script type=\"application\/ld+json\" class=\"yoast-schema-graph\">{\"@context\":\"https:\/\/schema.org\",\"@graph\":[{\"@type\":\"WebPage\",\"@id\":\"https:\/\/president-ksgov.net\/sr\/govor-predsednice-osmani-na-svecanoj-sednici-skupstine-republike-kosovo-povodom-15-godisnjice-nezavisnosti-2\/\",\"url\":\"https:\/\/president-ksgov.net\/sr\/govor-predsednice-osmani-na-svecanoj-sednici-skupstine-republike-kosovo-povodom-15-godisnjice-nezavisnosti-2\/\",\"name\":\"Govor predsednice Osmani na sve\u010danoj sednici Skup\u0161tine Republike Kosovo povodom 15. godi\u0161njice nezavisnosti - Predsednik Republike Kosovo - DR. VJOSA OSMANI - SADRIU\",\"isPartOf\":{\"@id\":\"https:\/\/president-ksgov.net\/#website\"},\"primaryImageOfPage\":{\"@id\":\"https:\/\/president-ksgov.net\/sr\/govor-predsednice-osmani-na-svecanoj-sednici-skupstine-republike-kosovo-povodom-15-godisnjice-nezavisnosti-2\/#primaryimage\"},\"image\":{\"@id\":\"https:\/\/president-ksgov.net\/sr\/govor-predsednice-osmani-na-svecanoj-sednici-skupstine-republike-kosovo-povodom-15-godisnjice-nezavisnosti-2\/#primaryimage\"},\"thumbnailUrl\":\"https:\/\/president-ksgov.net\/wp-content\/uploads\/2023\/03\/VXH0053_fjalimi_ne_kuvend-3-scaled.jpg\",\"datePublished\":\"2023-02-17T14:22:19+00:00\",\"dateModified\":\"2026-01-28T07:56:06+00:00\",\"author\":{\"@id\":\"https:\/\/president-ksgov.net\/#\/schema\/person\/bb4337a5fb147cb2046d80548172cbee\"},\"description\":\"Govor predsednice Osmani na sve\u010danoj sednici Skup\u0161tine Republike Kosovo povodom 15. godi\u0161njice nezavisnosti - Predsednik Republike Kosovo - DR. VJOSA OSMANI - SADRIU -\",\"breadcrumb\":{\"@id\":\"https:\/\/president-ksgov.net\/sr\/govor-predsednice-osmani-na-svecanoj-sednici-skupstine-republike-kosovo-povodom-15-godisnjice-nezavisnosti-2\/#breadcrumb\"},\"inLanguage\":\"sr-RS\",\"potentialAction\":[{\"@type\":\"ReadAction\",\"target\":[\"https:\/\/president-ksgov.net\/sr\/govor-predsednice-osmani-na-svecanoj-sednici-skupstine-republike-kosovo-povodom-15-godisnjice-nezavisnosti-2\/\"]}]},{\"@type\":\"ImageObject\",\"inLanguage\":\"sr-RS\",\"@id\":\"https:\/\/president-ksgov.net\/sr\/govor-predsednice-osmani-na-svecanoj-sednici-skupstine-republike-kosovo-povodom-15-godisnjice-nezavisnosti-2\/#primaryimage\",\"url\":\"https:\/\/president-ksgov.net\/wp-content\/uploads\/2023\/03\/VXH0053_fjalimi_ne_kuvend-3-scaled.jpg\",\"contentUrl\":\"https:\/\/president-ksgov.net\/wp-content\/uploads\/2023\/03\/VXH0053_fjalimi_ne_kuvend-3-scaled.jpg\",\"width\":2560,\"height\":1707},{\"@type\":\"BreadcrumbList\",\"@id\":\"https:\/\/president-ksgov.net\/sr\/govor-predsednice-osmani-na-svecanoj-sednici-skupstine-republike-kosovo-povodom-15-godisnjice-nezavisnosti-2\/#breadcrumb\",\"itemListElement\":[{\"@type\":\"ListItem\",\"position\":1,\"name\":\"Home\",\"item\":\"https:\/\/president-ksgov.net\/sr\/\"},{\"@type\":\"ListItem\",\"position\":2,\"name\":\"Govor predsednice Osmani na sve\u010danoj sednici Skup\u0161tine Republike Kosovo povodom 15. godi\u0161njice nezavisnosti\"}]},{\"@type\":\"WebSite\",\"@id\":\"https:\/\/president-ksgov.net\/#website\",\"url\":\"https:\/\/president-ksgov.net\/\",\"name\":\"Presidente e Republik\u00ebs s\u00eb Kosov\u00ebs\",\"description\":\"Presidente e Republik\u00ebs s\u00eb Kosov\u00ebs\",\"alternateName\":\"DR. VJOSA OSMANI - SADRIU\",\"potentialAction\":[{\"@type\":\"SearchAction\",\"target\":{\"@type\":\"EntryPoint\",\"urlTemplate\":\"https:\/\/president-ksgov.net\/?s={search_term_string}\"},\"query-input\":{\"@type\":\"PropertyValueSpecification\",\"valueRequired\":true,\"valueName\":\"search_term_string\"}}],\"inLanguage\":\"sr-RS\"},{\"@type\":\"Person\",\"@id\":\"https:\/\/president-ksgov.net\/#\/schema\/person\/bb4337a5fb147cb2046d80548172cbee\",\"name\":\"admin\",\"image\":{\"@type\":\"ImageObject\",\"inLanguage\":\"sr-RS\",\"@id\":\"https:\/\/president-ksgov.net\/#\/schema\/person\/image\/\",\"url\":\"https:\/\/secure.gravatar.com\/avatar\/36156ca0fa3b8d9d25174f146e16beea0cf28f37adf1b9e19b6c9c279a7c9dd3?s=96&d=mm&r=g\",\"contentUrl\":\"https:\/\/secure.gravatar.com\/avatar\/36156ca0fa3b8d9d25174f146e16beea0cf28f37adf1b9e19b6c9c279a7c9dd3?s=96&d=mm&r=g\",\"caption\":\"admin\"},\"sameAs\":[\"https:\/\/president-ksgov.net\"]}]}<\/script>\n<!-- \/ Yoast SEO plugin. -->","yoast_head_json":{"title":"Govor predsednice Osmani na sve\u010danoj sednici Skup\u0161tine Republike Kosovo povodom 15. godi\u0161njice nezavisnosti - Predsednik Republike Kosovo - DR. VJOSA OSMANI - SADRIU","description":"Govor predsednice Osmani na sve\u010danoj sednici Skup\u0161tine Republike Kosovo povodom 15. godi\u0161njice nezavisnosti - Predsednik Republike Kosovo - DR. VJOSA OSMANI - SADRIU -","robots":{"index":"index","follow":"follow","max-snippet":"max-snippet:-1","max-image-preview":"max-image-preview:large","max-video-preview":"max-video-preview:-1"},"canonical":"https:\/\/president-ksgov.net\/sr\/govor-predsednice-osmani-na-svecanoj-sednici-skupstine-republike-kosovo-povodom-15-godisnjice-nezavisnosti-2\/","og_locale":"sr_RS","og_type":"article","og_title":"Govor predsednice Osmani na sve\u010danoj sednici Skup\u0161tine Republike Kosovo povodom 15. godi\u0161njice nezavisnosti - Predsednik Republike Kosovo - DR. VJOSA OSMANI - SADRIU","og_description":"Govor predsednice Osmani na sve\u010danoj sednici Skup\u0161tine Republike Kosovo povodom 15. godi\u0161njice nezavisnosti - Predsednik Republike Kosovo - DR. VJOSA OSMANI - SADRIU -","og_url":"https:\/\/president-ksgov.net\/sr\/govor-predsednice-osmani-na-svecanoj-sednici-skupstine-republike-kosovo-povodom-15-godisnjice-nezavisnosti-2\/","og_site_name":"Predsednik Republike Kosovo - DR. VJOSA OSMANI - SADRIU","article_published_time":"2023-02-17T14:22:19+00:00","article_modified_time":"2026-01-28T07:56:06+00:00","og_image":[{"width":2560,"height":1707,"url":"https:\/\/president-ksgov.net\/wp-content\/uploads\/2023\/03\/VXH0053_fjalimi_ne_kuvend-3-scaled.jpg","type":"image\/jpeg"}],"author":"admin","twitter_card":"summary_large_image","twitter_misc":{"\u041d\u0430\u043f\u0438\u0441\u0430\u043d\u043e \u043e\u0434":"admin","\u041f\u0440\u043e\u0446\u0435\u045a\u0435\u043d\u043e \u0432\u0440\u0435\u043c\u0435 \u0447\u0438\u0442\u0430\u045a\u0430":"6 \u043c\u0438\u043d\u0443\u0442\u0430"},"schema":{"@context":"https:\/\/schema.org","@graph":[{"@type":"WebPage","@id":"https:\/\/president-ksgov.net\/sr\/govor-predsednice-osmani-na-svecanoj-sednici-skupstine-republike-kosovo-povodom-15-godisnjice-nezavisnosti-2\/","url":"https:\/\/president-ksgov.net\/sr\/govor-predsednice-osmani-na-svecanoj-sednici-skupstine-republike-kosovo-povodom-15-godisnjice-nezavisnosti-2\/","name":"Govor predsednice Osmani na sve\u010danoj sednici Skup\u0161tine Republike Kosovo povodom 15. godi\u0161njice nezavisnosti - Predsednik Republike Kosovo - DR. VJOSA OSMANI - SADRIU","isPartOf":{"@id":"https:\/\/president-ksgov.net\/#website"},"primaryImageOfPage":{"@id":"https:\/\/president-ksgov.net\/sr\/govor-predsednice-osmani-na-svecanoj-sednici-skupstine-republike-kosovo-povodom-15-godisnjice-nezavisnosti-2\/#primaryimage"},"image":{"@id":"https:\/\/president-ksgov.net\/sr\/govor-predsednice-osmani-na-svecanoj-sednici-skupstine-republike-kosovo-povodom-15-godisnjice-nezavisnosti-2\/#primaryimage"},"thumbnailUrl":"https:\/\/president-ksgov.net\/wp-content\/uploads\/2023\/03\/VXH0053_fjalimi_ne_kuvend-3-scaled.jpg","datePublished":"2023-02-17T14:22:19+00:00","dateModified":"2026-01-28T07:56:06+00:00","author":{"@id":"https:\/\/president-ksgov.net\/#\/schema\/person\/bb4337a5fb147cb2046d80548172cbee"},"description":"Govor predsednice Osmani na sve\u010danoj sednici Skup\u0161tine Republike Kosovo povodom 15. godi\u0161njice nezavisnosti - Predsednik Republike Kosovo - DR. VJOSA OSMANI - SADRIU -","breadcrumb":{"@id":"https:\/\/president-ksgov.net\/sr\/govor-predsednice-osmani-na-svecanoj-sednici-skupstine-republike-kosovo-povodom-15-godisnjice-nezavisnosti-2\/#breadcrumb"},"inLanguage":"sr-RS","potentialAction":[{"@type":"ReadAction","target":["https:\/\/president-ksgov.net\/sr\/govor-predsednice-osmani-na-svecanoj-sednici-skupstine-republike-kosovo-povodom-15-godisnjice-nezavisnosti-2\/"]}]},{"@type":"ImageObject","inLanguage":"sr-RS","@id":"https:\/\/president-ksgov.net\/sr\/govor-predsednice-osmani-na-svecanoj-sednici-skupstine-republike-kosovo-povodom-15-godisnjice-nezavisnosti-2\/#primaryimage","url":"https:\/\/president-ksgov.net\/wp-content\/uploads\/2023\/03\/VXH0053_fjalimi_ne_kuvend-3-scaled.jpg","contentUrl":"https:\/\/president-ksgov.net\/wp-content\/uploads\/2023\/03\/VXH0053_fjalimi_ne_kuvend-3-scaled.jpg","width":2560,"height":1707},{"@type":"BreadcrumbList","@id":"https:\/\/president-ksgov.net\/sr\/govor-predsednice-osmani-na-svecanoj-sednici-skupstine-republike-kosovo-povodom-15-godisnjice-nezavisnosti-2\/#breadcrumb","itemListElement":[{"@type":"ListItem","position":1,"name":"Home","item":"https:\/\/president-ksgov.net\/sr\/"},{"@type":"ListItem","position":2,"name":"Govor predsednice Osmani na sve\u010danoj sednici Skup\u0161tine Republike Kosovo povodom 15. godi\u0161njice nezavisnosti"}]},{"@type":"WebSite","@id":"https:\/\/president-ksgov.net\/#website","url":"https:\/\/president-ksgov.net\/","name":"Presidente e Republik\u00ebs s\u00eb Kosov\u00ebs","description":"Presidente e Republik\u00ebs s\u00eb Kosov\u00ebs","alternateName":"DR. VJOSA OSMANI - SADRIU","potentialAction":[{"@type":"SearchAction","target":{"@type":"EntryPoint","urlTemplate":"https:\/\/president-ksgov.net\/?s={search_term_string}"},"query-input":{"@type":"PropertyValueSpecification","valueRequired":true,"valueName":"search_term_string"}}],"inLanguage":"sr-RS"},{"@type":"Person","@id":"https:\/\/president-ksgov.net\/#\/schema\/person\/bb4337a5fb147cb2046d80548172cbee","name":"admin","image":{"@type":"ImageObject","inLanguage":"sr-RS","@id":"https:\/\/president-ksgov.net\/#\/schema\/person\/image\/","url":"https:\/\/secure.gravatar.com\/avatar\/36156ca0fa3b8d9d25174f146e16beea0cf28f37adf1b9e19b6c9c279a7c9dd3?s=96&d=mm&r=g","contentUrl":"https:\/\/secure.gravatar.com\/avatar\/36156ca0fa3b8d9d25174f146e16beea0cf28f37adf1b9e19b6c9c279a7c9dd3?s=96&d=mm&r=g","caption":"admin"},"sameAs":["https:\/\/president-ksgov.net"]}]}},"_links":{"self":[{"href":"https:\/\/president-ksgov.net\/sr\/wp-json\/wp\/v2\/posts\/73689","targetHints":{"allow":["GET"]}}],"collection":[{"href":"https:\/\/president-ksgov.net\/sr\/wp-json\/wp\/v2\/posts"}],"about":[{"href":"https:\/\/president-ksgov.net\/sr\/wp-json\/wp\/v2\/types\/post"}],"author":[{"embeddable":true,"href":"https:\/\/president-ksgov.net\/sr\/wp-json\/wp\/v2\/users\/1"}],"replies":[{"embeddable":true,"href":"https:\/\/president-ksgov.net\/sr\/wp-json\/wp\/v2\/comments?post=73689"}],"version-history":[{"count":1,"href":"https:\/\/president-ksgov.net\/sr\/wp-json\/wp\/v2\/posts\/73689\/revisions"}],"predecessor-version":[{"id":180895,"href":"https:\/\/president-ksgov.net\/sr\/wp-json\/wp\/v2\/posts\/73689\/revisions\/180895"}],"wp:featuredmedia":[{"embeddable":true,"href":"https:\/\/president-ksgov.net\/sr\/wp-json\/wp\/v2\/media\/7978"}],"wp:attachment":[{"href":"https:\/\/president-ksgov.net\/sr\/wp-json\/wp\/v2\/media?parent=73689"}],"wp:term":[{"taxonomy":"category","embeddable":true,"href":"https:\/\/president-ksgov.net\/sr\/wp-json\/wp\/v2\/categories?post=73689"},{"taxonomy":"post_tag","embeddable":true,"href":"https:\/\/president-ksgov.net\/sr\/wp-json\/wp\/v2\/tags?post=73689"}],"curies":[{"name":"wp","href":"https:\/\/api.w.org\/{rel}","templated":true}]}}