{"id":73685,"date":"2023-02-18T14:44:19","date_gmt":"2023-02-18T13:44:19","guid":{"rendered":"https:\/\/dev.president-ksgov.net\/predsednica-osmani-na-bezbednosnoj-konferenciji-u-minhenu-zene-kosova-su-imale-odlucujucu-ulogu-u-procesu-izgradnje-drzave\/"},"modified":"2023-02-19T09:10:44","modified_gmt":"2023-02-19T09:10:44","slug":"predsednica-osmani-na-bezbednosnoj-konferenciji-u-minhenu-zene-kosova-su-imale-odlucujucu-ulogu-u-procesu-izgradnje-drzave","status":"publish","type":"post","link":"https:\/\/president-ksgov.net\/sr\/predsednica-osmani-na-bezbednosnoj-konferenciji-u-minhenu-zene-kosova-su-imale-odlucujucu-ulogu-u-procesu-izgradnje-drzave\/","title":{"rendered":"Predsednica Osmani na Bezbednosnoj konferenciji u Minhenu: \u017dene Kosova su imale odlu\u010duju\u0107u ulogu u procesu izgradnje dr\u017eave"},"content":{"rendered":"<p>Predsednica Republike Kosovo Vjosa Osmani u\u010destvuje na Bezbednosnoj konferenciji u Minhenu. Na ovoj konferenciji, u okviru Panela za \u017eene, mir i bezbednost, predsednica Osmani je razgovarala o zna\u010daju ove agende zajedno sa potpredsednicom Republike Kolumbije Franciom Elenom M\u00e1rquez, saveznom ministarkom za ekonomsku saradnju i razvoj Svenjom Schulze i liderkim opozicije u Belorusiji, Svetlanom Tsikhanouskayom.<\/p>\n<p>Na ovom panelu, predsednica Osmani je govorila o izuzetnom primeru kosovskih \u017eena kao nosilaca i aktivnih u\u010desnica istorijskih procesa na Kosovu. Ona je navela besprimerni aktivizam kosovskih \u017eena na strate\u0161koj putanji u zemlji, od vremena mirnog otpora 90-ih godina, tokom oslobodila\u010dkog rata, kao i svih faza izgradnje dr\u017eave. Predsednica Osmani je istakla da su \u017eene Kosova sinonim za Agendu za \u017eene, mir i bezbednost, po\u0161to su je godinama sprovodile. <\/p>\n<p>Govore\u0107i o uspe\u0161nim primerima sprovo\u0111enja ove agende na Kosovu, predsednica Osmani je istakla da je posve\u0107enost bila sveobuhvatna, uklju\u010duju\u0107i izuzetnu ulogu civilnog dru\u0161tva, ali i visoku institucionalnu odgovornost. Ona je istakla da su srpske snage tokom proteklog rata na Kosovu silovale preko 20.000 \u017eena. U tom kontekstu, ona je tako\u0111e ocenila veliki zna\u010daj koji je imalo osnivanje Komisije za verifikaciju statusa \u017ertava seksualnog nasilja na Kosovu kako bi se pomoglo oporavku i pravilnom tretiranju pre\u017eivelih nakon zavr\u0161etka rata.<\/p>\n<p>Ona je naglasila da se zbog istorije Kosova i aktivne uloge \u017eena tokom godina u mirovnim i procesima, slobode Kosovo lako mo\u017ee posmatrati kao epicentar strate\u0161kih diskusija o Agendi za \u017eene, mir i bezbednost. Ona je tako\u0111e navela zna\u010daj organizovanja prvog me\u0111unarodnog Foruma za \u017eene, mir i bezbednost na Kosovu, koji treba da postane tradicionalna manifestacija sa ciljem umre\u017eavanja i razmene uspe\u0161nih primera sprovo\u0111enja ove agende \u0161irom sveta.<\/p>\n","protected":false},"excerpt":{"rendered":"<p>Predsednica Republike Kosovo Vjosa Osmani u\u010destvuje na Bezbednosnoj konferenciji u Minhenu. Na ovoj konferenciji, u okviru Panela za \u017eene, mir i bezbednost, predsednica Osmani je razgovarala o zna\u010daju ove agende zajedno sa potpredsednicom Republike Kolumbije Franciom Elenom M\u00e1rquez, saveznom ministarkom za ekonomsku saradnju i razvoj Svenjom Schulze i liderkim opozicije u Belorusiji, Svetlanom Tsikhanouskayom.<\/p>\n","protected":false},"author":1,"featured_media":7935,"comment_status":"closed","ping_status":"closed","sticky":false,"template":"","format":"standard","meta":{"_eb_attr":"","footnotes":""},"categories":[101],"tags":[],"class_list":["post-73685","post","type-post","status-publish","format-standard","has-post-thumbnail","hentry","category-vesti"],"yoast_head":"<!-- This site is optimized with the Yoast SEO plugin v23.5 - https:\/\/yoast.com\/wordpress\/plugins\/seo\/ -->\n<title>Predsednica Osmani na Bezbednosnoj konferenciji u Minhenu: \u017dene Kosova su imale odlu\u010duju\u0107u ulogu u procesu izgradnje dr\u017eave - Predsednik Republike Kosovo - DR. VJOSA OSMANI - SADRIU<\/title>\n<meta name=\"description\" content=\"Predsednica Osmani na Bezbednosnoj konferenciji u Minhenu: \u017dene Kosova su imale odlu\u010duju\u0107u ulogu u procesu izgradnje dr\u017eave - Predsednik Republike Kosovo - DR. VJOSA OSMANI - SADRIU -\" \/>\n<meta name=\"robots\" content=\"index, follow, max-snippet:-1, max-image-preview:large, max-video-preview:-1\" \/>\n<link rel=\"canonical\" href=\"https:\/\/president-ksgov.net\/sr\/predsednica-osmani-na-bezbednosnoj-konferenciji-u-minhenu-zene-kosova-su-imale-odlucujucu-ulogu-u-procesu-izgradnje-drzave\/\" \/>\n<meta property=\"og:locale\" content=\"sr_RS\" \/>\n<meta property=\"og:type\" content=\"article\" \/>\n<meta property=\"og:title\" content=\"Predsednica Osmani na Bezbednosnoj konferenciji u Minhenu: \u017dene Kosova su imale odlu\u010duju\u0107u ulogu u procesu izgradnje dr\u017eave - Predsednik Republike Kosovo - DR. VJOSA OSMANI - SADRIU\" \/>\n<meta property=\"og:description\" content=\"Predsednica Osmani na Bezbednosnoj konferenciji u Minhenu: \u017dene Kosova su imale odlu\u010duju\u0107u ulogu u procesu izgradnje dr\u017eave - Predsednik Republike Kosovo - DR. VJOSA OSMANI - SADRIU -\" \/>\n<meta property=\"og:url\" content=\"https:\/\/president-ksgov.net\/sr\/predsednica-osmani-na-bezbednosnoj-konferenciji-u-minhenu-zene-kosova-su-imale-odlucujucu-ulogu-u-procesu-izgradnje-drzave\/\" \/>\n<meta property=\"og:site_name\" content=\"Predsednik Republike Kosovo - DR. VJOSA OSMANI - SADRIU\" \/>\n<meta property=\"article:published_time\" content=\"2023-02-18T13:44:19+00:00\" \/>\n<meta property=\"article:modified_time\" content=\"2023-02-19T09:10:44+00:00\" \/>\n<meta property=\"og:image\" content=\"https:\/\/president-ksgov.net\/wp-content\/uploads\/2023\/03\/Presidentja_Osmani_ne_konferencen_e_sigurise_1-4-scaled.jpg\" \/>\n\t<meta property=\"og:image:width\" content=\"2560\" \/>\n\t<meta property=\"og:image:height\" content=\"1920\" \/>\n\t<meta property=\"og:image:type\" content=\"image\/jpeg\" \/>\n<meta name=\"author\" content=\"admin\" \/>\n<meta name=\"twitter:card\" content=\"summary_large_image\" \/>\n<meta name=\"twitter:label1\" content=\"\u041d\u0430\u043f\u0438\u0441\u0430\u043d\u043e \u043e\u0434\" \/>\n\t<meta name=\"twitter:data1\" content=\"admin\" \/>\n\t<meta name=\"twitter:label2\" content=\"\u041f\u0440\u043e\u0446\u0435\u045a\u0435\u043d\u043e \u0432\u0440\u0435\u043c\u0435 \u0447\u0438\u0442\u0430\u045a\u0430\" \/>\n\t<meta name=\"twitter:data2\" content=\"1 \u043c\u0438\u043d\u0443\u0442\" \/>\n<script type=\"application\/ld+json\" class=\"yoast-schema-graph\">{\"@context\":\"https:\/\/schema.org\",\"@graph\":[{\"@type\":\"WebPage\",\"@id\":\"https:\/\/president-ksgov.net\/sr\/predsednica-osmani-na-bezbednosnoj-konferenciji-u-minhenu-zene-kosova-su-imale-odlucujucu-ulogu-u-procesu-izgradnje-drzave\/\",\"url\":\"https:\/\/president-ksgov.net\/sr\/predsednica-osmani-na-bezbednosnoj-konferenciji-u-minhenu-zene-kosova-su-imale-odlucujucu-ulogu-u-procesu-izgradnje-drzave\/\",\"name\":\"Predsednica Osmani na Bezbednosnoj konferenciji u Minhenu: \u017dene Kosova su imale odlu\u010duju\u0107u ulogu u procesu izgradnje dr\u017eave - Predsednik Republike Kosovo - DR. VJOSA OSMANI - SADRIU\",\"isPartOf\":{\"@id\":\"https:\/\/president-ksgov.net\/#website\"},\"primaryImageOfPage\":{\"@id\":\"https:\/\/president-ksgov.net\/sr\/predsednica-osmani-na-bezbednosnoj-konferenciji-u-minhenu-zene-kosova-su-imale-odlucujucu-ulogu-u-procesu-izgradnje-drzave\/#primaryimage\"},\"image\":{\"@id\":\"https:\/\/president-ksgov.net\/sr\/predsednica-osmani-na-bezbednosnoj-konferenciji-u-minhenu-zene-kosova-su-imale-odlucujucu-ulogu-u-procesu-izgradnje-drzave\/#primaryimage\"},\"thumbnailUrl\":\"https:\/\/president-ksgov.net\/wp-content\/uploads\/2023\/03\/Presidentja_Osmani_ne_konferencen_e_sigurise_1-4-scaled.jpg\",\"datePublished\":\"2023-02-18T13:44:19+00:00\",\"dateModified\":\"2023-02-19T09:10:44+00:00\",\"author\":{\"@id\":\"https:\/\/president-ksgov.net\/#\/schema\/person\/bb4337a5fb147cb2046d80548172cbee\"},\"description\":\"Predsednica Osmani na Bezbednosnoj konferenciji u Minhenu: \u017dene Kosova su imale odlu\u010duju\u0107u ulogu u procesu izgradnje dr\u017eave - Predsednik Republike Kosovo - DR. VJOSA OSMANI - SADRIU -\",\"breadcrumb\":{\"@id\":\"https:\/\/president-ksgov.net\/sr\/predsednica-osmani-na-bezbednosnoj-konferenciji-u-minhenu-zene-kosova-su-imale-odlucujucu-ulogu-u-procesu-izgradnje-drzave\/#breadcrumb\"},\"inLanguage\":\"sr-RS\",\"potentialAction\":[{\"@type\":\"ReadAction\",\"target\":[\"https:\/\/president-ksgov.net\/sr\/predsednica-osmani-na-bezbednosnoj-konferenciji-u-minhenu-zene-kosova-su-imale-odlucujucu-ulogu-u-procesu-izgradnje-drzave\/\"]}]},{\"@type\":\"ImageObject\",\"inLanguage\":\"sr-RS\",\"@id\":\"https:\/\/president-ksgov.net\/sr\/predsednica-osmani-na-bezbednosnoj-konferenciji-u-minhenu-zene-kosova-su-imale-odlucujucu-ulogu-u-procesu-izgradnje-drzave\/#primaryimage\",\"url\":\"https:\/\/president-ksgov.net\/wp-content\/uploads\/2023\/03\/Presidentja_Osmani_ne_konferencen_e_sigurise_1-4-scaled.jpg\",\"contentUrl\":\"https:\/\/president-ksgov.net\/wp-content\/uploads\/2023\/03\/Presidentja_Osmani_ne_konferencen_e_sigurise_1-4-scaled.jpg\",\"width\":2560,\"height\":1920},{\"@type\":\"BreadcrumbList\",\"@id\":\"https:\/\/president-ksgov.net\/sr\/predsednica-osmani-na-bezbednosnoj-konferenciji-u-minhenu-zene-kosova-su-imale-odlucujucu-ulogu-u-procesu-izgradnje-drzave\/#breadcrumb\",\"itemListElement\":[{\"@type\":\"ListItem\",\"position\":1,\"name\":\"Home\",\"item\":\"https:\/\/president-ksgov.net\/sr\/\"},{\"@type\":\"ListItem\",\"position\":2,\"name\":\"Predsednica Osmani na Bezbednosnoj konferenciji u Minhenu: \u017dene Kosova su imale odlu\u010duju\u0107u ulogu u procesu izgradnje dr\u017eave\"}]},{\"@type\":\"WebSite\",\"@id\":\"https:\/\/president-ksgov.net\/#website\",\"url\":\"https:\/\/president-ksgov.net\/\",\"name\":\"Presidente e Republik\u00ebs s\u00eb Kosov\u00ebs\",\"description\":\"Presidente e Republik\u00ebs s\u00eb Kosov\u00ebs\",\"alternateName\":\"DR. VJOSA OSMANI - SADRIU\",\"potentialAction\":[{\"@type\":\"SearchAction\",\"target\":{\"@type\":\"EntryPoint\",\"urlTemplate\":\"https:\/\/president-ksgov.net\/?s={search_term_string}\"},\"query-input\":{\"@type\":\"PropertyValueSpecification\",\"valueRequired\":true,\"valueName\":\"search_term_string\"}}],\"inLanguage\":\"sr-RS\"},{\"@type\":\"Person\",\"@id\":\"https:\/\/president-ksgov.net\/#\/schema\/person\/bb4337a5fb147cb2046d80548172cbee\",\"name\":\"admin\",\"image\":{\"@type\":\"ImageObject\",\"inLanguage\":\"sr-RS\",\"@id\":\"https:\/\/president-ksgov.net\/#\/schema\/person\/image\/\",\"url\":\"https:\/\/secure.gravatar.com\/avatar\/36156ca0fa3b8d9d25174f146e16beea0cf28f37adf1b9e19b6c9c279a7c9dd3?s=96&d=mm&r=g\",\"contentUrl\":\"https:\/\/secure.gravatar.com\/avatar\/36156ca0fa3b8d9d25174f146e16beea0cf28f37adf1b9e19b6c9c279a7c9dd3?s=96&d=mm&r=g\",\"caption\":\"admin\"},\"sameAs\":[\"https:\/\/president-ksgov.net\"]}]}<\/script>\n<!-- \/ Yoast SEO plugin. -->","yoast_head_json":{"title":"Predsednica Osmani na Bezbednosnoj konferenciji u Minhenu: \u017dene Kosova su imale odlu\u010duju\u0107u ulogu u procesu izgradnje dr\u017eave - Predsednik Republike Kosovo - DR. VJOSA OSMANI - SADRIU","description":"Predsednica Osmani na Bezbednosnoj konferenciji u Minhenu: \u017dene Kosova su imale odlu\u010duju\u0107u ulogu u procesu izgradnje dr\u017eave - Predsednik Republike Kosovo - DR. VJOSA OSMANI - SADRIU -","robots":{"index":"index","follow":"follow","max-snippet":"max-snippet:-1","max-image-preview":"max-image-preview:large","max-video-preview":"max-video-preview:-1"},"canonical":"https:\/\/president-ksgov.net\/sr\/predsednica-osmani-na-bezbednosnoj-konferenciji-u-minhenu-zene-kosova-su-imale-odlucujucu-ulogu-u-procesu-izgradnje-drzave\/","og_locale":"sr_RS","og_type":"article","og_title":"Predsednica Osmani na Bezbednosnoj konferenciji u Minhenu: \u017dene Kosova su imale odlu\u010duju\u0107u ulogu u procesu izgradnje dr\u017eave - Predsednik Republike Kosovo - DR. VJOSA OSMANI - SADRIU","og_description":"Predsednica Osmani na Bezbednosnoj konferenciji u Minhenu: \u017dene Kosova su imale odlu\u010duju\u0107u ulogu u procesu izgradnje dr\u017eave - Predsednik Republike Kosovo - DR. VJOSA OSMANI - SADRIU -","og_url":"https:\/\/president-ksgov.net\/sr\/predsednica-osmani-na-bezbednosnoj-konferenciji-u-minhenu-zene-kosova-su-imale-odlucujucu-ulogu-u-procesu-izgradnje-drzave\/","og_site_name":"Predsednik Republike Kosovo - DR. VJOSA OSMANI - SADRIU","article_published_time":"2023-02-18T13:44:19+00:00","article_modified_time":"2023-02-19T09:10:44+00:00","og_image":[{"width":2560,"height":1920,"url":"https:\/\/president-ksgov.net\/wp-content\/uploads\/2023\/03\/Presidentja_Osmani_ne_konferencen_e_sigurise_1-4-scaled.jpg","type":"image\/jpeg"}],"author":"admin","twitter_card":"summary_large_image","twitter_misc":{"\u041d\u0430\u043f\u0438\u0441\u0430\u043d\u043e \u043e\u0434":"admin","\u041f\u0440\u043e\u0446\u0435\u045a\u0435\u043d\u043e \u0432\u0440\u0435\u043c\u0435 \u0447\u0438\u0442\u0430\u045a\u0430":"1 \u043c\u0438\u043d\u0443\u0442"},"schema":{"@context":"https:\/\/schema.org","@graph":[{"@type":"WebPage","@id":"https:\/\/president-ksgov.net\/sr\/predsednica-osmani-na-bezbednosnoj-konferenciji-u-minhenu-zene-kosova-su-imale-odlucujucu-ulogu-u-procesu-izgradnje-drzave\/","url":"https:\/\/president-ksgov.net\/sr\/predsednica-osmani-na-bezbednosnoj-konferenciji-u-minhenu-zene-kosova-su-imale-odlucujucu-ulogu-u-procesu-izgradnje-drzave\/","name":"Predsednica Osmani na Bezbednosnoj konferenciji u Minhenu: \u017dene Kosova su imale odlu\u010duju\u0107u ulogu u procesu izgradnje dr\u017eave - Predsednik Republike Kosovo - DR. VJOSA OSMANI - SADRIU","isPartOf":{"@id":"https:\/\/president-ksgov.net\/#website"},"primaryImageOfPage":{"@id":"https:\/\/president-ksgov.net\/sr\/predsednica-osmani-na-bezbednosnoj-konferenciji-u-minhenu-zene-kosova-su-imale-odlucujucu-ulogu-u-procesu-izgradnje-drzave\/#primaryimage"},"image":{"@id":"https:\/\/president-ksgov.net\/sr\/predsednica-osmani-na-bezbednosnoj-konferenciji-u-minhenu-zene-kosova-su-imale-odlucujucu-ulogu-u-procesu-izgradnje-drzave\/#primaryimage"},"thumbnailUrl":"https:\/\/president-ksgov.net\/wp-content\/uploads\/2023\/03\/Presidentja_Osmani_ne_konferencen_e_sigurise_1-4-scaled.jpg","datePublished":"2023-02-18T13:44:19+00:00","dateModified":"2023-02-19T09:10:44+00:00","author":{"@id":"https:\/\/president-ksgov.net\/#\/schema\/person\/bb4337a5fb147cb2046d80548172cbee"},"description":"Predsednica Osmani na Bezbednosnoj konferenciji u Minhenu: \u017dene Kosova su imale odlu\u010duju\u0107u ulogu u procesu izgradnje dr\u017eave - Predsednik Republike Kosovo - DR. VJOSA OSMANI - SADRIU -","breadcrumb":{"@id":"https:\/\/president-ksgov.net\/sr\/predsednica-osmani-na-bezbednosnoj-konferenciji-u-minhenu-zene-kosova-su-imale-odlucujucu-ulogu-u-procesu-izgradnje-drzave\/#breadcrumb"},"inLanguage":"sr-RS","potentialAction":[{"@type":"ReadAction","target":["https:\/\/president-ksgov.net\/sr\/predsednica-osmani-na-bezbednosnoj-konferenciji-u-minhenu-zene-kosova-su-imale-odlucujucu-ulogu-u-procesu-izgradnje-drzave\/"]}]},{"@type":"ImageObject","inLanguage":"sr-RS","@id":"https:\/\/president-ksgov.net\/sr\/predsednica-osmani-na-bezbednosnoj-konferenciji-u-minhenu-zene-kosova-su-imale-odlucujucu-ulogu-u-procesu-izgradnje-drzave\/#primaryimage","url":"https:\/\/president-ksgov.net\/wp-content\/uploads\/2023\/03\/Presidentja_Osmani_ne_konferencen_e_sigurise_1-4-scaled.jpg","contentUrl":"https:\/\/president-ksgov.net\/wp-content\/uploads\/2023\/03\/Presidentja_Osmani_ne_konferencen_e_sigurise_1-4-scaled.jpg","width":2560,"height":1920},{"@type":"BreadcrumbList","@id":"https:\/\/president-ksgov.net\/sr\/predsednica-osmani-na-bezbednosnoj-konferenciji-u-minhenu-zene-kosova-su-imale-odlucujucu-ulogu-u-procesu-izgradnje-drzave\/#breadcrumb","itemListElement":[{"@type":"ListItem","position":1,"name":"Home","item":"https:\/\/president-ksgov.net\/sr\/"},{"@type":"ListItem","position":2,"name":"Predsednica Osmani na Bezbednosnoj konferenciji u Minhenu: \u017dene Kosova su imale odlu\u010duju\u0107u ulogu u procesu izgradnje dr\u017eave"}]},{"@type":"WebSite","@id":"https:\/\/president-ksgov.net\/#website","url":"https:\/\/president-ksgov.net\/","name":"Presidente e Republik\u00ebs s\u00eb Kosov\u00ebs","description":"Presidente e Republik\u00ebs s\u00eb Kosov\u00ebs","alternateName":"DR. VJOSA OSMANI - SADRIU","potentialAction":[{"@type":"SearchAction","target":{"@type":"EntryPoint","urlTemplate":"https:\/\/president-ksgov.net\/?s={search_term_string}"},"query-input":{"@type":"PropertyValueSpecification","valueRequired":true,"valueName":"search_term_string"}}],"inLanguage":"sr-RS"},{"@type":"Person","@id":"https:\/\/president-ksgov.net\/#\/schema\/person\/bb4337a5fb147cb2046d80548172cbee","name":"admin","image":{"@type":"ImageObject","inLanguage":"sr-RS","@id":"https:\/\/president-ksgov.net\/#\/schema\/person\/image\/","url":"https:\/\/secure.gravatar.com\/avatar\/36156ca0fa3b8d9d25174f146e16beea0cf28f37adf1b9e19b6c9c279a7c9dd3?s=96&d=mm&r=g","contentUrl":"https:\/\/secure.gravatar.com\/avatar\/36156ca0fa3b8d9d25174f146e16beea0cf28f37adf1b9e19b6c9c279a7c9dd3?s=96&d=mm&r=g","caption":"admin"},"sameAs":["https:\/\/president-ksgov.net"]}]}},"_links":{"self":[{"href":"https:\/\/president-ksgov.net\/sr\/wp-json\/wp\/v2\/posts\/73685","targetHints":{"allow":["GET"]}}],"collection":[{"href":"https:\/\/president-ksgov.net\/sr\/wp-json\/wp\/v2\/posts"}],"about":[{"href":"https:\/\/president-ksgov.net\/sr\/wp-json\/wp\/v2\/types\/post"}],"author":[{"embeddable":true,"href":"https:\/\/president-ksgov.net\/sr\/wp-json\/wp\/v2\/users\/1"}],"replies":[{"embeddable":true,"href":"https:\/\/president-ksgov.net\/sr\/wp-json\/wp\/v2\/comments?post=73685"}],"version-history":[{"count":0,"href":"https:\/\/president-ksgov.net\/sr\/wp-json\/wp\/v2\/posts\/73685\/revisions"}],"wp:featuredmedia":[{"embeddable":true,"href":"https:\/\/president-ksgov.net\/sr\/wp-json\/wp\/v2\/media\/7935"}],"wp:attachment":[{"href":"https:\/\/president-ksgov.net\/sr\/wp-json\/wp\/v2\/media?parent=73685"}],"wp:term":[{"taxonomy":"category","embeddable":true,"href":"https:\/\/president-ksgov.net\/sr\/wp-json\/wp\/v2\/categories?post=73685"},{"taxonomy":"post_tag","embeddable":true,"href":"https:\/\/president-ksgov.net\/sr\/wp-json\/wp\/v2\/tags?post=73685"}],"curies":[{"name":"wp","href":"https:\/\/api.w.org\/{rel}","templated":true}]}}