{"id":73682,"date":"2023-02-19T08:54:46","date_gmt":"2023-02-19T08:54:46","guid":{"rendered":"https:\/\/dev.president-ksgov.net\/predsednica-osmani-se-sastala-sa-predsednikom-letonije-clanstvo-kosova-u-savetu-evrope-vazno-je-ne-samo-za-kosovo-vec-i-za-evropu\/"},"modified":"2023-02-19T08:58:51","modified_gmt":"2023-02-19T08:58:51","slug":"predsednica-osmani-se-sastala-sa-predsednikom-letonije-clanstvo-kosova-u-savetu-evrope-vazno-je-ne-samo-za-kosovo-vec-i-za-evropu","status":"publish","type":"post","link":"https:\/\/president-ksgov.net\/sr\/predsednica-osmani-se-sastala-sa-predsednikom-letonije-clanstvo-kosova-u-savetu-evrope-vazno-je-ne-samo-za-kosovo-vec-i-za-evropu\/","title":{"rendered":"Predsednica Osmani se sastala sa predsednikom Letonije: \u010clanstvo Kosova u Savetu Evrope va\u017eno je ne samo za Kosovo, ve\u0107 i za Evropu"},"content":{"rendered":"<p>Predsednica Republike Kosovo Vjosa Osmani, se tokom Minhenske bezbednosne konferencije sastala sa predsednikom Republike Letonije Egilsom Levitsom.<\/p>\n<p>Predsednica Osmani je zahvalila predsedniku Levitsu na njegovoj posve\u0107enosti i kontinuiranoj podr\u0161ci Kosovu na me\u0111unarodnoj sceni, uklju\u010duju\u0107i i procese \u010dlanstva u evroatlantskim strukturama i drugim me\u0111unarodnim organizacijama, a istakla je da Letonija ostaje sna\u017ean prijatelj i saveznik Republike Kosovo.<\/p>\n<p>Predsednica je obavestila predsednika Levitsa o aktuelnoj bezbednosnoj situaciji na Kosovu i u regionu, kao i o poslednjim de\u0161avanjima u dijalogu sa Srbijom. Ona je rekla da Kosovo nastavlja da aktivno doprinosi procesima mira i stabilnosti. <\/p>\n<p>Predsednica Osmani i predsednik Levits dogovorili su se o intenziviranju saradnje u narednim mesecima radi unapre\u0111enja procesa \u010dlanstva Kosova u Savetu Evrope, kojim \u0107e Letonija zvani\u010dno predsedavati od maja ove godine.<\/p>\n","protected":false},"excerpt":{"rendered":"<p>Predsednica Republike Kosovo Vjosa Osmani, se tokom Minhenske bezbednosne konferencije sastala sa predsednikom Republike Letonije Egilsom Levitsom.<\/p>\n","protected":false},"author":1,"featured_media":7917,"comment_status":"open","ping_status":"closed","sticky":false,"template":"","format":"standard","meta":{"_eb_attr":"","footnotes":""},"categories":[101],"tags":[],"class_list":["post-73682","post","type-post","status-publish","format-standard","has-post-thumbnail","hentry","category-vesti"],"yoast_head":"<!-- This site is optimized with the Yoast SEO plugin v23.5 - https:\/\/yoast.com\/wordpress\/plugins\/seo\/ -->\n<title>Predsednica Osmani se sastala sa predsednikom Letonije: \u010clanstvo Kosova u Savetu Evrope va\u017eno je ne samo za Kosovo, ve\u0107 i za Evropu - Predsednik Republike Kosovo - DR. VJOSA OSMANI - SADRIU<\/title>\n<meta name=\"description\" content=\"Predsednica Osmani se sastala sa predsednikom Letonije: \u010clanstvo Kosova u Savetu Evrope va\u017eno je ne samo za Kosovo, ve\u0107 i za Evropu - Predsednik Republike Kosovo - DR. VJOSA OSMANI - SADRIU -\" \/>\n<meta name=\"robots\" content=\"index, follow, max-snippet:-1, max-image-preview:large, max-video-preview:-1\" \/>\n<link rel=\"canonical\" href=\"https:\/\/president-ksgov.net\/sr\/predsednica-osmani-se-sastala-sa-predsednikom-letonije-clanstvo-kosova-u-savetu-evrope-vazno-je-ne-samo-za-kosovo-vec-i-za-evropu\/\" \/>\n<meta property=\"og:locale\" content=\"sr_RS\" \/>\n<meta property=\"og:type\" content=\"article\" \/>\n<meta property=\"og:title\" content=\"Predsednica Osmani se sastala sa predsednikom Letonije: \u010clanstvo Kosova u Savetu Evrope va\u017eno je ne samo za Kosovo, ve\u0107 i za Evropu - Predsednik Republike Kosovo - DR. VJOSA OSMANI - SADRIU\" \/>\n<meta property=\"og:description\" content=\"Predsednica Osmani se sastala sa predsednikom Letonije: \u010clanstvo Kosova u Savetu Evrope va\u017eno je ne samo za Kosovo, ve\u0107 i za Evropu - Predsednik Republike Kosovo - DR. VJOSA OSMANI - SADRIU -\" \/>\n<meta property=\"og:url\" content=\"https:\/\/president-ksgov.net\/sr\/predsednica-osmani-se-sastala-sa-predsednikom-letonije-clanstvo-kosova-u-savetu-evrope-vazno-je-ne-samo-za-kosovo-vec-i-za-evropu\/\" \/>\n<meta property=\"og:site_name\" content=\"Predsednik Republike Kosovo - DR. VJOSA OSMANI - SADRIU\" \/>\n<meta property=\"article:published_time\" content=\"2023-02-19T08:54:46+00:00\" \/>\n<meta property=\"article:modified_time\" content=\"2023-02-19T08:58:51+00:00\" \/>\n<meta property=\"og:image\" content=\"https:\/\/president-ksgov.net\/wp-content\/uploads\/2023\/03\/Presidentja_takon_presidentin_e_letonise_1-3.jpg\" \/>\n\t<meta property=\"og:image:width\" content=\"2000\" \/>\n\t<meta property=\"og:image:height\" content=\"1500\" \/>\n\t<meta property=\"og:image:type\" content=\"image\/jpeg\" \/>\n<meta name=\"author\" content=\"admin\" \/>\n<meta name=\"twitter:card\" content=\"summary_large_image\" \/>\n<meta name=\"twitter:label1\" content=\"\u041d\u0430\u043f\u0438\u0441\u0430\u043d\u043e \u043e\u0434\" \/>\n\t<meta name=\"twitter:data1\" content=\"admin\" \/>\n\t<meta name=\"twitter:label2\" content=\"\u041f\u0440\u043e\u0446\u0435\u045a\u0435\u043d\u043e \u0432\u0440\u0435\u043c\u0435 \u0447\u0438\u0442\u0430\u045a\u0430\" \/>\n\t<meta name=\"twitter:data2\" content=\"1 \u043c\u0438\u043d\u0443\u0442\" \/>\n<script type=\"application\/ld+json\" class=\"yoast-schema-graph\">{\"@context\":\"https:\/\/schema.org\",\"@graph\":[{\"@type\":\"WebPage\",\"@id\":\"https:\/\/president-ksgov.net\/sr\/predsednica-osmani-se-sastala-sa-predsednikom-letonije-clanstvo-kosova-u-savetu-evrope-vazno-je-ne-samo-za-kosovo-vec-i-za-evropu\/\",\"url\":\"https:\/\/president-ksgov.net\/sr\/predsednica-osmani-se-sastala-sa-predsednikom-letonije-clanstvo-kosova-u-savetu-evrope-vazno-je-ne-samo-za-kosovo-vec-i-za-evropu\/\",\"name\":\"Predsednica Osmani se sastala sa predsednikom Letonije: \u010clanstvo Kosova u Savetu Evrope va\u017eno je ne samo za Kosovo, ve\u0107 i za Evropu - Predsednik Republike Kosovo - DR. VJOSA OSMANI - SADRIU\",\"isPartOf\":{\"@id\":\"https:\/\/president-ksgov.net\/#website\"},\"primaryImageOfPage\":{\"@id\":\"https:\/\/president-ksgov.net\/sr\/predsednica-osmani-se-sastala-sa-predsednikom-letonije-clanstvo-kosova-u-savetu-evrope-vazno-je-ne-samo-za-kosovo-vec-i-za-evropu\/#primaryimage\"},\"image\":{\"@id\":\"https:\/\/president-ksgov.net\/sr\/predsednica-osmani-se-sastala-sa-predsednikom-letonije-clanstvo-kosova-u-savetu-evrope-vazno-je-ne-samo-za-kosovo-vec-i-za-evropu\/#primaryimage\"},\"thumbnailUrl\":\"https:\/\/president-ksgov.net\/wp-content\/uploads\/2023\/03\/Presidentja_takon_presidentin_e_letonise_1-3.jpg\",\"datePublished\":\"2023-02-19T08:54:46+00:00\",\"dateModified\":\"2023-02-19T08:58:51+00:00\",\"author\":{\"@id\":\"https:\/\/president-ksgov.net\/#\/schema\/person\/bb4337a5fb147cb2046d80548172cbee\"},\"description\":\"Predsednica Osmani se sastala sa predsednikom Letonije: \u010clanstvo Kosova u Savetu Evrope va\u017eno je ne samo za Kosovo, ve\u0107 i za Evropu - Predsednik Republike Kosovo - DR. VJOSA OSMANI - SADRIU -\",\"breadcrumb\":{\"@id\":\"https:\/\/president-ksgov.net\/sr\/predsednica-osmani-se-sastala-sa-predsednikom-letonije-clanstvo-kosova-u-savetu-evrope-vazno-je-ne-samo-za-kosovo-vec-i-za-evropu\/#breadcrumb\"},\"inLanguage\":\"sr-RS\",\"potentialAction\":[{\"@type\":\"ReadAction\",\"target\":[\"https:\/\/president-ksgov.net\/sr\/predsednica-osmani-se-sastala-sa-predsednikom-letonije-clanstvo-kosova-u-savetu-evrope-vazno-je-ne-samo-za-kosovo-vec-i-za-evropu\/\"]}]},{\"@type\":\"ImageObject\",\"inLanguage\":\"sr-RS\",\"@id\":\"https:\/\/president-ksgov.net\/sr\/predsednica-osmani-se-sastala-sa-predsednikom-letonije-clanstvo-kosova-u-savetu-evrope-vazno-je-ne-samo-za-kosovo-vec-i-za-evropu\/#primaryimage\",\"url\":\"https:\/\/president-ksgov.net\/wp-content\/uploads\/2023\/03\/Presidentja_takon_presidentin_e_letonise_1-3.jpg\",\"contentUrl\":\"https:\/\/president-ksgov.net\/wp-content\/uploads\/2023\/03\/Presidentja_takon_presidentin_e_letonise_1-3.jpg\",\"width\":2000,\"height\":1500},{\"@type\":\"BreadcrumbList\",\"@id\":\"https:\/\/president-ksgov.net\/sr\/predsednica-osmani-se-sastala-sa-predsednikom-letonije-clanstvo-kosova-u-savetu-evrope-vazno-je-ne-samo-za-kosovo-vec-i-za-evropu\/#breadcrumb\",\"itemListElement\":[{\"@type\":\"ListItem\",\"position\":1,\"name\":\"Home\",\"item\":\"https:\/\/president-ksgov.net\/sr\/\"},{\"@type\":\"ListItem\",\"position\":2,\"name\":\"Predsednica Osmani se sastala sa predsednikom Letonije: \u010clanstvo Kosova u Savetu Evrope va\u017eno je ne samo za Kosovo, ve\u0107 i za Evropu\"}]},{\"@type\":\"WebSite\",\"@id\":\"https:\/\/president-ksgov.net\/#website\",\"url\":\"https:\/\/president-ksgov.net\/\",\"name\":\"Presidente e Republik\u00ebs s\u00eb Kosov\u00ebs\",\"description\":\"Presidente e Republik\u00ebs s\u00eb Kosov\u00ebs\",\"alternateName\":\"DR. VJOSA OSMANI - SADRIU\",\"potentialAction\":[{\"@type\":\"SearchAction\",\"target\":{\"@type\":\"EntryPoint\",\"urlTemplate\":\"https:\/\/president-ksgov.net\/?s={search_term_string}\"},\"query-input\":{\"@type\":\"PropertyValueSpecification\",\"valueRequired\":true,\"valueName\":\"search_term_string\"}}],\"inLanguage\":\"sr-RS\"},{\"@type\":\"Person\",\"@id\":\"https:\/\/president-ksgov.net\/#\/schema\/person\/bb4337a5fb147cb2046d80548172cbee\",\"name\":\"admin\",\"image\":{\"@type\":\"ImageObject\",\"inLanguage\":\"sr-RS\",\"@id\":\"https:\/\/president-ksgov.net\/#\/schema\/person\/image\/\",\"url\":\"https:\/\/secure.gravatar.com\/avatar\/36156ca0fa3b8d9d25174f146e16beea0cf28f37adf1b9e19b6c9c279a7c9dd3?s=96&d=mm&r=g\",\"contentUrl\":\"https:\/\/secure.gravatar.com\/avatar\/36156ca0fa3b8d9d25174f146e16beea0cf28f37adf1b9e19b6c9c279a7c9dd3?s=96&d=mm&r=g\",\"caption\":\"admin\"},\"sameAs\":[\"https:\/\/president-ksgov.net\"]}]}<\/script>\n<!-- \/ Yoast SEO plugin. -->","yoast_head_json":{"title":"Predsednica Osmani se sastala sa predsednikom Letonije: \u010clanstvo Kosova u Savetu Evrope va\u017eno je ne samo za Kosovo, ve\u0107 i za Evropu - Predsednik Republike Kosovo - DR. VJOSA OSMANI - SADRIU","description":"Predsednica Osmani se sastala sa predsednikom Letonije: \u010clanstvo Kosova u Savetu Evrope va\u017eno je ne samo za Kosovo, ve\u0107 i za Evropu - Predsednik Republike Kosovo - DR. VJOSA OSMANI - SADRIU -","robots":{"index":"index","follow":"follow","max-snippet":"max-snippet:-1","max-image-preview":"max-image-preview:large","max-video-preview":"max-video-preview:-1"},"canonical":"https:\/\/president-ksgov.net\/sr\/predsednica-osmani-se-sastala-sa-predsednikom-letonije-clanstvo-kosova-u-savetu-evrope-vazno-je-ne-samo-za-kosovo-vec-i-za-evropu\/","og_locale":"sr_RS","og_type":"article","og_title":"Predsednica Osmani se sastala sa predsednikom Letonije: \u010clanstvo Kosova u Savetu Evrope va\u017eno je ne samo za Kosovo, ve\u0107 i za Evropu - Predsednik Republike Kosovo - DR. VJOSA OSMANI - SADRIU","og_description":"Predsednica Osmani se sastala sa predsednikom Letonije: \u010clanstvo Kosova u Savetu Evrope va\u017eno je ne samo za Kosovo, ve\u0107 i za Evropu - Predsednik Republike Kosovo - DR. VJOSA OSMANI - SADRIU -","og_url":"https:\/\/president-ksgov.net\/sr\/predsednica-osmani-se-sastala-sa-predsednikom-letonije-clanstvo-kosova-u-savetu-evrope-vazno-je-ne-samo-za-kosovo-vec-i-za-evropu\/","og_site_name":"Predsednik Republike Kosovo - DR. VJOSA OSMANI - SADRIU","article_published_time":"2023-02-19T08:54:46+00:00","article_modified_time":"2023-02-19T08:58:51+00:00","og_image":[{"width":2000,"height":1500,"url":"https:\/\/president-ksgov.net\/wp-content\/uploads\/2023\/03\/Presidentja_takon_presidentin_e_letonise_1-3.jpg","type":"image\/jpeg"}],"author":"admin","twitter_card":"summary_large_image","twitter_misc":{"\u041d\u0430\u043f\u0438\u0441\u0430\u043d\u043e \u043e\u0434":"admin","\u041f\u0440\u043e\u0446\u0435\u045a\u0435\u043d\u043e \u0432\u0440\u0435\u043c\u0435 \u0447\u0438\u0442\u0430\u045a\u0430":"1 \u043c\u0438\u043d\u0443\u0442"},"schema":{"@context":"https:\/\/schema.org","@graph":[{"@type":"WebPage","@id":"https:\/\/president-ksgov.net\/sr\/predsednica-osmani-se-sastala-sa-predsednikom-letonije-clanstvo-kosova-u-savetu-evrope-vazno-je-ne-samo-za-kosovo-vec-i-za-evropu\/","url":"https:\/\/president-ksgov.net\/sr\/predsednica-osmani-se-sastala-sa-predsednikom-letonije-clanstvo-kosova-u-savetu-evrope-vazno-je-ne-samo-za-kosovo-vec-i-za-evropu\/","name":"Predsednica Osmani se sastala sa predsednikom Letonije: \u010clanstvo Kosova u Savetu Evrope va\u017eno je ne samo za Kosovo, ve\u0107 i za Evropu - Predsednik Republike Kosovo - DR. VJOSA OSMANI - SADRIU","isPartOf":{"@id":"https:\/\/president-ksgov.net\/#website"},"primaryImageOfPage":{"@id":"https:\/\/president-ksgov.net\/sr\/predsednica-osmani-se-sastala-sa-predsednikom-letonije-clanstvo-kosova-u-savetu-evrope-vazno-je-ne-samo-za-kosovo-vec-i-za-evropu\/#primaryimage"},"image":{"@id":"https:\/\/president-ksgov.net\/sr\/predsednica-osmani-se-sastala-sa-predsednikom-letonije-clanstvo-kosova-u-savetu-evrope-vazno-je-ne-samo-za-kosovo-vec-i-za-evropu\/#primaryimage"},"thumbnailUrl":"https:\/\/president-ksgov.net\/wp-content\/uploads\/2023\/03\/Presidentja_takon_presidentin_e_letonise_1-3.jpg","datePublished":"2023-02-19T08:54:46+00:00","dateModified":"2023-02-19T08:58:51+00:00","author":{"@id":"https:\/\/president-ksgov.net\/#\/schema\/person\/bb4337a5fb147cb2046d80548172cbee"},"description":"Predsednica Osmani se sastala sa predsednikom Letonije: \u010clanstvo Kosova u Savetu Evrope va\u017eno je ne samo za Kosovo, ve\u0107 i za Evropu - Predsednik Republike Kosovo - DR. VJOSA OSMANI - SADRIU -","breadcrumb":{"@id":"https:\/\/president-ksgov.net\/sr\/predsednica-osmani-se-sastala-sa-predsednikom-letonije-clanstvo-kosova-u-savetu-evrope-vazno-je-ne-samo-za-kosovo-vec-i-za-evropu\/#breadcrumb"},"inLanguage":"sr-RS","potentialAction":[{"@type":"ReadAction","target":["https:\/\/president-ksgov.net\/sr\/predsednica-osmani-se-sastala-sa-predsednikom-letonije-clanstvo-kosova-u-savetu-evrope-vazno-je-ne-samo-za-kosovo-vec-i-za-evropu\/"]}]},{"@type":"ImageObject","inLanguage":"sr-RS","@id":"https:\/\/president-ksgov.net\/sr\/predsednica-osmani-se-sastala-sa-predsednikom-letonije-clanstvo-kosova-u-savetu-evrope-vazno-je-ne-samo-za-kosovo-vec-i-za-evropu\/#primaryimage","url":"https:\/\/president-ksgov.net\/wp-content\/uploads\/2023\/03\/Presidentja_takon_presidentin_e_letonise_1-3.jpg","contentUrl":"https:\/\/president-ksgov.net\/wp-content\/uploads\/2023\/03\/Presidentja_takon_presidentin_e_letonise_1-3.jpg","width":2000,"height":1500},{"@type":"BreadcrumbList","@id":"https:\/\/president-ksgov.net\/sr\/predsednica-osmani-se-sastala-sa-predsednikom-letonije-clanstvo-kosova-u-savetu-evrope-vazno-je-ne-samo-za-kosovo-vec-i-za-evropu\/#breadcrumb","itemListElement":[{"@type":"ListItem","position":1,"name":"Home","item":"https:\/\/president-ksgov.net\/sr\/"},{"@type":"ListItem","position":2,"name":"Predsednica Osmani se sastala sa predsednikom Letonije: \u010clanstvo Kosova u Savetu Evrope va\u017eno je ne samo za Kosovo, ve\u0107 i za Evropu"}]},{"@type":"WebSite","@id":"https:\/\/president-ksgov.net\/#website","url":"https:\/\/president-ksgov.net\/","name":"Presidente e Republik\u00ebs s\u00eb Kosov\u00ebs","description":"Presidente e Republik\u00ebs s\u00eb Kosov\u00ebs","alternateName":"DR. VJOSA OSMANI - SADRIU","potentialAction":[{"@type":"SearchAction","target":{"@type":"EntryPoint","urlTemplate":"https:\/\/president-ksgov.net\/?s={search_term_string}"},"query-input":{"@type":"PropertyValueSpecification","valueRequired":true,"valueName":"search_term_string"}}],"inLanguage":"sr-RS"},{"@type":"Person","@id":"https:\/\/president-ksgov.net\/#\/schema\/person\/bb4337a5fb147cb2046d80548172cbee","name":"admin","image":{"@type":"ImageObject","inLanguage":"sr-RS","@id":"https:\/\/president-ksgov.net\/#\/schema\/person\/image\/","url":"https:\/\/secure.gravatar.com\/avatar\/36156ca0fa3b8d9d25174f146e16beea0cf28f37adf1b9e19b6c9c279a7c9dd3?s=96&d=mm&r=g","contentUrl":"https:\/\/secure.gravatar.com\/avatar\/36156ca0fa3b8d9d25174f146e16beea0cf28f37adf1b9e19b6c9c279a7c9dd3?s=96&d=mm&r=g","caption":"admin"},"sameAs":["https:\/\/president-ksgov.net"]}]}},"_links":{"self":[{"href":"https:\/\/president-ksgov.net\/sr\/wp-json\/wp\/v2\/posts\/73682","targetHints":{"allow":["GET"]}}],"collection":[{"href":"https:\/\/president-ksgov.net\/sr\/wp-json\/wp\/v2\/posts"}],"about":[{"href":"https:\/\/president-ksgov.net\/sr\/wp-json\/wp\/v2\/types\/post"}],"author":[{"embeddable":true,"href":"https:\/\/president-ksgov.net\/sr\/wp-json\/wp\/v2\/users\/1"}],"replies":[{"embeddable":true,"href":"https:\/\/president-ksgov.net\/sr\/wp-json\/wp\/v2\/comments?post=73682"}],"version-history":[{"count":0,"href":"https:\/\/president-ksgov.net\/sr\/wp-json\/wp\/v2\/posts\/73682\/revisions"}],"wp:featuredmedia":[{"embeddable":true,"href":"https:\/\/president-ksgov.net\/sr\/wp-json\/wp\/v2\/media\/7917"}],"wp:attachment":[{"href":"https:\/\/president-ksgov.net\/sr\/wp-json\/wp\/v2\/media?parent=73682"}],"wp:term":[{"taxonomy":"category","embeddable":true,"href":"https:\/\/president-ksgov.net\/sr\/wp-json\/wp\/v2\/categories?post=73682"},{"taxonomy":"post_tag","embeddable":true,"href":"https:\/\/president-ksgov.net\/sr\/wp-json\/wp\/v2\/tags?post=73682"}],"curies":[{"name":"wp","href":"https:\/\/api.w.org\/{rel}","templated":true}]}}