{"id":193491,"date":"2026-09-01T12:17:59","date_gmt":"2026-09-01T10:17:59","guid":{"rendered":"https:\/\/president-ksgov.net\/?p=193491"},"modified":"2026-09-01T15:51:32","modified_gmt":"2026-09-01T13:51:32","slug":"v-d-predsednice-haxhiu-je-odlikovala-norveski-helsinski-komitet-predsednickom-medaljom-za-zasluge","status":"publish","type":"post","link":"https:\/\/president-ksgov.net\/sr\/v-d-predsednice-haxhiu-je-odlikovala-norveski-helsinski-komitet-predsednickom-medaljom-za-zasluge\/","title":{"rendered":"v.d. Predsednice Haxhiu je odlikovala Norve\u0161ki helsin\u0161ki komitet Predsedni\u010dkom medaljom za zasluge"},"content":{"rendered":"<p>Vr\u0161iteljka du\u017enosti predsednice Republike Kosovo Albulena Haxhiu odlikovala je Norve\u0161ki helsin\u0161ki komitet Predsedni\u010dkom medaljom za zasluge, u znak zahvalnosti za njegov dragoceni doprinos Kosovu.<\/p>\n<p>Tim povodom, v. d. predsednice Haxhiu primila je generalnu sekretarku Norve\u0161kog helsin\u0161kog komiteta Berit Nising Lindeman i zamenika generalne sekretarke Gunnara M. Ekelove-Slydala.<\/p>\n<p>\u201eU vreme kada su te\u0161ka kr\u0161enja ljudskih prava na Kosovu ostajala van pa\u017enje me\u0111unarodne javnosti, Norve\u0161ki helsin\u0161ki komitet bio je me\u0111u prvim zapadnim organizacijama koje su ih dokumentovale i predstavile me\u0111unarodnoj javnosti, doprinose\u0107i tome da Kosovo postane deo agende me\u0111unarodnih institucija i mehanizama za za\u0161titu ljudskih prava\u201c, izjavila je v. d. predsednice Haxhiu.<\/p>\n<p>Ona je tako\u0111e istakla podr\u0161ku koju je Komitet pru\u017eao doma\u0107im organizacijama za za\u0161titu ljudskih prava, kao i njegovu ulogu u preno\u0161enju pouzdanih informacija o stanju na Kosovu me\u0111unarodnim institucijama.<\/p>\n<p>\u201eKosovo ne zaboravlja one koji su mu pru\u017eili podr\u0161ku u vreme kada me\u0111unarodna podr\u0161ka nije bila ni lako dostupna niti zagarantovana. Predsedni\u010dka medalja za zasluge izraz je na\u0161e zahvalnosti za dugogodi\u0161nje i principijelno anga\u017eovanje Norve\u0161kog helsin\u0161kog komiteta na putu Kosova ka slobodi\u201c, poru\u010dila je v. d. predsednice.<\/p>\n","protected":false},"excerpt":{"rendered":"<p>Vr\u0161iteljka du\u017enosti predsednice Republike Kosovo Albulena Haxhiu odlikovala je Norve\u0161ki helsin\u0161ki komitet Predsedni\u010dkom medaljom za zasluge, u znak zahvalnosti za njegov dragoceni doprinos Kosovu. Tim povodom, v. d. predsednice Haxhiu primila je generalnu sekretarku Norve\u0161kog helsin\u0161kog komiteta Berit Nising Lindeman i zamenika generalne sekretarke Gunnara M. Ekelove-Slydala. \u201eU vreme kada su te\u0161ka kr\u0161enja ljudskih prava na Kosovu ostajala van pa\u017enje me\u0111unarodne javnosti, Norve\u0161ki helsin\u0161ki komitet bio je me\u0111u prvim zapadnim organizacijama koje su ih dokumentovale i predstavile me\u0111unarodnoj javnosti, doprinose\u0107i tome da Kosovo postane deo agende me\u0111unarodnih institucija i mehanizama za za\u0161titu ljudskih prava\u201c, izjavila je v. d. predsednice Haxhiu. Ona je tako\u0111e istakla podr\u0161ku koju je Komitet pru\u017eao doma\u0107im organizacijama za za\u0161titu ljudskih prava, kao i njegovu ulogu u preno\u0161enju pouzdanih informacija o stanju na Kosovu me\u0111unarodnim institucijama. \u201eKosovo ne zaboravlja one koji su mu pru\u017eili podr\u0161ku u vreme kada me\u0111unarodna podr\u0161ka nije bila ni lako dostupna niti zagarantovana. Predsedni\u010dka medalja za zasluge izraz je na\u0161e zahvalnosti za dugogodi\u0161nje i principijelno anga\u017eovanje Norve\u0161kog helsin\u0161kog komiteta na putu Kosova ka slobodi\u201c, poru\u010dila je v. d. predsednice.<\/p>\n","protected":false},"author":18,"featured_media":193451,"comment_status":"closed","ping_status":"closed","sticky":false,"template":"","format":"standard","meta":{"_eb_attr":"","footnotes":""},"categories":[101],"tags":[],"class_list":["post-193491","post","type-post","status-publish","format-standard","has-post-thumbnail","hentry","category-vesti"],"yoast_head":"<!-- This site is optimized with the Yoast SEO plugin v23.5 - https:\/\/yoast.com\/wordpress\/plugins\/seo\/ -->\n<title>v.d. Predsednice Haxhiu je odlikovala Norve\u0161ki helsin\u0161ki komitet Predsedni\u010dkom medaljom za zasluge - Predsednik Republike Kosovo - DR. VJOSA OSMANI - SADRIU<\/title>\n<meta name=\"description\" content=\"v.d. Predsednice Haxhiu je odlikovala Norve\u0161ki helsin\u0161ki komitet Predsedni\u010dkom medaljom za zasluge - Predsednik Republike Kosovo - DR. VJOSA OSMANI - SADRIU - Vesti\" \/>\n<meta name=\"robots\" content=\"index, follow, max-snippet:-1, max-image-preview:large, max-video-preview:-1\" \/>\n<link rel=\"canonical\" href=\"https:\/\/president-ksgov.net\/sr\/v-d-predsednice-haxhiu-je-odlikovala-norveski-helsinski-komitet-predsednickom-medaljom-za-zasluge\/\" \/>\n<meta property=\"og:locale\" content=\"sr_RS\" \/>\n<meta property=\"og:type\" content=\"article\" \/>\n<meta property=\"og:title\" content=\"v.d. Predsednice Haxhiu je odlikovala Norve\u0161ki helsin\u0161ki komitet Predsedni\u010dkom medaljom za zasluge - Predsednik Republike Kosovo - DR. VJOSA OSMANI - SADRIU\" \/>\n<meta property=\"og:description\" content=\"v.d. Predsednice Haxhiu je odlikovala Norve\u0161ki helsin\u0161ki komitet Predsedni\u010dkom medaljom za zasluge - Predsednik Republike Kosovo - DR. VJOSA OSMANI - SADRIU - Vesti\" \/>\n<meta property=\"og:url\" content=\"https:\/\/president-ksgov.net\/sr\/v-d-predsednice-haxhiu-je-odlikovala-norveski-helsinski-komitet-predsednickom-medaljom-za-zasluge\/\" \/>\n<meta property=\"og:site_name\" content=\"Predsednik Republike Kosovo - DR. VJOSA OSMANI - SADRIU\" \/>\n<meta property=\"article:published_time\" content=\"2026-09-01T10:17:59+00:00\" \/>\n<meta property=\"article:modified_time\" content=\"2026-09-01T13:51:32+00:00\" \/>\n<meta property=\"og:image\" content=\"https:\/\/president-ksgov.net\/wp-content\/uploads\/U.D.-Presidentja-Haxhiu-dekoroi-Komitetin-Norvegjez-te-Helsinkit-me-Medaljen-Presidenciale-te-Meritave-1.jpg\" \/>\n\t<meta property=\"og:image:width\" content=\"2048\" \/>\n\t<meta property=\"og:image:height\" content=\"1364\" \/>\n\t<meta property=\"og:image:type\" content=\"image\/jpeg\" \/>\n<meta name=\"author\" content=\"Aulon Maliqi\" \/>\n<meta name=\"twitter:card\" content=\"summary_large_image\" \/>\n<meta name=\"twitter:label1\" content=\"\u041d\u0430\u043f\u0438\u0441\u0430\u043d\u043e \u043e\u0434\" \/>\n\t<meta name=\"twitter:data1\" content=\"Aulon Maliqi\" \/>\n\t<meta name=\"twitter:label2\" content=\"\u041f\u0440\u043e\u0446\u0435\u045a\u0435\u043d\u043e \u0432\u0440\u0435\u043c\u0435 \u0447\u0438\u0442\u0430\u045a\u0430\" \/>\n\t<meta name=\"twitter:data2\" content=\"1 \u043c\u0438\u043d\u0443\u0442\" \/>\n<script type=\"application\/ld+json\" class=\"yoast-schema-graph\">{\"@context\":\"https:\/\/schema.org\",\"@graph\":[{\"@type\":\"WebPage\",\"@id\":\"https:\/\/president-ksgov.net\/sr\/v-d-predsednice-haxhiu-je-odlikovala-norveski-helsinski-komitet-predsednickom-medaljom-za-zasluge\/\",\"url\":\"https:\/\/president-ksgov.net\/sr\/v-d-predsednice-haxhiu-je-odlikovala-norveski-helsinski-komitet-predsednickom-medaljom-za-zasluge\/\",\"name\":\"v.d. Predsednice Haxhiu je odlikovala Norve\u0161ki helsin\u0161ki komitet Predsedni\u010dkom medaljom za zasluge - Predsednik Republike Kosovo - DR. VJOSA OSMANI - SADRIU\",\"isPartOf\":{\"@id\":\"https:\/\/president-ksgov.net\/#website\"},\"primaryImageOfPage\":{\"@id\":\"https:\/\/president-ksgov.net\/sr\/v-d-predsednice-haxhiu-je-odlikovala-norveski-helsinski-komitet-predsednickom-medaljom-za-zasluge\/#primaryimage\"},\"image\":{\"@id\":\"https:\/\/president-ksgov.net\/sr\/v-d-predsednice-haxhiu-je-odlikovala-norveski-helsinski-komitet-predsednickom-medaljom-za-zasluge\/#primaryimage\"},\"thumbnailUrl\":\"https:\/\/president-ksgov.net\/wp-content\/uploads\/U.D.-Presidentja-Haxhiu-dekoroi-Komitetin-Norvegjez-te-Helsinkit-me-Medaljen-Presidenciale-te-Meritave-1.jpg\",\"datePublished\":\"2026-09-01T10:17:59+00:00\",\"dateModified\":\"2026-09-01T13:51:32+00:00\",\"author\":{\"@id\":\"https:\/\/president-ksgov.net\/#\/schema\/person\/639043365d5873f4c00b9dd2f548fe32\"},\"description\":\"v.d. Predsednice Haxhiu je odlikovala Norve\u0161ki helsin\u0161ki komitet Predsedni\u010dkom medaljom za zasluge - Predsednik Republike Kosovo - DR. VJOSA OSMANI - SADRIU - Vesti\",\"breadcrumb\":{\"@id\":\"https:\/\/president-ksgov.net\/sr\/v-d-predsednice-haxhiu-je-odlikovala-norveski-helsinski-komitet-predsednickom-medaljom-za-zasluge\/#breadcrumb\"},\"inLanguage\":\"sr-RS\",\"potentialAction\":[{\"@type\":\"ReadAction\",\"target\":[\"https:\/\/president-ksgov.net\/sr\/v-d-predsednice-haxhiu-je-odlikovala-norveski-helsinski-komitet-predsednickom-medaljom-za-zasluge\/\"]}]},{\"@type\":\"ImageObject\",\"inLanguage\":\"sr-RS\",\"@id\":\"https:\/\/president-ksgov.net\/sr\/v-d-predsednice-haxhiu-je-odlikovala-norveski-helsinski-komitet-predsednickom-medaljom-za-zasluge\/#primaryimage\",\"url\":\"https:\/\/president-ksgov.net\/wp-content\/uploads\/U.D.-Presidentja-Haxhiu-dekoroi-Komitetin-Norvegjez-te-Helsinkit-me-Medaljen-Presidenciale-te-Meritave-1.jpg\",\"contentUrl\":\"https:\/\/president-ksgov.net\/wp-content\/uploads\/U.D.-Presidentja-Haxhiu-dekoroi-Komitetin-Norvegjez-te-Helsinkit-me-Medaljen-Presidenciale-te-Meritave-1.jpg\",\"width\":2048,\"height\":1364},{\"@type\":\"BreadcrumbList\",\"@id\":\"https:\/\/president-ksgov.net\/sr\/v-d-predsednice-haxhiu-je-odlikovala-norveski-helsinski-komitet-predsednickom-medaljom-za-zasluge\/#breadcrumb\",\"itemListElement\":[{\"@type\":\"ListItem\",\"position\":1,\"name\":\"Home\",\"item\":\"https:\/\/president-ksgov.net\/\"},{\"@type\":\"ListItem\",\"position\":2,\"name\":\"v.d. Predsednice Haxhiu je odlikovala Norve\u0161ki helsin\u0161ki komitet Predsedni\u010dkom medaljom za zasluge\"}]},{\"@type\":\"WebSite\",\"@id\":\"https:\/\/president-ksgov.net\/#website\",\"url\":\"https:\/\/president-ksgov.net\/\",\"name\":\"Presidente e Republik\u00ebs s\u00eb Kosov\u00ebs\",\"description\":\"Presidente e Republik\u00ebs s\u00eb Kosov\u00ebs\",\"alternateName\":\"DR. VJOSA OSMANI - SADRIU\",\"potentialAction\":[{\"@type\":\"SearchAction\",\"target\":{\"@type\":\"EntryPoint\",\"urlTemplate\":\"https:\/\/president-ksgov.net\/?s={search_term_string}\"},\"query-input\":{\"@type\":\"PropertyValueSpecification\",\"valueRequired\":true,\"valueName\":\"search_term_string\"}}],\"inLanguage\":\"sr-RS\"},{\"@type\":\"Person\",\"@id\":\"https:\/\/president-ksgov.net\/#\/schema\/person\/639043365d5873f4c00b9dd2f548fe32\",\"name\":\"Aulon Maliqi\",\"image\":{\"@type\":\"ImageObject\",\"inLanguage\":\"sr-RS\",\"@id\":\"https:\/\/president-ksgov.net\/#\/schema\/person\/image\/\",\"url\":\"https:\/\/secure.gravatar.com\/avatar\/25825420648e802b44e5fd098636053cf34adea3bcdf93520be287f818c2ce8b?s=96&d=mm&r=g\",\"contentUrl\":\"https:\/\/secure.gravatar.com\/avatar\/25825420648e802b44e5fd098636053cf34adea3bcdf93520be287f818c2ce8b?s=96&d=mm&r=g\",\"caption\":\"Aulon Maliqi\"}}]}<\/script>\n<!-- \/ Yoast SEO plugin. -->","yoast_head_json":{"title":"v.d. Predsednice Haxhiu je odlikovala Norve\u0161ki helsin\u0161ki komitet Predsedni\u010dkom medaljom za zasluge - Predsednik Republike Kosovo - DR. VJOSA OSMANI - SADRIU","description":"v.d. Predsednice Haxhiu je odlikovala Norve\u0161ki helsin\u0161ki komitet Predsedni\u010dkom medaljom za zasluge - Predsednik Republike Kosovo - DR. VJOSA OSMANI - SADRIU - Vesti","robots":{"index":"index","follow":"follow","max-snippet":"max-snippet:-1","max-image-preview":"max-image-preview:large","max-video-preview":"max-video-preview:-1"},"canonical":"https:\/\/president-ksgov.net\/sr\/v-d-predsednice-haxhiu-je-odlikovala-norveski-helsinski-komitet-predsednickom-medaljom-za-zasluge\/","og_locale":"sr_RS","og_type":"article","og_title":"v.d. Predsednice Haxhiu je odlikovala Norve\u0161ki helsin\u0161ki komitet Predsedni\u010dkom medaljom za zasluge - Predsednik Republike Kosovo - DR. VJOSA OSMANI - SADRIU","og_description":"v.d. Predsednice Haxhiu je odlikovala Norve\u0161ki helsin\u0161ki komitet Predsedni\u010dkom medaljom za zasluge - Predsednik Republike Kosovo - DR. VJOSA OSMANI - SADRIU - Vesti","og_url":"https:\/\/president-ksgov.net\/sr\/v-d-predsednice-haxhiu-je-odlikovala-norveski-helsinski-komitet-predsednickom-medaljom-za-zasluge\/","og_site_name":"Predsednik Republike Kosovo - DR. VJOSA OSMANI - SADRIU","article_published_time":"2026-09-01T10:17:59+00:00","article_modified_time":"2026-09-01T13:51:32+00:00","og_image":[{"width":2048,"height":1364,"url":"https:\/\/president-ksgov.net\/wp-content\/uploads\/U.D.-Presidentja-Haxhiu-dekoroi-Komitetin-Norvegjez-te-Helsinkit-me-Medaljen-Presidenciale-te-Meritave-1.jpg","type":"image\/jpeg"}],"author":"Aulon Maliqi","twitter_card":"summary_large_image","twitter_misc":{"\u041d\u0430\u043f\u0438\u0441\u0430\u043d\u043e \u043e\u0434":"Aulon Maliqi","\u041f\u0440\u043e\u0446\u0435\u045a\u0435\u043d\u043e \u0432\u0440\u0435\u043c\u0435 \u0447\u0438\u0442\u0430\u045a\u0430":"1 \u043c\u0438\u043d\u0443\u0442"},"schema":{"@context":"https:\/\/schema.org","@graph":[{"@type":"WebPage","@id":"https:\/\/president-ksgov.net\/sr\/v-d-predsednice-haxhiu-je-odlikovala-norveski-helsinski-komitet-predsednickom-medaljom-za-zasluge\/","url":"https:\/\/president-ksgov.net\/sr\/v-d-predsednice-haxhiu-je-odlikovala-norveski-helsinski-komitet-predsednickom-medaljom-za-zasluge\/","name":"v.d. Predsednice Haxhiu je odlikovala Norve\u0161ki helsin\u0161ki komitet Predsedni\u010dkom medaljom za zasluge - Predsednik Republike Kosovo - DR. VJOSA OSMANI - SADRIU","isPartOf":{"@id":"https:\/\/president-ksgov.net\/#website"},"primaryImageOfPage":{"@id":"https:\/\/president-ksgov.net\/sr\/v-d-predsednice-haxhiu-je-odlikovala-norveski-helsinski-komitet-predsednickom-medaljom-za-zasluge\/#primaryimage"},"image":{"@id":"https:\/\/president-ksgov.net\/sr\/v-d-predsednice-haxhiu-je-odlikovala-norveski-helsinski-komitet-predsednickom-medaljom-za-zasluge\/#primaryimage"},"thumbnailUrl":"https:\/\/president-ksgov.net\/wp-content\/uploads\/U.D.-Presidentja-Haxhiu-dekoroi-Komitetin-Norvegjez-te-Helsinkit-me-Medaljen-Presidenciale-te-Meritave-1.jpg","datePublished":"2026-09-01T10:17:59+00:00","dateModified":"2026-09-01T13:51:32+00:00","author":{"@id":"https:\/\/president-ksgov.net\/#\/schema\/person\/639043365d5873f4c00b9dd2f548fe32"},"description":"v.d. Predsednice Haxhiu je odlikovala Norve\u0161ki helsin\u0161ki komitet Predsedni\u010dkom medaljom za zasluge - Predsednik Republike Kosovo - DR. VJOSA OSMANI - SADRIU - Vesti","breadcrumb":{"@id":"https:\/\/president-ksgov.net\/sr\/v-d-predsednice-haxhiu-je-odlikovala-norveski-helsinski-komitet-predsednickom-medaljom-za-zasluge\/#breadcrumb"},"inLanguage":"sr-RS","potentialAction":[{"@type":"ReadAction","target":["https:\/\/president-ksgov.net\/sr\/v-d-predsednice-haxhiu-je-odlikovala-norveski-helsinski-komitet-predsednickom-medaljom-za-zasluge\/"]}]},{"@type":"ImageObject","inLanguage":"sr-RS","@id":"https:\/\/president-ksgov.net\/sr\/v-d-predsednice-haxhiu-je-odlikovala-norveski-helsinski-komitet-predsednickom-medaljom-za-zasluge\/#primaryimage","url":"https:\/\/president-ksgov.net\/wp-content\/uploads\/U.D.-Presidentja-Haxhiu-dekoroi-Komitetin-Norvegjez-te-Helsinkit-me-Medaljen-Presidenciale-te-Meritave-1.jpg","contentUrl":"https:\/\/president-ksgov.net\/wp-content\/uploads\/U.D.-Presidentja-Haxhiu-dekoroi-Komitetin-Norvegjez-te-Helsinkit-me-Medaljen-Presidenciale-te-Meritave-1.jpg","width":2048,"height":1364},{"@type":"BreadcrumbList","@id":"https:\/\/president-ksgov.net\/sr\/v-d-predsednice-haxhiu-je-odlikovala-norveski-helsinski-komitet-predsednickom-medaljom-za-zasluge\/#breadcrumb","itemListElement":[{"@type":"ListItem","position":1,"name":"Home","item":"https:\/\/president-ksgov.net\/"},{"@type":"ListItem","position":2,"name":"v.d. Predsednice Haxhiu je odlikovala Norve\u0161ki helsin\u0161ki komitet Predsedni\u010dkom medaljom za zasluge"}]},{"@type":"WebSite","@id":"https:\/\/president-ksgov.net\/#website","url":"https:\/\/president-ksgov.net\/","name":"Presidente e Republik\u00ebs s\u00eb Kosov\u00ebs","description":"Presidente e Republik\u00ebs s\u00eb Kosov\u00ebs","alternateName":"DR. VJOSA OSMANI - SADRIU","potentialAction":[{"@type":"SearchAction","target":{"@type":"EntryPoint","urlTemplate":"https:\/\/president-ksgov.net\/?s={search_term_string}"},"query-input":{"@type":"PropertyValueSpecification","valueRequired":true,"valueName":"search_term_string"}}],"inLanguage":"sr-RS"},{"@type":"Person","@id":"https:\/\/president-ksgov.net\/#\/schema\/person\/639043365d5873f4c00b9dd2f548fe32","name":"Aulon Maliqi","image":{"@type":"ImageObject","inLanguage":"sr-RS","@id":"https:\/\/president-ksgov.net\/#\/schema\/person\/image\/","url":"https:\/\/secure.gravatar.com\/avatar\/25825420648e802b44e5fd098636053cf34adea3bcdf93520be287f818c2ce8b?s=96&d=mm&r=g","contentUrl":"https:\/\/secure.gravatar.com\/avatar\/25825420648e802b44e5fd098636053cf34adea3bcdf93520be287f818c2ce8b?s=96&d=mm&r=g","caption":"Aulon Maliqi"}}]}},"_links":{"self":[{"href":"https:\/\/president-ksgov.net\/sr\/wp-json\/wp\/v2\/posts\/193491","targetHints":{"allow":["GET"]}}],"collection":[{"href":"https:\/\/president-ksgov.net\/sr\/wp-json\/wp\/v2\/posts"}],"about":[{"href":"https:\/\/president-ksgov.net\/sr\/wp-json\/wp\/v2\/types\/post"}],"author":[{"embeddable":true,"href":"https:\/\/president-ksgov.net\/sr\/wp-json\/wp\/v2\/users\/18"}],"replies":[{"embeddable":true,"href":"https:\/\/president-ksgov.net\/sr\/wp-json\/wp\/v2\/comments?post=193491"}],"version-history":[{"count":1,"href":"https:\/\/president-ksgov.net\/sr\/wp-json\/wp\/v2\/posts\/193491\/revisions"}],"predecessor-version":[{"id":193492,"href":"https:\/\/president-ksgov.net\/sr\/wp-json\/wp\/v2\/posts\/193491\/revisions\/193492"}],"wp:featuredmedia":[{"embeddable":true,"href":"https:\/\/president-ksgov.net\/sr\/wp-json\/wp\/v2\/media\/193451"}],"wp:attachment":[{"href":"https:\/\/president-ksgov.net\/sr\/wp-json\/wp\/v2\/media?parent=193491"}],"wp:term":[{"taxonomy":"category","embeddable":true,"href":"https:\/\/president-ksgov.net\/sr\/wp-json\/wp\/v2\/categories?post=193491"},{"taxonomy":"post_tag","embeddable":true,"href":"https:\/\/president-ksgov.net\/sr\/wp-json\/wp\/v2\/tags?post=193491"}],"curies":[{"name":"wp","href":"https:\/\/api.w.org\/{rel}","templated":true}]}}