{"id":187796,"date":"2026-04-30T17:20:13","date_gmt":"2026-04-30T15:20:13","guid":{"rendered":"https:\/\/president-ksgov.net\/?p=187796"},"modified":"2026-04-30T19:02:17","modified_gmt":"2026-04-30T17:02:17","slug":"v-d-predsednice-haxhiu-prevremeni-izbori-za-skupstinu-republike-kosovo-odrzace-se-7-juna","status":"publish","type":"post","link":"https:\/\/president-ksgov.net\/sr\/v-d-predsednice-haxhiu-prevremeni-izbori-za-skupstinu-republike-kosovo-odrzace-se-7-juna\/","title":{"rendered":"V.d. predsednice Haxhiu: Prevremeni izbori za Skup\u0161tinu Republike Kosovo odr\u017ea\u0107e se 7. juna"},"content":{"rendered":"<p>Vr\u0161ilac du\u017enosti predsednice Republike Kosovo, Albulena Haxhiu, izjavila je da se, nakon neuspeha Skup\u0161tine da izabere predsednika, kao i na osnovu presude Ustavnog suda, Skup\u0161tina smatra raspu\u0161tenom i da izbori moraju biti odr\u017eani u roku od 45 dana.<\/p>\n<p>U skladu sa ustavnim obavezama, v.d. predsednice Haxhiu ju\u010de je na sastanku do\u010dekala predsednika Centralne izborne komisije, gospodina Kreshnika Radoniqija, sa kojim je razgovarala o organizacionim aspektima izbornog procesa.<\/p>\n<p>Dok se danas, na osnovu Zakona o op\u0161tim izborima, sastala sa liderima i predstavnicima politi\u010dkih subjekata.<\/p>\n<p>Na ovom sastanku je saslu\u0161ala predloge politi\u010dkih stranaka za datum izbora.<\/p>\n<p>\u201eNakon procene ustavnih rokova, organizacionih potreba Centralne izborne komisije i va\u017enosti \u0161to \u0161ireg u\u010de\u0161\u0107a gra\u0111ana u procesu, odlu\u010dila sam da \u0107e se prevremeni izbori za Skup\u0161tinu Republike Kosovo odr\u017eati 7. juna\u201c, rekla je v.d. predsednice Haxhiu na konferenciji za novinare.<\/p>\n<p>Dalje je rekla da je Kosovo dokazalo da zna kako da organizuje slobodne, demokratske i kredibilne izborne procese, \u0161to potvr\u0111uju i me\u0111unarodni posmatra\u010di.<\/p>\n<p>V.d. predsednice Haxhiu po\u017eelela je osoblju Centralne izborne komisije sretan rad i gvozdenu volju da za\u0161tite volju gra\u0111ana.<\/p>\n<p>\u201eKao \u0161to sam uverena da \u0107e i ovog puta gra\u0111ani iskazati svoju re\u010d dostojanstveno, smireno i sa demokratskom zrelo\u0161\u0107u. \u017delim politi\u010dkim subjektima uspeh u kampanji, a gra\u0111anima da ostvare svoje pravo da glasaju slobodno i bez pritiska\u201c, rekla je v.d. predsednice Haxhiu.<\/p>\n<p>Na kraju nam je v.d. predsednice Haxhiu po\u017eelela fer i odgovornu kampanju u skladu sa demokratskim standardima, kao \u0161to je Kosovo dokazalo u pro\u0161lim izbornim procesima.<\/p>\n","protected":false},"excerpt":{"rendered":"<p>Vr\u0161ilac du\u017enosti predsednice Republike Kosovo, Albulena Haxhiu, izjavila je da se, nakon neuspeha Skup\u0161tine da izabere predsednika, kao i na osnovu presude Ustavnog suda, Skup\u0161tina smatra raspu\u0161tenom i da izbori moraju biti odr\u017eani u roku od 45 dana. U skladu sa ustavnim obavezama, v.d. predsednice Haxhiu ju\u010de je na sastanku do\u010dekala predsednika Centralne izborne komisije, gospodina Kreshnika Radoniqija, sa kojim je razgovarala o organizacionim aspektima izbornog procesa. Dok se danas, na osnovu Zakona o op\u0161tim izborima, sastala sa liderima i predstavnicima politi\u010dkih subjekata. Na ovom sastanku je saslu\u0161ala predloge politi\u010dkih stranaka za datum izbora. \u201eNakon procene ustavnih rokova, organizacionih potreba Centralne izborne komisije i va\u017enosti \u0161to \u0161ireg u\u010de\u0161\u0107a gra\u0111ana u procesu, odlu\u010dila sam da \u0107e se prevremeni izbori za Skup\u0161tinu Republike Kosovo odr\u017eati 7. juna\u201c, rekla je v.d. predsednice Haxhiu na konferenciji za novinare. Dalje je rekla da je Kosovo dokazalo da zna kako da organizuje slobodne, demokratske i kredibilne izborne procese, \u0161to potvr\u0111uju i me\u0111unarodni posmatra\u010di. V.d. predsednice Haxhiu po\u017eelela je osoblju Centralne izborne komisije sretan rad i gvozdenu volju da za\u0161tite volju gra\u0111ana. \u201eKao \u0161to sam uverena da \u0107e i ovog puta gra\u0111ani iskazati svoju re\u010d dostojanstveno, smireno i sa demokratskom zrelo\u0161\u0107u. \u017delim politi\u010dkim subjektima uspeh u kampanji, a gra\u0111anima da ostvare svoje pravo da glasaju slobodno i bez pritiska\u201c, rekla je v.d. predsednice Haxhiu. Na kraju nam je v.d. predsednice Haxhiu po\u017eelela fer i odgovornu kampanju u skladu sa demokratskim standardima, kao \u0161to je Kosovo dokazalo u pro\u0161lim izbornim procesima.<\/p>\n","protected":false},"author":18,"featured_media":187783,"comment_status":"closed","ping_status":"closed","sticky":false,"template":"","format":"standard","meta":{"_eb_attr":"","footnotes":""},"categories":[101],"tags":[],"class_list":["post-187796","post","type-post","status-publish","format-standard","has-post-thumbnail","hentry","category-vesti"],"yoast_head":"<!-- This site is optimized with the Yoast SEO plugin v23.5 - https:\/\/yoast.com\/wordpress\/plugins\/seo\/ -->\n<title>V.d. predsednice Haxhiu: Prevremeni izbori za Skup\u0161tinu Republike Kosovo odr\u017ea\u0107e se 7. juna - Predsednik Republike Kosovo - DR. VJOSA OSMANI - SADRIU<\/title>\n<meta name=\"description\" content=\"V.d. predsednice Haxhiu: Prevremeni izbori za Skup\u0161tinu Republike Kosovo odr\u017ea\u0107e se 7. juna - Predsednik Republike Kosovo - DR. VJOSA OSMANI - SADRIU - Vesti\" \/>\n<meta name=\"robots\" content=\"index, follow, max-snippet:-1, max-image-preview:large, max-video-preview:-1\" \/>\n<link rel=\"canonical\" href=\"https:\/\/president-ksgov.net\/sr\/v-d-predsednice-haxhiu-prevremeni-izbori-za-skupstinu-republike-kosovo-odrzace-se-7-juna\/\" \/>\n<meta property=\"og:locale\" content=\"sr_RS\" \/>\n<meta property=\"og:type\" content=\"article\" \/>\n<meta property=\"og:title\" content=\"V.d. predsednice Haxhiu: Prevremeni izbori za Skup\u0161tinu Republike Kosovo odr\u017ea\u0107e se 7. juna - Predsednik Republike Kosovo - DR. VJOSA OSMANI - SADRIU\" \/>\n<meta property=\"og:description\" content=\"V.d. predsednice Haxhiu: Prevremeni izbori za Skup\u0161tinu Republike Kosovo odr\u017ea\u0107e se 7. juna - Predsednik Republike Kosovo - DR. VJOSA OSMANI - SADRIU - Vesti\" \/>\n<meta property=\"og:url\" content=\"https:\/\/president-ksgov.net\/sr\/v-d-predsednice-haxhiu-prevremeni-izbori-za-skupstinu-republike-kosovo-odrzace-se-7-juna\/\" \/>\n<meta property=\"og:site_name\" content=\"Predsednik Republike Kosovo - DR. VJOSA OSMANI - SADRIU\" \/>\n<meta property=\"article:published_time\" content=\"2026-04-30T15:20:13+00:00\" \/>\n<meta property=\"article:modified_time\" content=\"2026-04-30T17:02:17+00:00\" \/>\n<meta property=\"og:image\" content=\"https:\/\/president-ksgov.net\/wp-content\/uploads\/IMG_8443.jpeg\" \/>\n\t<meta property=\"og:image:width\" content=\"1600\" \/>\n\t<meta property=\"og:image:height\" content=\"1066\" \/>\n\t<meta property=\"og:image:type\" content=\"image\/jpeg\" \/>\n<meta name=\"author\" content=\"Aulon Maliqi\" \/>\n<meta name=\"twitter:card\" content=\"summary_large_image\" \/>\n<meta name=\"twitter:label1\" content=\"\u041d\u0430\u043f\u0438\u0441\u0430\u043d\u043e \u043e\u0434\" \/>\n\t<meta name=\"twitter:data1\" content=\"Aulon Maliqi\" \/>\n\t<meta name=\"twitter:label2\" content=\"\u041f\u0440\u043e\u0446\u0435\u045a\u0435\u043d\u043e \u0432\u0440\u0435\u043c\u0435 \u0447\u0438\u0442\u0430\u045a\u0430\" \/>\n\t<meta name=\"twitter:data2\" content=\"2 \u043c\u0438\u043d\u0443\u0442\u0430\" \/>\n<script type=\"application\/ld+json\" class=\"yoast-schema-graph\">{\"@context\":\"https:\/\/schema.org\",\"@graph\":[{\"@type\":\"WebPage\",\"@id\":\"https:\/\/president-ksgov.net\/sr\/v-d-predsednice-haxhiu-prevremeni-izbori-za-skupstinu-republike-kosovo-odrzace-se-7-juna\/\",\"url\":\"https:\/\/president-ksgov.net\/sr\/v-d-predsednice-haxhiu-prevremeni-izbori-za-skupstinu-republike-kosovo-odrzace-se-7-juna\/\",\"name\":\"V.d. predsednice Haxhiu: Prevremeni izbori za Skup\u0161tinu Republike Kosovo odr\u017ea\u0107e se 7. juna - Predsednik Republike Kosovo - DR. VJOSA OSMANI - SADRIU\",\"isPartOf\":{\"@id\":\"https:\/\/president-ksgov.net\/#website\"},\"primaryImageOfPage\":{\"@id\":\"https:\/\/president-ksgov.net\/sr\/v-d-predsednice-haxhiu-prevremeni-izbori-za-skupstinu-republike-kosovo-odrzace-se-7-juna\/#primaryimage\"},\"image\":{\"@id\":\"https:\/\/president-ksgov.net\/sr\/v-d-predsednice-haxhiu-prevremeni-izbori-za-skupstinu-republike-kosovo-odrzace-se-7-juna\/#primaryimage\"},\"thumbnailUrl\":\"https:\/\/president-ksgov.net\/wp-content\/uploads\/IMG_8443.jpeg\",\"datePublished\":\"2026-04-30T15:20:13+00:00\",\"dateModified\":\"2026-04-30T17:02:17+00:00\",\"author\":{\"@id\":\"https:\/\/president-ksgov.net\/#\/schema\/person\/639043365d5873f4c00b9dd2f548fe32\"},\"description\":\"V.d. predsednice Haxhiu: Prevremeni izbori za Skup\u0161tinu Republike Kosovo odr\u017ea\u0107e se 7. juna - Predsednik Republike Kosovo - DR. VJOSA OSMANI - SADRIU - Vesti\",\"breadcrumb\":{\"@id\":\"https:\/\/president-ksgov.net\/sr\/v-d-predsednice-haxhiu-prevremeni-izbori-za-skupstinu-republike-kosovo-odrzace-se-7-juna\/#breadcrumb\"},\"inLanguage\":\"sr-RS\",\"potentialAction\":[{\"@type\":\"ReadAction\",\"target\":[\"https:\/\/president-ksgov.net\/sr\/v-d-predsednice-haxhiu-prevremeni-izbori-za-skupstinu-republike-kosovo-odrzace-se-7-juna\/\"]}]},{\"@type\":\"ImageObject\",\"inLanguage\":\"sr-RS\",\"@id\":\"https:\/\/president-ksgov.net\/sr\/v-d-predsednice-haxhiu-prevremeni-izbori-za-skupstinu-republike-kosovo-odrzace-se-7-juna\/#primaryimage\",\"url\":\"https:\/\/president-ksgov.net\/wp-content\/uploads\/IMG_8443.jpeg\",\"contentUrl\":\"https:\/\/president-ksgov.net\/wp-content\/uploads\/IMG_8443.jpeg\",\"width\":1600,\"height\":1066},{\"@type\":\"BreadcrumbList\",\"@id\":\"https:\/\/president-ksgov.net\/sr\/v-d-predsednice-haxhiu-prevremeni-izbori-za-skupstinu-republike-kosovo-odrzace-se-7-juna\/#breadcrumb\",\"itemListElement\":[{\"@type\":\"ListItem\",\"position\":1,\"name\":\"Home\",\"item\":\"https:\/\/president-ksgov.net\/sr\/\"},{\"@type\":\"ListItem\",\"position\":2,\"name\":\"V.d. predsednice Haxhiu: Prevremeni izbori za Skup\u0161tinu Republike Kosovo odr\u017ea\u0107e se 7. juna\"}]},{\"@type\":\"WebSite\",\"@id\":\"https:\/\/president-ksgov.net\/#website\",\"url\":\"https:\/\/president-ksgov.net\/\",\"name\":\"Presidente e Republik\u00ebs s\u00eb Kosov\u00ebs\",\"description\":\"Presidente e Republik\u00ebs s\u00eb Kosov\u00ebs\",\"alternateName\":\"DR. VJOSA OSMANI - SADRIU\",\"potentialAction\":[{\"@type\":\"SearchAction\",\"target\":{\"@type\":\"EntryPoint\",\"urlTemplate\":\"https:\/\/president-ksgov.net\/?s={search_term_string}\"},\"query-input\":{\"@type\":\"PropertyValueSpecification\",\"valueRequired\":true,\"valueName\":\"search_term_string\"}}],\"inLanguage\":\"sr-RS\"},{\"@type\":\"Person\",\"@id\":\"https:\/\/president-ksgov.net\/#\/schema\/person\/639043365d5873f4c00b9dd2f548fe32\",\"name\":\"Aulon Maliqi\",\"image\":{\"@type\":\"ImageObject\",\"inLanguage\":\"sr-RS\",\"@id\":\"https:\/\/president-ksgov.net\/#\/schema\/person\/image\/\",\"url\":\"https:\/\/secure.gravatar.com\/avatar\/25825420648e802b44e5fd098636053cf34adea3bcdf93520be287f818c2ce8b?s=96&d=mm&r=g\",\"contentUrl\":\"https:\/\/secure.gravatar.com\/avatar\/25825420648e802b44e5fd098636053cf34adea3bcdf93520be287f818c2ce8b?s=96&d=mm&r=g\",\"caption\":\"Aulon Maliqi\"}}]}<\/script>\n<!-- \/ Yoast SEO plugin. -->","yoast_head_json":{"title":"V.d. predsednice Haxhiu: Prevremeni izbori za Skup\u0161tinu Republike Kosovo odr\u017ea\u0107e se 7. juna - Predsednik Republike Kosovo - DR. VJOSA OSMANI - SADRIU","description":"V.d. predsednice Haxhiu: Prevremeni izbori za Skup\u0161tinu Republike Kosovo odr\u017ea\u0107e se 7. juna - Predsednik Republike Kosovo - DR. VJOSA OSMANI - SADRIU - Vesti","robots":{"index":"index","follow":"follow","max-snippet":"max-snippet:-1","max-image-preview":"max-image-preview:large","max-video-preview":"max-video-preview:-1"},"canonical":"https:\/\/president-ksgov.net\/sr\/v-d-predsednice-haxhiu-prevremeni-izbori-za-skupstinu-republike-kosovo-odrzace-se-7-juna\/","og_locale":"sr_RS","og_type":"article","og_title":"V.d. predsednice Haxhiu: Prevremeni izbori za Skup\u0161tinu Republike Kosovo odr\u017ea\u0107e se 7. juna - Predsednik Republike Kosovo - DR. VJOSA OSMANI - SADRIU","og_description":"V.d. predsednice Haxhiu: Prevremeni izbori za Skup\u0161tinu Republike Kosovo odr\u017ea\u0107e se 7. juna - Predsednik Republike Kosovo - DR. VJOSA OSMANI - SADRIU - Vesti","og_url":"https:\/\/president-ksgov.net\/sr\/v-d-predsednice-haxhiu-prevremeni-izbori-za-skupstinu-republike-kosovo-odrzace-se-7-juna\/","og_site_name":"Predsednik Republike Kosovo - DR. VJOSA OSMANI - SADRIU","article_published_time":"2026-04-30T15:20:13+00:00","article_modified_time":"2026-04-30T17:02:17+00:00","og_image":[{"width":1600,"height":1066,"url":"https:\/\/president-ksgov.net\/wp-content\/uploads\/IMG_8443.jpeg","type":"image\/jpeg"}],"author":"Aulon Maliqi","twitter_card":"summary_large_image","twitter_misc":{"\u041d\u0430\u043f\u0438\u0441\u0430\u043d\u043e \u043e\u0434":"Aulon Maliqi","\u041f\u0440\u043e\u0446\u0435\u045a\u0435\u043d\u043e \u0432\u0440\u0435\u043c\u0435 \u0447\u0438\u0442\u0430\u045a\u0430":"2 \u043c\u0438\u043d\u0443\u0442\u0430"},"schema":{"@context":"https:\/\/schema.org","@graph":[{"@type":"WebPage","@id":"https:\/\/president-ksgov.net\/sr\/v-d-predsednice-haxhiu-prevremeni-izbori-za-skupstinu-republike-kosovo-odrzace-se-7-juna\/","url":"https:\/\/president-ksgov.net\/sr\/v-d-predsednice-haxhiu-prevremeni-izbori-za-skupstinu-republike-kosovo-odrzace-se-7-juna\/","name":"V.d. predsednice Haxhiu: Prevremeni izbori za Skup\u0161tinu Republike Kosovo odr\u017ea\u0107e se 7. juna - Predsednik Republike Kosovo - DR. VJOSA OSMANI - SADRIU","isPartOf":{"@id":"https:\/\/president-ksgov.net\/#website"},"primaryImageOfPage":{"@id":"https:\/\/president-ksgov.net\/sr\/v-d-predsednice-haxhiu-prevremeni-izbori-za-skupstinu-republike-kosovo-odrzace-se-7-juna\/#primaryimage"},"image":{"@id":"https:\/\/president-ksgov.net\/sr\/v-d-predsednice-haxhiu-prevremeni-izbori-za-skupstinu-republike-kosovo-odrzace-se-7-juna\/#primaryimage"},"thumbnailUrl":"https:\/\/president-ksgov.net\/wp-content\/uploads\/IMG_8443.jpeg","datePublished":"2026-04-30T15:20:13+00:00","dateModified":"2026-04-30T17:02:17+00:00","author":{"@id":"https:\/\/president-ksgov.net\/#\/schema\/person\/639043365d5873f4c00b9dd2f548fe32"},"description":"V.d. predsednice Haxhiu: Prevremeni izbori za Skup\u0161tinu Republike Kosovo odr\u017ea\u0107e se 7. juna - Predsednik Republike Kosovo - DR. VJOSA OSMANI - SADRIU - Vesti","breadcrumb":{"@id":"https:\/\/president-ksgov.net\/sr\/v-d-predsednice-haxhiu-prevremeni-izbori-za-skupstinu-republike-kosovo-odrzace-se-7-juna\/#breadcrumb"},"inLanguage":"sr-RS","potentialAction":[{"@type":"ReadAction","target":["https:\/\/president-ksgov.net\/sr\/v-d-predsednice-haxhiu-prevremeni-izbori-za-skupstinu-republike-kosovo-odrzace-se-7-juna\/"]}]},{"@type":"ImageObject","inLanguage":"sr-RS","@id":"https:\/\/president-ksgov.net\/sr\/v-d-predsednice-haxhiu-prevremeni-izbori-za-skupstinu-republike-kosovo-odrzace-se-7-juna\/#primaryimage","url":"https:\/\/president-ksgov.net\/wp-content\/uploads\/IMG_8443.jpeg","contentUrl":"https:\/\/president-ksgov.net\/wp-content\/uploads\/IMG_8443.jpeg","width":1600,"height":1066},{"@type":"BreadcrumbList","@id":"https:\/\/president-ksgov.net\/sr\/v-d-predsednice-haxhiu-prevremeni-izbori-za-skupstinu-republike-kosovo-odrzace-se-7-juna\/#breadcrumb","itemListElement":[{"@type":"ListItem","position":1,"name":"Home","item":"https:\/\/president-ksgov.net\/sr\/"},{"@type":"ListItem","position":2,"name":"V.d. predsednice Haxhiu: Prevremeni izbori za Skup\u0161tinu Republike Kosovo odr\u017ea\u0107e se 7. juna"}]},{"@type":"WebSite","@id":"https:\/\/president-ksgov.net\/#website","url":"https:\/\/president-ksgov.net\/","name":"Presidente e Republik\u00ebs s\u00eb Kosov\u00ebs","description":"Presidente e Republik\u00ebs s\u00eb Kosov\u00ebs","alternateName":"DR. VJOSA OSMANI - SADRIU","potentialAction":[{"@type":"SearchAction","target":{"@type":"EntryPoint","urlTemplate":"https:\/\/president-ksgov.net\/?s={search_term_string}"},"query-input":{"@type":"PropertyValueSpecification","valueRequired":true,"valueName":"search_term_string"}}],"inLanguage":"sr-RS"},{"@type":"Person","@id":"https:\/\/president-ksgov.net\/#\/schema\/person\/639043365d5873f4c00b9dd2f548fe32","name":"Aulon Maliqi","image":{"@type":"ImageObject","inLanguage":"sr-RS","@id":"https:\/\/president-ksgov.net\/#\/schema\/person\/image\/","url":"https:\/\/secure.gravatar.com\/avatar\/25825420648e802b44e5fd098636053cf34adea3bcdf93520be287f818c2ce8b?s=96&d=mm&r=g","contentUrl":"https:\/\/secure.gravatar.com\/avatar\/25825420648e802b44e5fd098636053cf34adea3bcdf93520be287f818c2ce8b?s=96&d=mm&r=g","caption":"Aulon Maliqi"}}]}},"_links":{"self":[{"href":"https:\/\/president-ksgov.net\/sr\/wp-json\/wp\/v2\/posts\/187796","targetHints":{"allow":["GET"]}}],"collection":[{"href":"https:\/\/president-ksgov.net\/sr\/wp-json\/wp\/v2\/posts"}],"about":[{"href":"https:\/\/president-ksgov.net\/sr\/wp-json\/wp\/v2\/types\/post"}],"author":[{"embeddable":true,"href":"https:\/\/president-ksgov.net\/sr\/wp-json\/wp\/v2\/users\/18"}],"replies":[{"embeddable":true,"href":"https:\/\/president-ksgov.net\/sr\/wp-json\/wp\/v2\/comments?post=187796"}],"version-history":[{"count":1,"href":"https:\/\/president-ksgov.net\/sr\/wp-json\/wp\/v2\/posts\/187796\/revisions"}],"predecessor-version":[{"id":187797,"href":"https:\/\/president-ksgov.net\/sr\/wp-json\/wp\/v2\/posts\/187796\/revisions\/187797"}],"wp:featuredmedia":[{"embeddable":true,"href":"https:\/\/president-ksgov.net\/sr\/wp-json\/wp\/v2\/media\/187783"}],"wp:attachment":[{"href":"https:\/\/president-ksgov.net\/sr\/wp-json\/wp\/v2\/media?parent=187796"}],"wp:term":[{"taxonomy":"category","embeddable":true,"href":"https:\/\/president-ksgov.net\/sr\/wp-json\/wp\/v2\/categories?post=187796"},{"taxonomy":"post_tag","embeddable":true,"href":"https:\/\/president-ksgov.net\/sr\/wp-json\/wp\/v2\/tags?post=187796"}],"curies":[{"name":"wp","href":"https:\/\/api.w.org\/{rel}","templated":true}]}}