{"id":187793,"date":"2026-04-30T14:00:36","date_gmt":"2026-04-30T12:00:36","guid":{"rendered":"https:\/\/president-ksgov.net\/?p=187793"},"modified":"2026-04-30T18:59:56","modified_gmt":"2026-04-30T16:59:56","slug":"v-d-predsednice-haxhiu-i-premijer-kurti-odali-su-pocast-u-globaru-vrbovcu-stutici-i-kod-spomen-obelezja-u-marini","status":"publish","type":"post","link":"https:\/\/president-ksgov.net\/sr\/v-d-predsednice-haxhiu-i-premijer-kurti-odali-su-pocast-u-globaru-vrbovcu-stutici-i-kod-spomen-obelezja-u-marini\/","title":{"rendered":"V.d. predsednice Haxhiu i premijer Kurti odali su po\u010dast u Globaru, Vrbovcu, \u0160tutici i kod Spomen-obele\u017eja u Marini"},"content":{"rendered":"<p>Vr\u0161ilac du\u017enosti predsednice Republike Kosovo, Albulena Haxhiu, zajedno sa premijerom Albinom Kurtijem, danas je odala po\u010dast na grobljima palih boraca u Globaru, Vrbovcu, \u0160tutici i kod Spomen-obele\u017eja u Marini.<\/p>\n<p>Tom prilikom, v.d. predsednice Haxhiu je rekla da su se pre 27 godina Globar, Vrbovac, \u0160tutica, Trstenik, Baks, Polu\u017ea i druga sela Glogovca suo\u010dila sa napadom srpskih okupacionih snaga.<\/p>\n<p>\u201e276 nenaoru\u017eanih i nevinih civila je masakrirano. Neka od tela su spaljena, dok su druga poslata u Ra\u0161ku u Srbiji, kako bi se sakrili tragovi zlo\u010dina. Ubistva beba, dece, devoj\u010dica, \u017eena i starijih osoba su dokaz srpskog genocida na Kosovu. 30. aprila 1999. godine, istog dana, u odbrani nenaoru\u017eanih i nevinih civila, palo je 42 vojnika Oslobodila\u010dke vojske Kosova, sada narodnih palih boraca. Me\u0111u njima je i heroj Ilaz Kodra, koji je predvodio 114. brigadu\u201c, naglasila je v.d. predsednice Haxhiu.<\/p>\n<p>Dalje je rekla da danas po\u0161tujemo njihovo uzvi\u0161eno delo, po\u0161tujemo \u017eivote mu\u010denika i delo narodnih palih boraca.<\/p>\n<p>\u201eZahvaljuju\u0107i njima imamo dr\u017eavu Kosovo, slobodu i nezavisnost, koje moramo po\u0161tovati kontinuiranim radom\u201c, rekla je v.d. predsednice Haxhiu.<\/p>\n<p>Tokom dana, vr\u0161ilac du\u017enosti predsednice Republike Kosovo, Albulena Haxhiu, i premijer, Albin Kurti, tako\u0111e su odali po\u010dast u Memorijalnom kompleksu u Marini.<\/p>\n<p>Ovom prilikom, v.d. predsednice Haxhiu je rekla da smo ovde u Memorijalnom kompleksu u Marini ko Srbice, kako bismo odali po\u010dast pravednoj borbi Oslobodila\u010dke vojske Kosova.<\/p>\n<p>\u201eUpravo smo polo\u017eili sve\u017ee cve\u0107e u \u010dast \u017eivota i dela 42 balih boraca Oslobodila\u010dke vojske Kosova, koji su herojski pali \u0161tite\u0107i nevine civile sela u Glogovcu, koja su se suo\u010davala sa \u017eestokim napadima srpskih okupacionih snaga. Me\u0111u njima je bio i komandant Ilaz Kodra, koji je odrastao u Prekazu, Prekazu patriotizma. On koji je u mladosti bio inspirisan hrabrim borcima i idealima koji su znali da se sloboda ne osvaja bez rata\u201c, rekla je v.d. predsednice Haxhiu.<\/p>\n<p>Dalje je rekla da je Ilaz Kodra bio me\u0111u prvim pripadnicima Oslobodila\u010dke vojske Kosova.<\/p>\n<p>Prema njenim re\u010dima, on je slu\u017eio kao inspiracija, kako u obuci, tako i u mobilizaciji za pove\u0107anje redova Oslobodila\u010dke vojske Kosova.<\/p>\n<p>\u201eNakon herojskog pada komandanta Fehmija Lladrovcija, preuzeo je vo\u0111stvo 114. brigade i do kraja \u017eivota \u010dinio je sve za slobodu i za na\u0161u zemlju\u201c, rekla je v.d. predsednice Haxhiu.<\/p>\n","protected":false},"excerpt":{"rendered":"<p>Vr\u0161ilac du\u017enosti predsednice Republike Kosovo, Albulena Haxhiu, zajedno sa premijerom Albinom Kurtijem, danas je odala po\u010dast na grobljima palih boraca u Globaru, Vrbovcu, \u0160tutici i kod Spomen-obele\u017eja u Marini. Tom prilikom, v.d. predsednice Haxhiu je rekla da su se pre 27 godina Globar, Vrbovac, \u0160tutica, Trstenik, Baks, Polu\u017ea i druga sela Glogovca suo\u010dila sa napadom srpskih okupacionih snaga. \u201e276 nenaoru\u017eanih i nevinih civila je masakrirano. Neka od tela su spaljena, dok su druga poslata u Ra\u0161ku u Srbiji, kako bi se sakrili tragovi zlo\u010dina. Ubistva beba, dece, devoj\u010dica, \u017eena i starijih osoba su dokaz srpskog genocida na Kosovu. 30. aprila 1999. godine, istog dana, u odbrani nenaoru\u017eanih i nevinih civila, palo je 42 vojnika Oslobodila\u010dke vojske Kosova, sada narodnih palih boraca. Me\u0111u njima je i heroj Ilaz Kodra, koji je predvodio 114. brigadu\u201c, naglasila je v.d. predsednice Haxhiu. Dalje je rekla da danas po\u0161tujemo njihovo uzvi\u0161eno delo, po\u0161tujemo \u017eivote mu\u010denika i delo narodnih palih boraca. \u201eZahvaljuju\u0107i njima imamo dr\u017eavu Kosovo, slobodu i nezavisnost, koje moramo po\u0161tovati kontinuiranim radom\u201c, rekla je v.d. predsednice Haxhiu. Tokom dana, vr\u0161ilac du\u017enosti predsednice Republike Kosovo, Albulena Haxhiu, i premijer, Albin Kurti, tako\u0111e su odali po\u010dast u Memorijalnom kompleksu u Marini. Ovom prilikom, v.d. predsednice Haxhiu je rekla da smo ovde u Memorijalnom kompleksu u Marini ko Srbice, kako bismo odali po\u010dast pravednoj borbi Oslobodila\u010dke vojske Kosova. \u201eUpravo smo polo\u017eili sve\u017ee cve\u0107e u \u010dast \u017eivota i dela 42 balih boraca Oslobodila\u010dke vojske Kosova, koji su herojski pali \u0161tite\u0107i nevine civile sela u Glogovcu, koja su se suo\u010davala sa \u017eestokim napadima srpskih okupacionih snaga. Me\u0111u njima je bio i komandant Ilaz Kodra, koji je odrastao u Prekazu, Prekazu patriotizma. On koji je u mladosti bio inspirisan hrabrim borcima i idealima koji su znali da se sloboda ne osvaja bez rata\u201c, rekla je v.d. predsednice Haxhiu. Dalje je rekla da je Ilaz Kodra bio me\u0111u prvim pripadnicima Oslobodila\u010dke vojske Kosova. Prema njenim re\u010dima, on je slu\u017eio kao inspiracija, kako u obuci, tako i u mobilizaciji za pove\u0107anje redova Oslobodila\u010dke vojske Kosova. \u201eNakon herojskog pada komandanta Fehmija Lladrovcija, preuzeo je vo\u0111stvo 114. brigade i do kraja \u017eivota \u010dinio je sve za slobodu i za na\u0161u zemlju\u201c, rekla je v.d. predsednice Haxhiu.<\/p>\n","protected":false},"author":18,"featured_media":187760,"comment_status":"closed","ping_status":"closed","sticky":false,"template":"","format":"standard","meta":{"_eb_attr":"","footnotes":""},"categories":[101],"tags":[],"class_list":["post-187793","post","type-post","status-publish","format-standard","has-post-thumbnail","hentry","category-vesti"],"yoast_head":"<!-- This site is optimized with the Yoast SEO plugin v23.5 - https:\/\/yoast.com\/wordpress\/plugins\/seo\/ -->\n<title>V.d. predsednice Haxhiu i premijer Kurti odali su po\u010dast u Globaru, Vrbovcu, \u0160tutici i kod Spomen-obele\u017eja u Marini - Predsednik Republike Kosovo - DR. VJOSA OSMANI - SADRIU<\/title>\n<meta name=\"description\" content=\"V.d. predsednice Haxhiu i premijer Kurti odali su po\u010dast u Globaru, Vrbovcu, \u0160tutici i kod Spomen-obele\u017eja u Marini - Predsednik Republike Kosovo - DR. VJOSA OSMANI - SADRIU - Vesti\" \/>\n<meta name=\"robots\" content=\"index, follow, max-snippet:-1, max-image-preview:large, max-video-preview:-1\" \/>\n<link rel=\"canonical\" href=\"https:\/\/president-ksgov.net\/sr\/v-d-predsednice-haxhiu-i-premijer-kurti-odali-su-pocast-u-globaru-vrbovcu-stutici-i-kod-spomen-obelezja-u-marini\/\" \/>\n<meta property=\"og:locale\" content=\"sr_RS\" \/>\n<meta property=\"og:type\" content=\"article\" \/>\n<meta property=\"og:title\" content=\"V.d. predsednice Haxhiu i premijer Kurti odali su po\u010dast u Globaru, Vrbovcu, \u0160tutici i kod Spomen-obele\u017eja u Marini - Predsednik Republike Kosovo - DR. VJOSA OSMANI - SADRIU\" \/>\n<meta property=\"og:description\" content=\"V.d. predsednice Haxhiu i premijer Kurti odali su po\u010dast u Globaru, Vrbovcu, \u0160tutici i kod Spomen-obele\u017eja u Marini - Predsednik Republike Kosovo - DR. VJOSA OSMANI - SADRIU - Vesti\" \/>\n<meta property=\"og:url\" content=\"https:\/\/president-ksgov.net\/sr\/v-d-predsednice-haxhiu-i-premijer-kurti-odali-su-pocast-u-globaru-vrbovcu-stutici-i-kod-spomen-obelezja-u-marini\/\" \/>\n<meta property=\"og:site_name\" content=\"Predsednik Republike Kosovo - DR. VJOSA OSMANI - SADRIU\" \/>\n<meta property=\"article:published_time\" content=\"2026-04-30T12:00:36+00:00\" \/>\n<meta property=\"article:modified_time\" content=\"2026-04-30T16:59:56+00:00\" \/>\n<meta property=\"og:image\" content=\"https:\/\/president-ksgov.net\/wp-content\/uploads\/IMG_8438.jpeg\" \/>\n\t<meta property=\"og:image:width\" content=\"1600\" \/>\n\t<meta property=\"og:image:height\" content=\"1066\" \/>\n\t<meta property=\"og:image:type\" content=\"image\/jpeg\" \/>\n<meta name=\"author\" content=\"Aulon Maliqi\" \/>\n<meta name=\"twitter:card\" content=\"summary_large_image\" \/>\n<meta name=\"twitter:label1\" content=\"\u041d\u0430\u043f\u0438\u0441\u0430\u043d\u043e \u043e\u0434\" \/>\n\t<meta name=\"twitter:data1\" content=\"Aulon Maliqi\" \/>\n\t<meta name=\"twitter:label2\" content=\"\u041f\u0440\u043e\u0446\u0435\u045a\u0435\u043d\u043e \u0432\u0440\u0435\u043c\u0435 \u0447\u0438\u0442\u0430\u045a\u0430\" \/>\n\t<meta name=\"twitter:data2\" content=\"3 \u043c\u0438\u043d\u0443\u0442\u0430\" \/>\n<script type=\"application\/ld+json\" class=\"yoast-schema-graph\">{\"@context\":\"https:\/\/schema.org\",\"@graph\":[{\"@type\":\"WebPage\",\"@id\":\"https:\/\/president-ksgov.net\/sr\/v-d-predsednice-haxhiu-i-premijer-kurti-odali-su-pocast-u-globaru-vrbovcu-stutici-i-kod-spomen-obelezja-u-marini\/\",\"url\":\"https:\/\/president-ksgov.net\/sr\/v-d-predsednice-haxhiu-i-premijer-kurti-odali-su-pocast-u-globaru-vrbovcu-stutici-i-kod-spomen-obelezja-u-marini\/\",\"name\":\"V.d. predsednice Haxhiu i premijer Kurti odali su po\u010dast u Globaru, Vrbovcu, \u0160tutici i kod Spomen-obele\u017eja u Marini - Predsednik Republike Kosovo - DR. VJOSA OSMANI - SADRIU\",\"isPartOf\":{\"@id\":\"https:\/\/president-ksgov.net\/#website\"},\"primaryImageOfPage\":{\"@id\":\"https:\/\/president-ksgov.net\/sr\/v-d-predsednice-haxhiu-i-premijer-kurti-odali-su-pocast-u-globaru-vrbovcu-stutici-i-kod-spomen-obelezja-u-marini\/#primaryimage\"},\"image\":{\"@id\":\"https:\/\/president-ksgov.net\/sr\/v-d-predsednice-haxhiu-i-premijer-kurti-odali-su-pocast-u-globaru-vrbovcu-stutici-i-kod-spomen-obelezja-u-marini\/#primaryimage\"},\"thumbnailUrl\":\"https:\/\/president-ksgov.net\/wp-content\/uploads\/IMG_8438.jpeg\",\"datePublished\":\"2026-04-30T12:00:36+00:00\",\"dateModified\":\"2026-04-30T16:59:56+00:00\",\"author\":{\"@id\":\"https:\/\/president-ksgov.net\/#\/schema\/person\/639043365d5873f4c00b9dd2f548fe32\"},\"description\":\"V.d. predsednice Haxhiu i premijer Kurti odali su po\u010dast u Globaru, Vrbovcu, \u0160tutici i kod Spomen-obele\u017eja u Marini - Predsednik Republike Kosovo - DR. VJOSA OSMANI - SADRIU - Vesti\",\"breadcrumb\":{\"@id\":\"https:\/\/president-ksgov.net\/sr\/v-d-predsednice-haxhiu-i-premijer-kurti-odali-su-pocast-u-globaru-vrbovcu-stutici-i-kod-spomen-obelezja-u-marini\/#breadcrumb\"},\"inLanguage\":\"sr-RS\",\"potentialAction\":[{\"@type\":\"ReadAction\",\"target\":[\"https:\/\/president-ksgov.net\/sr\/v-d-predsednice-haxhiu-i-premijer-kurti-odali-su-pocast-u-globaru-vrbovcu-stutici-i-kod-spomen-obelezja-u-marini\/\"]}]},{\"@type\":\"ImageObject\",\"inLanguage\":\"sr-RS\",\"@id\":\"https:\/\/president-ksgov.net\/sr\/v-d-predsednice-haxhiu-i-premijer-kurti-odali-su-pocast-u-globaru-vrbovcu-stutici-i-kod-spomen-obelezja-u-marini\/#primaryimage\",\"url\":\"https:\/\/president-ksgov.net\/wp-content\/uploads\/IMG_8438.jpeg\",\"contentUrl\":\"https:\/\/president-ksgov.net\/wp-content\/uploads\/IMG_8438.jpeg\",\"width\":1600,\"height\":1066},{\"@type\":\"BreadcrumbList\",\"@id\":\"https:\/\/president-ksgov.net\/sr\/v-d-predsednice-haxhiu-i-premijer-kurti-odali-su-pocast-u-globaru-vrbovcu-stutici-i-kod-spomen-obelezja-u-marini\/#breadcrumb\",\"itemListElement\":[{\"@type\":\"ListItem\",\"position\":1,\"name\":\"Home\",\"item\":\"https:\/\/president-ksgov.net\/sr\/\"},{\"@type\":\"ListItem\",\"position\":2,\"name\":\"V.d. predsednice Haxhiu i premijer Kurti odali su po\u010dast u Globaru, Vrbovcu, \u0160tutici i kod Spomen-obele\u017eja u Marini\"}]},{\"@type\":\"WebSite\",\"@id\":\"https:\/\/president-ksgov.net\/#website\",\"url\":\"https:\/\/president-ksgov.net\/\",\"name\":\"Presidente e Republik\u00ebs s\u00eb Kosov\u00ebs\",\"description\":\"Presidente e Republik\u00ebs s\u00eb Kosov\u00ebs\",\"alternateName\":\"DR. VJOSA OSMANI - SADRIU\",\"potentialAction\":[{\"@type\":\"SearchAction\",\"target\":{\"@type\":\"EntryPoint\",\"urlTemplate\":\"https:\/\/president-ksgov.net\/?s={search_term_string}\"},\"query-input\":{\"@type\":\"PropertyValueSpecification\",\"valueRequired\":true,\"valueName\":\"search_term_string\"}}],\"inLanguage\":\"sr-RS\"},{\"@type\":\"Person\",\"@id\":\"https:\/\/president-ksgov.net\/#\/schema\/person\/639043365d5873f4c00b9dd2f548fe32\",\"name\":\"Aulon Maliqi\",\"image\":{\"@type\":\"ImageObject\",\"inLanguage\":\"sr-RS\",\"@id\":\"https:\/\/president-ksgov.net\/#\/schema\/person\/image\/\",\"url\":\"https:\/\/secure.gravatar.com\/avatar\/25825420648e802b44e5fd098636053cf34adea3bcdf93520be287f818c2ce8b?s=96&d=mm&r=g\",\"contentUrl\":\"https:\/\/secure.gravatar.com\/avatar\/25825420648e802b44e5fd098636053cf34adea3bcdf93520be287f818c2ce8b?s=96&d=mm&r=g\",\"caption\":\"Aulon Maliqi\"}}]}<\/script>\n<!-- \/ Yoast SEO plugin. -->","yoast_head_json":{"title":"V.d. predsednice Haxhiu i premijer Kurti odali su po\u010dast u Globaru, Vrbovcu, \u0160tutici i kod Spomen-obele\u017eja u Marini - Predsednik Republike Kosovo - DR. VJOSA OSMANI - SADRIU","description":"V.d. predsednice Haxhiu i premijer Kurti odali su po\u010dast u Globaru, Vrbovcu, \u0160tutici i kod Spomen-obele\u017eja u Marini - Predsednik Republike Kosovo - DR. VJOSA OSMANI - SADRIU - Vesti","robots":{"index":"index","follow":"follow","max-snippet":"max-snippet:-1","max-image-preview":"max-image-preview:large","max-video-preview":"max-video-preview:-1"},"canonical":"https:\/\/president-ksgov.net\/sr\/v-d-predsednice-haxhiu-i-premijer-kurti-odali-su-pocast-u-globaru-vrbovcu-stutici-i-kod-spomen-obelezja-u-marini\/","og_locale":"sr_RS","og_type":"article","og_title":"V.d. predsednice Haxhiu i premijer Kurti odali su po\u010dast u Globaru, Vrbovcu, \u0160tutici i kod Spomen-obele\u017eja u Marini - Predsednik Republike Kosovo - DR. VJOSA OSMANI - SADRIU","og_description":"V.d. predsednice Haxhiu i premijer Kurti odali su po\u010dast u Globaru, Vrbovcu, \u0160tutici i kod Spomen-obele\u017eja u Marini - Predsednik Republike Kosovo - DR. VJOSA OSMANI - SADRIU - Vesti","og_url":"https:\/\/president-ksgov.net\/sr\/v-d-predsednice-haxhiu-i-premijer-kurti-odali-su-pocast-u-globaru-vrbovcu-stutici-i-kod-spomen-obelezja-u-marini\/","og_site_name":"Predsednik Republike Kosovo - DR. VJOSA OSMANI - SADRIU","article_published_time":"2026-04-30T12:00:36+00:00","article_modified_time":"2026-04-30T16:59:56+00:00","og_image":[{"width":1600,"height":1066,"url":"https:\/\/president-ksgov.net\/wp-content\/uploads\/IMG_8438.jpeg","type":"image\/jpeg"}],"author":"Aulon Maliqi","twitter_card":"summary_large_image","twitter_misc":{"\u041d\u0430\u043f\u0438\u0441\u0430\u043d\u043e \u043e\u0434":"Aulon Maliqi","\u041f\u0440\u043e\u0446\u0435\u045a\u0435\u043d\u043e \u0432\u0440\u0435\u043c\u0435 \u0447\u0438\u0442\u0430\u045a\u0430":"3 \u043c\u0438\u043d\u0443\u0442\u0430"},"schema":{"@context":"https:\/\/schema.org","@graph":[{"@type":"WebPage","@id":"https:\/\/president-ksgov.net\/sr\/v-d-predsednice-haxhiu-i-premijer-kurti-odali-su-pocast-u-globaru-vrbovcu-stutici-i-kod-spomen-obelezja-u-marini\/","url":"https:\/\/president-ksgov.net\/sr\/v-d-predsednice-haxhiu-i-premijer-kurti-odali-su-pocast-u-globaru-vrbovcu-stutici-i-kod-spomen-obelezja-u-marini\/","name":"V.d. predsednice Haxhiu i premijer Kurti odali su po\u010dast u Globaru, Vrbovcu, \u0160tutici i kod Spomen-obele\u017eja u Marini - Predsednik Republike Kosovo - DR. VJOSA OSMANI - SADRIU","isPartOf":{"@id":"https:\/\/president-ksgov.net\/#website"},"primaryImageOfPage":{"@id":"https:\/\/president-ksgov.net\/sr\/v-d-predsednice-haxhiu-i-premijer-kurti-odali-su-pocast-u-globaru-vrbovcu-stutici-i-kod-spomen-obelezja-u-marini\/#primaryimage"},"image":{"@id":"https:\/\/president-ksgov.net\/sr\/v-d-predsednice-haxhiu-i-premijer-kurti-odali-su-pocast-u-globaru-vrbovcu-stutici-i-kod-spomen-obelezja-u-marini\/#primaryimage"},"thumbnailUrl":"https:\/\/president-ksgov.net\/wp-content\/uploads\/IMG_8438.jpeg","datePublished":"2026-04-30T12:00:36+00:00","dateModified":"2026-04-30T16:59:56+00:00","author":{"@id":"https:\/\/president-ksgov.net\/#\/schema\/person\/639043365d5873f4c00b9dd2f548fe32"},"description":"V.d. predsednice Haxhiu i premijer Kurti odali su po\u010dast u Globaru, Vrbovcu, \u0160tutici i kod Spomen-obele\u017eja u Marini - Predsednik Republike Kosovo - DR. VJOSA OSMANI - SADRIU - Vesti","breadcrumb":{"@id":"https:\/\/president-ksgov.net\/sr\/v-d-predsednice-haxhiu-i-premijer-kurti-odali-su-pocast-u-globaru-vrbovcu-stutici-i-kod-spomen-obelezja-u-marini\/#breadcrumb"},"inLanguage":"sr-RS","potentialAction":[{"@type":"ReadAction","target":["https:\/\/president-ksgov.net\/sr\/v-d-predsednice-haxhiu-i-premijer-kurti-odali-su-pocast-u-globaru-vrbovcu-stutici-i-kod-spomen-obelezja-u-marini\/"]}]},{"@type":"ImageObject","inLanguage":"sr-RS","@id":"https:\/\/president-ksgov.net\/sr\/v-d-predsednice-haxhiu-i-premijer-kurti-odali-su-pocast-u-globaru-vrbovcu-stutici-i-kod-spomen-obelezja-u-marini\/#primaryimage","url":"https:\/\/president-ksgov.net\/wp-content\/uploads\/IMG_8438.jpeg","contentUrl":"https:\/\/president-ksgov.net\/wp-content\/uploads\/IMG_8438.jpeg","width":1600,"height":1066},{"@type":"BreadcrumbList","@id":"https:\/\/president-ksgov.net\/sr\/v-d-predsednice-haxhiu-i-premijer-kurti-odali-su-pocast-u-globaru-vrbovcu-stutici-i-kod-spomen-obelezja-u-marini\/#breadcrumb","itemListElement":[{"@type":"ListItem","position":1,"name":"Home","item":"https:\/\/president-ksgov.net\/sr\/"},{"@type":"ListItem","position":2,"name":"V.d. predsednice Haxhiu i premijer Kurti odali su po\u010dast u Globaru, Vrbovcu, \u0160tutici i kod Spomen-obele\u017eja u Marini"}]},{"@type":"WebSite","@id":"https:\/\/president-ksgov.net\/#website","url":"https:\/\/president-ksgov.net\/","name":"Presidente e Republik\u00ebs s\u00eb Kosov\u00ebs","description":"Presidente e Republik\u00ebs s\u00eb Kosov\u00ebs","alternateName":"DR. VJOSA OSMANI - SADRIU","potentialAction":[{"@type":"SearchAction","target":{"@type":"EntryPoint","urlTemplate":"https:\/\/president-ksgov.net\/?s={search_term_string}"},"query-input":{"@type":"PropertyValueSpecification","valueRequired":true,"valueName":"search_term_string"}}],"inLanguage":"sr-RS"},{"@type":"Person","@id":"https:\/\/president-ksgov.net\/#\/schema\/person\/639043365d5873f4c00b9dd2f548fe32","name":"Aulon Maliqi","image":{"@type":"ImageObject","inLanguage":"sr-RS","@id":"https:\/\/president-ksgov.net\/#\/schema\/person\/image\/","url":"https:\/\/secure.gravatar.com\/avatar\/25825420648e802b44e5fd098636053cf34adea3bcdf93520be287f818c2ce8b?s=96&d=mm&r=g","contentUrl":"https:\/\/secure.gravatar.com\/avatar\/25825420648e802b44e5fd098636053cf34adea3bcdf93520be287f818c2ce8b?s=96&d=mm&r=g","caption":"Aulon Maliqi"}}]}},"_links":{"self":[{"href":"https:\/\/president-ksgov.net\/sr\/wp-json\/wp\/v2\/posts\/187793","targetHints":{"allow":["GET"]}}],"collection":[{"href":"https:\/\/president-ksgov.net\/sr\/wp-json\/wp\/v2\/posts"}],"about":[{"href":"https:\/\/president-ksgov.net\/sr\/wp-json\/wp\/v2\/types\/post"}],"author":[{"embeddable":true,"href":"https:\/\/president-ksgov.net\/sr\/wp-json\/wp\/v2\/users\/18"}],"replies":[{"embeddable":true,"href":"https:\/\/president-ksgov.net\/sr\/wp-json\/wp\/v2\/comments?post=187793"}],"version-history":[{"count":1,"href":"https:\/\/president-ksgov.net\/sr\/wp-json\/wp\/v2\/posts\/187793\/revisions"}],"predecessor-version":[{"id":187794,"href":"https:\/\/president-ksgov.net\/sr\/wp-json\/wp\/v2\/posts\/187793\/revisions\/187794"}],"wp:featuredmedia":[{"embeddable":true,"href":"https:\/\/president-ksgov.net\/sr\/wp-json\/wp\/v2\/media\/187760"}],"wp:attachment":[{"href":"https:\/\/president-ksgov.net\/sr\/wp-json\/wp\/v2\/media?parent=187793"}],"wp:term":[{"taxonomy":"category","embeddable":true,"href":"https:\/\/president-ksgov.net\/sr\/wp-json\/wp\/v2\/categories?post=187793"},{"taxonomy":"post_tag","embeddable":true,"href":"https:\/\/president-ksgov.net\/sr\/wp-json\/wp\/v2\/tags?post=187793"}],"curies":[{"name":"wp","href":"https:\/\/api.w.org\/{rel}","templated":true}]}}