{"id":187752,"date":"2026-04-24T16:35:56","date_gmt":"2026-04-24T14:35:56","guid":{"rendered":"https:\/\/president-ksgov.net\/?p=187752"},"modified":"2026-04-30T13:06:50","modified_gmt":"2026-04-30T11:06:50","slug":"v-d-predsednice-haxhiu-danas-je-progovorio-ustavni-poredak-kosova-koji-je-porucnik-afrim-bunjaku-branio-do-kraja","status":"publish","type":"post","link":"https:\/\/president-ksgov.net\/sr\/v-d-predsednice-haxhiu-danas-je-progovorio-ustavni-poredak-kosova-koji-je-porucnik-afrim-bunjaku-branio-do-kraja\/","title":{"rendered":"V.d. predsednice Haxhiu: Danas je progovorio ustavni poredak Kosova, koji je poru\u010dnik Afrim Bunjaku branio do kraja"},"content":{"rendered":"<p>V.d. predsednice Republike Kosovo, Albulena Haxhiu, rekla je da su presudom koju je danas objavio Osnovni sud u Pri\u0161tini, Blagoje Spasojevi\u0107 i Vladimir Toli\u0107 osu\u0111eni na do\u017eivotni zatvor, dok je Du\u0161an Maksimovi\u0107 osu\u0111en na 30 godina zatvora zbog teroristi\u010dkog napada u Banjskoj.<\/p>\n<p>V.d. predsednice Hachiu rekla je da je danas progovorio ustavni poredak Kosova, koji je narednik Afrim Bunjaku branio do kraja.<\/p>\n<p>\u201eOva odluka je dokaz da napad na Policiju Kosova, na ustavni poredak i na bezbednost na\u0161e zemlje nec\u0301e ostati neka\u017enjen\u201c, naglasila je v.d. predsednice Haxhiu.<\/p>\n<p>Dalje je rekla da se pravda za teroristi\u010dki napad u Banjskoj ovde ne zavr\u0161ava, dodaju\u0107i da \u0107e biti zaklju\u010dena tek kada svi odgovorni, uklju\u010duju\u0107i i teroristu Milana Radoji\u010di\u0107a, budu izvedeni pred pravdu.<\/p>\n<p>V.d. predsednice Haxhiu je na kraju rekla slava heroju Afrimu Bunjakuu.<\/p>\n","protected":false},"excerpt":{"rendered":"<p>V.d. predsednice Republike Kosovo, Albulena Haxhiu, rekla je da su presudom koju je danas objavio Osnovni sud u Pri\u0161tini, Blagoje Spasojevi\u0107 i Vladimir Toli\u0107 osu\u0111eni na do\u017eivotni zatvor, dok je Du\u0161an Maksimovi\u0107 osu\u0111en na 30 godina zatvora zbog teroristi\u010dkog napada u Banjskoj. V.d. predsednice Hachiu rekla je da je danas progovorio ustavni poredak Kosova, koji je narednik Afrim Bunjaku branio do kraja. \u201eOva odluka je dokaz da napad na Policiju Kosova, na ustavni poredak i na bezbednost na\u0161e zemlje nec\u0301e ostati neka\u017enjen\u201c, naglasila je v.d. predsednice Haxhiu. Dalje je rekla da se pravda za teroristi\u010dki napad u Banjskoj ovde ne zavr\u0161ava, dodaju\u0107i da \u0107e biti zaklju\u010dena tek kada svi odgovorni, uklju\u010duju\u0107i i teroristu Milana Radoji\u010di\u0107a, budu izvedeni pred pravdu. V.d. predsednice Haxhiu je na kraju rekla slava heroju Afrimu Bunjakuu.<\/p>\n","protected":false},"author":18,"featured_media":153758,"comment_status":"closed","ping_status":"closed","sticky":false,"template":"","format":"standard","meta":{"_eb_attr":"","footnotes":""},"categories":[101],"tags":[],"class_list":["post-187752","post","type-post","status-publish","format-standard","has-post-thumbnail","hentry","category-vesti"],"yoast_head":"<!-- This site is optimized with the Yoast SEO plugin v23.5 - https:\/\/yoast.com\/wordpress\/plugins\/seo\/ -->\n<title>V.d. predsednice Haxhiu: Danas je progovorio ustavni poredak Kosova, koji je poru\u010dnik Afrim Bunjaku branio do kraja - Predsednik Republike Kosovo - DR. VJOSA OSMANI - SADRIU<\/title>\n<meta name=\"description\" content=\"V.d. predsednice Haxhiu: Danas je progovorio ustavni poredak Kosova, koji je poru\u010dnik Afrim Bunjaku branio do kraja - Predsednik Republike Kosovo - DR. VJOSA OSMANI - SADRIU - Vesti\" \/>\n<meta name=\"robots\" content=\"index, follow, max-snippet:-1, max-image-preview:large, max-video-preview:-1\" \/>\n<link rel=\"canonical\" href=\"https:\/\/president-ksgov.net\/sr\/v-d-predsednice-haxhiu-danas-je-progovorio-ustavni-poredak-kosova-koji-je-porucnik-afrim-bunjaku-branio-do-kraja\/\" \/>\n<meta property=\"og:locale\" content=\"sr_RS\" \/>\n<meta property=\"og:type\" content=\"article\" \/>\n<meta property=\"og:title\" content=\"V.d. predsednice Haxhiu: Danas je progovorio ustavni poredak Kosova, koji je poru\u010dnik Afrim Bunjaku branio do kraja - Predsednik Republike Kosovo - DR. VJOSA OSMANI - SADRIU\" \/>\n<meta property=\"og:description\" content=\"V.d. predsednice Haxhiu: Danas je progovorio ustavni poredak Kosova, koji je poru\u010dnik Afrim Bunjaku branio do kraja - Predsednik Republike Kosovo - DR. VJOSA OSMANI - SADRIU - Vesti\" \/>\n<meta property=\"og:url\" content=\"https:\/\/president-ksgov.net\/sr\/v-d-predsednice-haxhiu-danas-je-progovorio-ustavni-poredak-kosova-koji-je-porucnik-afrim-bunjaku-branio-do-kraja\/\" \/>\n<meta property=\"og:site_name\" content=\"Predsednik Republike Kosovo - DR. VJOSA OSMANI - SADRIU\" \/>\n<meta property=\"article:published_time\" content=\"2026-04-24T14:35:56+00:00\" \/>\n<meta property=\"article:modified_time\" content=\"2026-04-30T11:06:50+00:00\" \/>\n<meta property=\"og:image\" content=\"https:\/\/president-ksgov.net\/wp-content\/uploads\/ZPRK-17.jpg\" \/>\n\t<meta property=\"og:image:width\" content=\"2000\" \/>\n\t<meta property=\"og:image:height\" content=\"1000\" \/>\n\t<meta property=\"og:image:type\" content=\"image\/jpeg\" \/>\n<meta name=\"author\" content=\"Aulon Maliqi\" \/>\n<meta name=\"twitter:card\" content=\"summary_large_image\" \/>\n<meta name=\"twitter:label1\" content=\"\u041d\u0430\u043f\u0438\u0441\u0430\u043d\u043e \u043e\u0434\" \/>\n\t<meta name=\"twitter:data1\" content=\"Aulon Maliqi\" \/>\n\t<meta name=\"twitter:label2\" content=\"\u041f\u0440\u043e\u0446\u0435\u045a\u0435\u043d\u043e \u0432\u0440\u0435\u043c\u0435 \u0447\u0438\u0442\u0430\u045a\u0430\" \/>\n\t<meta name=\"twitter:data2\" content=\"1 \u043c\u0438\u043d\u0443\u0442\" \/>\n<script type=\"application\/ld+json\" class=\"yoast-schema-graph\">{\"@context\":\"https:\/\/schema.org\",\"@graph\":[{\"@type\":\"WebPage\",\"@id\":\"https:\/\/president-ksgov.net\/sr\/v-d-predsednice-haxhiu-danas-je-progovorio-ustavni-poredak-kosova-koji-je-porucnik-afrim-bunjaku-branio-do-kraja\/\",\"url\":\"https:\/\/president-ksgov.net\/sr\/v-d-predsednice-haxhiu-danas-je-progovorio-ustavni-poredak-kosova-koji-je-porucnik-afrim-bunjaku-branio-do-kraja\/\",\"name\":\"V.d. predsednice Haxhiu: Danas je progovorio ustavni poredak Kosova, koji je poru\u010dnik Afrim Bunjaku branio do kraja - Predsednik Republike Kosovo - DR. VJOSA OSMANI - SADRIU\",\"isPartOf\":{\"@id\":\"https:\/\/president-ksgov.net\/#website\"},\"primaryImageOfPage\":{\"@id\":\"https:\/\/president-ksgov.net\/sr\/v-d-predsednice-haxhiu-danas-je-progovorio-ustavni-poredak-kosova-koji-je-porucnik-afrim-bunjaku-branio-do-kraja\/#primaryimage\"},\"image\":{\"@id\":\"https:\/\/president-ksgov.net\/sr\/v-d-predsednice-haxhiu-danas-je-progovorio-ustavni-poredak-kosova-koji-je-porucnik-afrim-bunjaku-branio-do-kraja\/#primaryimage\"},\"thumbnailUrl\":\"https:\/\/president-ksgov.net\/wp-content\/uploads\/ZPRK-17.jpg\",\"datePublished\":\"2026-04-24T14:35:56+00:00\",\"dateModified\":\"2026-04-30T11:06:50+00:00\",\"author\":{\"@id\":\"https:\/\/president-ksgov.net\/#\/schema\/person\/639043365d5873f4c00b9dd2f548fe32\"},\"description\":\"V.d. predsednice Haxhiu: Danas je progovorio ustavni poredak Kosova, koji je poru\u010dnik Afrim Bunjaku branio do kraja - Predsednik Republike Kosovo - DR. VJOSA OSMANI - SADRIU - Vesti\",\"breadcrumb\":{\"@id\":\"https:\/\/president-ksgov.net\/sr\/v-d-predsednice-haxhiu-danas-je-progovorio-ustavni-poredak-kosova-koji-je-porucnik-afrim-bunjaku-branio-do-kraja\/#breadcrumb\"},\"inLanguage\":\"sr-RS\",\"potentialAction\":[{\"@type\":\"ReadAction\",\"target\":[\"https:\/\/president-ksgov.net\/sr\/v-d-predsednice-haxhiu-danas-je-progovorio-ustavni-poredak-kosova-koji-je-porucnik-afrim-bunjaku-branio-do-kraja\/\"]}]},{\"@type\":\"ImageObject\",\"inLanguage\":\"sr-RS\",\"@id\":\"https:\/\/president-ksgov.net\/sr\/v-d-predsednice-haxhiu-danas-je-progovorio-ustavni-poredak-kosova-koji-je-porucnik-afrim-bunjaku-branio-do-kraja\/#primaryimage\",\"url\":\"https:\/\/president-ksgov.net\/wp-content\/uploads\/ZPRK-17.jpg\",\"contentUrl\":\"https:\/\/president-ksgov.net\/wp-content\/uploads\/ZPRK-17.jpg\",\"width\":2000,\"height\":1000},{\"@type\":\"BreadcrumbList\",\"@id\":\"https:\/\/president-ksgov.net\/sr\/v-d-predsednice-haxhiu-danas-je-progovorio-ustavni-poredak-kosova-koji-je-porucnik-afrim-bunjaku-branio-do-kraja\/#breadcrumb\",\"itemListElement\":[{\"@type\":\"ListItem\",\"position\":1,\"name\":\"Home\",\"item\":\"https:\/\/president-ksgov.net\/sr\/\"},{\"@type\":\"ListItem\",\"position\":2,\"name\":\"V.d. predsednice Haxhiu: Danas je progovorio ustavni poredak Kosova, koji je poru\u010dnik Afrim Bunjaku branio do kraja\"}]},{\"@type\":\"WebSite\",\"@id\":\"https:\/\/president-ksgov.net\/#website\",\"url\":\"https:\/\/president-ksgov.net\/\",\"name\":\"Presidente e Republik\u00ebs s\u00eb Kosov\u00ebs\",\"description\":\"Presidente e Republik\u00ebs s\u00eb Kosov\u00ebs\",\"alternateName\":\"DR. VJOSA OSMANI - SADRIU\",\"potentialAction\":[{\"@type\":\"SearchAction\",\"target\":{\"@type\":\"EntryPoint\",\"urlTemplate\":\"https:\/\/president-ksgov.net\/?s={search_term_string}\"},\"query-input\":{\"@type\":\"PropertyValueSpecification\",\"valueRequired\":true,\"valueName\":\"search_term_string\"}}],\"inLanguage\":\"sr-RS\"},{\"@type\":\"Person\",\"@id\":\"https:\/\/president-ksgov.net\/#\/schema\/person\/639043365d5873f4c00b9dd2f548fe32\",\"name\":\"Aulon Maliqi\",\"image\":{\"@type\":\"ImageObject\",\"inLanguage\":\"sr-RS\",\"@id\":\"https:\/\/president-ksgov.net\/#\/schema\/person\/image\/\",\"url\":\"https:\/\/secure.gravatar.com\/avatar\/25825420648e802b44e5fd098636053cf34adea3bcdf93520be287f818c2ce8b?s=96&d=mm&r=g\",\"contentUrl\":\"https:\/\/secure.gravatar.com\/avatar\/25825420648e802b44e5fd098636053cf34adea3bcdf93520be287f818c2ce8b?s=96&d=mm&r=g\",\"caption\":\"Aulon Maliqi\"}}]}<\/script>\n<!-- \/ Yoast SEO plugin. -->","yoast_head_json":{"title":"V.d. predsednice Haxhiu: Danas je progovorio ustavni poredak Kosova, koji je poru\u010dnik Afrim Bunjaku branio do kraja - Predsednik Republike Kosovo - DR. VJOSA OSMANI - SADRIU","description":"V.d. predsednice Haxhiu: Danas je progovorio ustavni poredak Kosova, koji je poru\u010dnik Afrim Bunjaku branio do kraja - Predsednik Republike Kosovo - DR. VJOSA OSMANI - SADRIU - Vesti","robots":{"index":"index","follow":"follow","max-snippet":"max-snippet:-1","max-image-preview":"max-image-preview:large","max-video-preview":"max-video-preview:-1"},"canonical":"https:\/\/president-ksgov.net\/sr\/v-d-predsednice-haxhiu-danas-je-progovorio-ustavni-poredak-kosova-koji-je-porucnik-afrim-bunjaku-branio-do-kraja\/","og_locale":"sr_RS","og_type":"article","og_title":"V.d. predsednice Haxhiu: Danas je progovorio ustavni poredak Kosova, koji je poru\u010dnik Afrim Bunjaku branio do kraja - Predsednik Republike Kosovo - DR. VJOSA OSMANI - SADRIU","og_description":"V.d. predsednice Haxhiu: Danas je progovorio ustavni poredak Kosova, koji je poru\u010dnik Afrim Bunjaku branio do kraja - Predsednik Republike Kosovo - DR. VJOSA OSMANI - SADRIU - Vesti","og_url":"https:\/\/president-ksgov.net\/sr\/v-d-predsednice-haxhiu-danas-je-progovorio-ustavni-poredak-kosova-koji-je-porucnik-afrim-bunjaku-branio-do-kraja\/","og_site_name":"Predsednik Republike Kosovo - DR. VJOSA OSMANI - SADRIU","article_published_time":"2026-04-24T14:35:56+00:00","article_modified_time":"2026-04-30T11:06:50+00:00","og_image":[{"width":2000,"height":1000,"url":"https:\/\/president-ksgov.net\/wp-content\/uploads\/ZPRK-17.jpg","type":"image\/jpeg"}],"author":"Aulon Maliqi","twitter_card":"summary_large_image","twitter_misc":{"\u041d\u0430\u043f\u0438\u0441\u0430\u043d\u043e \u043e\u0434":"Aulon Maliqi","\u041f\u0440\u043e\u0446\u0435\u045a\u0435\u043d\u043e \u0432\u0440\u0435\u043c\u0435 \u0447\u0438\u0442\u0430\u045a\u0430":"1 \u043c\u0438\u043d\u0443\u0442"},"schema":{"@context":"https:\/\/schema.org","@graph":[{"@type":"WebPage","@id":"https:\/\/president-ksgov.net\/sr\/v-d-predsednice-haxhiu-danas-je-progovorio-ustavni-poredak-kosova-koji-je-porucnik-afrim-bunjaku-branio-do-kraja\/","url":"https:\/\/president-ksgov.net\/sr\/v-d-predsednice-haxhiu-danas-je-progovorio-ustavni-poredak-kosova-koji-je-porucnik-afrim-bunjaku-branio-do-kraja\/","name":"V.d. predsednice Haxhiu: Danas je progovorio ustavni poredak Kosova, koji je poru\u010dnik Afrim Bunjaku branio do kraja - Predsednik Republike Kosovo - DR. VJOSA OSMANI - SADRIU","isPartOf":{"@id":"https:\/\/president-ksgov.net\/#website"},"primaryImageOfPage":{"@id":"https:\/\/president-ksgov.net\/sr\/v-d-predsednice-haxhiu-danas-je-progovorio-ustavni-poredak-kosova-koji-je-porucnik-afrim-bunjaku-branio-do-kraja\/#primaryimage"},"image":{"@id":"https:\/\/president-ksgov.net\/sr\/v-d-predsednice-haxhiu-danas-je-progovorio-ustavni-poredak-kosova-koji-je-porucnik-afrim-bunjaku-branio-do-kraja\/#primaryimage"},"thumbnailUrl":"https:\/\/president-ksgov.net\/wp-content\/uploads\/ZPRK-17.jpg","datePublished":"2026-04-24T14:35:56+00:00","dateModified":"2026-04-30T11:06:50+00:00","author":{"@id":"https:\/\/president-ksgov.net\/#\/schema\/person\/639043365d5873f4c00b9dd2f548fe32"},"description":"V.d. predsednice Haxhiu: Danas je progovorio ustavni poredak Kosova, koji je poru\u010dnik Afrim Bunjaku branio do kraja - Predsednik Republike Kosovo - DR. VJOSA OSMANI - SADRIU - Vesti","breadcrumb":{"@id":"https:\/\/president-ksgov.net\/sr\/v-d-predsednice-haxhiu-danas-je-progovorio-ustavni-poredak-kosova-koji-je-porucnik-afrim-bunjaku-branio-do-kraja\/#breadcrumb"},"inLanguage":"sr-RS","potentialAction":[{"@type":"ReadAction","target":["https:\/\/president-ksgov.net\/sr\/v-d-predsednice-haxhiu-danas-je-progovorio-ustavni-poredak-kosova-koji-je-porucnik-afrim-bunjaku-branio-do-kraja\/"]}]},{"@type":"ImageObject","inLanguage":"sr-RS","@id":"https:\/\/president-ksgov.net\/sr\/v-d-predsednice-haxhiu-danas-je-progovorio-ustavni-poredak-kosova-koji-je-porucnik-afrim-bunjaku-branio-do-kraja\/#primaryimage","url":"https:\/\/president-ksgov.net\/wp-content\/uploads\/ZPRK-17.jpg","contentUrl":"https:\/\/president-ksgov.net\/wp-content\/uploads\/ZPRK-17.jpg","width":2000,"height":1000},{"@type":"BreadcrumbList","@id":"https:\/\/president-ksgov.net\/sr\/v-d-predsednice-haxhiu-danas-je-progovorio-ustavni-poredak-kosova-koji-je-porucnik-afrim-bunjaku-branio-do-kraja\/#breadcrumb","itemListElement":[{"@type":"ListItem","position":1,"name":"Home","item":"https:\/\/president-ksgov.net\/sr\/"},{"@type":"ListItem","position":2,"name":"V.d. predsednice Haxhiu: Danas je progovorio ustavni poredak Kosova, koji je poru\u010dnik Afrim Bunjaku branio do kraja"}]},{"@type":"WebSite","@id":"https:\/\/president-ksgov.net\/#website","url":"https:\/\/president-ksgov.net\/","name":"Presidente e Republik\u00ebs s\u00eb Kosov\u00ebs","description":"Presidente e Republik\u00ebs s\u00eb Kosov\u00ebs","alternateName":"DR. VJOSA OSMANI - SADRIU","potentialAction":[{"@type":"SearchAction","target":{"@type":"EntryPoint","urlTemplate":"https:\/\/president-ksgov.net\/?s={search_term_string}"},"query-input":{"@type":"PropertyValueSpecification","valueRequired":true,"valueName":"search_term_string"}}],"inLanguage":"sr-RS"},{"@type":"Person","@id":"https:\/\/president-ksgov.net\/#\/schema\/person\/639043365d5873f4c00b9dd2f548fe32","name":"Aulon Maliqi","image":{"@type":"ImageObject","inLanguage":"sr-RS","@id":"https:\/\/president-ksgov.net\/#\/schema\/person\/image\/","url":"https:\/\/secure.gravatar.com\/avatar\/25825420648e802b44e5fd098636053cf34adea3bcdf93520be287f818c2ce8b?s=96&d=mm&r=g","contentUrl":"https:\/\/secure.gravatar.com\/avatar\/25825420648e802b44e5fd098636053cf34adea3bcdf93520be287f818c2ce8b?s=96&d=mm&r=g","caption":"Aulon Maliqi"}}]}},"_links":{"self":[{"href":"https:\/\/president-ksgov.net\/sr\/wp-json\/wp\/v2\/posts\/187752","targetHints":{"allow":["GET"]}}],"collection":[{"href":"https:\/\/president-ksgov.net\/sr\/wp-json\/wp\/v2\/posts"}],"about":[{"href":"https:\/\/president-ksgov.net\/sr\/wp-json\/wp\/v2\/types\/post"}],"author":[{"embeddable":true,"href":"https:\/\/president-ksgov.net\/sr\/wp-json\/wp\/v2\/users\/18"}],"replies":[{"embeddable":true,"href":"https:\/\/president-ksgov.net\/sr\/wp-json\/wp\/v2\/comments?post=187752"}],"version-history":[{"count":1,"href":"https:\/\/president-ksgov.net\/sr\/wp-json\/wp\/v2\/posts\/187752\/revisions"}],"predecessor-version":[{"id":187753,"href":"https:\/\/president-ksgov.net\/sr\/wp-json\/wp\/v2\/posts\/187752\/revisions\/187753"}],"wp:featuredmedia":[{"embeddable":true,"href":"https:\/\/president-ksgov.net\/sr\/wp-json\/wp\/v2\/media\/153758"}],"wp:attachment":[{"href":"https:\/\/president-ksgov.net\/sr\/wp-json\/wp\/v2\/media?parent=187752"}],"wp:term":[{"taxonomy":"category","embeddable":true,"href":"https:\/\/president-ksgov.net\/sr\/wp-json\/wp\/v2\/categories?post=187752"},{"taxonomy":"post_tag","embeddable":true,"href":"https:\/\/president-ksgov.net\/sr\/wp-json\/wp\/v2\/tags?post=187752"}],"curies":[{"name":"wp","href":"https:\/\/api.w.org\/{rel}","templated":true}]}}