{"id":187750,"date":"2026-04-27T11:50:37","date_gmt":"2026-04-27T09:50:37","guid":{"rendered":"https:\/\/president-ksgov.net\/?p=187750"},"modified":"2026-04-30T10:14:44","modified_gmt":"2026-04-30T08:14:44","slug":"vd-predsednice-haxhiu-rexhep-qosja-kao-intelektualac-u-odlucujucim-godinama-za-narod-kosova-bio-je-jasan-glas-protiv-represije-protiv-nepravde-i-protiv-pokusaja-negiranja-naseg-nacionalnog-identit","status":"publish","type":"post","link":"https:\/\/president-ksgov.net\/sr\/vd-predsednice-haxhiu-rexhep-qosja-kao-intelektualac-u-odlucujucim-godinama-za-narod-kosova-bio-je-jasan-glas-protiv-represije-protiv-nepravde-i-protiv-pokusaja-negiranja-naseg-nacionalnog-identit\/","title":{"rendered":"VD predsednice Haxhiu: Rexhep Qosja kao intelektualac, u odlu\u010duju\u0107im godinama za narod Kosova, bio je jasan glas protiv represije, protiv nepravde i protiv poku\u0161aja negiranja na\u0161eg nacionalnog identiteta"},"content":{"rendered":"<p>Vr\u0161ilac du\u017enosti predsednice Republike Kosovo, Albulena Haxhiu, danas je u\u010destvovala na posebnoj sednici u znak odavanja po\u010dasti akademiku Rexhep Qosja.<\/p>\n<p>U svom obra\u0107anju, VD predsednice Haxhiu je rekla da danas, na ovoj komemorativnoj sednici, Skup\u0161tina Republike Kosova odaje po\u010dast akademiku Rexhep Qosja kao jednom od ljudi koji su albansku kulturu pretvorili u prostor mi\u0161ljenja, polemike, svesti i istorijske odgovornosti.<\/p>\n<p>\u201eRexhep Qosja je \u017eiveo i stvarao u vremenu kada se od Albanaca stalno tra\u017eilo da dokazuju svoj jezik, istoriju, pripadnost i svoje politi\u010dko pravo. Na to vreme on je odgovorio delima, studijama, polemikama, javnim stavovima i intelektualnom disciplinom koja se retko vi\u0111a u na\u0161em javnom \u017eivotu. On je izgradio svoje mi\u0161ljenje na vrednostima Narodnog preporoda, na evropskom iluministi\u010dkom nasle\u0111u, na humanizmu i na li\u010dnostima koje su Albancima dale istorijski pravac\u201c, rekla je VD predsednice Haxhiu.<\/p>\n<p>Ona je dalje navela da je kao pisac, dokazao da knji\u017eevnost mo\u017ee biti istovremeno umetnost i savest, dodaju\u0107i da je u svojim umetni\u010dkim delima suo\u010dio \u010doveka sa strahom, vla\u0161\u0107u, nepravdom i dilemama na\u0161eg vremena.<\/p>\n<p>\u201eAkademik Qosja je izveo prou\u010davanje albanske knji\u017eevnosti iz okvira uske discipline i povezao ga sa najve\u0107im pitanjem svog vremena: kako se odr\u017eava svest jednog podeljenog, potla\u010denog naroda koji je primoran da brani i jezik, i istoriju, i svoje politi\u010dko pravo. Svojim istra\u017eiva\u010dkim radom, dubokim tuma\u010denjima i novim \u010ditanjem na\u0161ih najva\u017enijih autora, Qosja je u\u010dinio da albanska knji\u017eevnost postane deo velike debate o identitetu, istorijskom kontinuitetu i politi\u010dkom pravu Albanaca\u201c, istakla je VD predsednice Haxhiu.<\/p>\n<p>VD predsednice Haxhiu je dalje rekla da je kao intelektualac, u odlu\u010duju\u0107im godinama za narod Kosova, bio jasan glas protiv represije, protiv nepravde i protiv poku\u0161aja negiranja na\u0161eg nacionalnog identiteta.<\/p>\n<p>\u201eNjegov doprinos se prote\u017ee i na politi\u010dke procese sa kraja pro\u0161log veka, kada je Kosovo tra\u017eilo slobodu i republiku. Rexhep Qosja je stavio svoj intelektualni autoritet u slu\u017ebu tog prava, artikuli\u0161u\u0107i slobodu Kosova kao istorijsko pravo i kao kauza koja je zahtevala me\u0111unarodnu afirmaciju\u201c, naglasila je VD predsednice.<\/p>\n<p>Prema njenim re\u010dima, u kulturnom \u017eivotu Kosova profesor Qosja zauzima mesto onih retkih li\u010dnosti koje prevazilaze institucije i obele\u017eavaju \u010ditavu epohu mi\u0161ljenja.<\/p>\n<p>\u201eAlbanolo\u0161ki institut, Univerzitet u Pri\u0161tini, knji\u017eevnost, pozori\u0161te, film i javna debata nose u temelju njegov rad, hrabrost i prisustvo. Kod Qosja, kultura je imala du\u017enost. Knjiga je imala du\u017enost. Intelektualac je imao du\u017enost. Stoga, njegovo delo je prevazi\u0161lo biblioteku i u\u0161lo u politi\u010dku istoriju Kosova\u201c, rekla je VD predsednice Haxhiu.<\/p>\n<p>Prema njenim re\u010dima, Qosja je pretvorio argument u sredstvo odbrane albanskog identiteta i prava, pre nego \u0161to je to pravo dobilo oblik za politi\u010dkim okruglim stolovima.<\/p>\n<p>\u201eJo\u0161 sedamdesetih godina, u delu \u2018Prore\u0111eni panteon\u2019, on je pisao o re\u010di i \u0107utnji kao eti\u010dkom, politi\u010dkom i intelektualnom pitanju. Kasnije, u polemikama osamdesetih godina, u publicistici devedesetih godina i u intervjuima u kojima je artikulisao pravo Kosova na samoopredeljenje, dokazao je da za albanskog stvaraoca \u0107utanje ne mo\u017ee biti uto\u010di\u0161te u vreme represije. Kod Qosja, re\u010d je bila obaveza prema istini i prema narodu. Godine 1991, u intervjuu za beogradsku \u0161tampu, kada se Jugoslavija raspadala, a Kosovo bilo pod represijom, akademik Qosja je izjavio da \u0107e upornost i odlu\u010dnost albanskog naroda trajati uprkos patnjama, sve dok Kosovo ne ostvari pravo koje mu pripada: pravo na politi\u010dko i teritorijalno samoopredeljenje\u201c, rekla je VD predsednice.<\/p>\n<p>Ona je dalje rekla da akademik Rexhep Qosja nije tra\u017eio po\u010dasti za sebe, ali da Republika ima obavezu da oda po\u010dast onima, koji su svojim delom uva\u017eavali dr\u017eavu i narod.<\/p>\n<p>\u201eSe\u0107anje na njega osta\u0107e tamo gde je on smestio \u010ditavo svoje delo: u albanskoj kulturi, u kriti\u010dkom mi\u0161ljenju, u albanskom jeziku i u politi\u010dkoj i duhovnoj istoriji Kosova\u201c, rekla je VD predsednice Haxhiu.<\/p>\n","protected":false},"excerpt":{"rendered":"<p>Vr\u0161ilac du\u017enosti predsednice Republike Kosovo, Albulena Haxhiu, danas je u\u010destvovala na posebnoj sednici u znak odavanja po\u010dasti akademiku Rexhep Qosja. U svom obra\u0107anju, VD predsednice Haxhiu je rekla da danas, na ovoj komemorativnoj sednici, Skup\u0161tina Republike Kosova odaje po\u010dast akademiku Rexhep Qosja kao jednom od ljudi koji su albansku kulturu pretvorili u prostor mi\u0161ljenja, polemike, svesti i istorijske odgovornosti. \u201eRexhep Qosja je \u017eiveo i stvarao u vremenu kada se od Albanaca stalno tra\u017eilo da dokazuju svoj jezik, istoriju, pripadnost i svoje politi\u010dko pravo. Na to vreme on je odgovorio delima, studijama, polemikama, javnim stavovima i intelektualnom disciplinom koja se retko vi\u0111a u na\u0161em javnom \u017eivotu. On je izgradio svoje mi\u0161ljenje na vrednostima Narodnog preporoda, na evropskom iluministi\u010dkom nasle\u0111u, na humanizmu i na li\u010dnostima koje su Albancima dale istorijski pravac\u201c, rekla je VD predsednice Haxhiu. Ona je dalje navela da je kao pisac, dokazao da knji\u017eevnost mo\u017ee biti istovremeno umetnost i savest, dodaju\u0107i da je u svojim umetni\u010dkim delima suo\u010dio \u010doveka sa strahom, vla\u0161\u0107u, nepravdom i dilemama na\u0161eg vremena. \u201eAkademik Qosja je izveo prou\u010davanje albanske knji\u017eevnosti iz okvira uske discipline i povezao ga sa najve\u0107im pitanjem svog vremena: kako se odr\u017eava svest jednog podeljenog, potla\u010denog naroda koji je primoran da brani i jezik, i istoriju, i svoje politi\u010dko pravo. Svojim istra\u017eiva\u010dkim radom, dubokim tuma\u010denjima i novim \u010ditanjem na\u0161ih najva\u017enijih autora, Qosja je u\u010dinio da albanska knji\u017eevnost postane deo velike debate o identitetu, istorijskom kontinuitetu i politi\u010dkom pravu Albanaca\u201c, istakla je VD predsednice Haxhiu. VD predsednice Haxhiu je dalje rekla da je kao intelektualac, u odlu\u010duju\u0107im godinama za narod Kosova, bio jasan glas protiv represije, protiv nepravde i protiv poku\u0161aja negiranja na\u0161eg nacionalnog identiteta. \u201eNjegov doprinos se prote\u017ee i na politi\u010dke procese sa kraja pro\u0161log veka, kada je Kosovo tra\u017eilo slobodu i republiku. Rexhep Qosja je stavio svoj intelektualni autoritet u slu\u017ebu tog prava, artikuli\u0161u\u0107i slobodu Kosova kao istorijsko pravo i kao kauza koja je zahtevala me\u0111unarodnu afirmaciju\u201c, naglasila je VD predsednice. Prema njenim re\u010dima, u kulturnom \u017eivotu Kosova profesor Qosja zauzima mesto onih retkih li\u010dnosti koje prevazilaze institucije i obele\u017eavaju \u010ditavu epohu mi\u0161ljenja. \u201eAlbanolo\u0161ki institut, Univerzitet u Pri\u0161tini, knji\u017eevnost, pozori\u0161te, film i javna debata nose u temelju njegov rad, hrabrost i prisustvo. Kod Qosja, kultura je imala du\u017enost. Knjiga je imala du\u017enost. Intelektualac je imao du\u017enost. Stoga, njegovo delo je prevazi\u0161lo biblioteku i u\u0161lo u politi\u010dku istoriju Kosova\u201c, rekla je VD predsednice Haxhiu. Prema njenim re\u010dima, Qosja je pretvorio argument u sredstvo odbrane albanskog identiteta i prava, pre nego \u0161to je to pravo dobilo oblik za politi\u010dkim okruglim stolovima. \u201eJo\u0161 sedamdesetih godina, u delu \u2018Prore\u0111eni panteon\u2019, on je pisao o re\u010di i \u0107utnji kao eti\u010dkom, politi\u010dkom i intelektualnom pitanju. Kasnije, u polemikama osamdesetih godina, u publicistici devedesetih godina i u intervjuima u kojima je artikulisao pravo Kosova na samoopredeljenje, dokazao je da za albanskog stvaraoca \u0107utanje ne mo\u017ee biti uto\u010di\u0161te u vreme represije. Kod Qosja, re\u010d je bila obaveza prema istini i prema narodu. Godine 1991, u intervjuu za beogradsku \u0161tampu, kada se Jugoslavija raspadala, a Kosovo bilo pod represijom, akademik Qosja je izjavio da \u0107e upornost i odlu\u010dnost albanskog naroda trajati uprkos patnjama, sve dok Kosovo ne ostvari pravo koje mu pripada: pravo na politi\u010dko i teritorijalno samoopredeljenje\u201c, rekla je VD predsednice. Ona je dalje rekla da akademik Rexhep Qosja nije tra\u017eio po\u010dasti za sebe, ali da Republika ima obavezu da oda po\u010dast onima, koji su svojim delom uva\u017eavali dr\u017eavu i narod. \u201eSe\u0107anje na njega osta\u0107e tamo gde je on smestio \u010ditavo svoje delo: u albanskoj kulturi, u kriti\u010dkom mi\u0161ljenju, u albanskom jeziku i u politi\u010dkoj i duhovnoj istoriji Kosova\u201c, rekla je VD predsednice Haxhiu.<\/p>\n","protected":false},"author":18,"featured_media":187610,"comment_status":"closed","ping_status":"closed","sticky":false,"template":"","format":"standard","meta":{"_eb_attr":"","footnotes":""},"categories":[101],"tags":[],"class_list":["post-187750","post","type-post","status-publish","format-standard","has-post-thumbnail","hentry","category-vesti"],"yoast_head":"<!-- This site is optimized with the Yoast SEO plugin v23.5 - https:\/\/yoast.com\/wordpress\/plugins\/seo\/ -->\n<title>VD predsednice Haxhiu: Rexhep Qosja kao intelektualac, u odlu\u010duju\u0107im godinama za narod Kosova, bio je jasan glas protiv represije, protiv nepravde i protiv poku\u0161aja negiranja na\u0161eg nacionalnog identiteta - Predsednik Republike Kosovo - DR. VJOSA OSMANI - SADRIU<\/title>\n<meta name=\"description\" content=\"VD predsednice Haxhiu: Rexhep Qosja kao intelektualac, u odlu\u010duju\u0107im godinama za narod Kosova, bio je jasan glas protiv represije, protiv nepravde i protiv poku\u0161aja negiranja na\u0161eg nacionalnog identiteta - Predsednik Republike Kosovo - DR. VJOSA OSMANI - SADRIU - Vesti\" \/>\n<meta name=\"robots\" content=\"index, follow, max-snippet:-1, max-image-preview:large, max-video-preview:-1\" \/>\n<link rel=\"canonical\" href=\"https:\/\/president-ksgov.net\/sr\/vd-predsednice-haxhiu-rexhep-qosja-kao-intelektualac-u-odlucujucim-godinama-za-narod-kosova-bio-je-jasan-glas-protiv-represije-protiv-nepravde-i-protiv-pokusaja-negiranja-naseg-nacionalnog-identit\/\" \/>\n<meta property=\"og:locale\" content=\"sr_RS\" \/>\n<meta property=\"og:type\" content=\"article\" \/>\n<meta property=\"og:title\" content=\"VD predsednice Haxhiu: Rexhep Qosja kao intelektualac, u odlu\u010duju\u0107im godinama za narod Kosova, bio je jasan glas protiv represije, protiv nepravde i protiv poku\u0161aja negiranja na\u0161eg nacionalnog identiteta - Predsednik Republike Kosovo - DR. VJOSA OSMANI - SADRIU\" \/>\n<meta property=\"og:description\" content=\"VD predsednice Haxhiu: Rexhep Qosja kao intelektualac, u odlu\u010duju\u0107im godinama za narod Kosova, bio je jasan glas protiv represije, protiv nepravde i protiv poku\u0161aja negiranja na\u0161eg nacionalnog identiteta - Predsednik Republike Kosovo - DR. VJOSA OSMANI - SADRIU - Vesti\" \/>\n<meta property=\"og:url\" content=\"https:\/\/president-ksgov.net\/sr\/vd-predsednice-haxhiu-rexhep-qosja-kao-intelektualac-u-odlucujucim-godinama-za-narod-kosova-bio-je-jasan-glas-protiv-represije-protiv-nepravde-i-protiv-pokusaja-negiranja-naseg-nacionalnog-identit\/\" \/>\n<meta property=\"og:site_name\" content=\"Predsednik Republike Kosovo - DR. VJOSA OSMANI - SADRIU\" \/>\n<meta property=\"article:published_time\" content=\"2026-04-27T09:50:37+00:00\" \/>\n<meta property=\"article:modified_time\" content=\"2026-04-30T08:14:44+00:00\" \/>\n<meta property=\"og:image\" content=\"https:\/\/president-ksgov.net\/wp-content\/uploads\/27.04.26-1.jpg\" \/>\n\t<meta property=\"og:image:width\" content=\"1600\" \/>\n\t<meta property=\"og:image:height\" content=\"1066\" \/>\n\t<meta property=\"og:image:type\" content=\"image\/jpeg\" \/>\n<meta name=\"author\" content=\"Aulon Maliqi\" \/>\n<meta name=\"twitter:card\" content=\"summary_large_image\" \/>\n<meta name=\"twitter:label1\" content=\"\u041d\u0430\u043f\u0438\u0441\u0430\u043d\u043e \u043e\u0434\" \/>\n\t<meta name=\"twitter:data1\" content=\"Aulon Maliqi\" \/>\n\t<meta name=\"twitter:label2\" content=\"\u041f\u0440\u043e\u0446\u0435\u045a\u0435\u043d\u043e \u0432\u0440\u0435\u043c\u0435 \u0447\u0438\u0442\u0430\u045a\u0430\" \/>\n\t<meta name=\"twitter:data2\" content=\"4 \u043c\u0438\u043d\u0443\u0442\u0430\" \/>\n<script type=\"application\/ld+json\" class=\"yoast-schema-graph\">{\"@context\":\"https:\/\/schema.org\",\"@graph\":[{\"@type\":\"WebPage\",\"@id\":\"https:\/\/president-ksgov.net\/sr\/vd-predsednice-haxhiu-rexhep-qosja-kao-intelektualac-u-odlucujucim-godinama-za-narod-kosova-bio-je-jasan-glas-protiv-represije-protiv-nepravde-i-protiv-pokusaja-negiranja-naseg-nacionalnog-identit\/\",\"url\":\"https:\/\/president-ksgov.net\/sr\/vd-predsednice-haxhiu-rexhep-qosja-kao-intelektualac-u-odlucujucim-godinama-za-narod-kosova-bio-je-jasan-glas-protiv-represije-protiv-nepravde-i-protiv-pokusaja-negiranja-naseg-nacionalnog-identit\/\",\"name\":\"VD predsednice Haxhiu: Rexhep Qosja kao intelektualac, u odlu\u010duju\u0107im godinama za narod Kosova, bio je jasan glas protiv represije, protiv nepravde i protiv poku\u0161aja negiranja na\u0161eg nacionalnog identiteta - Predsednik Republike Kosovo - DR. VJOSA OSMANI - SADRIU\",\"isPartOf\":{\"@id\":\"https:\/\/president-ksgov.net\/#website\"},\"primaryImageOfPage\":{\"@id\":\"https:\/\/president-ksgov.net\/sr\/vd-predsednice-haxhiu-rexhep-qosja-kao-intelektualac-u-odlucujucim-godinama-za-narod-kosova-bio-je-jasan-glas-protiv-represije-protiv-nepravde-i-protiv-pokusaja-negiranja-naseg-nacionalnog-identit\/#primaryimage\"},\"image\":{\"@id\":\"https:\/\/president-ksgov.net\/sr\/vd-predsednice-haxhiu-rexhep-qosja-kao-intelektualac-u-odlucujucim-godinama-za-narod-kosova-bio-je-jasan-glas-protiv-represije-protiv-nepravde-i-protiv-pokusaja-negiranja-naseg-nacionalnog-identit\/#primaryimage\"},\"thumbnailUrl\":\"https:\/\/president-ksgov.net\/wp-content\/uploads\/27.04.26-1.jpg\",\"datePublished\":\"2026-04-27T09:50:37+00:00\",\"dateModified\":\"2026-04-30T08:14:44+00:00\",\"author\":{\"@id\":\"https:\/\/president-ksgov.net\/#\/schema\/person\/639043365d5873f4c00b9dd2f548fe32\"},\"description\":\"VD predsednice Haxhiu: Rexhep Qosja kao intelektualac, u odlu\u010duju\u0107im godinama za narod Kosova, bio je jasan glas protiv represije, protiv nepravde i protiv poku\u0161aja negiranja na\u0161eg nacionalnog identiteta - Predsednik Republike Kosovo - DR. VJOSA OSMANI - SADRIU - Vesti\",\"breadcrumb\":{\"@id\":\"https:\/\/president-ksgov.net\/sr\/vd-predsednice-haxhiu-rexhep-qosja-kao-intelektualac-u-odlucujucim-godinama-za-narod-kosova-bio-je-jasan-glas-protiv-represije-protiv-nepravde-i-protiv-pokusaja-negiranja-naseg-nacionalnog-identit\/#breadcrumb\"},\"inLanguage\":\"sr-RS\",\"potentialAction\":[{\"@type\":\"ReadAction\",\"target\":[\"https:\/\/president-ksgov.net\/sr\/vd-predsednice-haxhiu-rexhep-qosja-kao-intelektualac-u-odlucujucim-godinama-za-narod-kosova-bio-je-jasan-glas-protiv-represije-protiv-nepravde-i-protiv-pokusaja-negiranja-naseg-nacionalnog-identit\/\"]}]},{\"@type\":\"ImageObject\",\"inLanguage\":\"sr-RS\",\"@id\":\"https:\/\/president-ksgov.net\/sr\/vd-predsednice-haxhiu-rexhep-qosja-kao-intelektualac-u-odlucujucim-godinama-za-narod-kosova-bio-je-jasan-glas-protiv-represije-protiv-nepravde-i-protiv-pokusaja-negiranja-naseg-nacionalnog-identit\/#primaryimage\",\"url\":\"https:\/\/president-ksgov.net\/wp-content\/uploads\/27.04.26-1.jpg\",\"contentUrl\":\"https:\/\/president-ksgov.net\/wp-content\/uploads\/27.04.26-1.jpg\",\"width\":1600,\"height\":1066},{\"@type\":\"BreadcrumbList\",\"@id\":\"https:\/\/president-ksgov.net\/sr\/vd-predsednice-haxhiu-rexhep-qosja-kao-intelektualac-u-odlucujucim-godinama-za-narod-kosova-bio-je-jasan-glas-protiv-represije-protiv-nepravde-i-protiv-pokusaja-negiranja-naseg-nacionalnog-identit\/#breadcrumb\",\"itemListElement\":[{\"@type\":\"ListItem\",\"position\":1,\"name\":\"Home\",\"item\":\"https:\/\/president-ksgov.net\/sr\/\"},{\"@type\":\"ListItem\",\"position\":2,\"name\":\"VD predsednice Haxhiu: Rexhep Qosja kao intelektualac, u odlu\u010duju\u0107im godinama za narod Kosova, bio je jasan glas protiv represije, protiv nepravde i protiv poku\u0161aja negiranja na\u0161eg nacionalnog identiteta\"}]},{\"@type\":\"WebSite\",\"@id\":\"https:\/\/president-ksgov.net\/#website\",\"url\":\"https:\/\/president-ksgov.net\/\",\"name\":\"Presidente e Republik\u00ebs s\u00eb Kosov\u00ebs\",\"description\":\"Presidente e Republik\u00ebs s\u00eb Kosov\u00ebs\",\"alternateName\":\"DR. VJOSA OSMANI - SADRIU\",\"potentialAction\":[{\"@type\":\"SearchAction\",\"target\":{\"@type\":\"EntryPoint\",\"urlTemplate\":\"https:\/\/president-ksgov.net\/?s={search_term_string}\"},\"query-input\":{\"@type\":\"PropertyValueSpecification\",\"valueRequired\":true,\"valueName\":\"search_term_string\"}}],\"inLanguage\":\"sr-RS\"},{\"@type\":\"Person\",\"@id\":\"https:\/\/president-ksgov.net\/#\/schema\/person\/639043365d5873f4c00b9dd2f548fe32\",\"name\":\"Aulon Maliqi\",\"image\":{\"@type\":\"ImageObject\",\"inLanguage\":\"sr-RS\",\"@id\":\"https:\/\/president-ksgov.net\/#\/schema\/person\/image\/\",\"url\":\"https:\/\/secure.gravatar.com\/avatar\/25825420648e802b44e5fd098636053cf34adea3bcdf93520be287f818c2ce8b?s=96&d=mm&r=g\",\"contentUrl\":\"https:\/\/secure.gravatar.com\/avatar\/25825420648e802b44e5fd098636053cf34adea3bcdf93520be287f818c2ce8b?s=96&d=mm&r=g\",\"caption\":\"Aulon Maliqi\"}}]}<\/script>\n<!-- \/ Yoast SEO plugin. -->","yoast_head_json":{"title":"VD predsednice Haxhiu: Rexhep Qosja kao intelektualac, u odlu\u010duju\u0107im godinama za narod Kosova, bio je jasan glas protiv represije, protiv nepravde i protiv poku\u0161aja negiranja na\u0161eg nacionalnog identiteta - Predsednik Republike Kosovo - DR. VJOSA OSMANI - SADRIU","description":"VD predsednice Haxhiu: Rexhep Qosja kao intelektualac, u odlu\u010duju\u0107im godinama za narod Kosova, bio je jasan glas protiv represije, protiv nepravde i protiv poku\u0161aja negiranja na\u0161eg nacionalnog identiteta - Predsednik Republike Kosovo - DR. VJOSA OSMANI - SADRIU - Vesti","robots":{"index":"index","follow":"follow","max-snippet":"max-snippet:-1","max-image-preview":"max-image-preview:large","max-video-preview":"max-video-preview:-1"},"canonical":"https:\/\/president-ksgov.net\/sr\/vd-predsednice-haxhiu-rexhep-qosja-kao-intelektualac-u-odlucujucim-godinama-za-narod-kosova-bio-je-jasan-glas-protiv-represije-protiv-nepravde-i-protiv-pokusaja-negiranja-naseg-nacionalnog-identit\/","og_locale":"sr_RS","og_type":"article","og_title":"VD predsednice Haxhiu: Rexhep Qosja kao intelektualac, u odlu\u010duju\u0107im godinama za narod Kosova, bio je jasan glas protiv represije, protiv nepravde i protiv poku\u0161aja negiranja na\u0161eg nacionalnog identiteta - Predsednik Republike Kosovo - DR. VJOSA OSMANI - SADRIU","og_description":"VD predsednice Haxhiu: Rexhep Qosja kao intelektualac, u odlu\u010duju\u0107im godinama za narod Kosova, bio je jasan glas protiv represije, protiv nepravde i protiv poku\u0161aja negiranja na\u0161eg nacionalnog identiteta - Predsednik Republike Kosovo - DR. VJOSA OSMANI - SADRIU - Vesti","og_url":"https:\/\/president-ksgov.net\/sr\/vd-predsednice-haxhiu-rexhep-qosja-kao-intelektualac-u-odlucujucim-godinama-za-narod-kosova-bio-je-jasan-glas-protiv-represije-protiv-nepravde-i-protiv-pokusaja-negiranja-naseg-nacionalnog-identit\/","og_site_name":"Predsednik Republike Kosovo - DR. VJOSA OSMANI - SADRIU","article_published_time":"2026-04-27T09:50:37+00:00","article_modified_time":"2026-04-30T08:14:44+00:00","og_image":[{"width":1600,"height":1066,"url":"https:\/\/president-ksgov.net\/wp-content\/uploads\/27.04.26-1.jpg","type":"image\/jpeg"}],"author":"Aulon Maliqi","twitter_card":"summary_large_image","twitter_misc":{"\u041d\u0430\u043f\u0438\u0441\u0430\u043d\u043e \u043e\u0434":"Aulon Maliqi","\u041f\u0440\u043e\u0446\u0435\u045a\u0435\u043d\u043e \u0432\u0440\u0435\u043c\u0435 \u0447\u0438\u0442\u0430\u045a\u0430":"4 \u043c\u0438\u043d\u0443\u0442\u0430"},"schema":{"@context":"https:\/\/schema.org","@graph":[{"@type":"WebPage","@id":"https:\/\/president-ksgov.net\/sr\/vd-predsednice-haxhiu-rexhep-qosja-kao-intelektualac-u-odlucujucim-godinama-za-narod-kosova-bio-je-jasan-glas-protiv-represije-protiv-nepravde-i-protiv-pokusaja-negiranja-naseg-nacionalnog-identit\/","url":"https:\/\/president-ksgov.net\/sr\/vd-predsednice-haxhiu-rexhep-qosja-kao-intelektualac-u-odlucujucim-godinama-za-narod-kosova-bio-je-jasan-glas-protiv-represije-protiv-nepravde-i-protiv-pokusaja-negiranja-naseg-nacionalnog-identit\/","name":"VD predsednice Haxhiu: Rexhep Qosja kao intelektualac, u odlu\u010duju\u0107im godinama za narod Kosova, bio je jasan glas protiv represije, protiv nepravde i protiv poku\u0161aja negiranja na\u0161eg nacionalnog identiteta - Predsednik Republike Kosovo - DR. VJOSA OSMANI - SADRIU","isPartOf":{"@id":"https:\/\/president-ksgov.net\/#website"},"primaryImageOfPage":{"@id":"https:\/\/president-ksgov.net\/sr\/vd-predsednice-haxhiu-rexhep-qosja-kao-intelektualac-u-odlucujucim-godinama-za-narod-kosova-bio-je-jasan-glas-protiv-represije-protiv-nepravde-i-protiv-pokusaja-negiranja-naseg-nacionalnog-identit\/#primaryimage"},"image":{"@id":"https:\/\/president-ksgov.net\/sr\/vd-predsednice-haxhiu-rexhep-qosja-kao-intelektualac-u-odlucujucim-godinama-za-narod-kosova-bio-je-jasan-glas-protiv-represije-protiv-nepravde-i-protiv-pokusaja-negiranja-naseg-nacionalnog-identit\/#primaryimage"},"thumbnailUrl":"https:\/\/president-ksgov.net\/wp-content\/uploads\/27.04.26-1.jpg","datePublished":"2026-04-27T09:50:37+00:00","dateModified":"2026-04-30T08:14:44+00:00","author":{"@id":"https:\/\/president-ksgov.net\/#\/schema\/person\/639043365d5873f4c00b9dd2f548fe32"},"description":"VD predsednice Haxhiu: Rexhep Qosja kao intelektualac, u odlu\u010duju\u0107im godinama za narod Kosova, bio je jasan glas protiv represije, protiv nepravde i protiv poku\u0161aja negiranja na\u0161eg nacionalnog identiteta - Predsednik Republike Kosovo - DR. VJOSA OSMANI - SADRIU - Vesti","breadcrumb":{"@id":"https:\/\/president-ksgov.net\/sr\/vd-predsednice-haxhiu-rexhep-qosja-kao-intelektualac-u-odlucujucim-godinama-za-narod-kosova-bio-je-jasan-glas-protiv-represije-protiv-nepravde-i-protiv-pokusaja-negiranja-naseg-nacionalnog-identit\/#breadcrumb"},"inLanguage":"sr-RS","potentialAction":[{"@type":"ReadAction","target":["https:\/\/president-ksgov.net\/sr\/vd-predsednice-haxhiu-rexhep-qosja-kao-intelektualac-u-odlucujucim-godinama-za-narod-kosova-bio-je-jasan-glas-protiv-represije-protiv-nepravde-i-protiv-pokusaja-negiranja-naseg-nacionalnog-identit\/"]}]},{"@type":"ImageObject","inLanguage":"sr-RS","@id":"https:\/\/president-ksgov.net\/sr\/vd-predsednice-haxhiu-rexhep-qosja-kao-intelektualac-u-odlucujucim-godinama-za-narod-kosova-bio-je-jasan-glas-protiv-represije-protiv-nepravde-i-protiv-pokusaja-negiranja-naseg-nacionalnog-identit\/#primaryimage","url":"https:\/\/president-ksgov.net\/wp-content\/uploads\/27.04.26-1.jpg","contentUrl":"https:\/\/president-ksgov.net\/wp-content\/uploads\/27.04.26-1.jpg","width":1600,"height":1066},{"@type":"BreadcrumbList","@id":"https:\/\/president-ksgov.net\/sr\/vd-predsednice-haxhiu-rexhep-qosja-kao-intelektualac-u-odlucujucim-godinama-za-narod-kosova-bio-je-jasan-glas-protiv-represije-protiv-nepravde-i-protiv-pokusaja-negiranja-naseg-nacionalnog-identit\/#breadcrumb","itemListElement":[{"@type":"ListItem","position":1,"name":"Home","item":"https:\/\/president-ksgov.net\/sr\/"},{"@type":"ListItem","position":2,"name":"VD predsednice Haxhiu: Rexhep Qosja kao intelektualac, u odlu\u010duju\u0107im godinama za narod Kosova, bio je jasan glas protiv represije, protiv nepravde i protiv poku\u0161aja negiranja na\u0161eg nacionalnog identiteta"}]},{"@type":"WebSite","@id":"https:\/\/president-ksgov.net\/#website","url":"https:\/\/president-ksgov.net\/","name":"Presidente e Republik\u00ebs s\u00eb Kosov\u00ebs","description":"Presidente e Republik\u00ebs s\u00eb Kosov\u00ebs","alternateName":"DR. VJOSA OSMANI - SADRIU","potentialAction":[{"@type":"SearchAction","target":{"@type":"EntryPoint","urlTemplate":"https:\/\/president-ksgov.net\/?s={search_term_string}"},"query-input":{"@type":"PropertyValueSpecification","valueRequired":true,"valueName":"search_term_string"}}],"inLanguage":"sr-RS"},{"@type":"Person","@id":"https:\/\/president-ksgov.net\/#\/schema\/person\/639043365d5873f4c00b9dd2f548fe32","name":"Aulon Maliqi","image":{"@type":"ImageObject","inLanguage":"sr-RS","@id":"https:\/\/president-ksgov.net\/#\/schema\/person\/image\/","url":"https:\/\/secure.gravatar.com\/avatar\/25825420648e802b44e5fd098636053cf34adea3bcdf93520be287f818c2ce8b?s=96&d=mm&r=g","contentUrl":"https:\/\/secure.gravatar.com\/avatar\/25825420648e802b44e5fd098636053cf34adea3bcdf93520be287f818c2ce8b?s=96&d=mm&r=g","caption":"Aulon Maliqi"}}]}},"_links":{"self":[{"href":"https:\/\/president-ksgov.net\/sr\/wp-json\/wp\/v2\/posts\/187750","targetHints":{"allow":["GET"]}}],"collection":[{"href":"https:\/\/president-ksgov.net\/sr\/wp-json\/wp\/v2\/posts"}],"about":[{"href":"https:\/\/president-ksgov.net\/sr\/wp-json\/wp\/v2\/types\/post"}],"author":[{"embeddable":true,"href":"https:\/\/president-ksgov.net\/sr\/wp-json\/wp\/v2\/users\/18"}],"replies":[{"embeddable":true,"href":"https:\/\/president-ksgov.net\/sr\/wp-json\/wp\/v2\/comments?post=187750"}],"version-history":[{"count":1,"href":"https:\/\/president-ksgov.net\/sr\/wp-json\/wp\/v2\/posts\/187750\/revisions"}],"predecessor-version":[{"id":187751,"href":"https:\/\/president-ksgov.net\/sr\/wp-json\/wp\/v2\/posts\/187750\/revisions\/187751"}],"wp:featuredmedia":[{"embeddable":true,"href":"https:\/\/president-ksgov.net\/sr\/wp-json\/wp\/v2\/media\/187610"}],"wp:attachment":[{"href":"https:\/\/president-ksgov.net\/sr\/wp-json\/wp\/v2\/media?parent=187750"}],"wp:term":[{"taxonomy":"category","embeddable":true,"href":"https:\/\/president-ksgov.net\/sr\/wp-json\/wp\/v2\/categories?post=187750"},{"taxonomy":"post_tag","embeddable":true,"href":"https:\/\/president-ksgov.net\/sr\/wp-json\/wp\/v2\/tags?post=187750"}],"curies":[{"name":"wp","href":"https:\/\/api.w.org\/{rel}","templated":true}]}}