{"id":187645,"date":"2026-04-27T15:07:33","date_gmt":"2026-04-27T13:07:33","guid":{"rendered":"https:\/\/president-ksgov.net\/?p=187645"},"modified":"2026-04-28T11:36:55","modified_gmt":"2026-04-28T09:36:55","slug":"v-d-predsednice-haxhiu-27-aprila-1999-godine-u-meji-i-korenici-pocinjen-je-jedan-od-najtezih-masakra-tokom-poslednjeg-rata-na-kosovu","status":"publish","type":"post","link":"https:\/\/president-ksgov.net\/sr\/v-d-predsednice-haxhiu-27-aprila-1999-godine-u-meji-i-korenici-pocinjen-je-jedan-od-najtezih-masakra-tokom-poslednjeg-rata-na-kosovu\/","title":{"rendered":"V.d. predsednice Haxhiu: 27. aprila 1999. godine, u Meji i Korenici, po\u010dinjen je jedan od najte\u017eih masakra tokom poslednjeg rata na Kosovu"},"content":{"rendered":"<p>V.d. predsednice Republike Kosovo, Albulena Haxhiu, odala je danas po\u010dast u Spomen-obele\u017eju u Meji.<\/p>\n<p>V.d. predsednice Haxhiu je ovom prilikom rekla da je 27. aprila 1999. godine, pre 27 godina, u Meji i Korenici po\u010dinjen jedan od najte\u017eih masakra tokom poslednjeg rata na Kosovu.<\/p>\n<p>\u201eUbijeno je 376 nenaoru\u017eanih albanskih civila i da bi se sakrili tragovi zlo\u010dina, preme\u0161teni su u masovne grobnice u Srbiji, u Batajnici, Rudnici i drugim mestima\u201c, naglasila je v.d. predsednice Haxhiu.<\/p>\n<p>Dalje, ona je rekla da danas odajemo po\u010dast i se\u0107amo se 376 mu\u010denika ovih masakra, danas po\u0161tujemo i sec\u0301amo se i majke Pashke, majke koja se \u017ertvovala, odnosno okon\u010dala svoj \u017eivot nakon ponovnog sahranjivanja njena dva sina. Danas tako\u0111e odajemo po\u010dast doprinosu, \u017ertvi i otporu majki \u0110akovice, kao i svih majki koje su izgubile svoje voljene tokom rata.<\/p>\n<p>\u201eU ovom slu\u010daju, kao \u0161to vam je poznato, pre dve i po godine podignuta je optu\u017enica protiv preko 50 ljudi zbog ovog velikog masakra\u201c, rekla je v.d. predsednice Haxhiu, pozivaju\u0107i \u201einstitucije pravosu\u0111a da se brzo pozabave ovim masakrom, koji je, kako sam pomenula, jedan od najozbiljnijih masakra tokom poslednjeg rata na Kosovu, ali i da se pozabave odgovorno\u0161\u0107u u vezi sa brojnim zlo\u010dinima koje je Srbija po\u010dinila na Kosovu\u201c, rekla je v.d. predsednice Haxhiu.<\/p>\n","protected":false},"excerpt":{"rendered":"<p>V.d. predsednice Republike Kosovo, Albulena Haxhiu, odala je danas po\u010dast u Spomen-obele\u017eju u Meji. V.d. predsednice Haxhiu je ovom prilikom rekla da je 27. aprila 1999. godine, pre 27 godina, u Meji i Korenici po\u010dinjen jedan od najte\u017eih masakra tokom poslednjeg rata na Kosovu. \u201eUbijeno je 376 nenaoru\u017eanih albanskih civila i da bi se sakrili tragovi zlo\u010dina, preme\u0161teni su u masovne grobnice u Srbiji, u Batajnici, Rudnici i drugim mestima\u201c, naglasila je v.d. predsednice Haxhiu. Dalje, ona je rekla da danas odajemo po\u010dast i se\u0107amo se 376 mu\u010denika ovih masakra, danas po\u0161tujemo i sec\u0301amo se i majke Pashke, majke koja se \u017ertvovala, odnosno okon\u010dala svoj \u017eivot nakon ponovnog sahranjivanja njena dva sina. Danas tako\u0111e odajemo po\u010dast doprinosu, \u017ertvi i otporu majki \u0110akovice, kao i svih majki koje su izgubile svoje voljene tokom rata. \u201eU ovom slu\u010daju, kao \u0161to vam je poznato, pre dve i po godine podignuta je optu\u017enica protiv preko 50 ljudi zbog ovog velikog masakra\u201c, rekla je v.d. predsednice Haxhiu, pozivaju\u0107i \u201einstitucije pravosu\u0111a da se brzo pozabave ovim masakrom, koji je, kako sam pomenula, jedan od najozbiljnijih masakra tokom poslednjeg rata na Kosovu, ali i da se pozabave odgovorno\u0161\u0107u u vezi sa brojnim zlo\u010dinima koje je Srbija po\u010dinila na Kosovu\u201c, rekla je v.d. predsednice Haxhiu.<\/p>\n","protected":false},"author":18,"featured_media":187618,"comment_status":"closed","ping_status":"closed","sticky":false,"template":"","format":"standard","meta":{"_eb_attr":"","footnotes":""},"categories":[101],"tags":[],"class_list":["post-187645","post","type-post","status-publish","format-standard","has-post-thumbnail","hentry","category-vesti"],"yoast_head":"<!-- This site is optimized with the Yoast SEO plugin v23.5 - https:\/\/yoast.com\/wordpress\/plugins\/seo\/ -->\n<title>V.d. predsednice Haxhiu: 27. aprila 1999. godine, u Meji i Korenici, po\u010dinjen je jedan od najte\u017eih masakra tokom poslednjeg rata na Kosovu - Predsednik Republike Kosovo - DR. VJOSA OSMANI - SADRIU<\/title>\n<meta name=\"description\" content=\"V.d. predsednice Haxhiu: 27. aprila 1999. godine, u Meji i Korenici, po\u010dinjen je jedan od najte\u017eih masakra tokom poslednjeg rata na Kosovu - Predsednik Republike Kosovo - DR. VJOSA OSMANI - SADRIU - Vesti\" \/>\n<meta name=\"robots\" content=\"index, follow, max-snippet:-1, max-image-preview:large, max-video-preview:-1\" \/>\n<link rel=\"canonical\" href=\"https:\/\/president-ksgov.net\/sr\/v-d-predsednice-haxhiu-27-aprila-1999-godine-u-meji-i-korenici-pocinjen-je-jedan-od-najtezih-masakra-tokom-poslednjeg-rata-na-kosovu\/\" \/>\n<meta property=\"og:locale\" content=\"sr_RS\" \/>\n<meta property=\"og:type\" content=\"article\" \/>\n<meta property=\"og:title\" content=\"V.d. predsednice Haxhiu: 27. aprila 1999. godine, u Meji i Korenici, po\u010dinjen je jedan od najte\u017eih masakra tokom poslednjeg rata na Kosovu - Predsednik Republike Kosovo - DR. VJOSA OSMANI - SADRIU\" \/>\n<meta property=\"og:description\" content=\"V.d. predsednice Haxhiu: 27. aprila 1999. godine, u Meji i Korenici, po\u010dinjen je jedan od najte\u017eih masakra tokom poslednjeg rata na Kosovu - Predsednik Republike Kosovo - DR. VJOSA OSMANI - SADRIU - Vesti\" \/>\n<meta property=\"og:url\" content=\"https:\/\/president-ksgov.net\/sr\/v-d-predsednice-haxhiu-27-aprila-1999-godine-u-meji-i-korenici-pocinjen-je-jedan-od-najtezih-masakra-tokom-poslednjeg-rata-na-kosovu\/\" \/>\n<meta property=\"og:site_name\" content=\"Predsednik Republike Kosovo - DR. VJOSA OSMANI - SADRIU\" \/>\n<meta property=\"article:published_time\" content=\"2026-04-27T13:07:33+00:00\" \/>\n<meta property=\"article:modified_time\" content=\"2026-04-28T09:36:55+00:00\" \/>\n<meta property=\"og:image\" content=\"https:\/\/president-ksgov.net\/wp-content\/uploads\/27.04.2026-2.jpg\" \/>\n\t<meta property=\"og:image:width\" content=\"1600\" \/>\n\t<meta property=\"og:image:height\" content=\"1066\" \/>\n\t<meta property=\"og:image:type\" content=\"image\/jpeg\" \/>\n<meta name=\"author\" content=\"Aulon Maliqi\" \/>\n<meta name=\"twitter:card\" content=\"summary_large_image\" \/>\n<meta name=\"twitter:label1\" content=\"\u041d\u0430\u043f\u0438\u0441\u0430\u043d\u043e \u043e\u0434\" \/>\n\t<meta name=\"twitter:data1\" content=\"Aulon Maliqi\" \/>\n\t<meta name=\"twitter:label2\" content=\"\u041f\u0440\u043e\u0446\u0435\u045a\u0435\u043d\u043e \u0432\u0440\u0435\u043c\u0435 \u0447\u0438\u0442\u0430\u045a\u0430\" \/>\n\t<meta name=\"twitter:data2\" content=\"2 \u043c\u0438\u043d\u0443\u0442\u0430\" \/>\n<script type=\"application\/ld+json\" class=\"yoast-schema-graph\">{\"@context\":\"https:\/\/schema.org\",\"@graph\":[{\"@type\":\"WebPage\",\"@id\":\"https:\/\/president-ksgov.net\/sr\/v-d-predsednice-haxhiu-27-aprila-1999-godine-u-meji-i-korenici-pocinjen-je-jedan-od-najtezih-masakra-tokom-poslednjeg-rata-na-kosovu\/\",\"url\":\"https:\/\/president-ksgov.net\/sr\/v-d-predsednice-haxhiu-27-aprila-1999-godine-u-meji-i-korenici-pocinjen-je-jedan-od-najtezih-masakra-tokom-poslednjeg-rata-na-kosovu\/\",\"name\":\"V.d. predsednice Haxhiu: 27. aprila 1999. godine, u Meji i Korenici, po\u010dinjen je jedan od najte\u017eih masakra tokom poslednjeg rata na Kosovu - Predsednik Republike Kosovo - DR. VJOSA OSMANI - SADRIU\",\"isPartOf\":{\"@id\":\"https:\/\/president-ksgov.net\/#website\"},\"primaryImageOfPage\":{\"@id\":\"https:\/\/president-ksgov.net\/sr\/v-d-predsednice-haxhiu-27-aprila-1999-godine-u-meji-i-korenici-pocinjen-je-jedan-od-najtezih-masakra-tokom-poslednjeg-rata-na-kosovu\/#primaryimage\"},\"image\":{\"@id\":\"https:\/\/president-ksgov.net\/sr\/v-d-predsednice-haxhiu-27-aprila-1999-godine-u-meji-i-korenici-pocinjen-je-jedan-od-najtezih-masakra-tokom-poslednjeg-rata-na-kosovu\/#primaryimage\"},\"thumbnailUrl\":\"https:\/\/president-ksgov.net\/wp-content\/uploads\/27.04.2026-2.jpg\",\"datePublished\":\"2026-04-27T13:07:33+00:00\",\"dateModified\":\"2026-04-28T09:36:55+00:00\",\"author\":{\"@id\":\"https:\/\/president-ksgov.net\/#\/schema\/person\/639043365d5873f4c00b9dd2f548fe32\"},\"description\":\"V.d. predsednice Haxhiu: 27. aprila 1999. godine, u Meji i Korenici, po\u010dinjen je jedan od najte\u017eih masakra tokom poslednjeg rata na Kosovu - Predsednik Republike Kosovo - DR. VJOSA OSMANI - SADRIU - Vesti\",\"breadcrumb\":{\"@id\":\"https:\/\/president-ksgov.net\/sr\/v-d-predsednice-haxhiu-27-aprila-1999-godine-u-meji-i-korenici-pocinjen-je-jedan-od-najtezih-masakra-tokom-poslednjeg-rata-na-kosovu\/#breadcrumb\"},\"inLanguage\":\"sr-RS\",\"potentialAction\":[{\"@type\":\"ReadAction\",\"target\":[\"https:\/\/president-ksgov.net\/sr\/v-d-predsednice-haxhiu-27-aprila-1999-godine-u-meji-i-korenici-pocinjen-je-jedan-od-najtezih-masakra-tokom-poslednjeg-rata-na-kosovu\/\"]}]},{\"@type\":\"ImageObject\",\"inLanguage\":\"sr-RS\",\"@id\":\"https:\/\/president-ksgov.net\/sr\/v-d-predsednice-haxhiu-27-aprila-1999-godine-u-meji-i-korenici-pocinjen-je-jedan-od-najtezih-masakra-tokom-poslednjeg-rata-na-kosovu\/#primaryimage\",\"url\":\"https:\/\/president-ksgov.net\/wp-content\/uploads\/27.04.2026-2.jpg\",\"contentUrl\":\"https:\/\/president-ksgov.net\/wp-content\/uploads\/27.04.2026-2.jpg\",\"width\":1600,\"height\":1066},{\"@type\":\"BreadcrumbList\",\"@id\":\"https:\/\/president-ksgov.net\/sr\/v-d-predsednice-haxhiu-27-aprila-1999-godine-u-meji-i-korenici-pocinjen-je-jedan-od-najtezih-masakra-tokom-poslednjeg-rata-na-kosovu\/#breadcrumb\",\"itemListElement\":[{\"@type\":\"ListItem\",\"position\":1,\"name\":\"Home\",\"item\":\"https:\/\/president-ksgov.net\/sr\/\"},{\"@type\":\"ListItem\",\"position\":2,\"name\":\"V.d. predsednice Haxhiu: 27. aprila 1999. godine, u Meji i Korenici, po\u010dinjen je jedan od najte\u017eih masakra tokom poslednjeg rata na Kosovu\"}]},{\"@type\":\"WebSite\",\"@id\":\"https:\/\/president-ksgov.net\/#website\",\"url\":\"https:\/\/president-ksgov.net\/\",\"name\":\"Presidente e Republik\u00ebs s\u00eb Kosov\u00ebs\",\"description\":\"Presidente e Republik\u00ebs s\u00eb Kosov\u00ebs\",\"alternateName\":\"DR. VJOSA OSMANI - SADRIU\",\"potentialAction\":[{\"@type\":\"SearchAction\",\"target\":{\"@type\":\"EntryPoint\",\"urlTemplate\":\"https:\/\/president-ksgov.net\/?s={search_term_string}\"},\"query-input\":{\"@type\":\"PropertyValueSpecification\",\"valueRequired\":true,\"valueName\":\"search_term_string\"}}],\"inLanguage\":\"sr-RS\"},{\"@type\":\"Person\",\"@id\":\"https:\/\/president-ksgov.net\/#\/schema\/person\/639043365d5873f4c00b9dd2f548fe32\",\"name\":\"Aulon Maliqi\",\"image\":{\"@type\":\"ImageObject\",\"inLanguage\":\"sr-RS\",\"@id\":\"https:\/\/president-ksgov.net\/#\/schema\/person\/image\/\",\"url\":\"https:\/\/secure.gravatar.com\/avatar\/25825420648e802b44e5fd098636053cf34adea3bcdf93520be287f818c2ce8b?s=96&d=mm&r=g\",\"contentUrl\":\"https:\/\/secure.gravatar.com\/avatar\/25825420648e802b44e5fd098636053cf34adea3bcdf93520be287f818c2ce8b?s=96&d=mm&r=g\",\"caption\":\"Aulon Maliqi\"}}]}<\/script>\n<!-- \/ Yoast SEO plugin. -->","yoast_head_json":{"title":"V.d. predsednice Haxhiu: 27. aprila 1999. godine, u Meji i Korenici, po\u010dinjen je jedan od najte\u017eih masakra tokom poslednjeg rata na Kosovu - Predsednik Republike Kosovo - DR. VJOSA OSMANI - SADRIU","description":"V.d. predsednice Haxhiu: 27. aprila 1999. godine, u Meji i Korenici, po\u010dinjen je jedan od najte\u017eih masakra tokom poslednjeg rata na Kosovu - Predsednik Republike Kosovo - DR. VJOSA OSMANI - SADRIU - Vesti","robots":{"index":"index","follow":"follow","max-snippet":"max-snippet:-1","max-image-preview":"max-image-preview:large","max-video-preview":"max-video-preview:-1"},"canonical":"https:\/\/president-ksgov.net\/sr\/v-d-predsednice-haxhiu-27-aprila-1999-godine-u-meji-i-korenici-pocinjen-je-jedan-od-najtezih-masakra-tokom-poslednjeg-rata-na-kosovu\/","og_locale":"sr_RS","og_type":"article","og_title":"V.d. predsednice Haxhiu: 27. aprila 1999. godine, u Meji i Korenici, po\u010dinjen je jedan od najte\u017eih masakra tokom poslednjeg rata na Kosovu - Predsednik Republike Kosovo - DR. VJOSA OSMANI - SADRIU","og_description":"V.d. predsednice Haxhiu: 27. aprila 1999. godine, u Meji i Korenici, po\u010dinjen je jedan od najte\u017eih masakra tokom poslednjeg rata na Kosovu - Predsednik Republike Kosovo - DR. VJOSA OSMANI - SADRIU - Vesti","og_url":"https:\/\/president-ksgov.net\/sr\/v-d-predsednice-haxhiu-27-aprila-1999-godine-u-meji-i-korenici-pocinjen-je-jedan-od-najtezih-masakra-tokom-poslednjeg-rata-na-kosovu\/","og_site_name":"Predsednik Republike Kosovo - DR. VJOSA OSMANI - SADRIU","article_published_time":"2026-04-27T13:07:33+00:00","article_modified_time":"2026-04-28T09:36:55+00:00","og_image":[{"width":1600,"height":1066,"url":"https:\/\/president-ksgov.net\/wp-content\/uploads\/27.04.2026-2.jpg","type":"image\/jpeg"}],"author":"Aulon Maliqi","twitter_card":"summary_large_image","twitter_misc":{"\u041d\u0430\u043f\u0438\u0441\u0430\u043d\u043e \u043e\u0434":"Aulon Maliqi","\u041f\u0440\u043e\u0446\u0435\u045a\u0435\u043d\u043e \u0432\u0440\u0435\u043c\u0435 \u0447\u0438\u0442\u0430\u045a\u0430":"2 \u043c\u0438\u043d\u0443\u0442\u0430"},"schema":{"@context":"https:\/\/schema.org","@graph":[{"@type":"WebPage","@id":"https:\/\/president-ksgov.net\/sr\/v-d-predsednice-haxhiu-27-aprila-1999-godine-u-meji-i-korenici-pocinjen-je-jedan-od-najtezih-masakra-tokom-poslednjeg-rata-na-kosovu\/","url":"https:\/\/president-ksgov.net\/sr\/v-d-predsednice-haxhiu-27-aprila-1999-godine-u-meji-i-korenici-pocinjen-je-jedan-od-najtezih-masakra-tokom-poslednjeg-rata-na-kosovu\/","name":"V.d. predsednice Haxhiu: 27. aprila 1999. godine, u Meji i Korenici, po\u010dinjen je jedan od najte\u017eih masakra tokom poslednjeg rata na Kosovu - Predsednik Republike Kosovo - DR. VJOSA OSMANI - SADRIU","isPartOf":{"@id":"https:\/\/president-ksgov.net\/#website"},"primaryImageOfPage":{"@id":"https:\/\/president-ksgov.net\/sr\/v-d-predsednice-haxhiu-27-aprila-1999-godine-u-meji-i-korenici-pocinjen-je-jedan-od-najtezih-masakra-tokom-poslednjeg-rata-na-kosovu\/#primaryimage"},"image":{"@id":"https:\/\/president-ksgov.net\/sr\/v-d-predsednice-haxhiu-27-aprila-1999-godine-u-meji-i-korenici-pocinjen-je-jedan-od-najtezih-masakra-tokom-poslednjeg-rata-na-kosovu\/#primaryimage"},"thumbnailUrl":"https:\/\/president-ksgov.net\/wp-content\/uploads\/27.04.2026-2.jpg","datePublished":"2026-04-27T13:07:33+00:00","dateModified":"2026-04-28T09:36:55+00:00","author":{"@id":"https:\/\/president-ksgov.net\/#\/schema\/person\/639043365d5873f4c00b9dd2f548fe32"},"description":"V.d. predsednice Haxhiu: 27. aprila 1999. godine, u Meji i Korenici, po\u010dinjen je jedan od najte\u017eih masakra tokom poslednjeg rata na Kosovu - Predsednik Republike Kosovo - DR. VJOSA OSMANI - SADRIU - Vesti","breadcrumb":{"@id":"https:\/\/president-ksgov.net\/sr\/v-d-predsednice-haxhiu-27-aprila-1999-godine-u-meji-i-korenici-pocinjen-je-jedan-od-najtezih-masakra-tokom-poslednjeg-rata-na-kosovu\/#breadcrumb"},"inLanguage":"sr-RS","potentialAction":[{"@type":"ReadAction","target":["https:\/\/president-ksgov.net\/sr\/v-d-predsednice-haxhiu-27-aprila-1999-godine-u-meji-i-korenici-pocinjen-je-jedan-od-najtezih-masakra-tokom-poslednjeg-rata-na-kosovu\/"]}]},{"@type":"ImageObject","inLanguage":"sr-RS","@id":"https:\/\/president-ksgov.net\/sr\/v-d-predsednice-haxhiu-27-aprila-1999-godine-u-meji-i-korenici-pocinjen-je-jedan-od-najtezih-masakra-tokom-poslednjeg-rata-na-kosovu\/#primaryimage","url":"https:\/\/president-ksgov.net\/wp-content\/uploads\/27.04.2026-2.jpg","contentUrl":"https:\/\/president-ksgov.net\/wp-content\/uploads\/27.04.2026-2.jpg","width":1600,"height":1066},{"@type":"BreadcrumbList","@id":"https:\/\/president-ksgov.net\/sr\/v-d-predsednice-haxhiu-27-aprila-1999-godine-u-meji-i-korenici-pocinjen-je-jedan-od-najtezih-masakra-tokom-poslednjeg-rata-na-kosovu\/#breadcrumb","itemListElement":[{"@type":"ListItem","position":1,"name":"Home","item":"https:\/\/president-ksgov.net\/sr\/"},{"@type":"ListItem","position":2,"name":"V.d. predsednice Haxhiu: 27. aprila 1999. godine, u Meji i Korenici, po\u010dinjen je jedan od najte\u017eih masakra tokom poslednjeg rata na Kosovu"}]},{"@type":"WebSite","@id":"https:\/\/president-ksgov.net\/#website","url":"https:\/\/president-ksgov.net\/","name":"Presidente e Republik\u00ebs s\u00eb Kosov\u00ebs","description":"Presidente e Republik\u00ebs s\u00eb Kosov\u00ebs","alternateName":"DR. VJOSA OSMANI - SADRIU","potentialAction":[{"@type":"SearchAction","target":{"@type":"EntryPoint","urlTemplate":"https:\/\/president-ksgov.net\/?s={search_term_string}"},"query-input":{"@type":"PropertyValueSpecification","valueRequired":true,"valueName":"search_term_string"}}],"inLanguage":"sr-RS"},{"@type":"Person","@id":"https:\/\/president-ksgov.net\/#\/schema\/person\/639043365d5873f4c00b9dd2f548fe32","name":"Aulon Maliqi","image":{"@type":"ImageObject","inLanguage":"sr-RS","@id":"https:\/\/president-ksgov.net\/#\/schema\/person\/image\/","url":"https:\/\/secure.gravatar.com\/avatar\/25825420648e802b44e5fd098636053cf34adea3bcdf93520be287f818c2ce8b?s=96&d=mm&r=g","contentUrl":"https:\/\/secure.gravatar.com\/avatar\/25825420648e802b44e5fd098636053cf34adea3bcdf93520be287f818c2ce8b?s=96&d=mm&r=g","caption":"Aulon Maliqi"}}]}},"_links":{"self":[{"href":"https:\/\/president-ksgov.net\/sr\/wp-json\/wp\/v2\/posts\/187645","targetHints":{"allow":["GET"]}}],"collection":[{"href":"https:\/\/president-ksgov.net\/sr\/wp-json\/wp\/v2\/posts"}],"about":[{"href":"https:\/\/president-ksgov.net\/sr\/wp-json\/wp\/v2\/types\/post"}],"author":[{"embeddable":true,"href":"https:\/\/president-ksgov.net\/sr\/wp-json\/wp\/v2\/users\/18"}],"replies":[{"embeddable":true,"href":"https:\/\/president-ksgov.net\/sr\/wp-json\/wp\/v2\/comments?post=187645"}],"version-history":[{"count":1,"href":"https:\/\/president-ksgov.net\/sr\/wp-json\/wp\/v2\/posts\/187645\/revisions"}],"predecessor-version":[{"id":187646,"href":"https:\/\/president-ksgov.net\/sr\/wp-json\/wp\/v2\/posts\/187645\/revisions\/187646"}],"wp:featuredmedia":[{"embeddable":true,"href":"https:\/\/president-ksgov.net\/sr\/wp-json\/wp\/v2\/media\/187618"}],"wp:attachment":[{"href":"https:\/\/president-ksgov.net\/sr\/wp-json\/wp\/v2\/media?parent=187645"}],"wp:term":[{"taxonomy":"category","embeddable":true,"href":"https:\/\/president-ksgov.net\/sr\/wp-json\/wp\/v2\/categories?post=187645"},{"taxonomy":"post_tag","embeddable":true,"href":"https:\/\/president-ksgov.net\/sr\/wp-json\/wp\/v2\/tags?post=187645"}],"curies":[{"name":"wp","href":"https:\/\/api.w.org\/{rel}","templated":true}]}}