{"id":187641,"date":"2026-04-24T12:59:46","date_gmt":"2026-04-24T10:59:46","guid":{"rendered":"https:\/\/president-ksgov.net\/?p=187641"},"modified":"2026-04-28T11:33:26","modified_gmt":"2026-04-28T09:33:26","slug":"vd-predsednice-haxhiu-eliot-engel-je-voleo-kosovo-zato-ga-kosovo-nikada-nece-zaboraviti","status":"publish","type":"post","link":"https:\/\/president-ksgov.net\/sr\/vd-predsednice-haxhiu-eliot-engel-je-voleo-kosovo-zato-ga-kosovo-nikada-nece-zaboraviti\/","title":{"rendered":"VD predsednice Haxhiu: Eliot Engel je voleo Kosovo, zato ga Kosovo nikada ne\u0107e zaboraviti"},"content":{"rendered":"<p>Vr\u0161ilac du\u017enosti predsednice Republike Kosovo, Albulena Haxhiu, odr\u017eala je govor na sve\u010danoj sednici u znak po\u0161tovanja prema ameri\u010dkom kongresmenu, Eliot Engel.<\/p>\n<p>Ovom prilikom, VD predsednice Haxhiu je rekla da se danas, na ovoj sve\u010danoj sednici, prise\u0107amo i uva\u017eavamo \u010doveka koji je ostavio neizbrisiv trag u istoriji Kosova, dodaju\u0107i da danas uva\u017eavamo i prise\u0107amo se vernog prijatelja, ali i pravednog ameri\u010dkog zakonodavca, koji je u najte\u017eim danima na\u0161e nove istorije, zajedno sa mnogim drugim ameri\u010dkim kongresmenima i senatorima, sna\u017eno podigao glas protiv kr\u0161enja na\u0161ih prava, represije i progona od strane srpsko-jugoslovenskog re\u017eima.<\/p>\n<p>\u201eZa 32 godine, 16 uzastopnih mandata, on je slu\u017eio \u010dasno i odlu\u010dno u Ameri\u010dkom Kongresu. Predvodio je Odbor za spoljne poslove u Predstavni\u010dkom domu. Tokom \u010ditave svoje politi\u010dke karijere on nikada nije prestao da tra\u017ei pravdu za narod Kosova, pokazuju\u0107i tako visoke ljudske vrline retkog politi\u010dara i velikog \u010doveka\u201c, naglasila je VD predsednice Haxhiu.<\/p>\n<p>Ona je dalje rekla da, u mra\u010dnim godinama, kada su Albanci sa Kosova patili pod Milo\u0161evi\u0107evim re\u017eimom, a svet jo\u0161 uvek oklevao da deluje, Eliot Engel je podigao glas.<\/p>\n<p>\u201eIzme\u0111u Kosova i Sjedinjenih Dr\u017eava prostiru se okeani i hiljade kilometara. Na mapi smo daleko, po veli\u010dini i mo\u0107i smo neuporedivi, ali u \u017eivotima ugnjetavanih naroda, najve\u0107a udaljenost je dr\u017eanje podalje od pa\u017enje i dono\u0161enja odluka. Male zemlje \u010desto moraju dugo da kucaju na vrata sveta da bi bile saslu\u0161ane. U mnogim slu\u010dajevima ta vrata ostaju zatvorena dok ne bude prekasno. Na\u0161 region dobro zna ovo \u010dekanje, ali kada imate prijatelje poput kongresmena Eliot Engel, otvaranje takvih vrata je mogu\u0107e i istorijsko\u201c, rekla je VD predsednice Haxhiu.<\/p>\n<p>U njenom govoru u Skup\u0161tini Kosova, VD predsednice Haxhiu je rekla da je 11. juna 1996. godine demokratski kongresmen uspeo da obezbedi podr\u0161ku i demokrata i republikanaca po pitanju Kosova.<br \/>\nVD predsednice Haxhiu je rekla da su oni poslali predsedniku Bilu Klintonu pismo, u kojem se, izme\u0111u ostalog, navelo: \u201eMi verujemo da je do\u0161lo vreme da se situaciji na Kosovu posveti pa\u017enja koju zaslu\u017euje. To zna\u010di da Sjedinjene Dr\u017eave moraju ve\u0107 sada posvetiti najvi\u0161i nivo pa\u017enje Kosovu, kako se situacija tamo ne bi dodatno pogor\u0161ala.\u201c<\/p>\n<p>Ona je dodala da je nekoliko nedelja kasnije, 26. jula 1996. godine, u Predstavni\u010dkom domu SAD-a razmotrena je Rezolucija 155 o Kosovu, tekst koji je sam Engel sastavio i koja je osudila represiju na Kosovu, zahtevala vra\u0107anje gra\u0111anskih i politi\u010dkih prava na\u0161eg naroda i vratila Kosovo u pa\u017enji Va\u0161ingtona.<\/p>\n<p>\u201eU vezi sa pitanjem Kosova, Engel je shvatio da pravedne kauze zahtevaju jedinstvo i ujedinjavanje i republikanaca i demokrata. Stoga, uspe\u0161no je uspeo da obezbedi \u0161iroku podr\u0161ku u Kongresu. Dve godine nakon rezolucije, 17. marta 1998. godine, u Ameri\u010dkom Kongresu, Engel je govorio o eskalaciji nasilja na Kosovu i zahtevao da se represija genocidnog re\u017eima Srbije nad Albancima na Kosovu ni na koji na\u010din ne toleri\u0161e. On je stavio Kosovo na dnevni red u Va\u0161ingtonu\u201c, istakla je VD predsednice Haxhiu.<\/p>\n<p>Ona je dalje dodala da u tim te\u0161kim godinama, Kosovu nisu pomogle zakasnele reakcije, ve\u0107 ljudi koji su govorili na vreme i tamo gde re\u010d ima te\u017einu, a prema re\u010dima VD predsednice Haxhiu, Engel je bio jedan od tih ljudi.<\/p>\n<p>\u201eTokom njegove posete Kosovu, u septembru 1999. godine, on je jasno izrazio \u017eelju da na\u0161 narod \u017eivi slobodno i nezavisan. Kada smo proglasili nezavisnost 17. februara 2008. godine, bio je me\u0111u najodlu\u010dnijim pristalicama me\u0111unarodnog priznanja. Me\u0111utim, ono \u0161to ga je \u010dinilo posebnim nije bio samo taj istorijski trenutak, ve\u0107 i \u010dinjenica da se nije udaljio nakon toga. On je znao i otvoreno je rekao da nezavisnost nije kraj puta, ve\u0107 po\u010detak te\u0161kog rada. Tako je nastavio da stoji uz Kosovo, podr\u017eavaju\u0107i ja\u010danje demokratskih institucija, razvoj na\u0161ih bezbednosnih snaga i produbljivanje strate\u0161kog partnerstva sa Sjedinjenim Ameri\u010dkim Dr\u017eavama. I u periodima kada je na\u0161 put bio te\u017eak, a izazovi veoma veliki, njegov glas je ostao nepromenjen\u201c, naglasila je VD predsednice Haxhiu.<\/p>\n<p>Prema njenim re\u010dima, ovo nije bio obi\u010dan diplomatski anga\u017eman, ve\u0107 odanost iskrenom prijateljstvu.<\/p>\n<p>\u201eEliot Engel nije voleo Kosovo iz daljine, blagim izjavama i ceremonijalnim posetama, on ga je branio argumentima, glasovima, prisustvom i nepokolebljivom verom u pravdu na\u0161e kauze. Bio je svestan cene takvih stavova, a ipak je stajao uz njih\u201c, rekla je VD predsednice Haxhiu.<\/p>\n<p>Ona je dalje dodala da se danas, kada se prise\u0107amo njega, ne prise\u0107amo se samo kongresmena Engel, ve\u0107 se pre svega prise\u0107amo \u010doveka koji je izabrao da bude na strani pravde u veoma te\u0161kim vremenima za na\u0161 narod, ali i za na\u0161u zemlju.<\/p>\n<p>\u201eNasle\u0111e Engel ne\u0107e ostati samo u arhivama na\u0161e istorije. Ono \u017eivi u sna\u017enom i strate\u0161kom prijateljstvu izme\u0111u Kosova i Sjedinjenih Ameri\u010dkih Dr\u017eava, prijateljstvu koje je on negovao sa strpljenjem i uverenjem. On \u017eivi, pre svega, u se\u0107anju na\u0161ih gra\u0111ana, koji znaju da je njihova sloboda imala istinske branioce i van na\u0161ih granica\u201c, naglasila je<br \/>\nVD predsednice.<\/p>\n<p>Ona je dalje dodala da je njegov \u017eivot uga\u0161en tamo gde je i oblikovan, u Bronksu, okru\u017een njegovom porodicom i voljenima. Ali, prema re\u010dima VD predsednice, njegov uticaj \u0107e se dugo ose\u0107ati u srcu svakog Albanca i uvek \u0107e biti upam\u0107en sa dubokim uva\u017eavanjem i dostojanstvom, kao \u010dovek koji je stao uz Kosovo kada mu je to bilo najpotrebnije.<\/p>\n<p>VD predsednice Haxhiu je rekla da je Eliot Engel voleo Kosovo, zato ga Kosovo nikada ne\u0107e zaboraviti.<\/p>\n<p>&nbsp;<\/p>\n","protected":false},"excerpt":{"rendered":"<p>Vr\u0161ilac du\u017enosti predsednice Republike Kosovo, Albulena Haxhiu, odr\u017eala je govor na sve\u010danoj sednici u znak po\u0161tovanja prema ameri\u010dkom kongresmenu, Eliot Engel. Ovom prilikom, VD predsednice Haxhiu je rekla da se danas, na ovoj sve\u010danoj sednici, prise\u0107amo i uva\u017eavamo \u010doveka koji je ostavio neizbrisiv trag u istoriji Kosova, dodaju\u0107i da danas uva\u017eavamo i prise\u0107amo se vernog prijatelja, ali i pravednog ameri\u010dkog zakonodavca, koji je u najte\u017eim danima na\u0161e nove istorije, zajedno sa mnogim drugim ameri\u010dkim kongresmenima i senatorima, sna\u017eno podigao glas protiv kr\u0161enja na\u0161ih prava, represije i progona od strane srpsko-jugoslovenskog re\u017eima. \u201eZa 32 godine, 16 uzastopnih mandata, on je slu\u017eio \u010dasno i odlu\u010dno u Ameri\u010dkom Kongresu. Predvodio je Odbor za spoljne poslove u Predstavni\u010dkom domu. Tokom \u010ditave svoje politi\u010dke karijere on nikada nije prestao da tra\u017ei pravdu za narod Kosova, pokazuju\u0107i tako visoke ljudske vrline retkog politi\u010dara i velikog \u010doveka\u201c, naglasila je VD predsednice Haxhiu. Ona je dalje rekla da, u mra\u010dnim godinama, kada su Albanci sa Kosova patili pod Milo\u0161evi\u0107evim re\u017eimom, a svet jo\u0161 uvek oklevao da deluje, Eliot Engel je podigao glas. \u201eIzme\u0111u Kosova i Sjedinjenih Dr\u017eava prostiru se okeani i hiljade kilometara. Na mapi smo daleko, po veli\u010dini i mo\u0107i smo neuporedivi, ali u \u017eivotima ugnjetavanih naroda, najve\u0107a udaljenost je dr\u017eanje podalje od pa\u017enje i dono\u0161enja odluka. Male zemlje \u010desto moraju dugo da kucaju na vrata sveta da bi bile saslu\u0161ane. U mnogim slu\u010dajevima ta vrata ostaju zatvorena dok ne bude prekasno. Na\u0161 region dobro zna ovo \u010dekanje, ali kada imate prijatelje poput kongresmena Eliot Engel, otvaranje takvih vrata je mogu\u0107e i istorijsko\u201c, rekla je VD predsednice Haxhiu. U njenom govoru u Skup\u0161tini Kosova, VD predsednice Haxhiu je rekla da je 11. juna 1996. godine demokratski kongresmen uspeo da obezbedi podr\u0161ku i demokrata i republikanaca po pitanju Kosova. VD predsednice Haxhiu je rekla da su oni poslali predsedniku Bilu Klintonu pismo, u kojem se, izme\u0111u ostalog, navelo: \u201eMi verujemo da je do\u0161lo vreme da se situaciji na Kosovu posveti pa\u017enja koju zaslu\u017euje. To zna\u010di da Sjedinjene Dr\u017eave moraju ve\u0107 sada posvetiti najvi\u0161i nivo pa\u017enje Kosovu, kako se situacija tamo ne bi dodatno pogor\u0161ala.\u201c Ona je dodala da je nekoliko nedelja kasnije, 26. jula 1996. godine, u Predstavni\u010dkom domu SAD-a razmotrena je Rezolucija 155 o Kosovu, tekst koji je sam Engel sastavio i koja je osudila represiju na Kosovu, zahtevala vra\u0107anje gra\u0111anskih i politi\u010dkih prava na\u0161eg naroda i vratila Kosovo u pa\u017enji Va\u0161ingtona. \u201eU vezi sa pitanjem Kosova, Engel je shvatio da pravedne kauze zahtevaju jedinstvo i ujedinjavanje i republikanaca i demokrata. Stoga, uspe\u0161no je uspeo da obezbedi \u0161iroku podr\u0161ku u Kongresu. Dve godine nakon rezolucije, 17. marta 1998. godine, u Ameri\u010dkom Kongresu, Engel je govorio o eskalaciji nasilja na Kosovu i zahtevao da se represija genocidnog re\u017eima Srbije nad Albancima na Kosovu ni na koji na\u010din ne toleri\u0161e. On je stavio Kosovo na dnevni red u Va\u0161ingtonu\u201c, istakla je VD predsednice Haxhiu. Ona je dalje dodala da u tim te\u0161kim godinama, Kosovu nisu pomogle zakasnele reakcije, ve\u0107 ljudi koji su govorili na vreme i tamo gde re\u010d ima te\u017einu, a prema re\u010dima VD predsednice Haxhiu, Engel je bio jedan od tih ljudi. \u201eTokom njegove posete Kosovu, u septembru 1999. godine, on je jasno izrazio \u017eelju da na\u0161 narod \u017eivi slobodno i nezavisan. Kada smo proglasili nezavisnost 17. februara 2008. godine, bio je me\u0111u najodlu\u010dnijim pristalicama me\u0111unarodnog priznanja. Me\u0111utim, ono \u0161to ga je \u010dinilo posebnim nije bio samo taj istorijski trenutak, ve\u0107 i \u010dinjenica da se nije udaljio nakon toga. On je znao i otvoreno je rekao da nezavisnost nije kraj puta, ve\u0107 po\u010detak te\u0161kog rada. Tako je nastavio da stoji uz Kosovo, podr\u017eavaju\u0107i ja\u010danje demokratskih institucija, razvoj na\u0161ih bezbednosnih snaga i produbljivanje strate\u0161kog partnerstva sa Sjedinjenim Ameri\u010dkim Dr\u017eavama. I u periodima kada je na\u0161 put bio te\u017eak, a izazovi veoma veliki, njegov glas je ostao nepromenjen\u201c, naglasila je VD predsednice Haxhiu. Prema njenim re\u010dima, ovo nije bio obi\u010dan diplomatski anga\u017eman, ve\u0107 odanost iskrenom prijateljstvu. \u201eEliot Engel nije voleo Kosovo iz daljine, blagim izjavama i ceremonijalnim posetama, on ga je branio argumentima, glasovima, prisustvom i nepokolebljivom verom u pravdu na\u0161e kauze. Bio je svestan cene takvih stavova, a ipak je stajao uz njih\u201c, rekla je VD predsednice Haxhiu. Ona je dalje dodala da se danas, kada se prise\u0107amo njega, ne prise\u0107amo se samo kongresmena Engel, ve\u0107 se pre svega prise\u0107amo \u010doveka koji je izabrao da bude na strani pravde u veoma te\u0161kim vremenima za na\u0161 narod, ali i za na\u0161u zemlju. \u201eNasle\u0111e Engel ne\u0107e ostati samo u arhivama na\u0161e istorije. Ono \u017eivi u sna\u017enom i strate\u0161kom prijateljstvu izme\u0111u Kosova i Sjedinjenih Ameri\u010dkih Dr\u017eava, prijateljstvu koje je on negovao sa strpljenjem i uverenjem. On \u017eivi, pre svega, u se\u0107anju na\u0161ih gra\u0111ana, koji znaju da je njihova sloboda imala istinske branioce i van na\u0161ih granica\u201c, naglasila je VD predsednice. Ona je dalje dodala da je njegov \u017eivot uga\u0161en tamo gde je i oblikovan, u Bronksu, okru\u017een njegovom porodicom i voljenima. Ali, prema re\u010dima VD predsednice, njegov uticaj \u0107e se dugo ose\u0107ati u srcu svakog Albanca i uvek \u0107e biti upam\u0107en sa dubokim uva\u017eavanjem i dostojanstvom, kao \u010dovek koji je stao uz Kosovo kada mu je to bilo najpotrebnije. VD predsednice Haxhiu je rekla da je Eliot Engel voleo Kosovo, zato ga Kosovo nikada ne\u0107e zaboraviti. &nbsp;<\/p>\n","protected":false},"author":18,"featured_media":187562,"comment_status":"closed","ping_status":"closed","sticky":false,"template":"","format":"standard","meta":{"_eb_attr":"","footnotes":""},"categories":[101],"tags":[],"class_list":["post-187641","post","type-post","status-publish","format-standard","has-post-thumbnail","hentry","category-vesti"],"yoast_head":"<!-- This site is optimized with the Yoast SEO plugin v23.5 - https:\/\/yoast.com\/wordpress\/plugins\/seo\/ -->\n<title>VD predsednice Haxhiu: Eliot Engel je voleo Kosovo, zato ga Kosovo nikada ne\u0107e zaboraviti - Predsednik Republike Kosovo - DR. VJOSA OSMANI - SADRIU<\/title>\n<meta name=\"description\" content=\"VD predsednice Haxhiu: Eliot Engel je voleo Kosovo, zato ga Kosovo nikada ne\u0107e zaboraviti - Predsednik Republike Kosovo - DR. VJOSA OSMANI - SADRIU - Vesti\" \/>\n<meta name=\"robots\" content=\"index, follow, max-snippet:-1, max-image-preview:large, max-video-preview:-1\" \/>\n<link rel=\"canonical\" href=\"https:\/\/president-ksgov.net\/sr\/vd-predsednice-haxhiu-eliot-engel-je-voleo-kosovo-zato-ga-kosovo-nikada-nece-zaboraviti\/\" \/>\n<meta property=\"og:locale\" content=\"sr_RS\" \/>\n<meta property=\"og:type\" content=\"article\" \/>\n<meta property=\"og:title\" content=\"VD predsednice Haxhiu: Eliot Engel je voleo Kosovo, zato ga Kosovo nikada ne\u0107e zaboraviti - Predsednik Republike Kosovo - DR. VJOSA OSMANI - SADRIU\" \/>\n<meta property=\"og:description\" content=\"VD predsednice Haxhiu: Eliot Engel je voleo Kosovo, zato ga Kosovo nikada ne\u0107e zaboraviti - Predsednik Republike Kosovo - DR. VJOSA OSMANI - SADRIU - Vesti\" \/>\n<meta property=\"og:url\" content=\"https:\/\/president-ksgov.net\/sr\/vd-predsednice-haxhiu-eliot-engel-je-voleo-kosovo-zato-ga-kosovo-nikada-nece-zaboraviti\/\" \/>\n<meta property=\"og:site_name\" content=\"Predsednik Republike Kosovo - DR. VJOSA OSMANI - SADRIU\" \/>\n<meta property=\"article:published_time\" content=\"2026-04-24T10:59:46+00:00\" \/>\n<meta property=\"article:modified_time\" content=\"2026-04-28T09:33:26+00:00\" \/>\n<meta property=\"og:image\" content=\"https:\/\/president-ksgov.net\/wp-content\/uploads\/24.04.26-2.jpg\" \/>\n\t<meta property=\"og:image:width\" content=\"1600\" \/>\n\t<meta property=\"og:image:height\" content=\"1066\" \/>\n\t<meta property=\"og:image:type\" content=\"image\/jpeg\" \/>\n<meta name=\"author\" content=\"Aulon Maliqi\" \/>\n<meta name=\"twitter:card\" content=\"summary_large_image\" \/>\n<meta name=\"twitter:label1\" content=\"\u041d\u0430\u043f\u0438\u0441\u0430\u043d\u043e \u043e\u0434\" \/>\n\t<meta name=\"twitter:data1\" content=\"Aulon Maliqi\" \/>\n\t<meta name=\"twitter:label2\" content=\"\u041f\u0440\u043e\u0446\u0435\u045a\u0435\u043d\u043e \u0432\u0440\u0435\u043c\u0435 \u0447\u0438\u0442\u0430\u045a\u0430\" \/>\n\t<meta name=\"twitter:data2\" content=\"5 \u043c\u0438\u043d\u0443\u0442\u0430\" \/>\n<script type=\"application\/ld+json\" class=\"yoast-schema-graph\">{\"@context\":\"https:\/\/schema.org\",\"@graph\":[{\"@type\":\"WebPage\",\"@id\":\"https:\/\/president-ksgov.net\/sr\/vd-predsednice-haxhiu-eliot-engel-je-voleo-kosovo-zato-ga-kosovo-nikada-nece-zaboraviti\/\",\"url\":\"https:\/\/president-ksgov.net\/sr\/vd-predsednice-haxhiu-eliot-engel-je-voleo-kosovo-zato-ga-kosovo-nikada-nece-zaboraviti\/\",\"name\":\"VD predsednice Haxhiu: Eliot Engel je voleo Kosovo, zato ga Kosovo nikada ne\u0107e zaboraviti - Predsednik Republike Kosovo - DR. VJOSA OSMANI - SADRIU\",\"isPartOf\":{\"@id\":\"https:\/\/president-ksgov.net\/#website\"},\"primaryImageOfPage\":{\"@id\":\"https:\/\/president-ksgov.net\/sr\/vd-predsednice-haxhiu-eliot-engel-je-voleo-kosovo-zato-ga-kosovo-nikada-nece-zaboraviti\/#primaryimage\"},\"image\":{\"@id\":\"https:\/\/president-ksgov.net\/sr\/vd-predsednice-haxhiu-eliot-engel-je-voleo-kosovo-zato-ga-kosovo-nikada-nece-zaboraviti\/#primaryimage\"},\"thumbnailUrl\":\"https:\/\/president-ksgov.net\/wp-content\/uploads\/24.04.26-2.jpg\",\"datePublished\":\"2026-04-24T10:59:46+00:00\",\"dateModified\":\"2026-04-28T09:33:26+00:00\",\"author\":{\"@id\":\"https:\/\/president-ksgov.net\/#\/schema\/person\/639043365d5873f4c00b9dd2f548fe32\"},\"description\":\"VD predsednice Haxhiu: Eliot Engel je voleo Kosovo, zato ga Kosovo nikada ne\u0107e zaboraviti - Predsednik Republike Kosovo - DR. VJOSA OSMANI - SADRIU - Vesti\",\"breadcrumb\":{\"@id\":\"https:\/\/president-ksgov.net\/sr\/vd-predsednice-haxhiu-eliot-engel-je-voleo-kosovo-zato-ga-kosovo-nikada-nece-zaboraviti\/#breadcrumb\"},\"inLanguage\":\"sr-RS\",\"potentialAction\":[{\"@type\":\"ReadAction\",\"target\":[\"https:\/\/president-ksgov.net\/sr\/vd-predsednice-haxhiu-eliot-engel-je-voleo-kosovo-zato-ga-kosovo-nikada-nece-zaboraviti\/\"]}]},{\"@type\":\"ImageObject\",\"inLanguage\":\"sr-RS\",\"@id\":\"https:\/\/president-ksgov.net\/sr\/vd-predsednice-haxhiu-eliot-engel-je-voleo-kosovo-zato-ga-kosovo-nikada-nece-zaboraviti\/#primaryimage\",\"url\":\"https:\/\/president-ksgov.net\/wp-content\/uploads\/24.04.26-2.jpg\",\"contentUrl\":\"https:\/\/president-ksgov.net\/wp-content\/uploads\/24.04.26-2.jpg\",\"width\":1600,\"height\":1066},{\"@type\":\"BreadcrumbList\",\"@id\":\"https:\/\/president-ksgov.net\/sr\/vd-predsednice-haxhiu-eliot-engel-je-voleo-kosovo-zato-ga-kosovo-nikada-nece-zaboraviti\/#breadcrumb\",\"itemListElement\":[{\"@type\":\"ListItem\",\"position\":1,\"name\":\"Home\",\"item\":\"https:\/\/president-ksgov.net\/sr\/\"},{\"@type\":\"ListItem\",\"position\":2,\"name\":\"VD predsednice Haxhiu: Eliot Engel je voleo Kosovo, zato ga Kosovo nikada ne\u0107e zaboraviti\"}]},{\"@type\":\"WebSite\",\"@id\":\"https:\/\/president-ksgov.net\/#website\",\"url\":\"https:\/\/president-ksgov.net\/\",\"name\":\"Presidente e Republik\u00ebs s\u00eb Kosov\u00ebs\",\"description\":\"Presidente e Republik\u00ebs s\u00eb Kosov\u00ebs\",\"alternateName\":\"DR. VJOSA OSMANI - SADRIU\",\"potentialAction\":[{\"@type\":\"SearchAction\",\"target\":{\"@type\":\"EntryPoint\",\"urlTemplate\":\"https:\/\/president-ksgov.net\/?s={search_term_string}\"},\"query-input\":{\"@type\":\"PropertyValueSpecification\",\"valueRequired\":true,\"valueName\":\"search_term_string\"}}],\"inLanguage\":\"sr-RS\"},{\"@type\":\"Person\",\"@id\":\"https:\/\/president-ksgov.net\/#\/schema\/person\/639043365d5873f4c00b9dd2f548fe32\",\"name\":\"Aulon Maliqi\",\"image\":{\"@type\":\"ImageObject\",\"inLanguage\":\"sr-RS\",\"@id\":\"https:\/\/president-ksgov.net\/#\/schema\/person\/image\/\",\"url\":\"https:\/\/secure.gravatar.com\/avatar\/25825420648e802b44e5fd098636053cf34adea3bcdf93520be287f818c2ce8b?s=96&d=mm&r=g\",\"contentUrl\":\"https:\/\/secure.gravatar.com\/avatar\/25825420648e802b44e5fd098636053cf34adea3bcdf93520be287f818c2ce8b?s=96&d=mm&r=g\",\"caption\":\"Aulon Maliqi\"}}]}<\/script>\n<!-- \/ Yoast SEO plugin. -->","yoast_head_json":{"title":"VD predsednice Haxhiu: Eliot Engel je voleo Kosovo, zato ga Kosovo nikada ne\u0107e zaboraviti - Predsednik Republike Kosovo - DR. VJOSA OSMANI - SADRIU","description":"VD predsednice Haxhiu: Eliot Engel je voleo Kosovo, zato ga Kosovo nikada ne\u0107e zaboraviti - Predsednik Republike Kosovo - DR. VJOSA OSMANI - SADRIU - Vesti","robots":{"index":"index","follow":"follow","max-snippet":"max-snippet:-1","max-image-preview":"max-image-preview:large","max-video-preview":"max-video-preview:-1"},"canonical":"https:\/\/president-ksgov.net\/sr\/vd-predsednice-haxhiu-eliot-engel-je-voleo-kosovo-zato-ga-kosovo-nikada-nece-zaboraviti\/","og_locale":"sr_RS","og_type":"article","og_title":"VD predsednice Haxhiu: Eliot Engel je voleo Kosovo, zato ga Kosovo nikada ne\u0107e zaboraviti - Predsednik Republike Kosovo - DR. VJOSA OSMANI - SADRIU","og_description":"VD predsednice Haxhiu: Eliot Engel je voleo Kosovo, zato ga Kosovo nikada ne\u0107e zaboraviti - Predsednik Republike Kosovo - DR. VJOSA OSMANI - SADRIU - Vesti","og_url":"https:\/\/president-ksgov.net\/sr\/vd-predsednice-haxhiu-eliot-engel-je-voleo-kosovo-zato-ga-kosovo-nikada-nece-zaboraviti\/","og_site_name":"Predsednik Republike Kosovo - DR. VJOSA OSMANI - SADRIU","article_published_time":"2026-04-24T10:59:46+00:00","article_modified_time":"2026-04-28T09:33:26+00:00","og_image":[{"width":1600,"height":1066,"url":"https:\/\/president-ksgov.net\/wp-content\/uploads\/24.04.26-2.jpg","type":"image\/jpeg"}],"author":"Aulon Maliqi","twitter_card":"summary_large_image","twitter_misc":{"\u041d\u0430\u043f\u0438\u0441\u0430\u043d\u043e \u043e\u0434":"Aulon Maliqi","\u041f\u0440\u043e\u0446\u0435\u045a\u0435\u043d\u043e \u0432\u0440\u0435\u043c\u0435 \u0447\u0438\u0442\u0430\u045a\u0430":"5 \u043c\u0438\u043d\u0443\u0442\u0430"},"schema":{"@context":"https:\/\/schema.org","@graph":[{"@type":"WebPage","@id":"https:\/\/president-ksgov.net\/sr\/vd-predsednice-haxhiu-eliot-engel-je-voleo-kosovo-zato-ga-kosovo-nikada-nece-zaboraviti\/","url":"https:\/\/president-ksgov.net\/sr\/vd-predsednice-haxhiu-eliot-engel-je-voleo-kosovo-zato-ga-kosovo-nikada-nece-zaboraviti\/","name":"VD predsednice Haxhiu: Eliot Engel je voleo Kosovo, zato ga Kosovo nikada ne\u0107e zaboraviti - Predsednik Republike Kosovo - DR. VJOSA OSMANI - SADRIU","isPartOf":{"@id":"https:\/\/president-ksgov.net\/#website"},"primaryImageOfPage":{"@id":"https:\/\/president-ksgov.net\/sr\/vd-predsednice-haxhiu-eliot-engel-je-voleo-kosovo-zato-ga-kosovo-nikada-nece-zaboraviti\/#primaryimage"},"image":{"@id":"https:\/\/president-ksgov.net\/sr\/vd-predsednice-haxhiu-eliot-engel-je-voleo-kosovo-zato-ga-kosovo-nikada-nece-zaboraviti\/#primaryimage"},"thumbnailUrl":"https:\/\/president-ksgov.net\/wp-content\/uploads\/24.04.26-2.jpg","datePublished":"2026-04-24T10:59:46+00:00","dateModified":"2026-04-28T09:33:26+00:00","author":{"@id":"https:\/\/president-ksgov.net\/#\/schema\/person\/639043365d5873f4c00b9dd2f548fe32"},"description":"VD predsednice Haxhiu: Eliot Engel je voleo Kosovo, zato ga Kosovo nikada ne\u0107e zaboraviti - Predsednik Republike Kosovo - DR. VJOSA OSMANI - SADRIU - Vesti","breadcrumb":{"@id":"https:\/\/president-ksgov.net\/sr\/vd-predsednice-haxhiu-eliot-engel-je-voleo-kosovo-zato-ga-kosovo-nikada-nece-zaboraviti\/#breadcrumb"},"inLanguage":"sr-RS","potentialAction":[{"@type":"ReadAction","target":["https:\/\/president-ksgov.net\/sr\/vd-predsednice-haxhiu-eliot-engel-je-voleo-kosovo-zato-ga-kosovo-nikada-nece-zaboraviti\/"]}]},{"@type":"ImageObject","inLanguage":"sr-RS","@id":"https:\/\/president-ksgov.net\/sr\/vd-predsednice-haxhiu-eliot-engel-je-voleo-kosovo-zato-ga-kosovo-nikada-nece-zaboraviti\/#primaryimage","url":"https:\/\/president-ksgov.net\/wp-content\/uploads\/24.04.26-2.jpg","contentUrl":"https:\/\/president-ksgov.net\/wp-content\/uploads\/24.04.26-2.jpg","width":1600,"height":1066},{"@type":"BreadcrumbList","@id":"https:\/\/president-ksgov.net\/sr\/vd-predsednice-haxhiu-eliot-engel-je-voleo-kosovo-zato-ga-kosovo-nikada-nece-zaboraviti\/#breadcrumb","itemListElement":[{"@type":"ListItem","position":1,"name":"Home","item":"https:\/\/president-ksgov.net\/sr\/"},{"@type":"ListItem","position":2,"name":"VD predsednice Haxhiu: Eliot Engel je voleo Kosovo, zato ga Kosovo nikada ne\u0107e zaboraviti"}]},{"@type":"WebSite","@id":"https:\/\/president-ksgov.net\/#website","url":"https:\/\/president-ksgov.net\/","name":"Presidente e Republik\u00ebs s\u00eb Kosov\u00ebs","description":"Presidente e Republik\u00ebs s\u00eb Kosov\u00ebs","alternateName":"DR. VJOSA OSMANI - SADRIU","potentialAction":[{"@type":"SearchAction","target":{"@type":"EntryPoint","urlTemplate":"https:\/\/president-ksgov.net\/?s={search_term_string}"},"query-input":{"@type":"PropertyValueSpecification","valueRequired":true,"valueName":"search_term_string"}}],"inLanguage":"sr-RS"},{"@type":"Person","@id":"https:\/\/president-ksgov.net\/#\/schema\/person\/639043365d5873f4c00b9dd2f548fe32","name":"Aulon Maliqi","image":{"@type":"ImageObject","inLanguage":"sr-RS","@id":"https:\/\/president-ksgov.net\/#\/schema\/person\/image\/","url":"https:\/\/secure.gravatar.com\/avatar\/25825420648e802b44e5fd098636053cf34adea3bcdf93520be287f818c2ce8b?s=96&d=mm&r=g","contentUrl":"https:\/\/secure.gravatar.com\/avatar\/25825420648e802b44e5fd098636053cf34adea3bcdf93520be287f818c2ce8b?s=96&d=mm&r=g","caption":"Aulon Maliqi"}}]}},"_links":{"self":[{"href":"https:\/\/president-ksgov.net\/sr\/wp-json\/wp\/v2\/posts\/187641","targetHints":{"allow":["GET"]}}],"collection":[{"href":"https:\/\/president-ksgov.net\/sr\/wp-json\/wp\/v2\/posts"}],"about":[{"href":"https:\/\/president-ksgov.net\/sr\/wp-json\/wp\/v2\/types\/post"}],"author":[{"embeddable":true,"href":"https:\/\/president-ksgov.net\/sr\/wp-json\/wp\/v2\/users\/18"}],"replies":[{"embeddable":true,"href":"https:\/\/president-ksgov.net\/sr\/wp-json\/wp\/v2\/comments?post=187641"}],"version-history":[{"count":1,"href":"https:\/\/president-ksgov.net\/sr\/wp-json\/wp\/v2\/posts\/187641\/revisions"}],"predecessor-version":[{"id":187642,"href":"https:\/\/president-ksgov.net\/sr\/wp-json\/wp\/v2\/posts\/187641\/revisions\/187642"}],"wp:featuredmedia":[{"embeddable":true,"href":"https:\/\/president-ksgov.net\/sr\/wp-json\/wp\/v2\/media\/187562"}],"wp:attachment":[{"href":"https:\/\/president-ksgov.net\/sr\/wp-json\/wp\/v2\/media?parent=187641"}],"wp:term":[{"taxonomy":"category","embeddable":true,"href":"https:\/\/president-ksgov.net\/sr\/wp-json\/wp\/v2\/categories?post=187641"},{"taxonomy":"post_tag","embeddable":true,"href":"https:\/\/president-ksgov.net\/sr\/wp-json\/wp\/v2\/tags?post=187641"}],"curies":[{"name":"wp","href":"https:\/\/api.w.org\/{rel}","templated":true}]}}