{"id":187637,"date":"2026-04-26T17:52:01","date_gmt":"2026-04-26T15:52:01","guid":{"rendered":"https:\/\/president-ksgov.net\/?p=187637"},"modified":"2026-04-28T11:26:22","modified_gmt":"2026-04-28T09:26:22","slug":"vd-predsednice-haxhiu-izrazila-solidarnost-sa-americkim-narodom-nakon-napada-u-vasingtonu","status":"publish","type":"post","link":"https:\/\/president-ksgov.net\/sr\/vd-predsednice-haxhiu-izrazila-solidarnost-sa-americkim-narodom-nakon-napada-u-vasingtonu\/","title":{"rendered":"VD predsednice Haxhiu izrazila solidarnost sa ameri\u010dkim narodom nakon napada u Va\u0161ingtonu"},"content":{"rendered":"<p>VD predsednice Republike Kosovo, g\u0111a Albulena Haxhiu, reagovala je nakon napada koji se dogodio na Ve\u010deri dopisnika iz Bele ku\u0107e u Va\u0161ingtonu.<\/p>\n<p>U njenom reagovanju, VD predsednice Haxhiu izrazila je solidarnost sa ameri\u010dkim narodom i olak\u0161anje \u0161to su predsednik Donald Trump, Prva dama i svi prisutni van opasnosti.<\/p>\n<p>\u201eNakon uznemiruju\u0107eg napada na Ve\u010deri dopisnika iz Bele ku\u0107e, stojimo uz ameri\u010dki narod. Olak\u0161anje nam je \u0161to su predsednik Trump, Prva dama i svi prisutni bezbedni. \u017delimo povre\u0111enom zvani\u010dniku potpun oporavak i stojimo uz Sjedinjene Dr\u017eave u ovom te\u0161kom trenutku\u201c, ka\u017ee se u reagovanju VD predsednice.<\/p>\n<p>Republika Kosovo osu\u0111uje svaki \u010din nasilja i stoji uz Sjedinjene Ameri\u010dke Dr\u017eave, svog strate\u0161kog partnera i saveznika.<\/p>\n<p>&nbsp;<\/p>\n<p>&nbsp;<\/p>\n<p>&nbsp;<\/p>\n","protected":false},"excerpt":{"rendered":"<p>VD predsednice Republike Kosovo, g\u0111a Albulena Haxhiu, reagovala je nakon napada koji se dogodio na Ve\u010deri dopisnika iz Bele ku\u0107e u Va\u0161ingtonu. U njenom reagovanju, VD predsednice Haxhiu izrazila je solidarnost sa ameri\u010dkim narodom i olak\u0161anje \u0161to su predsednik Donald Trump, Prva dama i svi prisutni van opasnosti. \u201eNakon uznemiruju\u0107eg napada na Ve\u010deri dopisnika iz Bele ku\u0107e, stojimo uz ameri\u010dki narod. Olak\u0161anje nam je \u0161to su predsednik Trump, Prva dama i svi prisutni bezbedni. \u017delimo povre\u0111enom zvani\u010dniku potpun oporavak i stojimo uz Sjedinjene Dr\u017eave u ovom te\u0161kom trenutku\u201c, ka\u017ee se u reagovanju VD predsednice. Republika Kosovo osu\u0111uje svaki \u010din nasilja i stoji uz Sjedinjene Ameri\u010dke Dr\u017eave, svog strate\u0161kog partnera i saveznika. &nbsp; &nbsp; &nbsp;<\/p>\n","protected":false},"author":18,"featured_media":153758,"comment_status":"closed","ping_status":"closed","sticky":false,"template":"","format":"standard","meta":{"_eb_attr":"","footnotes":""},"categories":[101],"tags":[],"class_list":["post-187637","post","type-post","status-publish","format-standard","has-post-thumbnail","hentry","category-vesti"],"yoast_head":"<!-- This site is optimized with the Yoast SEO plugin v23.5 - https:\/\/yoast.com\/wordpress\/plugins\/seo\/ -->\n<title>VD predsednice Haxhiu izrazila solidarnost sa ameri\u010dkim narodom nakon napada u Va\u0161ingtonu - Predsednik Republike Kosovo - DR. VJOSA OSMANI - SADRIU<\/title>\n<meta name=\"description\" content=\"VD predsednice Haxhiu izrazila solidarnost sa ameri\u010dkim narodom nakon napada u Va\u0161ingtonu - Predsednik Republike Kosovo - DR. VJOSA OSMANI - SADRIU - Vesti\" \/>\n<meta name=\"robots\" content=\"index, follow, max-snippet:-1, max-image-preview:large, max-video-preview:-1\" \/>\n<link rel=\"canonical\" href=\"https:\/\/president-ksgov.net\/sr\/vd-predsednice-haxhiu-izrazila-solidarnost-sa-americkim-narodom-nakon-napada-u-vasingtonu\/\" \/>\n<meta property=\"og:locale\" content=\"sr_RS\" \/>\n<meta property=\"og:type\" content=\"article\" \/>\n<meta property=\"og:title\" content=\"VD predsednice Haxhiu izrazila solidarnost sa ameri\u010dkim narodom nakon napada u Va\u0161ingtonu - Predsednik Republike Kosovo - DR. VJOSA OSMANI - SADRIU\" \/>\n<meta property=\"og:description\" content=\"VD predsednice Haxhiu izrazila solidarnost sa ameri\u010dkim narodom nakon napada u Va\u0161ingtonu - Predsednik Republike Kosovo - DR. VJOSA OSMANI - SADRIU - Vesti\" \/>\n<meta property=\"og:url\" content=\"https:\/\/president-ksgov.net\/sr\/vd-predsednice-haxhiu-izrazila-solidarnost-sa-americkim-narodom-nakon-napada-u-vasingtonu\/\" \/>\n<meta property=\"og:site_name\" content=\"Predsednik Republike Kosovo - DR. VJOSA OSMANI - SADRIU\" \/>\n<meta property=\"article:published_time\" content=\"2026-04-26T15:52:01+00:00\" \/>\n<meta property=\"article:modified_time\" content=\"2026-04-28T09:26:22+00:00\" \/>\n<meta property=\"og:image\" content=\"https:\/\/president-ksgov.net\/wp-content\/uploads\/ZPRK-17.jpg\" \/>\n\t<meta property=\"og:image:width\" content=\"2000\" \/>\n\t<meta property=\"og:image:height\" content=\"1000\" \/>\n\t<meta property=\"og:image:type\" content=\"image\/jpeg\" \/>\n<meta name=\"author\" content=\"Aulon Maliqi\" \/>\n<meta name=\"twitter:card\" content=\"summary_large_image\" \/>\n<meta name=\"twitter:label1\" content=\"\u041d\u0430\u043f\u0438\u0441\u0430\u043d\u043e \u043e\u0434\" \/>\n\t<meta name=\"twitter:data1\" content=\"Aulon Maliqi\" \/>\n\t<meta name=\"twitter:label2\" content=\"\u041f\u0440\u043e\u0446\u0435\u045a\u0435\u043d\u043e \u0432\u0440\u0435\u043c\u0435 \u0447\u0438\u0442\u0430\u045a\u0430\" \/>\n\t<meta name=\"twitter:data2\" content=\"1 \u043c\u0438\u043d\u0443\u0442\" \/>\n<script type=\"application\/ld+json\" class=\"yoast-schema-graph\">{\"@context\":\"https:\/\/schema.org\",\"@graph\":[{\"@type\":\"WebPage\",\"@id\":\"https:\/\/president-ksgov.net\/sr\/vd-predsednice-haxhiu-izrazila-solidarnost-sa-americkim-narodom-nakon-napada-u-vasingtonu\/\",\"url\":\"https:\/\/president-ksgov.net\/sr\/vd-predsednice-haxhiu-izrazila-solidarnost-sa-americkim-narodom-nakon-napada-u-vasingtonu\/\",\"name\":\"VD predsednice Haxhiu izrazila solidarnost sa ameri\u010dkim narodom nakon napada u Va\u0161ingtonu - Predsednik Republike Kosovo - DR. VJOSA OSMANI - SADRIU\",\"isPartOf\":{\"@id\":\"https:\/\/president-ksgov.net\/#website\"},\"primaryImageOfPage\":{\"@id\":\"https:\/\/president-ksgov.net\/sr\/vd-predsednice-haxhiu-izrazila-solidarnost-sa-americkim-narodom-nakon-napada-u-vasingtonu\/#primaryimage\"},\"image\":{\"@id\":\"https:\/\/president-ksgov.net\/sr\/vd-predsednice-haxhiu-izrazila-solidarnost-sa-americkim-narodom-nakon-napada-u-vasingtonu\/#primaryimage\"},\"thumbnailUrl\":\"https:\/\/president-ksgov.net\/wp-content\/uploads\/ZPRK-17.jpg\",\"datePublished\":\"2026-04-26T15:52:01+00:00\",\"dateModified\":\"2026-04-28T09:26:22+00:00\",\"author\":{\"@id\":\"https:\/\/president-ksgov.net\/#\/schema\/person\/639043365d5873f4c00b9dd2f548fe32\"},\"description\":\"VD predsednice Haxhiu izrazila solidarnost sa ameri\u010dkim narodom nakon napada u Va\u0161ingtonu - Predsednik Republike Kosovo - DR. VJOSA OSMANI - SADRIU - Vesti\",\"breadcrumb\":{\"@id\":\"https:\/\/president-ksgov.net\/sr\/vd-predsednice-haxhiu-izrazila-solidarnost-sa-americkim-narodom-nakon-napada-u-vasingtonu\/#breadcrumb\"},\"inLanguage\":\"sr-RS\",\"potentialAction\":[{\"@type\":\"ReadAction\",\"target\":[\"https:\/\/president-ksgov.net\/sr\/vd-predsednice-haxhiu-izrazila-solidarnost-sa-americkim-narodom-nakon-napada-u-vasingtonu\/\"]}]},{\"@type\":\"ImageObject\",\"inLanguage\":\"sr-RS\",\"@id\":\"https:\/\/president-ksgov.net\/sr\/vd-predsednice-haxhiu-izrazila-solidarnost-sa-americkim-narodom-nakon-napada-u-vasingtonu\/#primaryimage\",\"url\":\"https:\/\/president-ksgov.net\/wp-content\/uploads\/ZPRK-17.jpg\",\"contentUrl\":\"https:\/\/president-ksgov.net\/wp-content\/uploads\/ZPRK-17.jpg\",\"width\":2000,\"height\":1000},{\"@type\":\"BreadcrumbList\",\"@id\":\"https:\/\/president-ksgov.net\/sr\/vd-predsednice-haxhiu-izrazila-solidarnost-sa-americkim-narodom-nakon-napada-u-vasingtonu\/#breadcrumb\",\"itemListElement\":[{\"@type\":\"ListItem\",\"position\":1,\"name\":\"Home\",\"item\":\"https:\/\/president-ksgov.net\/sr\/\"},{\"@type\":\"ListItem\",\"position\":2,\"name\":\"VD predsednice Haxhiu izrazila solidarnost sa ameri\u010dkim narodom nakon napada u Va\u0161ingtonu\"}]},{\"@type\":\"WebSite\",\"@id\":\"https:\/\/president-ksgov.net\/#website\",\"url\":\"https:\/\/president-ksgov.net\/\",\"name\":\"Presidente e Republik\u00ebs s\u00eb Kosov\u00ebs\",\"description\":\"Presidente e Republik\u00ebs s\u00eb Kosov\u00ebs\",\"alternateName\":\"DR. VJOSA OSMANI - SADRIU\",\"potentialAction\":[{\"@type\":\"SearchAction\",\"target\":{\"@type\":\"EntryPoint\",\"urlTemplate\":\"https:\/\/president-ksgov.net\/?s={search_term_string}\"},\"query-input\":{\"@type\":\"PropertyValueSpecification\",\"valueRequired\":true,\"valueName\":\"search_term_string\"}}],\"inLanguage\":\"sr-RS\"},{\"@type\":\"Person\",\"@id\":\"https:\/\/president-ksgov.net\/#\/schema\/person\/639043365d5873f4c00b9dd2f548fe32\",\"name\":\"Aulon Maliqi\",\"image\":{\"@type\":\"ImageObject\",\"inLanguage\":\"sr-RS\",\"@id\":\"https:\/\/president-ksgov.net\/#\/schema\/person\/image\/\",\"url\":\"https:\/\/secure.gravatar.com\/avatar\/25825420648e802b44e5fd098636053cf34adea3bcdf93520be287f818c2ce8b?s=96&d=mm&r=g\",\"contentUrl\":\"https:\/\/secure.gravatar.com\/avatar\/25825420648e802b44e5fd098636053cf34adea3bcdf93520be287f818c2ce8b?s=96&d=mm&r=g\",\"caption\":\"Aulon Maliqi\"}}]}<\/script>\n<!-- \/ Yoast SEO plugin. -->","yoast_head_json":{"title":"VD predsednice Haxhiu izrazila solidarnost sa ameri\u010dkim narodom nakon napada u Va\u0161ingtonu - Predsednik Republike Kosovo - DR. VJOSA OSMANI - SADRIU","description":"VD predsednice Haxhiu izrazila solidarnost sa ameri\u010dkim narodom nakon napada u Va\u0161ingtonu - Predsednik Republike Kosovo - DR. VJOSA OSMANI - SADRIU - Vesti","robots":{"index":"index","follow":"follow","max-snippet":"max-snippet:-1","max-image-preview":"max-image-preview:large","max-video-preview":"max-video-preview:-1"},"canonical":"https:\/\/president-ksgov.net\/sr\/vd-predsednice-haxhiu-izrazila-solidarnost-sa-americkim-narodom-nakon-napada-u-vasingtonu\/","og_locale":"sr_RS","og_type":"article","og_title":"VD predsednice Haxhiu izrazila solidarnost sa ameri\u010dkim narodom nakon napada u Va\u0161ingtonu - Predsednik Republike Kosovo - DR. VJOSA OSMANI - SADRIU","og_description":"VD predsednice Haxhiu izrazila solidarnost sa ameri\u010dkim narodom nakon napada u Va\u0161ingtonu - Predsednik Republike Kosovo - DR. VJOSA OSMANI - SADRIU - Vesti","og_url":"https:\/\/president-ksgov.net\/sr\/vd-predsednice-haxhiu-izrazila-solidarnost-sa-americkim-narodom-nakon-napada-u-vasingtonu\/","og_site_name":"Predsednik Republike Kosovo - DR. VJOSA OSMANI - SADRIU","article_published_time":"2026-04-26T15:52:01+00:00","article_modified_time":"2026-04-28T09:26:22+00:00","og_image":[{"width":2000,"height":1000,"url":"https:\/\/president-ksgov.net\/wp-content\/uploads\/ZPRK-17.jpg","type":"image\/jpeg"}],"author":"Aulon Maliqi","twitter_card":"summary_large_image","twitter_misc":{"\u041d\u0430\u043f\u0438\u0441\u0430\u043d\u043e \u043e\u0434":"Aulon Maliqi","\u041f\u0440\u043e\u0446\u0435\u045a\u0435\u043d\u043e \u0432\u0440\u0435\u043c\u0435 \u0447\u0438\u0442\u0430\u045a\u0430":"1 \u043c\u0438\u043d\u0443\u0442"},"schema":{"@context":"https:\/\/schema.org","@graph":[{"@type":"WebPage","@id":"https:\/\/president-ksgov.net\/sr\/vd-predsednice-haxhiu-izrazila-solidarnost-sa-americkim-narodom-nakon-napada-u-vasingtonu\/","url":"https:\/\/president-ksgov.net\/sr\/vd-predsednice-haxhiu-izrazila-solidarnost-sa-americkim-narodom-nakon-napada-u-vasingtonu\/","name":"VD predsednice Haxhiu izrazila solidarnost sa ameri\u010dkim narodom nakon napada u Va\u0161ingtonu - Predsednik Republike Kosovo - DR. VJOSA OSMANI - SADRIU","isPartOf":{"@id":"https:\/\/president-ksgov.net\/#website"},"primaryImageOfPage":{"@id":"https:\/\/president-ksgov.net\/sr\/vd-predsednice-haxhiu-izrazila-solidarnost-sa-americkim-narodom-nakon-napada-u-vasingtonu\/#primaryimage"},"image":{"@id":"https:\/\/president-ksgov.net\/sr\/vd-predsednice-haxhiu-izrazila-solidarnost-sa-americkim-narodom-nakon-napada-u-vasingtonu\/#primaryimage"},"thumbnailUrl":"https:\/\/president-ksgov.net\/wp-content\/uploads\/ZPRK-17.jpg","datePublished":"2026-04-26T15:52:01+00:00","dateModified":"2026-04-28T09:26:22+00:00","author":{"@id":"https:\/\/president-ksgov.net\/#\/schema\/person\/639043365d5873f4c00b9dd2f548fe32"},"description":"VD predsednice Haxhiu izrazila solidarnost sa ameri\u010dkim narodom nakon napada u Va\u0161ingtonu - Predsednik Republike Kosovo - DR. VJOSA OSMANI - SADRIU - Vesti","breadcrumb":{"@id":"https:\/\/president-ksgov.net\/sr\/vd-predsednice-haxhiu-izrazila-solidarnost-sa-americkim-narodom-nakon-napada-u-vasingtonu\/#breadcrumb"},"inLanguage":"sr-RS","potentialAction":[{"@type":"ReadAction","target":["https:\/\/president-ksgov.net\/sr\/vd-predsednice-haxhiu-izrazila-solidarnost-sa-americkim-narodom-nakon-napada-u-vasingtonu\/"]}]},{"@type":"ImageObject","inLanguage":"sr-RS","@id":"https:\/\/president-ksgov.net\/sr\/vd-predsednice-haxhiu-izrazila-solidarnost-sa-americkim-narodom-nakon-napada-u-vasingtonu\/#primaryimage","url":"https:\/\/president-ksgov.net\/wp-content\/uploads\/ZPRK-17.jpg","contentUrl":"https:\/\/president-ksgov.net\/wp-content\/uploads\/ZPRK-17.jpg","width":2000,"height":1000},{"@type":"BreadcrumbList","@id":"https:\/\/president-ksgov.net\/sr\/vd-predsednice-haxhiu-izrazila-solidarnost-sa-americkim-narodom-nakon-napada-u-vasingtonu\/#breadcrumb","itemListElement":[{"@type":"ListItem","position":1,"name":"Home","item":"https:\/\/president-ksgov.net\/sr\/"},{"@type":"ListItem","position":2,"name":"VD predsednice Haxhiu izrazila solidarnost sa ameri\u010dkim narodom nakon napada u Va\u0161ingtonu"}]},{"@type":"WebSite","@id":"https:\/\/president-ksgov.net\/#website","url":"https:\/\/president-ksgov.net\/","name":"Presidente e Republik\u00ebs s\u00eb Kosov\u00ebs","description":"Presidente e Republik\u00ebs s\u00eb Kosov\u00ebs","alternateName":"DR. VJOSA OSMANI - SADRIU","potentialAction":[{"@type":"SearchAction","target":{"@type":"EntryPoint","urlTemplate":"https:\/\/president-ksgov.net\/?s={search_term_string}"},"query-input":{"@type":"PropertyValueSpecification","valueRequired":true,"valueName":"search_term_string"}}],"inLanguage":"sr-RS"},{"@type":"Person","@id":"https:\/\/president-ksgov.net\/#\/schema\/person\/639043365d5873f4c00b9dd2f548fe32","name":"Aulon Maliqi","image":{"@type":"ImageObject","inLanguage":"sr-RS","@id":"https:\/\/president-ksgov.net\/#\/schema\/person\/image\/","url":"https:\/\/secure.gravatar.com\/avatar\/25825420648e802b44e5fd098636053cf34adea3bcdf93520be287f818c2ce8b?s=96&d=mm&r=g","contentUrl":"https:\/\/secure.gravatar.com\/avatar\/25825420648e802b44e5fd098636053cf34adea3bcdf93520be287f818c2ce8b?s=96&d=mm&r=g","caption":"Aulon Maliqi"}}]}},"_links":{"self":[{"href":"https:\/\/president-ksgov.net\/sr\/wp-json\/wp\/v2\/posts\/187637","targetHints":{"allow":["GET"]}}],"collection":[{"href":"https:\/\/president-ksgov.net\/sr\/wp-json\/wp\/v2\/posts"}],"about":[{"href":"https:\/\/president-ksgov.net\/sr\/wp-json\/wp\/v2\/types\/post"}],"author":[{"embeddable":true,"href":"https:\/\/president-ksgov.net\/sr\/wp-json\/wp\/v2\/users\/18"}],"replies":[{"embeddable":true,"href":"https:\/\/president-ksgov.net\/sr\/wp-json\/wp\/v2\/comments?post=187637"}],"version-history":[{"count":1,"href":"https:\/\/president-ksgov.net\/sr\/wp-json\/wp\/v2\/posts\/187637\/revisions"}],"predecessor-version":[{"id":187638,"href":"https:\/\/president-ksgov.net\/sr\/wp-json\/wp\/v2\/posts\/187637\/revisions\/187638"}],"wp:featuredmedia":[{"embeddable":true,"href":"https:\/\/president-ksgov.net\/sr\/wp-json\/wp\/v2\/media\/153758"}],"wp:attachment":[{"href":"https:\/\/president-ksgov.net\/sr\/wp-json\/wp\/v2\/media?parent=187637"}],"wp:term":[{"taxonomy":"category","embeddable":true,"href":"https:\/\/president-ksgov.net\/sr\/wp-json\/wp\/v2\/categories?post=187637"},{"taxonomy":"post_tag","embeddable":true,"href":"https:\/\/president-ksgov.net\/sr\/wp-json\/wp\/v2\/tags?post=187637"}],"curies":[{"name":"wp","href":"https:\/\/api.w.org\/{rel}","templated":true}]}}