{"id":186699,"date":"2026-04-04T18:04:27","date_gmt":"2026-04-04T16:04:27","guid":{"rendered":"https:\/\/president-ksgov.net\/?p=186699"},"modified":"2026-04-08T09:26:24","modified_gmt":"2026-04-08T07:26:24","slug":"obracanje-predsednice-osmani-povodom-zavrsetka-mandata-predsednika-republike","status":"publish","type":"post","link":"https:\/\/president-ksgov.net\/sr\/obracanje-predsednice-osmani-povodom-zavrsetka-mandata-predsednika-republike\/","title":{"rendered":"Obra\u0107anje predsednice Osmani povodom zavr\u0161etka mandata predsednika Republike"},"content":{"rendered":"<p>Dragi gra\u0111ani Republike Kosovo,<\/p>\n<p>Po\u0161tovana dijasporo, snaga koja dr\u017ei Kosovo povezanim sa svetom!<\/p>\n<p>Nema ve\u0107e \u010dasti nego slu\u017eiti Republici.<\/p>\n<p>Nema ve\u0107e odgovornosti, ali i plemenitije, nego imati poverenje svojih gra\u0111ana.<\/p>\n<p>Zahvaljuju\u0107i va\u0161oj posve\u0107enosti demokratskim vrednostima i istrajnosti u stvaranju stabilnih institucija, bila mi je \u010dast i velika odgovornost da osiguram da va\u0161a volja i va\u0161 glas budu dostojno predstavljeni.<\/p>\n<p>Od prvog dana sam preuzela ovu du\u017enost sa jasnim uverenjem: da se integritet ne mo\u017ee pregovarati, da se dr\u017eava ne savija i da se poverenje gra\u0111ana ne gubi.<\/p>\n<p>To je bio moj kompas \u010dak i kada put nije bio lak i izuzetno izazovan.<\/p>\n<p>Va\u0161a podr\u0161ka je bila jasna, glasna i kontinuirana.<\/p>\n<p>Osetila sam je u svakom naselju, u svakom selu i gradu, na svakom sastanku, u svakoj poruci i u svakoj prilici koju sam imala da vas upoznam.<\/p>\n<p>Ta podr\u0161ka, pre svega, bilo je poverenje.<\/p>\n<p>I zbog ovog poverenja, klanjam se pred vama sa najdubljom i ve\u010dnom zahvalno\u0161\u0107u.<\/p>\n<p>Jer poverenje gra\u0111ana je snaga koja daje smisao svakoj javnoj odgovornosti. To poverenje sam pretvorila u lojalnost, vama, principima dr\u017eave, na\u0161im zajedni\u010dkim nacionalnim i demokratskim vrednostima. Lojalnost, isklju\u010divo Republici Kosovo, njenom suverenitetu, njenoj nezavisnosti i nepovredivosti njenih granica.<\/p>\n<p>Za mene je bilo i ostalo klju\u010dno za\u0161tititi interese dr\u017eave i na\u0161ih gra\u0111ana, povezati te\u0161ku istoriju \u017ertvovanja na\u0161eg naroda sa vizijom osniva\u010da Republike, predsednika Rugove, po\u0161tovati na\u0161u oslobodila\u010dku borbu i za\u0161tititi saveze sa na\u0161im bezbednosnim saveznicima koji, \u010dak i 27 godina nakon rata, zajedno sa na\u0161im institucijama, i dalje \u0161tite na\u0161u granicu sa Srbijom. Za\u0161tita saveza slobode sa SAD-om, sa evropskim zemljama i svim miroljubivim zemljama \u0161irom sveta bila je i ostala stabilan temelj za za\u0161titu mira. Ne odstupam od ove vizije, jer je to vizija na\u0161e dr\u017eave, to je vizija gra\u0111ana moje zemlje.<\/p>\n<p>Dragi gra\u0111ani,<\/p>\n<p>Moja orijentacija kao va\u0161e predstavnice bila je i ostaje jasna, orijentacija predsednika Rugove: slobodno, nezavisno, demokratsko Kosovo, integrisano u evroatlantske strukture i u stalnom savezu sa Sjedinjenim Ameri\u010dkim Dr\u017eavama. Ovo nije bila samo vizija; to je bio moj svakodnevni vodi\u010d. I Kosovo je ovih pet godina svakodnevno vo\u0111eno ovom jasnom strate\u0161kom orijentacijom.<\/p>\n<p>Sa dubokom ponizno\u0161\u0107u, kao i uvek, danas odajem po\u010dast herojima, mu\u010denicima slobode, palim borcima Oslobodila\u010dke vojske Kosova; svima koji su nasilno nestali od strane genocidnih srpskih snaga; svima koji su pre\u017eiveli seksualno nasilje tokom rata i svima onima koji su dali sve za ovu zemlju, jer na\u0161a sloboda nosi njihovo ime i na\u0161a Republika stoji na njihovoj \u017ertvi.<\/p>\n<p>To je bila trajnost mojih postupaka i vodilja svakog posla, svakog dana moje posve\u0107enosti na\u0161oj voljenoj Republici, uvek ostaju\u0107i verna principima na\u0161e dr\u017eave, sada poslednjeg dana mandata, kao i prvog dana.<\/p>\n<p>Jer Kosovo koje otvara svoja vrata spolja, ja\u010de je iznutra.<\/p>\n<p>Jer Kosovo koje se \u010duje u svetu, uvek je bezbednije kod ku\u0107e.<\/p>\n<p>Na svakom sastanku, u svakoj poseti, u svakom razgovoru sa svetskim liderima, imala sam jednu poruku: Kosovo je suverena, demokratska republika, sa nepovredivim granicama i odlu\u010dna da doprinese me\u0111unarodnom miru, stabilnosti i bezbednosti, kako u na\u0161em regionu tako i \u0161ire, i dr\u017eava predodre\u0111ena za evroatlantsku budu\u0107nost.<\/p>\n<p>Ovaj rad nije prestao ni u jednom trenutku. Duboko sam ponosna \u0161to ovu instituciju ostavljamo po\u0161tovanijom u svetu, sa otvorenim vratima i oja\u010danim savezima.<\/p>\n<p>Dono\u0161enjem novih priznanja Kosovu; postizanjem liberalizacije viznog re\u017eima sa EU i mnogim drugim zemljama; preduzimanjem konkretnih koraka ka integraciji zemlje u EU i Savet Evrope; a tako\u0111e i konkretnih koraka ka budu\u0107nosti u NATO-u, pru\u017eanjem sna\u017enih garancija za nepovredivost na\u0161ih granica; izgradnjom partnerstava za ja\u010danje na\u0161e vojske; uklju\u010divanjem Kosova u platforme gde ranije nije imalo pristup, kao \u0161to je istorijsko u\u010de\u0161\u0107e na Samitu NATO-a, \u010dinjenjem Kosova osniva\u010dkim \u010dlanom Odbora za mir; vra\u0107anjem Kosova u centar globalnih agendi: od Agende za \u017eene, mir i bezbednost do za\u0161tite dece u digitalnom svetu. Zna\u010dajnim unapre\u0111enjem odnosa sa drugim zemljama, koje su do ju\u010de oklevale da uspostave odnose sa na\u0161om zemljom; otvaranjem novih perspektiva politi\u010dkih odnosa sa mnogim drugim zemljama \u0161irom sveta, u ovih 5 godina dokazali smo da \u010dak i mala dr\u017eava mo\u017ee imati veliki glas.<\/p>\n<p>Jer to je bila na\u0161a vizija od prvog dana kada sam polo\u017eila zakletvu u Skup\u0161tini, ali pre svega kada sam se zaklela pred vama: da Kosovo ne\u0107e biti samo deo me\u0111unarodnih stolova, ve\u0107 i aktivan doprinosilac za njima.<\/p>\n<p>Dragi gra\u0111ani,<\/p>\n<p>Kao vrhovni komandant KBS-a, izbliza sam videla pravu snagu ove zemlje: na\u0161 narod u uniformama. \u017dene i mu\u0161karci koji ne tra\u017ee aplauz, ve\u0107 nose na\u0161u bezbednost na svojim ple\u0107ima.<\/p>\n<p>Ali budu\u0107nost zahteva vi\u0161e od dostignu\u0107a. Ona tako\u0111e zahteva budnost.<\/p>\n<p>\u017divimo u vremenu kada se istina svakodnevno osporava.<\/p>\n<p>Gde se propaganda maskira kao mi\u0161ljenje.<\/p>\n<p>Gde kleveta i manipulacija te\u017ee da zamene \u010dinjenice.<\/p>\n<p>Zato vas molim: ne gubite kompas.<\/p>\n<p>Jer samo kada se istina sazna i brani, manipulacija gubi svoju mo\u0107, a moralni kompas ostaje nepokolebljiv.<\/p>\n<p>Poslednjih nedelja, susre\u0107u\u0107i vas \u0161irom Kosova, videla sam ne\u0161to \u0161to se ne mo\u017ee izmisliti: poverenje koje se ne gasi lako.<\/p>\n<p>Ali sam tako\u0111e videla va\u0161e o\u010dekivanje i zahtev za vi\u0161e pravde, vi\u0161e dostojanstva, jasniju budu\u0107nost i jedinstvo oko vrednosti.<\/p>\n<p>I ovo o\u010dekivanje je ispravno. Jer Kosovo mo\u017eda jeste mala zemlja, ali je zemlja sa velikim pam\u0107enjem i zaslu\u017euje jo\u0161 svetliju budu\u0107nost.<\/p>\n<p>Ponekad, u politici, upravo lojalnost principima, doslednost vrednostima tvog naroda, vizija da se brani dr\u017eava i da se sna\u017eno stoji uz pro\u0161le i budu\u0107e saveznike, i pre svega lojalnost Kosovu, postaje prepreka za neke.<\/p>\n<p>Na ovom putovanju sam saznala jo\u0161 jednu istinu: da ponekad najve\u0107i izazovi ne dolaze spolja.<\/p>\n<p>Oni dolaze kada se doslednost principima po\u010dne posmatrati kao prepreka, a ne kao vrednost, i kada se lojalnost dr\u017eavi ne poklapa sa svakodnevnim interesima.<\/p>\n<p>I upravo u tim trenucima, lider mora da bira: pogodnost ili integritet.<\/p>\n<p>\u010cvrsto verujem da sam izabrala integritet.<\/p>\n<p>Jer za mene Republika nije instrument. To je amanet. To je amanet.<\/p>\n<p>Dragi gra\u0111ani,<\/p>\n<p>U svakom susretu sa vama ovih dana, videla sam zahvalnost u va\u0161im o\u010dima, ali i o\u010dekivanje da \u0107e Kosovo posti\u0107i jo\u0161 vi\u0161e, bolje i br\u017ee.<\/p>\n<p>Ovo je na\u0161e Kosovo.<\/p>\n<p>Mala zemlja na mapi, ali velika duhom.<\/p>\n<p>Narod koji je nau\u010dio da stoji, ustaje i ide napred, uvek rade\u0107i vi\u0161e nego \u0161to se od njih o\u010dekuje.<\/p>\n<p>Svima koje sam upoznala: hvala vam od srca!<\/p>\n<p>Onima koje nisam uspela da upoznam: na\u0161i putevi \u0107e se ukrstiti i bi\u0107emo zajedno, jedan pored drugog, u izazovima i ciljevima koji nas o\u010dekuju.<\/p>\n<p>Tokom ovih 5 godina, stajali smo uz \u017eene, mlade, decu, dijasporu, sportiste, ljude sa posebnim potrebama, neve\u0107inske zajednice i na\u0161e gra\u0111ane \u0161irom zemlje, jer se sna\u017ena Republika gradi samo kada se svaki gra\u0111anin ose\u0107a uklju\u010denim, saslu\u0161anim i zastupljenim.<\/p>\n<p>Nema ve\u0107eg poziva nego slu\u017eiti cilju ve\u0107em od sebe.<\/p>\n<p>Biti predsednica Republike Kosovo zna\u010di biti beskompromisna braniteljka na\u0161e slavne pro\u0161losti, svakodnevna borkinja za sada\u0161njost i odlu\u010dan garant bolje budu\u0107nosti.<\/p>\n<p>Danas se klanjam pred svakim gra\u0111aninom koji nam je verovao. Jer poverenje je najdragocenija valuta demokratije i najlak\u0161e se gubi kada se istina zameni klevetom. Stoga vas pozivam da zajedno branimo istinu.<\/p>\n<p>Mo\u017eemo se suo\u010dimo sa izazovima. Mo\u017eemo da se suo\u010dimo sa nepravdom.<\/p>\n<p>Ali nikada, nikada se ne\u0107emo suo\u010diti sa nedostatkom hrabrosti. Obe\u0107avam vam ovo. Jer je ovaj narod uvek birao da se zala\u017ee za ono \u0161to je ispravno.<\/p>\n<p>I ako sam ne\u0161to nau\u010dila od vas, to je ovo: da Kosovo nije jako samo kada pobe\u0111uje, ve\u0107 je nepobedivo jer nikada ne odustaje.<\/p>\n<p>Dragi gra\u0111ani,<\/p>\n<p>Na\u0161a Republika \u0107e nastaviti da ja\u010da:<\/p>\n<p>za devoj\u010dice koje odrastaju sa velikim snovima,<\/p>\n<p>za de\u010dake koji veruju u ovu zemlju,<\/p>\n<p>za majke i o\u010deve koji se \u017ertvuju svakog dana,<\/p>\n<p>za bake i deke koji su odr\u017eavali nadu \u017eivom,<\/p>\n<p>Jer je ova Republika ve\u0107a od bilo kog mandata, od bilo koje osobe i ja\u010da od bilo kog politi\u010dkog trenutka.<\/p>\n<p>Kosovo \u0107e i\u0107i napred. Zajedno \u0107emo i\u0107i napred.<\/p>\n<p>Nastavi\u0107u da budem uz vas, za vas i za dr\u017eavu koju smo svi zajedno izgradili i koju \u0107emo braniti zauvek. Nastavi\u0107u da budem na strani Republike Kosovo.<\/p>\n<p>Naravno, politi\u010dki anga\u017eman zna\u010di da na\u0161e porodice \u010desto pla\u0107aju cenu za na\u0161e stavove. Zato \u017eelim od srca da se zahvalim svojim dvema \u0107erkama i mu\u017eu, kao i celoj mojoj porodici, koji su bili uz mene na svakom koraku, bez obzira koliko je ovo putovanje bilo te\u0161ko. Porodica je najja\u010di temelj ovog dru\u0161tva i samo o\u010duvanjem porodi\u010dnih vrednosti koje su uvek bile na\u0161a snaga, mo\u0107i \u0107emo da oja\u010damo na\u0161u dr\u017eavu.<\/p>\n<p>\u017delela bih da izrazim posebnu zahvalnost svom kabinetu i mojim saradnicima ovde u Predsedni\u0161tvu koji su tokom ovih godina obavljali neumoran i izvanredan posao. Tako\u0111e se zahvaljujem administraciji i brojnim partnerima koji su, sa posve\u0107eno\u0161\u0107u, \u010desto daleko od o\u010diju javnosti, nosili te\u017einu ove misije sa nama. Zahvaljujem se institucijama, prijateljima Kosova sa kojima smo sara\u0111ivali kako bismo Kosovo u\u010dinili ja\u010dim, saslu\u0161anijim i po\u0161tovanijim.<\/p>\n<p>Dragi gra\u0111ani,<\/p>\n<p>Najdublja zahvalnost uvek pripada vama.<\/p>\n<p>Hvala vam na poverenju.<\/p>\n<p>Hvala vam na podr\u0161ci.<\/p>\n<p>Hvala vam na ljubavi.<\/p>\n<p>Hvala vam na najve\u0107oj \u010dasti u \u017eivotu koju ste mi ukazali: da slu\u017eim na\u0161oj Republici!<\/p>\n<p>Kosovo jeste i osta\u0107e nezavisno i suvereno, nepovredivo u svojim granicama, otvoreno za partnerstva i saveze vrednosti, nezaustavljivo prema EU i NATO-u, i ve\u010dno rame uz rame sa Sjedinjenim Ameri\u010dkim Dr\u017eavama. \u017delim da svaki predsednik ili predsednica u budu\u0107nosti sa\u010duvaju i nastave ovo nasle\u0111e i ovo putovanje.<\/p>\n<p>Predsednik Rugova je izgradio ovu instituciju kao sna\u017enu instituciju, sa integritetom i saveznicima. I kao takvu, ostavljam je iza sebe.<\/p>\n<p>Danas napu\u0161tam ovu du\u017enost, ali nikako, ni na koji na\u010din, iz odanosti na\u0161oj voljenoj domovini.<\/p>\n<p>Neka Bog blagoslovi Republiku Kosovo i njen narod!<\/p>\n<p>Neka Bog blagoslovi vas i va\u0161e porodice!<\/p>\n<p>Hvala vam!<\/p>\n<p><iframe style=\"border: none; overflow: hidden;\" src=\"https:\/\/www.facebook.com\/plugins\/video.php?height=476&amp;href=https%3A%2F%2Fwww.facebook.com%2Freel%2F1612575703466793%2F&amp;show_text=false&amp;width=267&amp;t=0\" width=\"267\" height=\"1200\" frameborder=\"0\" scrolling=\"no\" allowfullscreen=\"allowfullscreen\"><\/iframe><\/p>\n","protected":false},"excerpt":{"rendered":"<p>Dragi gra\u0111ani Republike Kosovo, Po\u0161tovana dijasporo, snaga koja dr\u017ei Kosovo povezanim sa svetom! Nema ve\u0107e \u010dasti nego slu\u017eiti Republici. Nema ve\u0107e odgovornosti, ali i plemenitije, nego imati poverenje svojih gra\u0111ana. Zahvaljuju\u0107i va\u0161oj posve\u0107enosti demokratskim vrednostima i istrajnosti u stvaranju stabilnih institucija, bila mi je \u010dast i velika odgovornost da osiguram da va\u0161a volja i va\u0161 glas budu dostojno predstavljeni. Od prvog dana sam preuzela ovu du\u017enost sa jasnim uverenjem: da se integritet ne mo\u017ee pregovarati, da se dr\u017eava ne savija i da se poverenje gra\u0111ana ne gubi. To je bio moj kompas \u010dak i kada put nije bio lak i izuzetno izazovan. Va\u0161a podr\u0161ka je bila jasna, glasna i kontinuirana. Osetila sam je u svakom naselju, u svakom selu i gradu, na svakom sastanku, u svakoj poruci i u svakoj prilici koju sam imala da vas upoznam. Ta podr\u0161ka, pre svega, bilo je poverenje. I zbog ovog poverenja, klanjam se pred vama sa najdubljom i ve\u010dnom zahvalno\u0161\u0107u. Jer poverenje gra\u0111ana je snaga koja daje smisao svakoj javnoj odgovornosti. To poverenje sam pretvorila u lojalnost, vama, principima dr\u017eave, na\u0161im zajedni\u010dkim nacionalnim i demokratskim vrednostima. Lojalnost, isklju\u010divo Republici Kosovo, njenom suverenitetu, njenoj nezavisnosti i nepovredivosti njenih granica. Za mene je bilo i ostalo klju\u010dno za\u0161tititi interese dr\u017eave i na\u0161ih gra\u0111ana, povezati te\u0161ku istoriju \u017ertvovanja na\u0161eg naroda sa vizijom osniva\u010da Republike, predsednika Rugove, po\u0161tovati na\u0161u oslobodila\u010dku borbu i za\u0161tititi saveze sa na\u0161im bezbednosnim saveznicima koji, \u010dak i 27 godina nakon rata, zajedno sa na\u0161im institucijama, i dalje \u0161tite na\u0161u granicu sa Srbijom. Za\u0161tita saveza slobode sa SAD-om, sa evropskim zemljama i svim miroljubivim zemljama \u0161irom sveta bila je i ostala stabilan temelj za za\u0161titu mira. Ne odstupam od ove vizije, jer je to vizija na\u0161e dr\u017eave, to je vizija gra\u0111ana moje zemlje. Dragi gra\u0111ani, Moja orijentacija kao va\u0161e predstavnice bila je i ostaje jasna, orijentacija predsednika Rugove: slobodno, nezavisno, demokratsko Kosovo, integrisano u evroatlantske strukture i u stalnom savezu sa Sjedinjenim Ameri\u010dkim Dr\u017eavama. Ovo nije bila samo vizija; to je bio moj svakodnevni vodi\u010d. I Kosovo je ovih pet godina svakodnevno vo\u0111eno ovom jasnom strate\u0161kom orijentacijom. Sa dubokom ponizno\u0161\u0107u, kao i uvek, danas odajem po\u010dast herojima, mu\u010denicima slobode, palim borcima Oslobodila\u010dke vojske Kosova; svima koji su nasilno nestali od strane genocidnih srpskih snaga; svima koji su pre\u017eiveli seksualno nasilje tokom rata i svima onima koji su dali sve za ovu zemlju, jer na\u0161a sloboda nosi njihovo ime i na\u0161a Republika stoji na njihovoj \u017ertvi. To je bila trajnost mojih postupaka i vodilja svakog posla, svakog dana moje posve\u0107enosti na\u0161oj voljenoj Republici, uvek ostaju\u0107i verna principima na\u0161e dr\u017eave, sada poslednjeg dana mandata, kao i prvog dana. Jer Kosovo koje otvara svoja vrata spolja, ja\u010de je iznutra. Jer Kosovo koje se \u010duje u svetu, uvek je bezbednije kod ku\u0107e. Na svakom sastanku, u svakoj poseti, u svakom razgovoru sa svetskim liderima, imala sam jednu poruku: Kosovo je suverena, demokratska republika, sa nepovredivim granicama i odlu\u010dna da doprinese me\u0111unarodnom miru, stabilnosti i bezbednosti, kako u na\u0161em regionu tako i \u0161ire, i dr\u017eava predodre\u0111ena za evroatlantsku budu\u0107nost. Ovaj rad nije prestao ni u jednom trenutku. Duboko sam ponosna \u0161to ovu instituciju ostavljamo po\u0161tovanijom u svetu, sa otvorenim vratima i oja\u010danim savezima. Dono\u0161enjem novih priznanja Kosovu; postizanjem liberalizacije viznog re\u017eima sa EU i mnogim drugim zemljama; preduzimanjem konkretnih koraka ka integraciji zemlje u EU i Savet Evrope; a tako\u0111e i konkretnih koraka ka budu\u0107nosti u NATO-u, pru\u017eanjem sna\u017enih garancija za nepovredivost na\u0161ih granica; izgradnjom partnerstava za ja\u010danje na\u0161e vojske; uklju\u010divanjem Kosova u platforme gde ranije nije imalo pristup, kao \u0161to je istorijsko u\u010de\u0161\u0107e na Samitu NATO-a, \u010dinjenjem Kosova osniva\u010dkim \u010dlanom Odbora za mir; vra\u0107anjem Kosova u centar globalnih agendi: od Agende za \u017eene, mir i bezbednost do za\u0161tite dece u digitalnom svetu. Zna\u010dajnim unapre\u0111enjem odnosa sa drugim zemljama, koje su do ju\u010de oklevale da uspostave odnose sa na\u0161om zemljom; otvaranjem novih perspektiva politi\u010dkih odnosa sa mnogim drugim zemljama \u0161irom sveta, u ovih 5 godina dokazali smo da \u010dak i mala dr\u017eava mo\u017ee imati veliki glas. Jer to je bila na\u0161a vizija od prvog dana kada sam polo\u017eila zakletvu u Skup\u0161tini, ali pre svega kada sam se zaklela pred vama: da Kosovo ne\u0107e biti samo deo me\u0111unarodnih stolova, ve\u0107 i aktivan doprinosilac za njima. Dragi gra\u0111ani, Kao vrhovni komandant KBS-a, izbliza sam videla pravu snagu ove zemlje: na\u0161 narod u uniformama. \u017dene i mu\u0161karci koji ne tra\u017ee aplauz, ve\u0107 nose na\u0161u bezbednost na svojim ple\u0107ima. Ali budu\u0107nost zahteva vi\u0161e od dostignu\u0107a. Ona tako\u0111e zahteva budnost. \u017divimo u vremenu kada se istina svakodnevno osporava. Gde se propaganda maskira kao mi\u0161ljenje. Gde kleveta i manipulacija te\u017ee da zamene \u010dinjenice. Zato vas molim: ne gubite kompas. Jer samo kada se istina sazna i brani, manipulacija gubi svoju mo\u0107, a moralni kompas ostaje nepokolebljiv. Poslednjih nedelja, susre\u0107u\u0107i vas \u0161irom Kosova, videla sam ne\u0161to \u0161to se ne mo\u017ee izmisliti: poverenje koje se ne gasi lako. Ali sam tako\u0111e videla va\u0161e o\u010dekivanje i zahtev za vi\u0161e pravde, vi\u0161e dostojanstva, jasniju budu\u0107nost i jedinstvo oko vrednosti. I ovo o\u010dekivanje je ispravno. Jer Kosovo mo\u017eda jeste mala zemlja, ali je zemlja sa velikim pam\u0107enjem i zaslu\u017euje jo\u0161 svetliju budu\u0107nost. Ponekad, u politici, upravo lojalnost principima, doslednost vrednostima tvog naroda, vizija da se brani dr\u017eava i da se sna\u017eno stoji uz pro\u0161le i budu\u0107e saveznike, i pre svega lojalnost Kosovu, postaje prepreka za neke. Na ovom putovanju sam saznala jo\u0161 jednu istinu: da ponekad najve\u0107i izazovi ne dolaze spolja. Oni dolaze kada se doslednost principima po\u010dne posmatrati kao prepreka, a ne kao vrednost, i kada se lojalnost dr\u017eavi ne poklapa sa svakodnevnim interesima. I upravo u tim trenucima, lider mora da bira: pogodnost ili integritet. \u010cvrsto verujem da sam izabrala integritet. Jer za mene Republika nije instrument. To je amanet. To je amanet. Dragi gra\u0111ani, U svakom susretu sa vama ovih dana, videla sam zahvalnost u va\u0161im o\u010dima, ali i o\u010dekivanje da \u0107e Kosovo posti\u0107i jo\u0161 vi\u0161e, bolje i br\u017ee. Ovo je na\u0161e Kosovo. Mala zemlja na mapi, ali velika duhom. Narod koji je nau\u010dio da stoji, ustaje i ide napred, uvek rade\u0107i vi\u0161e nego \u0161to se<\/p>\n","protected":false},"author":18,"featured_media":186460,"comment_status":"closed","ping_status":"closed","sticky":false,"template":"","format":"standard","meta":{"_eb_attr":"","footnotes":""},"categories":[106,101],"tags":[],"class_list":["post-186699","post","type-post","status-publish","format-standard","has-post-thumbnail","hentry","category-govori","category-vesti"],"yoast_head":"<!-- This site is optimized with the Yoast SEO plugin v23.5 - https:\/\/yoast.com\/wordpress\/plugins\/seo\/ -->\n<title>Obra\u0107anje predsednice Osmani povodom zavr\u0161etka mandata predsednika Republike - Predsednik Republike Kosovo - DR. VJOSA OSMANI - SADRIU<\/title>\n<meta name=\"description\" content=\"Obra\u0107anje predsednice Osmani povodom zavr\u0161etka mandata predsednika Republike - Predsednik Republike Kosovo - DR. VJOSA OSMANI - SADRIU -\" \/>\n<meta name=\"robots\" content=\"index, follow, max-snippet:-1, max-image-preview:large, max-video-preview:-1\" \/>\n<link rel=\"canonical\" href=\"https:\/\/president-ksgov.net\/en\/?p=186736\" \/>\n<meta property=\"og:locale\" content=\"sr_RS\" \/>\n<meta property=\"og:type\" content=\"article\" \/>\n<meta property=\"og:title\" content=\"Obra\u0107anje predsednice Osmani povodom zavr\u0161etka mandata predsednika Republike - Predsednik Republike Kosovo - DR. VJOSA OSMANI - SADRIU\" \/>\n<meta property=\"og:description\" content=\"Obra\u0107anje predsednice Osmani povodom zavr\u0161etka mandata predsednika Republike - Predsednik Republike Kosovo - DR. VJOSA OSMANI - SADRIU -\" \/>\n<meta property=\"og:url\" content=\"https:\/\/president-ksgov.net\/en\/?p=186736\" \/>\n<meta property=\"og:site_name\" content=\"Predsednik Republike Kosovo - DR. VJOSA OSMANI - SADRIU\" \/>\n<meta property=\"article:published_time\" content=\"2026-04-04T16:04:27+00:00\" \/>\n<meta property=\"article:modified_time\" content=\"2026-04-08T07:26:24+00:00\" \/>\n<meta property=\"og:image\" content=\"https:\/\/president-ksgov.net\/wp-content\/uploads\/Adresimi-i-Presidentes-Osmani-me-rastin-e-permbylljes-se-mandatit-te-Presidentes-se-Republikes-1-2.jpg\" \/>\n\t<meta property=\"og:image:width\" content=\"576\" \/>\n\t<meta property=\"og:image:height\" content=\"523\" \/>\n\t<meta property=\"og:image:type\" content=\"image\/jpeg\" \/>\n<meta name=\"author\" content=\"Aulon Maliqi\" \/>\n<meta name=\"twitter:card\" content=\"summary_large_image\" \/>\n<meta name=\"twitter:label1\" content=\"\u041d\u0430\u043f\u0438\u0441\u0430\u043d\u043e \u043e\u0434\" \/>\n\t<meta name=\"twitter:data1\" content=\"Aulon Maliqi\" \/>\n\t<meta name=\"twitter:label2\" content=\"\u041f\u0440\u043e\u0446\u0435\u045a\u0435\u043d\u043e \u0432\u0440\u0435\u043c\u0435 \u0447\u0438\u0442\u0430\u045a\u0430\" \/>\n\t<meta name=\"twitter:data2\" content=\"9 \u043c\u0438\u043d\u0443\u0442\u0430\" \/>\n<script type=\"application\/ld+json\" class=\"yoast-schema-graph\">{\"@context\":\"https:\/\/schema.org\",\"@graph\":[{\"@type\":\"WebPage\",\"@id\":\"https:\/\/president-ksgov.net\/en\/?p=186736\",\"url\":\"https:\/\/president-ksgov.net\/en\/?p=186736\",\"name\":\"Obra\u0107anje predsednice Osmani povodom zavr\u0161etka mandata predsednika Republike - Predsednik Republike Kosovo - DR. VJOSA OSMANI - SADRIU\",\"isPartOf\":{\"@id\":\"https:\/\/president-ksgov.net\/#website\"},\"primaryImageOfPage\":{\"@id\":\"https:\/\/president-ksgov.net\/en\/?p=186736#primaryimage\"},\"image\":{\"@id\":\"https:\/\/president-ksgov.net\/en\/?p=186736#primaryimage\"},\"thumbnailUrl\":\"https:\/\/president-ksgov.net\/wp-content\/uploads\/Adresimi-i-Presidentes-Osmani-me-rastin-e-permbylljes-se-mandatit-te-Presidentes-se-Republikes-1-2.jpg\",\"datePublished\":\"2026-04-04T16:04:27+00:00\",\"dateModified\":\"2026-04-08T07:26:24+00:00\",\"author\":{\"@id\":\"https:\/\/president-ksgov.net\/#\/schema\/person\/639043365d5873f4c00b9dd2f548fe32\"},\"description\":\"Obra\u0107anje predsednice Osmani povodom zavr\u0161etka mandata predsednika Republike - Predsednik Republike Kosovo - DR. VJOSA OSMANI - SADRIU -\",\"breadcrumb\":{\"@id\":\"https:\/\/president-ksgov.net\/en\/?p=186736#breadcrumb\"},\"inLanguage\":\"sr-RS\",\"potentialAction\":[{\"@type\":\"ReadAction\",\"target\":[\"https:\/\/president-ksgov.net\/en\/?p=186736\"]}]},{\"@type\":\"ImageObject\",\"inLanguage\":\"sr-RS\",\"@id\":\"https:\/\/president-ksgov.net\/en\/?p=186736#primaryimage\",\"url\":\"https:\/\/president-ksgov.net\/wp-content\/uploads\/Adresimi-i-Presidentes-Osmani-me-rastin-e-permbylljes-se-mandatit-te-Presidentes-se-Republikes-1-2.jpg\",\"contentUrl\":\"https:\/\/president-ksgov.net\/wp-content\/uploads\/Adresimi-i-Presidentes-Osmani-me-rastin-e-permbylljes-se-mandatit-te-Presidentes-se-Republikes-1-2.jpg\",\"width\":576,\"height\":523},{\"@type\":\"BreadcrumbList\",\"@id\":\"https:\/\/president-ksgov.net\/en\/?p=186736#breadcrumb\",\"itemListElement\":[{\"@type\":\"ListItem\",\"position\":1,\"name\":\"Home\",\"item\":\"https:\/\/president-ksgov.net\/sr\/\"},{\"@type\":\"ListItem\",\"position\":2,\"name\":\"Obra\u0107anje predsednice Osmani povodom zavr\u0161etka mandata predsednika Republike\"}]},{\"@type\":\"WebSite\",\"@id\":\"https:\/\/president-ksgov.net\/#website\",\"url\":\"https:\/\/president-ksgov.net\/\",\"name\":\"Presidente e Republik\u00ebs s\u00eb Kosov\u00ebs\",\"description\":\"Presidente e Republik\u00ebs s\u00eb Kosov\u00ebs\",\"alternateName\":\"DR. VJOSA OSMANI - SADRIU\",\"potentialAction\":[{\"@type\":\"SearchAction\",\"target\":{\"@type\":\"EntryPoint\",\"urlTemplate\":\"https:\/\/president-ksgov.net\/?s={search_term_string}\"},\"query-input\":{\"@type\":\"PropertyValueSpecification\",\"valueRequired\":true,\"valueName\":\"search_term_string\"}}],\"inLanguage\":\"sr-RS\"},{\"@type\":\"Person\",\"@id\":\"https:\/\/president-ksgov.net\/#\/schema\/person\/639043365d5873f4c00b9dd2f548fe32\",\"name\":\"Aulon Maliqi\",\"image\":{\"@type\":\"ImageObject\",\"inLanguage\":\"sr-RS\",\"@id\":\"https:\/\/president-ksgov.net\/#\/schema\/person\/image\/\",\"url\":\"https:\/\/secure.gravatar.com\/avatar\/25825420648e802b44e5fd098636053cf34adea3bcdf93520be287f818c2ce8b?s=96&d=mm&r=g\",\"contentUrl\":\"https:\/\/secure.gravatar.com\/avatar\/25825420648e802b44e5fd098636053cf34adea3bcdf93520be287f818c2ce8b?s=96&d=mm&r=g\",\"caption\":\"Aulon Maliqi\"}}]}<\/script>\n<!-- \/ Yoast SEO plugin. -->","yoast_head_json":{"title":"Obra\u0107anje predsednice Osmani povodom zavr\u0161etka mandata predsednika Republike - Predsednik Republike Kosovo - DR. VJOSA OSMANI - SADRIU","description":"Obra\u0107anje predsednice Osmani povodom zavr\u0161etka mandata predsednika Republike - Predsednik Republike Kosovo - DR. VJOSA OSMANI - SADRIU -","robots":{"index":"index","follow":"follow","max-snippet":"max-snippet:-1","max-image-preview":"max-image-preview:large","max-video-preview":"max-video-preview:-1"},"canonical":"https:\/\/president-ksgov.net\/en\/?p=186736","og_locale":"sr_RS","og_type":"article","og_title":"Obra\u0107anje predsednice Osmani povodom zavr\u0161etka mandata predsednika Republike - Predsednik Republike Kosovo - DR. VJOSA OSMANI - SADRIU","og_description":"Obra\u0107anje predsednice Osmani povodom zavr\u0161etka mandata predsednika Republike - Predsednik Republike Kosovo - DR. VJOSA OSMANI - SADRIU -","og_url":"https:\/\/president-ksgov.net\/en\/?p=186736","og_site_name":"Predsednik Republike Kosovo - DR. VJOSA OSMANI - SADRIU","article_published_time":"2026-04-04T16:04:27+00:00","article_modified_time":"2026-04-08T07:26:24+00:00","og_image":[{"width":576,"height":523,"url":"https:\/\/president-ksgov.net\/wp-content\/uploads\/Adresimi-i-Presidentes-Osmani-me-rastin-e-permbylljes-se-mandatit-te-Presidentes-se-Republikes-1-2.jpg","type":"image\/jpeg"}],"author":"Aulon Maliqi","twitter_card":"summary_large_image","twitter_misc":{"\u041d\u0430\u043f\u0438\u0441\u0430\u043d\u043e \u043e\u0434":"Aulon Maliqi","\u041f\u0440\u043e\u0446\u0435\u045a\u0435\u043d\u043e \u0432\u0440\u0435\u043c\u0435 \u0447\u0438\u0442\u0430\u045a\u0430":"9 \u043c\u0438\u043d\u0443\u0442\u0430"},"schema":{"@context":"https:\/\/schema.org","@graph":[{"@type":"WebPage","@id":"https:\/\/president-ksgov.net\/en\/?p=186736","url":"https:\/\/president-ksgov.net\/en\/?p=186736","name":"Obra\u0107anje predsednice Osmani povodom zavr\u0161etka mandata predsednika Republike - Predsednik Republike Kosovo - DR. VJOSA OSMANI - SADRIU","isPartOf":{"@id":"https:\/\/president-ksgov.net\/#website"},"primaryImageOfPage":{"@id":"https:\/\/president-ksgov.net\/en\/?p=186736#primaryimage"},"image":{"@id":"https:\/\/president-ksgov.net\/en\/?p=186736#primaryimage"},"thumbnailUrl":"https:\/\/president-ksgov.net\/wp-content\/uploads\/Adresimi-i-Presidentes-Osmani-me-rastin-e-permbylljes-se-mandatit-te-Presidentes-se-Republikes-1-2.jpg","datePublished":"2026-04-04T16:04:27+00:00","dateModified":"2026-04-08T07:26:24+00:00","author":{"@id":"https:\/\/president-ksgov.net\/#\/schema\/person\/639043365d5873f4c00b9dd2f548fe32"},"description":"Obra\u0107anje predsednice Osmani povodom zavr\u0161etka mandata predsednika Republike - Predsednik Republike Kosovo - DR. VJOSA OSMANI - SADRIU -","breadcrumb":{"@id":"https:\/\/president-ksgov.net\/en\/?p=186736#breadcrumb"},"inLanguage":"sr-RS","potentialAction":[{"@type":"ReadAction","target":["https:\/\/president-ksgov.net\/en\/?p=186736"]}]},{"@type":"ImageObject","inLanguage":"sr-RS","@id":"https:\/\/president-ksgov.net\/en\/?p=186736#primaryimage","url":"https:\/\/president-ksgov.net\/wp-content\/uploads\/Adresimi-i-Presidentes-Osmani-me-rastin-e-permbylljes-se-mandatit-te-Presidentes-se-Republikes-1-2.jpg","contentUrl":"https:\/\/president-ksgov.net\/wp-content\/uploads\/Adresimi-i-Presidentes-Osmani-me-rastin-e-permbylljes-se-mandatit-te-Presidentes-se-Republikes-1-2.jpg","width":576,"height":523},{"@type":"BreadcrumbList","@id":"https:\/\/president-ksgov.net\/en\/?p=186736#breadcrumb","itemListElement":[{"@type":"ListItem","position":1,"name":"Home","item":"https:\/\/president-ksgov.net\/sr\/"},{"@type":"ListItem","position":2,"name":"Obra\u0107anje predsednice Osmani povodom zavr\u0161etka mandata predsednika Republike"}]},{"@type":"WebSite","@id":"https:\/\/president-ksgov.net\/#website","url":"https:\/\/president-ksgov.net\/","name":"Presidente e Republik\u00ebs s\u00eb Kosov\u00ebs","description":"Presidente e Republik\u00ebs s\u00eb Kosov\u00ebs","alternateName":"DR. VJOSA OSMANI - SADRIU","potentialAction":[{"@type":"SearchAction","target":{"@type":"EntryPoint","urlTemplate":"https:\/\/president-ksgov.net\/?s={search_term_string}"},"query-input":{"@type":"PropertyValueSpecification","valueRequired":true,"valueName":"search_term_string"}}],"inLanguage":"sr-RS"},{"@type":"Person","@id":"https:\/\/president-ksgov.net\/#\/schema\/person\/639043365d5873f4c00b9dd2f548fe32","name":"Aulon Maliqi","image":{"@type":"ImageObject","inLanguage":"sr-RS","@id":"https:\/\/president-ksgov.net\/#\/schema\/person\/image\/","url":"https:\/\/secure.gravatar.com\/avatar\/25825420648e802b44e5fd098636053cf34adea3bcdf93520be287f818c2ce8b?s=96&d=mm&r=g","contentUrl":"https:\/\/secure.gravatar.com\/avatar\/25825420648e802b44e5fd098636053cf34adea3bcdf93520be287f818c2ce8b?s=96&d=mm&r=g","caption":"Aulon Maliqi"}}]}},"_links":{"self":[{"href":"https:\/\/president-ksgov.net\/sr\/wp-json\/wp\/v2\/posts\/186699","targetHints":{"allow":["GET"]}}],"collection":[{"href":"https:\/\/president-ksgov.net\/sr\/wp-json\/wp\/v2\/posts"}],"about":[{"href":"https:\/\/president-ksgov.net\/sr\/wp-json\/wp\/v2\/types\/post"}],"author":[{"embeddable":true,"href":"https:\/\/president-ksgov.net\/sr\/wp-json\/wp\/v2\/users\/18"}],"replies":[{"embeddable":true,"href":"https:\/\/president-ksgov.net\/sr\/wp-json\/wp\/v2\/comments?post=186699"}],"version-history":[{"count":1,"href":"https:\/\/president-ksgov.net\/sr\/wp-json\/wp\/v2\/posts\/186699\/revisions"}],"predecessor-version":[{"id":186700,"href":"https:\/\/president-ksgov.net\/sr\/wp-json\/wp\/v2\/posts\/186699\/revisions\/186700"}],"wp:featuredmedia":[{"embeddable":true,"href":"https:\/\/president-ksgov.net\/sr\/wp-json\/wp\/v2\/media\/186460"}],"wp:attachment":[{"href":"https:\/\/president-ksgov.net\/sr\/wp-json\/wp\/v2\/media?parent=186699"}],"wp:term":[{"taxonomy":"category","embeddable":true,"href":"https:\/\/president-ksgov.net\/sr\/wp-json\/wp\/v2\/categories?post=186699"},{"taxonomy":"post_tag","embeddable":true,"href":"https:\/\/president-ksgov.net\/sr\/wp-json\/wp\/v2\/tags?post=186699"}],"curies":[{"name":"wp","href":"https:\/\/api.w.org\/{rel}","templated":true}]}}