{"id":184759,"date":"2026-03-08T14:55:42","date_gmt":"2026-03-08T13:55:42","guid":{"rendered":"https:\/\/president-ksgov.net\/?p=184759"},"modified":"2026-03-09T10:28:32","modified_gmt":"2026-03-09T09:28:32","slug":"predsednica-osmani-na-medunarodni-dan-zena-klanjam-se-s-postovanjem-zenama-kosova-stubovima-porodice-i-drustva","status":"publish","type":"post","link":"https:\/\/president-ksgov.net\/sr\/predsednica-osmani-na-medunarodni-dan-zena-klanjam-se-s-postovanjem-zenama-kosova-stubovima-porodice-i-drustva\/","title":{"rendered":"Predsednica Osmani: Na Me\u0111unarodni dan \u017eena, klanjam se s po\u0161tovanjem \u017eenama Kosova, stubovima porodice i dru\u0161tva"},"content":{"rendered":"<p>Na Me\u0111unarodni dan \u017eena, klanjam se s po\u0161tovanjem \u017eenama Kosova, stubovima porodice i dru\u0161tva.<\/p>\n<p>Hvala majkama, u\u010diteljicama, liderkama, koje su hrabro utrle put, kao i svim \u017eenama koje svakodnevno odr\u017eavaju na\u0161e dru\u0161tvo: u obrazovanju, zdravstvu, pravosu\u0111u, biznisu, nauci, kulturi, medijima, diplomatiji i politici.<\/p>\n<p>Zahvalnost i onima koje se svakodnevno suo\u010davaju sa izazovima, kao i \u017eenama koje vi\u0161e nisu sa nama, ali ostaju deo na\u0161e istorije i slobode.<\/p>\n<p>\u017delim da se glas \u017eena i dalje \u010duje, da se njihov potencijal podr\u017ei i da se njihovo anga\u017eovanje ceni! Budu\u0107nost Kosova je svetla kao i mogu\u0107nosti koje pru\u017eamo \u017eenama!<\/p>\n<p>Sre\u0107an 8. mart!<\/p>\n","protected":false},"excerpt":{"rendered":"<p>Na Me\u0111unarodni dan \u017eena, klanjam se s po\u0161tovanjem \u017eenama Kosova, stubovima porodice i dru\u0161tva. Hvala majkama, u\u010diteljicama, liderkama, koje su hrabro utrle put, kao i svim \u017eenama koje svakodnevno odr\u017eavaju na\u0161e dru\u0161tvo: u obrazovanju, zdravstvu, pravosu\u0111u, biznisu, nauci, kulturi, medijima, diplomatiji i politici. Zahvalnost i onima koje se svakodnevno suo\u010davaju sa izazovima, kao i \u017eenama koje vi\u0161e nisu sa nama, ali ostaju deo na\u0161e istorije i slobode. \u017delim da se glas \u017eena i dalje \u010duje, da se njihov potencijal podr\u017ei i da se njihovo anga\u017eovanje ceni! Budu\u0107nost Kosova je svetla kao i mogu\u0107nosti koje pru\u017eamo \u017eenama! Sre\u0107an 8. mart!<\/p>\n","protected":false},"author":18,"featured_media":184757,"comment_status":"closed","ping_status":"closed","sticky":false,"template":"","format":"standard","meta":{"_eb_attr":"","footnotes":""},"categories":[101],"tags":[],"class_list":["post-184759","post","type-post","status-publish","format-standard","has-post-thumbnail","hentry","category-vesti"],"yoast_head":"<!-- This site is optimized with the Yoast SEO plugin v23.5 - https:\/\/yoast.com\/wordpress\/plugins\/seo\/ -->\n<title>Predsednica Osmani: Na Me\u0111unarodni dan \u017eena, klanjam se s po\u0161tovanjem \u017eenama Kosova, stubovima porodice i dru\u0161tva - Predsednik Republike Kosovo - DR. VJOSA OSMANI - SADRIU<\/title>\n<meta name=\"description\" content=\"Predsednica Osmani: Na Me\u0111unarodni dan \u017eena, klanjam se s po\u0161tovanjem \u017eenama Kosova, stubovima porodice i dru\u0161tva - Predsednik Republike Kosovo - DR. VJOSA OSMANI - SADRIU -\" \/>\n<meta name=\"robots\" content=\"index, follow, max-snippet:-1, max-image-preview:large, max-video-preview:-1\" \/>\n<link rel=\"canonical\" href=\"https:\/\/president-ksgov.net\/sr\/predsednica-osmani-na-medunarodni-dan-zena-klanjam-se-s-postovanjem-zenama-kosova-stubovima-porodice-i-drustva\/\" \/>\n<meta property=\"og:locale\" content=\"sr_RS\" \/>\n<meta property=\"og:type\" content=\"article\" \/>\n<meta property=\"og:title\" content=\"Predsednica Osmani: Na Me\u0111unarodni dan \u017eena, klanjam se s po\u0161tovanjem \u017eenama Kosova, stubovima porodice i dru\u0161tva - Predsednik Republike Kosovo - DR. VJOSA OSMANI - SADRIU\" \/>\n<meta property=\"og:description\" content=\"Predsednica Osmani: Na Me\u0111unarodni dan \u017eena, klanjam se s po\u0161tovanjem \u017eenama Kosova, stubovima porodice i dru\u0161tva - Predsednik Republike Kosovo - DR. VJOSA OSMANI - SADRIU -\" \/>\n<meta property=\"og:url\" content=\"https:\/\/president-ksgov.net\/sr\/predsednica-osmani-na-medunarodni-dan-zena-klanjam-se-s-postovanjem-zenama-kosova-stubovima-porodice-i-drustva\/\" \/>\n<meta property=\"og:site_name\" content=\"Predsednik Republike Kosovo - DR. VJOSA OSMANI - SADRIU\" \/>\n<meta property=\"article:published_time\" content=\"2026-03-08T13:55:42+00:00\" \/>\n<meta property=\"article:modified_time\" content=\"2026-03-09T09:28:32+00:00\" \/>\n<meta property=\"og:image\" content=\"https:\/\/president-ksgov.net\/wp-content\/uploads\/3-277.jpg\" \/>\n\t<meta property=\"og:image:width\" content=\"2560\" \/>\n\t<meta property=\"og:image:height\" content=\"1704\" \/>\n\t<meta property=\"og:image:type\" content=\"image\/jpeg\" \/>\n<meta name=\"author\" content=\"Aulon Maliqi\" \/>\n<meta name=\"twitter:card\" content=\"summary_large_image\" \/>\n<meta name=\"twitter:label1\" content=\"\u041d\u0430\u043f\u0438\u0441\u0430\u043d\u043e \u043e\u0434\" \/>\n\t<meta name=\"twitter:data1\" content=\"Aulon Maliqi\" \/>\n\t<meta name=\"twitter:label2\" content=\"\u041f\u0440\u043e\u0446\u0435\u045a\u0435\u043d\u043e \u0432\u0440\u0435\u043c\u0435 \u0447\u0438\u0442\u0430\u045a\u0430\" \/>\n\t<meta name=\"twitter:data2\" content=\"1 \u043c\u0438\u043d\u0443\u0442\" \/>\n<script type=\"application\/ld+json\" class=\"yoast-schema-graph\">{\"@context\":\"https:\/\/schema.org\",\"@graph\":[{\"@type\":\"WebPage\",\"@id\":\"https:\/\/president-ksgov.net\/sr\/predsednica-osmani-na-medunarodni-dan-zena-klanjam-se-s-postovanjem-zenama-kosova-stubovima-porodice-i-drustva\/\",\"url\":\"https:\/\/president-ksgov.net\/sr\/predsednica-osmani-na-medunarodni-dan-zena-klanjam-se-s-postovanjem-zenama-kosova-stubovima-porodice-i-drustva\/\",\"name\":\"Predsednica Osmani: Na Me\u0111unarodni dan \u017eena, klanjam se s po\u0161tovanjem \u017eenama Kosova, stubovima porodice i dru\u0161tva - Predsednik Republike Kosovo - DR. VJOSA OSMANI - SADRIU\",\"isPartOf\":{\"@id\":\"https:\/\/president-ksgov.net\/#website\"},\"primaryImageOfPage\":{\"@id\":\"https:\/\/president-ksgov.net\/sr\/predsednica-osmani-na-medunarodni-dan-zena-klanjam-se-s-postovanjem-zenama-kosova-stubovima-porodice-i-drustva\/#primaryimage\"},\"image\":{\"@id\":\"https:\/\/president-ksgov.net\/sr\/predsednica-osmani-na-medunarodni-dan-zena-klanjam-se-s-postovanjem-zenama-kosova-stubovima-porodice-i-drustva\/#primaryimage\"},\"thumbnailUrl\":\"https:\/\/president-ksgov.net\/wp-content\/uploads\/3-277.jpg\",\"datePublished\":\"2026-03-08T13:55:42+00:00\",\"dateModified\":\"2026-03-09T09:28:32+00:00\",\"author\":{\"@id\":\"https:\/\/president-ksgov.net\/#\/schema\/person\/639043365d5873f4c00b9dd2f548fe32\"},\"description\":\"Predsednica Osmani: Na Me\u0111unarodni dan \u017eena, klanjam se s po\u0161tovanjem \u017eenama Kosova, stubovima porodice i dru\u0161tva - Predsednik Republike Kosovo - DR. VJOSA OSMANI - SADRIU -\",\"breadcrumb\":{\"@id\":\"https:\/\/president-ksgov.net\/sr\/predsednica-osmani-na-medunarodni-dan-zena-klanjam-se-s-postovanjem-zenama-kosova-stubovima-porodice-i-drustva\/#breadcrumb\"},\"inLanguage\":\"sr-RS\",\"potentialAction\":[{\"@type\":\"ReadAction\",\"target\":[\"https:\/\/president-ksgov.net\/sr\/predsednica-osmani-na-medunarodni-dan-zena-klanjam-se-s-postovanjem-zenama-kosova-stubovima-porodice-i-drustva\/\"]}]},{\"@type\":\"ImageObject\",\"inLanguage\":\"sr-RS\",\"@id\":\"https:\/\/president-ksgov.net\/sr\/predsednica-osmani-na-medunarodni-dan-zena-klanjam-se-s-postovanjem-zenama-kosova-stubovima-porodice-i-drustva\/#primaryimage\",\"url\":\"https:\/\/president-ksgov.net\/wp-content\/uploads\/3-277.jpg\",\"contentUrl\":\"https:\/\/president-ksgov.net\/wp-content\/uploads\/3-277.jpg\",\"width\":2560,\"height\":1704},{\"@type\":\"BreadcrumbList\",\"@id\":\"https:\/\/president-ksgov.net\/sr\/predsednica-osmani-na-medunarodni-dan-zena-klanjam-se-s-postovanjem-zenama-kosova-stubovima-porodice-i-drustva\/#breadcrumb\",\"itemListElement\":[{\"@type\":\"ListItem\",\"position\":1,\"name\":\"Home\",\"item\":\"https:\/\/president-ksgov.net\/sr\/\"},{\"@type\":\"ListItem\",\"position\":2,\"name\":\"Predsednica Osmani: Na Me\u0111unarodni dan \u017eena, klanjam se s po\u0161tovanjem \u017eenama Kosova, stubovima porodice i dru\u0161tva\"}]},{\"@type\":\"WebSite\",\"@id\":\"https:\/\/president-ksgov.net\/#website\",\"url\":\"https:\/\/president-ksgov.net\/\",\"name\":\"Presidente e Republik\u00ebs s\u00eb Kosov\u00ebs\",\"description\":\"Presidente e Republik\u00ebs s\u00eb Kosov\u00ebs\",\"alternateName\":\"DR. VJOSA OSMANI - SADRIU\",\"potentialAction\":[{\"@type\":\"SearchAction\",\"target\":{\"@type\":\"EntryPoint\",\"urlTemplate\":\"https:\/\/president-ksgov.net\/?s={search_term_string}\"},\"query-input\":{\"@type\":\"PropertyValueSpecification\",\"valueRequired\":true,\"valueName\":\"search_term_string\"}}],\"inLanguage\":\"sr-RS\"},{\"@type\":\"Person\",\"@id\":\"https:\/\/president-ksgov.net\/#\/schema\/person\/639043365d5873f4c00b9dd2f548fe32\",\"name\":\"Aulon Maliqi\",\"image\":{\"@type\":\"ImageObject\",\"inLanguage\":\"sr-RS\",\"@id\":\"https:\/\/president-ksgov.net\/#\/schema\/person\/image\/\",\"url\":\"https:\/\/secure.gravatar.com\/avatar\/25825420648e802b44e5fd098636053cf34adea3bcdf93520be287f818c2ce8b?s=96&d=mm&r=g\",\"contentUrl\":\"https:\/\/secure.gravatar.com\/avatar\/25825420648e802b44e5fd098636053cf34adea3bcdf93520be287f818c2ce8b?s=96&d=mm&r=g\",\"caption\":\"Aulon Maliqi\"}}]}<\/script>\n<!-- \/ Yoast SEO plugin. -->","yoast_head_json":{"title":"Predsednica Osmani: Na Me\u0111unarodni dan \u017eena, klanjam se s po\u0161tovanjem \u017eenama Kosova, stubovima porodice i dru\u0161tva - Predsednik Republike Kosovo - DR. VJOSA OSMANI - SADRIU","description":"Predsednica Osmani: Na Me\u0111unarodni dan \u017eena, klanjam se s po\u0161tovanjem \u017eenama Kosova, stubovima porodice i dru\u0161tva - Predsednik Republike Kosovo - DR. VJOSA OSMANI - SADRIU -","robots":{"index":"index","follow":"follow","max-snippet":"max-snippet:-1","max-image-preview":"max-image-preview:large","max-video-preview":"max-video-preview:-1"},"canonical":"https:\/\/president-ksgov.net\/sr\/predsednica-osmani-na-medunarodni-dan-zena-klanjam-se-s-postovanjem-zenama-kosova-stubovima-porodice-i-drustva\/","og_locale":"sr_RS","og_type":"article","og_title":"Predsednica Osmani: Na Me\u0111unarodni dan \u017eena, klanjam se s po\u0161tovanjem \u017eenama Kosova, stubovima porodice i dru\u0161tva - Predsednik Republike Kosovo - DR. VJOSA OSMANI - SADRIU","og_description":"Predsednica Osmani: Na Me\u0111unarodni dan \u017eena, klanjam se s po\u0161tovanjem \u017eenama Kosova, stubovima porodice i dru\u0161tva - Predsednik Republike Kosovo - DR. VJOSA OSMANI - SADRIU -","og_url":"https:\/\/president-ksgov.net\/sr\/predsednica-osmani-na-medunarodni-dan-zena-klanjam-se-s-postovanjem-zenama-kosova-stubovima-porodice-i-drustva\/","og_site_name":"Predsednik Republike Kosovo - DR. VJOSA OSMANI - SADRIU","article_published_time":"2026-03-08T13:55:42+00:00","article_modified_time":"2026-03-09T09:28:32+00:00","og_image":[{"width":2560,"height":1704,"url":"https:\/\/president-ksgov.net\/wp-content\/uploads\/3-277.jpg","type":"image\/jpeg"}],"author":"Aulon Maliqi","twitter_card":"summary_large_image","twitter_misc":{"\u041d\u0430\u043f\u0438\u0441\u0430\u043d\u043e \u043e\u0434":"Aulon Maliqi","\u041f\u0440\u043e\u0446\u0435\u045a\u0435\u043d\u043e \u0432\u0440\u0435\u043c\u0435 \u0447\u0438\u0442\u0430\u045a\u0430":"1 \u043c\u0438\u043d\u0443\u0442"},"schema":{"@context":"https:\/\/schema.org","@graph":[{"@type":"WebPage","@id":"https:\/\/president-ksgov.net\/sr\/predsednica-osmani-na-medunarodni-dan-zena-klanjam-se-s-postovanjem-zenama-kosova-stubovima-porodice-i-drustva\/","url":"https:\/\/president-ksgov.net\/sr\/predsednica-osmani-na-medunarodni-dan-zena-klanjam-se-s-postovanjem-zenama-kosova-stubovima-porodice-i-drustva\/","name":"Predsednica Osmani: Na Me\u0111unarodni dan \u017eena, klanjam se s po\u0161tovanjem \u017eenama Kosova, stubovima porodice i dru\u0161tva - Predsednik Republike Kosovo - DR. VJOSA OSMANI - SADRIU","isPartOf":{"@id":"https:\/\/president-ksgov.net\/#website"},"primaryImageOfPage":{"@id":"https:\/\/president-ksgov.net\/sr\/predsednica-osmani-na-medunarodni-dan-zena-klanjam-se-s-postovanjem-zenama-kosova-stubovima-porodice-i-drustva\/#primaryimage"},"image":{"@id":"https:\/\/president-ksgov.net\/sr\/predsednica-osmani-na-medunarodni-dan-zena-klanjam-se-s-postovanjem-zenama-kosova-stubovima-porodice-i-drustva\/#primaryimage"},"thumbnailUrl":"https:\/\/president-ksgov.net\/wp-content\/uploads\/3-277.jpg","datePublished":"2026-03-08T13:55:42+00:00","dateModified":"2026-03-09T09:28:32+00:00","author":{"@id":"https:\/\/president-ksgov.net\/#\/schema\/person\/639043365d5873f4c00b9dd2f548fe32"},"description":"Predsednica Osmani: Na Me\u0111unarodni dan \u017eena, klanjam se s po\u0161tovanjem \u017eenama Kosova, stubovima porodice i dru\u0161tva - Predsednik Republike Kosovo - DR. VJOSA OSMANI - SADRIU -","breadcrumb":{"@id":"https:\/\/president-ksgov.net\/sr\/predsednica-osmani-na-medunarodni-dan-zena-klanjam-se-s-postovanjem-zenama-kosova-stubovima-porodice-i-drustva\/#breadcrumb"},"inLanguage":"sr-RS","potentialAction":[{"@type":"ReadAction","target":["https:\/\/president-ksgov.net\/sr\/predsednica-osmani-na-medunarodni-dan-zena-klanjam-se-s-postovanjem-zenama-kosova-stubovima-porodice-i-drustva\/"]}]},{"@type":"ImageObject","inLanguage":"sr-RS","@id":"https:\/\/president-ksgov.net\/sr\/predsednica-osmani-na-medunarodni-dan-zena-klanjam-se-s-postovanjem-zenama-kosova-stubovima-porodice-i-drustva\/#primaryimage","url":"https:\/\/president-ksgov.net\/wp-content\/uploads\/3-277.jpg","contentUrl":"https:\/\/president-ksgov.net\/wp-content\/uploads\/3-277.jpg","width":2560,"height":1704},{"@type":"BreadcrumbList","@id":"https:\/\/president-ksgov.net\/sr\/predsednica-osmani-na-medunarodni-dan-zena-klanjam-se-s-postovanjem-zenama-kosova-stubovima-porodice-i-drustva\/#breadcrumb","itemListElement":[{"@type":"ListItem","position":1,"name":"Home","item":"https:\/\/president-ksgov.net\/sr\/"},{"@type":"ListItem","position":2,"name":"Predsednica Osmani: Na Me\u0111unarodni dan \u017eena, klanjam se s po\u0161tovanjem \u017eenama Kosova, stubovima porodice i dru\u0161tva"}]},{"@type":"WebSite","@id":"https:\/\/president-ksgov.net\/#website","url":"https:\/\/president-ksgov.net\/","name":"Presidente e Republik\u00ebs s\u00eb Kosov\u00ebs","description":"Presidente e Republik\u00ebs s\u00eb Kosov\u00ebs","alternateName":"DR. VJOSA OSMANI - SADRIU","potentialAction":[{"@type":"SearchAction","target":{"@type":"EntryPoint","urlTemplate":"https:\/\/president-ksgov.net\/?s={search_term_string}"},"query-input":{"@type":"PropertyValueSpecification","valueRequired":true,"valueName":"search_term_string"}}],"inLanguage":"sr-RS"},{"@type":"Person","@id":"https:\/\/president-ksgov.net\/#\/schema\/person\/639043365d5873f4c00b9dd2f548fe32","name":"Aulon Maliqi","image":{"@type":"ImageObject","inLanguage":"sr-RS","@id":"https:\/\/president-ksgov.net\/#\/schema\/person\/image\/","url":"https:\/\/secure.gravatar.com\/avatar\/25825420648e802b44e5fd098636053cf34adea3bcdf93520be287f818c2ce8b?s=96&d=mm&r=g","contentUrl":"https:\/\/secure.gravatar.com\/avatar\/25825420648e802b44e5fd098636053cf34adea3bcdf93520be287f818c2ce8b?s=96&d=mm&r=g","caption":"Aulon Maliqi"}}]}},"_links":{"self":[{"href":"https:\/\/president-ksgov.net\/sr\/wp-json\/wp\/v2\/posts\/184759","targetHints":{"allow":["GET"]}}],"collection":[{"href":"https:\/\/president-ksgov.net\/sr\/wp-json\/wp\/v2\/posts"}],"about":[{"href":"https:\/\/president-ksgov.net\/sr\/wp-json\/wp\/v2\/types\/post"}],"author":[{"embeddable":true,"href":"https:\/\/president-ksgov.net\/sr\/wp-json\/wp\/v2\/users\/18"}],"replies":[{"embeddable":true,"href":"https:\/\/president-ksgov.net\/sr\/wp-json\/wp\/v2\/comments?post=184759"}],"version-history":[{"count":1,"href":"https:\/\/president-ksgov.net\/sr\/wp-json\/wp\/v2\/posts\/184759\/revisions"}],"predecessor-version":[{"id":184761,"href":"https:\/\/president-ksgov.net\/sr\/wp-json\/wp\/v2\/posts\/184759\/revisions\/184761"}],"wp:featuredmedia":[{"embeddable":true,"href":"https:\/\/president-ksgov.net\/sr\/wp-json\/wp\/v2\/media\/184757"}],"wp:attachment":[{"href":"https:\/\/president-ksgov.net\/sr\/wp-json\/wp\/v2\/media?parent=184759"}],"wp:term":[{"taxonomy":"category","embeddable":true,"href":"https:\/\/president-ksgov.net\/sr\/wp-json\/wp\/v2\/categories?post=184759"},{"taxonomy":"post_tag","embeddable":true,"href":"https:\/\/president-ksgov.net\/sr\/wp-json\/wp\/v2\/tags?post=184759"}],"curies":[{"name":"wp","href":"https:\/\/api.w.org\/{rel}","templated":true}]}}