{"id":184382,"date":"2026-02-18T15:20:54","date_gmt":"2026-02-18T14:20:54","guid":{"rendered":"https:\/\/president-ksgov.net\/?p=184382"},"modified":"2026-02-26T11:10:57","modified_gmt":"2026-02-26T10:10:57","slug":"predsednik-paname-cestitao-je-predsednici-osmani-18-godisnjicu-nezavisnosti-republike-kosovo","status":"publish","type":"post","link":"https:\/\/president-ksgov.net\/sr\/predsednik-paname-cestitao-je-predsednici-osmani-18-godisnjicu-nezavisnosti-republike-kosovo\/","title":{"rendered":"Predsednik Paname \u010destitao je predsednici Osmani 18. godi\u0161njicu nezavisnosti Republike Kosovo"},"content":{"rendered":"<p>Predsednik Republike Paname, Jos\u00e9 Ra\u00fal Mulino, uputio je pismo \u010destitke predsednici Republike Kosovo, Vjosa Osmani, povodom 18. godi\u0161njice nezavisnosti Republike Kosovo.<\/p>\n<p>U svom pismu, predsednik Mulino, u ime naroda i Vlade Republike Paname, uputio je najiskrenije \u010destitke povodom Dana nezavisnosti Republike Kosovo, nagla\u0161avaju\u0107i da ovaj doga\u0111aj ozna\u010dava potvr\u0111ivanje njenog nacionalnog suvereniteta.<\/p>\n<p>On je cenio prijateljske veze koje spajaju Republiku Panamu sa Republikom Kosovo i potvrdio je svoju spremnost da nastavi sa promovisanjem i daljim ja\u010danjem bilateralnih odnosa.<\/p>\n<p>Predsednik Mulino je tako\u0111e po\u017eeleo blagostanje, napredak i prosperitet predsednici Osmani, Vladi i narodu Kosova.<\/p>\n<p><img fetchpriority=\"high\" decoding=\"async\" class=\"aligncenter wp-image-184325 size-large\" src=\"https:\/\/president-ksgov.net\/wp-content\/uploads\/PANAMA-URIMI-LETRA-1-18.02.26-791x1024.png\" alt=\"\" width=\"791\" height=\"1024\" srcset=\"https:\/\/president-ksgov.net\/wp-content\/uploads\/PANAMA-URIMI-LETRA-1-18.02.26-791x1024.png 791w, https:\/\/president-ksgov.net\/wp-content\/uploads\/PANAMA-URIMI-LETRA-1-18.02.26-232x300.png 232w, https:\/\/president-ksgov.net\/wp-content\/uploads\/PANAMA-URIMI-LETRA-1-18.02.26-116x150.png 116w, https:\/\/president-ksgov.net\/wp-content\/uploads\/PANAMA-URIMI-LETRA-1-18.02.26-768x994.png 768w, https:\/\/president-ksgov.net\/wp-content\/uploads\/PANAMA-URIMI-LETRA-1-18.02.26-348x450.png 348w, https:\/\/president-ksgov.net\/wp-content\/uploads\/PANAMA-URIMI-LETRA-1-18.02.26.png 1020w\" sizes=\"(max-width: 791px) 100vw, 791px\" \/> <img decoding=\"async\" class=\"aligncenter wp-image-184329 size-full\" src=\"https:\/\/president-ksgov.net\/wp-content\/uploads\/PANAMA-URIMI-LETRA-2-18.02.26.png.jpg\" alt=\"\" width=\"630\" height=\"810\" srcset=\"https:\/\/president-ksgov.net\/wp-content\/uploads\/PANAMA-URIMI-LETRA-2-18.02.26.png.jpg 630w, https:\/\/president-ksgov.net\/wp-content\/uploads\/PANAMA-URIMI-LETRA-2-18.02.26.png-233x300.jpg 233w, https:\/\/president-ksgov.net\/wp-content\/uploads\/PANAMA-URIMI-LETRA-2-18.02.26.png-117x150.jpg 117w, https:\/\/president-ksgov.net\/wp-content\/uploads\/PANAMA-URIMI-LETRA-2-18.02.26.png-350x450.jpg 350w\" sizes=\"(max-width: 630px) 100vw, 630px\" \/><\/p>\n","protected":false},"excerpt":{"rendered":"<p>Predsednik Republike Paname, Jos\u00e9 Ra\u00fal Mulino, uputio je pismo \u010destitke predsednici Republike Kosovo, Vjosa Osmani, povodom 18. godi\u0161njice nezavisnosti Republike Kosovo. U svom pismu, predsednik Mulino, u ime naroda i Vlade Republike Paname, uputio je najiskrenije \u010destitke povodom Dana nezavisnosti Republike Kosovo, nagla\u0161avaju\u0107i da ovaj doga\u0111aj ozna\u010dava potvr\u0111ivanje njenog nacionalnog suvereniteta. On je cenio prijateljske veze koje spajaju Republiku Panamu sa Republikom Kosovo i potvrdio je svoju spremnost da nastavi sa promovisanjem i daljim ja\u010danjem bilateralnih odnosa. Predsednik Mulino je tako\u0111e po\u017eeleo blagostanje, napredak i prosperitet predsednici Osmani, Vladi i narodu Kosova.<\/p>\n","protected":false},"author":18,"featured_media":184325,"comment_status":"closed","ping_status":"closed","sticky":false,"template":"","format":"standard","meta":{"_eb_attr":"","footnotes":""},"categories":[101],"tags":[],"class_list":["post-184382","post","type-post","status-publish","format-standard","has-post-thumbnail","hentry","category-vesti"],"yoast_head":"<!-- This site is optimized with the Yoast SEO plugin v23.5 - https:\/\/yoast.com\/wordpress\/plugins\/seo\/ -->\n<title>Predsednik Paname \u010destitao je predsednici Osmani 18. godi\u0161njicu nezavisnosti Republike Kosovo - Predsednik Republike Kosovo - DR. VJOSA OSMANI - SADRIU<\/title>\n<meta name=\"description\" content=\"Predsednik Paname \u010destitao je predsednici Osmani 18. godi\u0161njicu nezavisnosti Republike Kosovo - Predsednik Republike Kosovo - DR. VJOSA OSMANI - SADRIU - Vesti\" \/>\n<meta name=\"robots\" content=\"index, follow, max-snippet:-1, max-image-preview:large, max-video-preview:-1\" \/>\n<link rel=\"canonical\" href=\"https:\/\/president-ksgov.net\/sr\/predsednik-paname-cestitao-je-predsednici-osmani-18-godisnjicu-nezavisnosti-republike-kosovo\/\" \/>\n<meta property=\"og:locale\" content=\"sr_RS\" \/>\n<meta property=\"og:type\" content=\"article\" \/>\n<meta property=\"og:title\" content=\"Predsednik Paname \u010destitao je predsednici Osmani 18. godi\u0161njicu nezavisnosti Republike Kosovo - Predsednik Republike Kosovo - DR. VJOSA OSMANI - SADRIU\" \/>\n<meta property=\"og:description\" content=\"Predsednik Paname \u010destitao je predsednici Osmani 18. godi\u0161njicu nezavisnosti Republike Kosovo - Predsednik Republike Kosovo - DR. VJOSA OSMANI - SADRIU - Vesti\" \/>\n<meta property=\"og:url\" content=\"https:\/\/president-ksgov.net\/sr\/predsednik-paname-cestitao-je-predsednici-osmani-18-godisnjicu-nezavisnosti-republike-kosovo\/\" \/>\n<meta property=\"og:site_name\" content=\"Predsednik Republike Kosovo - DR. VJOSA OSMANI - SADRIU\" \/>\n<meta property=\"article:published_time\" content=\"2026-02-18T14:20:54+00:00\" \/>\n<meta property=\"article:modified_time\" content=\"2026-02-26T10:10:57+00:00\" \/>\n<meta property=\"og:image\" content=\"https:\/\/president-ksgov.net\/wp-content\/uploads\/PANAMA-URIMI-LETRA-1-18.02.26.png\" \/>\n\t<meta property=\"og:image:width\" content=\"1020\" \/>\n\t<meta property=\"og:image:height\" content=\"1320\" \/>\n\t<meta property=\"og:image:type\" content=\"image\/png\" \/>\n<meta name=\"author\" content=\"Aulon Maliqi\" \/>\n<meta name=\"twitter:card\" content=\"summary_large_image\" \/>\n<meta name=\"twitter:label1\" content=\"\u041d\u0430\u043f\u0438\u0441\u0430\u043d\u043e \u043e\u0434\" \/>\n\t<meta name=\"twitter:data1\" content=\"Aulon Maliqi\" \/>\n\t<meta name=\"twitter:label2\" content=\"\u041f\u0440\u043e\u0446\u0435\u045a\u0435\u043d\u043e \u0432\u0440\u0435\u043c\u0435 \u0447\u0438\u0442\u0430\u045a\u0430\" \/>\n\t<meta name=\"twitter:data2\" content=\"2 \u043c\u0438\u043d\u0443\u0442\u0430\" \/>\n<script type=\"application\/ld+json\" class=\"yoast-schema-graph\">{\"@context\":\"https:\/\/schema.org\",\"@graph\":[{\"@type\":\"WebPage\",\"@id\":\"https:\/\/president-ksgov.net\/sr\/predsednik-paname-cestitao-je-predsednici-osmani-18-godisnjicu-nezavisnosti-republike-kosovo\/\",\"url\":\"https:\/\/president-ksgov.net\/sr\/predsednik-paname-cestitao-je-predsednici-osmani-18-godisnjicu-nezavisnosti-republike-kosovo\/\",\"name\":\"Predsednik Paname \u010destitao je predsednici Osmani 18. godi\u0161njicu nezavisnosti Republike Kosovo - Predsednik Republike Kosovo - DR. VJOSA OSMANI - SADRIU\",\"isPartOf\":{\"@id\":\"https:\/\/president-ksgov.net\/#website\"},\"primaryImageOfPage\":{\"@id\":\"https:\/\/president-ksgov.net\/sr\/predsednik-paname-cestitao-je-predsednici-osmani-18-godisnjicu-nezavisnosti-republike-kosovo\/#primaryimage\"},\"image\":{\"@id\":\"https:\/\/president-ksgov.net\/sr\/predsednik-paname-cestitao-je-predsednici-osmani-18-godisnjicu-nezavisnosti-republike-kosovo\/#primaryimage\"},\"thumbnailUrl\":\"https:\/\/president-ksgov.net\/wp-content\/uploads\/PANAMA-URIMI-LETRA-1-18.02.26.png\",\"datePublished\":\"2026-02-18T14:20:54+00:00\",\"dateModified\":\"2026-02-26T10:10:57+00:00\",\"author\":{\"@id\":\"https:\/\/president-ksgov.net\/#\/schema\/person\/639043365d5873f4c00b9dd2f548fe32\"},\"description\":\"Predsednik Paname \u010destitao je predsednici Osmani 18. godi\u0161njicu nezavisnosti Republike Kosovo - Predsednik Republike Kosovo - DR. VJOSA OSMANI - SADRIU - Vesti\",\"breadcrumb\":{\"@id\":\"https:\/\/president-ksgov.net\/sr\/predsednik-paname-cestitao-je-predsednici-osmani-18-godisnjicu-nezavisnosti-republike-kosovo\/#breadcrumb\"},\"inLanguage\":\"sr-RS\",\"potentialAction\":[{\"@type\":\"ReadAction\",\"target\":[\"https:\/\/president-ksgov.net\/sr\/predsednik-paname-cestitao-je-predsednici-osmani-18-godisnjicu-nezavisnosti-republike-kosovo\/\"]}]},{\"@type\":\"ImageObject\",\"inLanguage\":\"sr-RS\",\"@id\":\"https:\/\/president-ksgov.net\/sr\/predsednik-paname-cestitao-je-predsednici-osmani-18-godisnjicu-nezavisnosti-republike-kosovo\/#primaryimage\",\"url\":\"https:\/\/president-ksgov.net\/wp-content\/uploads\/PANAMA-URIMI-LETRA-1-18.02.26.png\",\"contentUrl\":\"https:\/\/president-ksgov.net\/wp-content\/uploads\/PANAMA-URIMI-LETRA-1-18.02.26.png\",\"width\":1020,\"height\":1320},{\"@type\":\"BreadcrumbList\",\"@id\":\"https:\/\/president-ksgov.net\/sr\/predsednik-paname-cestitao-je-predsednici-osmani-18-godisnjicu-nezavisnosti-republike-kosovo\/#breadcrumb\",\"itemListElement\":[{\"@type\":\"ListItem\",\"position\":1,\"name\":\"Home\",\"item\":\"https:\/\/president-ksgov.net\/sr\/\"},{\"@type\":\"ListItem\",\"position\":2,\"name\":\"Predsednik Paname \u010destitao je predsednici Osmani 18. godi\u0161njicu nezavisnosti Republike Kosovo\"}]},{\"@type\":\"WebSite\",\"@id\":\"https:\/\/president-ksgov.net\/#website\",\"url\":\"https:\/\/president-ksgov.net\/\",\"name\":\"Presidente e Republik\u00ebs s\u00eb Kosov\u00ebs\",\"description\":\"Presidente e Republik\u00ebs s\u00eb Kosov\u00ebs\",\"alternateName\":\"DR. VJOSA OSMANI - SADRIU\",\"potentialAction\":[{\"@type\":\"SearchAction\",\"target\":{\"@type\":\"EntryPoint\",\"urlTemplate\":\"https:\/\/president-ksgov.net\/?s={search_term_string}\"},\"query-input\":{\"@type\":\"PropertyValueSpecification\",\"valueRequired\":true,\"valueName\":\"search_term_string\"}}],\"inLanguage\":\"sr-RS\"},{\"@type\":\"Person\",\"@id\":\"https:\/\/president-ksgov.net\/#\/schema\/person\/639043365d5873f4c00b9dd2f548fe32\",\"name\":\"Aulon Maliqi\",\"image\":{\"@type\":\"ImageObject\",\"inLanguage\":\"sr-RS\",\"@id\":\"https:\/\/president-ksgov.net\/#\/schema\/person\/image\/\",\"url\":\"https:\/\/secure.gravatar.com\/avatar\/25825420648e802b44e5fd098636053cf34adea3bcdf93520be287f818c2ce8b?s=96&d=mm&r=g\",\"contentUrl\":\"https:\/\/secure.gravatar.com\/avatar\/25825420648e802b44e5fd098636053cf34adea3bcdf93520be287f818c2ce8b?s=96&d=mm&r=g\",\"caption\":\"Aulon Maliqi\"}}]}<\/script>\n<!-- \/ Yoast SEO plugin. -->","yoast_head_json":{"title":"Predsednik Paname \u010destitao je predsednici Osmani 18. godi\u0161njicu nezavisnosti Republike Kosovo - Predsednik Republike Kosovo - DR. VJOSA OSMANI - SADRIU","description":"Predsednik Paname \u010destitao je predsednici Osmani 18. godi\u0161njicu nezavisnosti Republike Kosovo - Predsednik Republike Kosovo - DR. VJOSA OSMANI - SADRIU - Vesti","robots":{"index":"index","follow":"follow","max-snippet":"max-snippet:-1","max-image-preview":"max-image-preview:large","max-video-preview":"max-video-preview:-1"},"canonical":"https:\/\/president-ksgov.net\/sr\/predsednik-paname-cestitao-je-predsednici-osmani-18-godisnjicu-nezavisnosti-republike-kosovo\/","og_locale":"sr_RS","og_type":"article","og_title":"Predsednik Paname \u010destitao je predsednici Osmani 18. godi\u0161njicu nezavisnosti Republike Kosovo - Predsednik Republike Kosovo - DR. VJOSA OSMANI - SADRIU","og_description":"Predsednik Paname \u010destitao je predsednici Osmani 18. godi\u0161njicu nezavisnosti Republike Kosovo - Predsednik Republike Kosovo - DR. VJOSA OSMANI - SADRIU - Vesti","og_url":"https:\/\/president-ksgov.net\/sr\/predsednik-paname-cestitao-je-predsednici-osmani-18-godisnjicu-nezavisnosti-republike-kosovo\/","og_site_name":"Predsednik Republike Kosovo - DR. VJOSA OSMANI - SADRIU","article_published_time":"2026-02-18T14:20:54+00:00","article_modified_time":"2026-02-26T10:10:57+00:00","og_image":[{"width":1020,"height":1320,"url":"https:\/\/president-ksgov.net\/wp-content\/uploads\/PANAMA-URIMI-LETRA-1-18.02.26.png","type":"image\/png"}],"author":"Aulon Maliqi","twitter_card":"summary_large_image","twitter_misc":{"\u041d\u0430\u043f\u0438\u0441\u0430\u043d\u043e \u043e\u0434":"Aulon Maliqi","\u041f\u0440\u043e\u0446\u0435\u045a\u0435\u043d\u043e \u0432\u0440\u0435\u043c\u0435 \u0447\u0438\u0442\u0430\u045a\u0430":"2 \u043c\u0438\u043d\u0443\u0442\u0430"},"schema":{"@context":"https:\/\/schema.org","@graph":[{"@type":"WebPage","@id":"https:\/\/president-ksgov.net\/sr\/predsednik-paname-cestitao-je-predsednici-osmani-18-godisnjicu-nezavisnosti-republike-kosovo\/","url":"https:\/\/president-ksgov.net\/sr\/predsednik-paname-cestitao-je-predsednici-osmani-18-godisnjicu-nezavisnosti-republike-kosovo\/","name":"Predsednik Paname \u010destitao je predsednici Osmani 18. godi\u0161njicu nezavisnosti Republike Kosovo - Predsednik Republike Kosovo - DR. VJOSA OSMANI - SADRIU","isPartOf":{"@id":"https:\/\/president-ksgov.net\/#website"},"primaryImageOfPage":{"@id":"https:\/\/president-ksgov.net\/sr\/predsednik-paname-cestitao-je-predsednici-osmani-18-godisnjicu-nezavisnosti-republike-kosovo\/#primaryimage"},"image":{"@id":"https:\/\/president-ksgov.net\/sr\/predsednik-paname-cestitao-je-predsednici-osmani-18-godisnjicu-nezavisnosti-republike-kosovo\/#primaryimage"},"thumbnailUrl":"https:\/\/president-ksgov.net\/wp-content\/uploads\/PANAMA-URIMI-LETRA-1-18.02.26.png","datePublished":"2026-02-18T14:20:54+00:00","dateModified":"2026-02-26T10:10:57+00:00","author":{"@id":"https:\/\/president-ksgov.net\/#\/schema\/person\/639043365d5873f4c00b9dd2f548fe32"},"description":"Predsednik Paname \u010destitao je predsednici Osmani 18. godi\u0161njicu nezavisnosti Republike Kosovo - Predsednik Republike Kosovo - DR. VJOSA OSMANI - SADRIU - Vesti","breadcrumb":{"@id":"https:\/\/president-ksgov.net\/sr\/predsednik-paname-cestitao-je-predsednici-osmani-18-godisnjicu-nezavisnosti-republike-kosovo\/#breadcrumb"},"inLanguage":"sr-RS","potentialAction":[{"@type":"ReadAction","target":["https:\/\/president-ksgov.net\/sr\/predsednik-paname-cestitao-je-predsednici-osmani-18-godisnjicu-nezavisnosti-republike-kosovo\/"]}]},{"@type":"ImageObject","inLanguage":"sr-RS","@id":"https:\/\/president-ksgov.net\/sr\/predsednik-paname-cestitao-je-predsednici-osmani-18-godisnjicu-nezavisnosti-republike-kosovo\/#primaryimage","url":"https:\/\/president-ksgov.net\/wp-content\/uploads\/PANAMA-URIMI-LETRA-1-18.02.26.png","contentUrl":"https:\/\/president-ksgov.net\/wp-content\/uploads\/PANAMA-URIMI-LETRA-1-18.02.26.png","width":1020,"height":1320},{"@type":"BreadcrumbList","@id":"https:\/\/president-ksgov.net\/sr\/predsednik-paname-cestitao-je-predsednici-osmani-18-godisnjicu-nezavisnosti-republike-kosovo\/#breadcrumb","itemListElement":[{"@type":"ListItem","position":1,"name":"Home","item":"https:\/\/president-ksgov.net\/sr\/"},{"@type":"ListItem","position":2,"name":"Predsednik Paname \u010destitao je predsednici Osmani 18. godi\u0161njicu nezavisnosti Republike Kosovo"}]},{"@type":"WebSite","@id":"https:\/\/president-ksgov.net\/#website","url":"https:\/\/president-ksgov.net\/","name":"Presidente e Republik\u00ebs s\u00eb Kosov\u00ebs","description":"Presidente e Republik\u00ebs s\u00eb Kosov\u00ebs","alternateName":"DR. VJOSA OSMANI - SADRIU","potentialAction":[{"@type":"SearchAction","target":{"@type":"EntryPoint","urlTemplate":"https:\/\/president-ksgov.net\/?s={search_term_string}"},"query-input":{"@type":"PropertyValueSpecification","valueRequired":true,"valueName":"search_term_string"}}],"inLanguage":"sr-RS"},{"@type":"Person","@id":"https:\/\/president-ksgov.net\/#\/schema\/person\/639043365d5873f4c00b9dd2f548fe32","name":"Aulon Maliqi","image":{"@type":"ImageObject","inLanguage":"sr-RS","@id":"https:\/\/president-ksgov.net\/#\/schema\/person\/image\/","url":"https:\/\/secure.gravatar.com\/avatar\/25825420648e802b44e5fd098636053cf34adea3bcdf93520be287f818c2ce8b?s=96&d=mm&r=g","contentUrl":"https:\/\/secure.gravatar.com\/avatar\/25825420648e802b44e5fd098636053cf34adea3bcdf93520be287f818c2ce8b?s=96&d=mm&r=g","caption":"Aulon Maliqi"}}]}},"_links":{"self":[{"href":"https:\/\/president-ksgov.net\/sr\/wp-json\/wp\/v2\/posts\/184382","targetHints":{"allow":["GET"]}}],"collection":[{"href":"https:\/\/president-ksgov.net\/sr\/wp-json\/wp\/v2\/posts"}],"about":[{"href":"https:\/\/president-ksgov.net\/sr\/wp-json\/wp\/v2\/types\/post"}],"author":[{"embeddable":true,"href":"https:\/\/president-ksgov.net\/sr\/wp-json\/wp\/v2\/users\/18"}],"replies":[{"embeddable":true,"href":"https:\/\/president-ksgov.net\/sr\/wp-json\/wp\/v2\/comments?post=184382"}],"version-history":[{"count":1,"href":"https:\/\/president-ksgov.net\/sr\/wp-json\/wp\/v2\/posts\/184382\/revisions"}],"predecessor-version":[{"id":184383,"href":"https:\/\/president-ksgov.net\/sr\/wp-json\/wp\/v2\/posts\/184382\/revisions\/184383"}],"wp:featuredmedia":[{"embeddable":true,"href":"https:\/\/president-ksgov.net\/sr\/wp-json\/wp\/v2\/media\/184325"}],"wp:attachment":[{"href":"https:\/\/president-ksgov.net\/sr\/wp-json\/wp\/v2\/media?parent=184382"}],"wp:term":[{"taxonomy":"category","embeddable":true,"href":"https:\/\/president-ksgov.net\/sr\/wp-json\/wp\/v2\/categories?post=184382"},{"taxonomy":"post_tag","embeddable":true,"href":"https:\/\/president-ksgov.net\/sr\/wp-json\/wp\/v2\/tags?post=184382"}],"curies":[{"name":"wp","href":"https:\/\/api.w.org\/{rel}","templated":true}]}}