{"id":183676,"date":"2026-02-20T20:20:01","date_gmt":"2026-02-20T19:20:01","guid":{"rendered":"https:\/\/president-ksgov.net\/?p=183676"},"modified":"2026-02-20T21:47:24","modified_gmt":"2026-02-20T20:47:24","slug":"predsednicu-osmani-na-sastanku-docekao-drzavni-sekretar-sad-a-marco-rubio","status":"publish","type":"post","link":"https:\/\/president-ksgov.net\/sr\/predsednicu-osmani-na-sastanku-docekao-drzavni-sekretar-sad-a-marco-rubio\/","title":{"rendered":"Predsednicu Osmani na sastanku do\u010dekao dr\u017eavni sekretar SAD-a, Marco Rubio"},"content":{"rendered":"<p class=\"p1\">U okviru svoje zvani\u010dne posete Va\u0161ingtonu, a povodom proslave 18. godi\u0161njice uspostavljanja diplomatskih odnosa izme\u0111u Kosova i Sjedinjenih Ameri\u010dkih Dr\u017eava, predsednica Republike Kosovo, Vjosa Osmani, primljena je u Stejt departmentu na sastanak sa dr\u017eavnim sekretarom SAD, Marcom Rubiom.<\/p>\n<p class=\"p1\"><span class=\"s1\">Na sjajnom i srda\u010dnom sastankuu, predsednica Osmani je izrazila duboku zahvalnost na pozivu koji je predsednik Sjedinjenih Ameri\u010dkih Dr\u017eava, Donald Trump, uputio Kosovu da bude suosniva\u010d Odbora za mir i deo osniva\u010dkog sastanka. Tako\u0111e je izrazila zahvalnost na sna\u017enim garancijama koje joj je predsednik Trump ju\u010de dao za mir u na\u0161em regionu i, ovom prilikom, zahvalila se sekretaru Rubiju na njegovom vo\u0111stvu i saradnji u ovom procesu.<\/span><\/p>\n<p class=\"p1\"><span class=\"s1\">Na ovom sastanku su razmatrana pitanja strate\u0161kog partnerstva, od oblasti regionalne bezbednosti i diplomatije, do ekonomije i odbrane. Ona je, posebno, naglasila nekoliko procesa od vitalnog zna\u010daja za stabilnost u regionu: ja\u010danje strate\u0161kog partnerstva izme\u0111u Kosova i SAD-a, \u010dlanstvo Kosova u NATO-u, strate\u0161ki zna\u010daj ameri\u010dkog vojnog prisustva na Kosovu i otvaranje novih poglavlja saradnje u ekonomiji i odbrani.<\/span><\/p>\n<p class=\"p1\"><span class=\"s1\">Predsednica je zahvalila sekretaru Rubiju na sna\u017enoj ameri\u010dkoj podr\u0161ci suverenitetu i teritorijalnom integritetu Republike Kosovo. U tom duhu, predsednica je naglasila istorijsku ulogu Sjedinjenih Ameri\u010dkih Dr\u017eava u oslobo\u0111enju, izgradnji dr\u017eave i konsolidaciji mira na Kosovu, kao i poseban zna\u010daj ameri\u010dkog vojnog prisustva i prisustva njihovih saveznika u okviru misije NATO-a, kao klju\u010dnog faktora za stabilnost i bezbednost u regionu.<\/span><\/p>\n<p class=\"p1\"><span class=\"s1\">U tom duhu, podvukla je da je prirodni put ovog strate\u0161kog partnerstva \u010dlanstvo Kosova u NATO-u, proces neophodan za obezbe\u0111ivanje dugoro\u010dnog mira u na\u0161em regionu.<\/span><\/p>\n<p class=\"p1\"><span class=\"s1\">Predsednica je tako\u0111e naglasila va\u017enost unapre\u0111enja bilateralnog strate\u0161kog dijaloga izme\u0111u Kosova i SAD-a kao mehanizma za koordinaciju zajedni\u010dkih prioriteta i otvaranje novih poglavlja saradnje u razli\u010ditim oblastima.<\/span><\/p>\n<p class=\"p1\"><span class=\"s1\">\u0160tavi\u0161e, ona je naglasila da partnerstvo izme\u0111u Kosova i Sjedinjenih Ameri\u010dkih Dr\u017eava predstavlja vitalni nacionalni interes i egzistencijalno je za Republiku Kosovo, isti\u010du\u0107i strate\u0161ke prioritete za produbljivanje bilateralne saradnje u oblastima odbrane i ekonomskog razvoja.<\/span><\/p>\n","protected":false},"excerpt":{"rendered":"<p>U okviru svoje zvani\u010dne posete Va\u0161ingtonu, a povodom proslave 18. godi\u0161njice uspostavljanja diplomatskih odnosa izme\u0111u Kosova i Sjedinjenih Ameri\u010dkih Dr\u017eava, predsednica Republike Kosovo, Vjosa Osmani, primljena je u Stejt departmentu na sastanak sa dr\u017eavnim sekretarom SAD, Marcom Rubiom. Na sjajnom i srda\u010dnom sastankuu, predsednica Osmani je izrazila duboku zahvalnost na pozivu koji je predsednik Sjedinjenih Ameri\u010dkih Dr\u017eava, Donald Trump, uputio Kosovu da bude suosniva\u010d Odbora za mir i deo osniva\u010dkog sastanka. Tako\u0111e je izrazila zahvalnost na sna\u017enim garancijama koje joj je predsednik Trump ju\u010de dao za mir u na\u0161em regionu i, ovom prilikom, zahvalila se sekretaru Rubiju na njegovom vo\u0111stvu i saradnji u ovom procesu. Na ovom sastanku su razmatrana pitanja strate\u0161kog partnerstva, od oblasti regionalne bezbednosti i diplomatije, do ekonomije i odbrane. Ona je, posebno, naglasila nekoliko procesa od vitalnog zna\u010daja za stabilnost u regionu: ja\u010danje strate\u0161kog partnerstva izme\u0111u Kosova i SAD-a, \u010dlanstvo Kosova u NATO-u, strate\u0161ki zna\u010daj ameri\u010dkog vojnog prisustva na Kosovu i otvaranje novih poglavlja saradnje u ekonomiji i odbrani. Predsednica je zahvalila sekretaru Rubiju na sna\u017enoj ameri\u010dkoj podr\u0161ci suverenitetu i teritorijalnom integritetu Republike Kosovo. U tom duhu, predsednica je naglasila istorijsku ulogu Sjedinjenih Ameri\u010dkih Dr\u017eava u oslobo\u0111enju, izgradnji dr\u017eave i konsolidaciji mira na Kosovu, kao i poseban zna\u010daj ameri\u010dkog vojnog prisustva i prisustva njihovih saveznika u okviru misije NATO-a, kao klju\u010dnog faktora za stabilnost i bezbednost u regionu. U tom duhu, podvukla je da je prirodni put ovog strate\u0161kog partnerstva \u010dlanstvo Kosova u NATO-u, proces neophodan za obezbe\u0111ivanje dugoro\u010dnog mira u na\u0161em regionu. Predsednica je tako\u0111e naglasila va\u017enost unapre\u0111enja bilateralnog strate\u0161kog dijaloga izme\u0111u Kosova i SAD-a kao mehanizma za koordinaciju zajedni\u010dkih prioriteta i otvaranje novih poglavlja saradnje u razli\u010ditim oblastima. \u0160tavi\u0161e, ona je naglasila da partnerstvo izme\u0111u Kosova i Sjedinjenih Ameri\u010dkih Dr\u017eava predstavlja vitalni nacionalni interes i egzistencijalno je za Republiku Kosovo, isti\u010du\u0107i strate\u0161ke prioritete za produbljivanje bilateralne saradnje u oblastima odbrane i ekonomskog razvoja.<\/p>\n","protected":false},"author":18,"featured_media":183654,"comment_status":"closed","ping_status":"closed","sticky":false,"template":"","format":"standard","meta":{"_eb_attr":"","footnotes":""},"categories":[114,101],"tags":[],"class_list":["post-183676","post","type-post","status-publish","format-standard","has-post-thumbnail","hentry","category-medunarodne-posete","category-vesti"],"yoast_head":"<!-- This site is optimized with the Yoast SEO plugin v23.5 - https:\/\/yoast.com\/wordpress\/plugins\/seo\/ -->\n<title>Predsednicu Osmani na sastanku do\u010dekao dr\u017eavni sekretar SAD-a, Marco Rubio - Predsednik Republike Kosovo - DR. VJOSA OSMANI - SADRIU<\/title>\n<meta name=\"description\" content=\"Predsednicu Osmani na sastanku do\u010dekao dr\u017eavni sekretar SAD-a, Marco Rubio - Predsednik Republike Kosovo - DR. VJOSA OSMANI - SADRIU -\" \/>\n<meta name=\"robots\" content=\"index, follow, max-snippet:-1, max-image-preview:large, max-video-preview:-1\" \/>\n<link rel=\"canonical\" href=\"https:\/\/president-ksgov.net\/sr\/predsednicu-osmani-na-sastanku-docekao-drzavni-sekretar-sad-a-marco-rubio\/\" \/>\n<meta property=\"og:locale\" content=\"sr_RS\" \/>\n<meta property=\"og:type\" content=\"article\" \/>\n<meta property=\"og:title\" content=\"Predsednicu Osmani na sastanku do\u010dekao dr\u017eavni sekretar SAD-a, Marco Rubio - Predsednik Republike Kosovo - DR. VJOSA OSMANI - SADRIU\" \/>\n<meta property=\"og:description\" content=\"Predsednicu Osmani na sastanku do\u010dekao dr\u017eavni sekretar SAD-a, Marco Rubio - Predsednik Republike Kosovo - DR. VJOSA OSMANI - SADRIU -\" \/>\n<meta property=\"og:url\" content=\"https:\/\/president-ksgov.net\/sr\/predsednicu-osmani-na-sastanku-docekao-drzavni-sekretar-sad-a-marco-rubio\/\" \/>\n<meta property=\"og:site_name\" content=\"Predsednik Republike Kosovo - DR. VJOSA OSMANI - SADRIU\" \/>\n<meta property=\"article:published_time\" content=\"2026-02-20T19:20:01+00:00\" \/>\n<meta property=\"article:modified_time\" content=\"2026-02-20T20:47:24+00:00\" \/>\n<meta property=\"og:image\" content=\"https:\/\/president-ksgov.net\/wp-content\/uploads\/IMG_7497.jpeg\" \/>\n\t<meta property=\"og:image:width\" content=\"2048\" \/>\n\t<meta property=\"og:image:height\" content=\"1237\" \/>\n\t<meta property=\"og:image:type\" content=\"image\/jpeg\" \/>\n<meta name=\"author\" content=\"Aulon Maliqi\" \/>\n<meta name=\"twitter:card\" content=\"summary_large_image\" \/>\n<meta name=\"twitter:label1\" content=\"\u041d\u0430\u043f\u0438\u0441\u0430\u043d\u043e \u043e\u0434\" \/>\n\t<meta name=\"twitter:data1\" content=\"Aulon Maliqi\" \/>\n\t<meta name=\"twitter:label2\" content=\"\u041f\u0440\u043e\u0446\u0435\u045a\u0435\u043d\u043e \u0432\u0440\u0435\u043c\u0435 \u0447\u0438\u0442\u0430\u045a\u0430\" \/>\n\t<meta name=\"twitter:data2\" content=\"2 \u043c\u0438\u043d\u0443\u0442\u0430\" \/>\n<script type=\"application\/ld+json\" class=\"yoast-schema-graph\">{\"@context\":\"https:\/\/schema.org\",\"@graph\":[{\"@type\":\"WebPage\",\"@id\":\"https:\/\/president-ksgov.net\/sr\/predsednicu-osmani-na-sastanku-docekao-drzavni-sekretar-sad-a-marco-rubio\/\",\"url\":\"https:\/\/president-ksgov.net\/sr\/predsednicu-osmani-na-sastanku-docekao-drzavni-sekretar-sad-a-marco-rubio\/\",\"name\":\"Predsednicu Osmani na sastanku do\u010dekao dr\u017eavni sekretar SAD-a, Marco Rubio - Predsednik Republike Kosovo - DR. VJOSA OSMANI - SADRIU\",\"isPartOf\":{\"@id\":\"https:\/\/president-ksgov.net\/#website\"},\"primaryImageOfPage\":{\"@id\":\"https:\/\/president-ksgov.net\/sr\/predsednicu-osmani-na-sastanku-docekao-drzavni-sekretar-sad-a-marco-rubio\/#primaryimage\"},\"image\":{\"@id\":\"https:\/\/president-ksgov.net\/sr\/predsednicu-osmani-na-sastanku-docekao-drzavni-sekretar-sad-a-marco-rubio\/#primaryimage\"},\"thumbnailUrl\":\"https:\/\/president-ksgov.net\/wp-content\/uploads\/IMG_7497.jpeg\",\"datePublished\":\"2026-02-20T19:20:01+00:00\",\"dateModified\":\"2026-02-20T20:47:24+00:00\",\"author\":{\"@id\":\"https:\/\/president-ksgov.net\/#\/schema\/person\/639043365d5873f4c00b9dd2f548fe32\"},\"description\":\"Predsednicu Osmani na sastanku do\u010dekao dr\u017eavni sekretar SAD-a, Marco Rubio - Predsednik Republike Kosovo - DR. VJOSA OSMANI - SADRIU -\",\"breadcrumb\":{\"@id\":\"https:\/\/president-ksgov.net\/sr\/predsednicu-osmani-na-sastanku-docekao-drzavni-sekretar-sad-a-marco-rubio\/#breadcrumb\"},\"inLanguage\":\"sr-RS\",\"potentialAction\":[{\"@type\":\"ReadAction\",\"target\":[\"https:\/\/president-ksgov.net\/sr\/predsednicu-osmani-na-sastanku-docekao-drzavni-sekretar-sad-a-marco-rubio\/\"]}]},{\"@type\":\"ImageObject\",\"inLanguage\":\"sr-RS\",\"@id\":\"https:\/\/president-ksgov.net\/sr\/predsednicu-osmani-na-sastanku-docekao-drzavni-sekretar-sad-a-marco-rubio\/#primaryimage\",\"url\":\"https:\/\/president-ksgov.net\/wp-content\/uploads\/IMG_7497.jpeg\",\"contentUrl\":\"https:\/\/president-ksgov.net\/wp-content\/uploads\/IMG_7497.jpeg\",\"width\":2048,\"height\":1237},{\"@type\":\"BreadcrumbList\",\"@id\":\"https:\/\/president-ksgov.net\/sr\/predsednicu-osmani-na-sastanku-docekao-drzavni-sekretar-sad-a-marco-rubio\/#breadcrumb\",\"itemListElement\":[{\"@type\":\"ListItem\",\"position\":1,\"name\":\"Home\",\"item\":\"https:\/\/president-ksgov.net\/sr\/\"},{\"@type\":\"ListItem\",\"position\":2,\"name\":\"Predsednicu Osmani na sastanku do\u010dekao dr\u017eavni sekretar SAD-a, Marco Rubio\"}]},{\"@type\":\"WebSite\",\"@id\":\"https:\/\/president-ksgov.net\/#website\",\"url\":\"https:\/\/president-ksgov.net\/\",\"name\":\"Presidente e Republik\u00ebs s\u00eb Kosov\u00ebs\",\"description\":\"Presidente e Republik\u00ebs s\u00eb Kosov\u00ebs\",\"alternateName\":\"DR. VJOSA OSMANI - SADRIU\",\"potentialAction\":[{\"@type\":\"SearchAction\",\"target\":{\"@type\":\"EntryPoint\",\"urlTemplate\":\"https:\/\/president-ksgov.net\/?s={search_term_string}\"},\"query-input\":{\"@type\":\"PropertyValueSpecification\",\"valueRequired\":true,\"valueName\":\"search_term_string\"}}],\"inLanguage\":\"sr-RS\"},{\"@type\":\"Person\",\"@id\":\"https:\/\/president-ksgov.net\/#\/schema\/person\/639043365d5873f4c00b9dd2f548fe32\",\"name\":\"Aulon Maliqi\",\"image\":{\"@type\":\"ImageObject\",\"inLanguage\":\"sr-RS\",\"@id\":\"https:\/\/president-ksgov.net\/#\/schema\/person\/image\/\",\"url\":\"https:\/\/secure.gravatar.com\/avatar\/25825420648e802b44e5fd098636053cf34adea3bcdf93520be287f818c2ce8b?s=96&d=mm&r=g\",\"contentUrl\":\"https:\/\/secure.gravatar.com\/avatar\/25825420648e802b44e5fd098636053cf34adea3bcdf93520be287f818c2ce8b?s=96&d=mm&r=g\",\"caption\":\"Aulon Maliqi\"}}]}<\/script>\n<!-- \/ Yoast SEO plugin. -->","yoast_head_json":{"title":"Predsednicu Osmani na sastanku do\u010dekao dr\u017eavni sekretar SAD-a, Marco Rubio - Predsednik Republike Kosovo - DR. VJOSA OSMANI - SADRIU","description":"Predsednicu Osmani na sastanku do\u010dekao dr\u017eavni sekretar SAD-a, Marco Rubio - Predsednik Republike Kosovo - DR. VJOSA OSMANI - SADRIU -","robots":{"index":"index","follow":"follow","max-snippet":"max-snippet:-1","max-image-preview":"max-image-preview:large","max-video-preview":"max-video-preview:-1"},"canonical":"https:\/\/president-ksgov.net\/sr\/predsednicu-osmani-na-sastanku-docekao-drzavni-sekretar-sad-a-marco-rubio\/","og_locale":"sr_RS","og_type":"article","og_title":"Predsednicu Osmani na sastanku do\u010dekao dr\u017eavni sekretar SAD-a, Marco Rubio - Predsednik Republike Kosovo - DR. VJOSA OSMANI - SADRIU","og_description":"Predsednicu Osmani na sastanku do\u010dekao dr\u017eavni sekretar SAD-a, Marco Rubio - Predsednik Republike Kosovo - DR. VJOSA OSMANI - SADRIU -","og_url":"https:\/\/president-ksgov.net\/sr\/predsednicu-osmani-na-sastanku-docekao-drzavni-sekretar-sad-a-marco-rubio\/","og_site_name":"Predsednik Republike Kosovo - DR. VJOSA OSMANI - SADRIU","article_published_time":"2026-02-20T19:20:01+00:00","article_modified_time":"2026-02-20T20:47:24+00:00","og_image":[{"width":2048,"height":1237,"url":"https:\/\/president-ksgov.net\/wp-content\/uploads\/IMG_7497.jpeg","type":"image\/jpeg"}],"author":"Aulon Maliqi","twitter_card":"summary_large_image","twitter_misc":{"\u041d\u0430\u043f\u0438\u0441\u0430\u043d\u043e \u043e\u0434":"Aulon Maliqi","\u041f\u0440\u043e\u0446\u0435\u045a\u0435\u043d\u043e \u0432\u0440\u0435\u043c\u0435 \u0447\u0438\u0442\u0430\u045a\u0430":"2 \u043c\u0438\u043d\u0443\u0442\u0430"},"schema":{"@context":"https:\/\/schema.org","@graph":[{"@type":"WebPage","@id":"https:\/\/president-ksgov.net\/sr\/predsednicu-osmani-na-sastanku-docekao-drzavni-sekretar-sad-a-marco-rubio\/","url":"https:\/\/president-ksgov.net\/sr\/predsednicu-osmani-na-sastanku-docekao-drzavni-sekretar-sad-a-marco-rubio\/","name":"Predsednicu Osmani na sastanku do\u010dekao dr\u017eavni sekretar SAD-a, Marco Rubio - Predsednik Republike Kosovo - DR. VJOSA OSMANI - SADRIU","isPartOf":{"@id":"https:\/\/president-ksgov.net\/#website"},"primaryImageOfPage":{"@id":"https:\/\/president-ksgov.net\/sr\/predsednicu-osmani-na-sastanku-docekao-drzavni-sekretar-sad-a-marco-rubio\/#primaryimage"},"image":{"@id":"https:\/\/president-ksgov.net\/sr\/predsednicu-osmani-na-sastanku-docekao-drzavni-sekretar-sad-a-marco-rubio\/#primaryimage"},"thumbnailUrl":"https:\/\/president-ksgov.net\/wp-content\/uploads\/IMG_7497.jpeg","datePublished":"2026-02-20T19:20:01+00:00","dateModified":"2026-02-20T20:47:24+00:00","author":{"@id":"https:\/\/president-ksgov.net\/#\/schema\/person\/639043365d5873f4c00b9dd2f548fe32"},"description":"Predsednicu Osmani na sastanku do\u010dekao dr\u017eavni sekretar SAD-a, Marco Rubio - Predsednik Republike Kosovo - DR. VJOSA OSMANI - SADRIU -","breadcrumb":{"@id":"https:\/\/president-ksgov.net\/sr\/predsednicu-osmani-na-sastanku-docekao-drzavni-sekretar-sad-a-marco-rubio\/#breadcrumb"},"inLanguage":"sr-RS","potentialAction":[{"@type":"ReadAction","target":["https:\/\/president-ksgov.net\/sr\/predsednicu-osmani-na-sastanku-docekao-drzavni-sekretar-sad-a-marco-rubio\/"]}]},{"@type":"ImageObject","inLanguage":"sr-RS","@id":"https:\/\/president-ksgov.net\/sr\/predsednicu-osmani-na-sastanku-docekao-drzavni-sekretar-sad-a-marco-rubio\/#primaryimage","url":"https:\/\/president-ksgov.net\/wp-content\/uploads\/IMG_7497.jpeg","contentUrl":"https:\/\/president-ksgov.net\/wp-content\/uploads\/IMG_7497.jpeg","width":2048,"height":1237},{"@type":"BreadcrumbList","@id":"https:\/\/president-ksgov.net\/sr\/predsednicu-osmani-na-sastanku-docekao-drzavni-sekretar-sad-a-marco-rubio\/#breadcrumb","itemListElement":[{"@type":"ListItem","position":1,"name":"Home","item":"https:\/\/president-ksgov.net\/sr\/"},{"@type":"ListItem","position":2,"name":"Predsednicu Osmani na sastanku do\u010dekao dr\u017eavni sekretar SAD-a, Marco Rubio"}]},{"@type":"WebSite","@id":"https:\/\/president-ksgov.net\/#website","url":"https:\/\/president-ksgov.net\/","name":"Presidente e Republik\u00ebs s\u00eb Kosov\u00ebs","description":"Presidente e Republik\u00ebs s\u00eb Kosov\u00ebs","alternateName":"DR. VJOSA OSMANI - SADRIU","potentialAction":[{"@type":"SearchAction","target":{"@type":"EntryPoint","urlTemplate":"https:\/\/president-ksgov.net\/?s={search_term_string}"},"query-input":{"@type":"PropertyValueSpecification","valueRequired":true,"valueName":"search_term_string"}}],"inLanguage":"sr-RS"},{"@type":"Person","@id":"https:\/\/president-ksgov.net\/#\/schema\/person\/639043365d5873f4c00b9dd2f548fe32","name":"Aulon Maliqi","image":{"@type":"ImageObject","inLanguage":"sr-RS","@id":"https:\/\/president-ksgov.net\/#\/schema\/person\/image\/","url":"https:\/\/secure.gravatar.com\/avatar\/25825420648e802b44e5fd098636053cf34adea3bcdf93520be287f818c2ce8b?s=96&d=mm&r=g","contentUrl":"https:\/\/secure.gravatar.com\/avatar\/25825420648e802b44e5fd098636053cf34adea3bcdf93520be287f818c2ce8b?s=96&d=mm&r=g","caption":"Aulon Maliqi"}}]}},"_links":{"self":[{"href":"https:\/\/president-ksgov.net\/sr\/wp-json\/wp\/v2\/posts\/183676","targetHints":{"allow":["GET"]}}],"collection":[{"href":"https:\/\/president-ksgov.net\/sr\/wp-json\/wp\/v2\/posts"}],"about":[{"href":"https:\/\/president-ksgov.net\/sr\/wp-json\/wp\/v2\/types\/post"}],"author":[{"embeddable":true,"href":"https:\/\/president-ksgov.net\/sr\/wp-json\/wp\/v2\/users\/18"}],"replies":[{"embeddable":true,"href":"https:\/\/president-ksgov.net\/sr\/wp-json\/wp\/v2\/comments?post=183676"}],"version-history":[{"count":1,"href":"https:\/\/president-ksgov.net\/sr\/wp-json\/wp\/v2\/posts\/183676\/revisions"}],"predecessor-version":[{"id":183678,"href":"https:\/\/president-ksgov.net\/sr\/wp-json\/wp\/v2\/posts\/183676\/revisions\/183678"}],"wp:featuredmedia":[{"embeddable":true,"href":"https:\/\/president-ksgov.net\/sr\/wp-json\/wp\/v2\/media\/183654"}],"wp:attachment":[{"href":"https:\/\/president-ksgov.net\/sr\/wp-json\/wp\/v2\/media?parent=183676"}],"wp:term":[{"taxonomy":"category","embeddable":true,"href":"https:\/\/president-ksgov.net\/sr\/wp-json\/wp\/v2\/categories?post=183676"},{"taxonomy":"post_tag","embeddable":true,"href":"https:\/\/president-ksgov.net\/sr\/wp-json\/wp\/v2\/tags?post=183676"}],"curies":[{"name":"wp","href":"https:\/\/api.w.org\/{rel}","templated":true}]}}