{"id":183567,"date":"2026-02-19T13:35:56","date_gmt":"2026-02-19T12:35:56","guid":{"rendered":"https:\/\/president-ksgov.net\/?p=183567"},"modified":"2026-02-20T08:49:41","modified_gmt":"2026-02-20T07:49:41","slug":"njegovo-visocanstvo-emir-drzave-katar-tamim-bin-hamad-al-thani-i-njegovo-visocanstvo-zamenik-emira-drzave-katar-abdullah-bin-hamad-al-thani-cestitali-su-predsednici-osmani-povodom-18-godisnjice-n","status":"publish","type":"post","link":"https:\/\/president-ksgov.net\/sr\/njegovo-visocanstvo-emir-drzave-katar-tamim-bin-hamad-al-thani-i-njegovo-visocanstvo-zamenik-emira-drzave-katar-abdullah-bin-hamad-al-thani-cestitali-su-predsednici-osmani-povodom-18-godisnjice-n\/","title":{"rendered":"Njegovo viso\u010danstvo emir Dr\u017eave Katar, Tamim bin Hamad Al Thani, i Njegovo viso\u010danstvo zamenik emira Dr\u017eave Katar, Abdullah bin Hamad Al Thani, \u010destitali su predsednici Osmani povodom 18. godi\u0161njice nezavisnosti"},"content":{"rendered":"<p>U svojim porukama, preneli su iskrene \u010destitke povodom Dana nezavisnosti Republike Kosovo, \u017eele\u0107i predsednici zdravlje i blagostanje, kao i narodu Kosova dalji razvoj i napredak. Tako\u0111e su izrazili svoju posve\u0107enost daljem ja\u010danju i produbljivanju odnosa izme\u0111u Republike Kosovo i Dr\u017eave Katar.<\/p>\n<p><img fetchpriority=\"high\" decoding=\"async\" class=\"aligncenter wp-image-183390 size-large\" src=\"https:\/\/president-ksgov.net\/wp-content\/uploads\/URIMI-KATARI-1-724x1024.jpg\" alt=\"\" width=\"724\" height=\"1024\" srcset=\"https:\/\/president-ksgov.net\/wp-content\/uploads\/URIMI-KATARI-1-724x1024.jpg 724w, https:\/\/president-ksgov.net\/wp-content\/uploads\/URIMI-KATARI-1-212x300.jpg 212w, https:\/\/president-ksgov.net\/wp-content\/uploads\/URIMI-KATARI-1-106x150.jpg 106w, https:\/\/president-ksgov.net\/wp-content\/uploads\/URIMI-KATARI-1-768x1087.jpg 768w, https:\/\/president-ksgov.net\/wp-content\/uploads\/URIMI-KATARI-1-318x450.jpg 318w, https:\/\/president-ksgov.net\/wp-content\/uploads\/URIMI-KATARI-1.jpg 992w\" sizes=\"(max-width: 724px) 100vw, 724px\" \/> <img decoding=\"async\" class=\"aligncenter wp-image-183394 size-large\" src=\"https:\/\/president-ksgov.net\/wp-content\/uploads\/URIMI-KATARI-2-724x1024.jpg\" alt=\"\" width=\"724\" height=\"1024\" srcset=\"https:\/\/president-ksgov.net\/wp-content\/uploads\/URIMI-KATARI-2-724x1024.jpg 724w, https:\/\/president-ksgov.net\/wp-content\/uploads\/URIMI-KATARI-2-212x300.jpg 212w, https:\/\/president-ksgov.net\/wp-content\/uploads\/URIMI-KATARI-2-106x150.jpg 106w, https:\/\/president-ksgov.net\/wp-content\/uploads\/URIMI-KATARI-2-768x1087.jpg 768w, https:\/\/president-ksgov.net\/wp-content\/uploads\/URIMI-KATARI-2-318x450.jpg 318w, https:\/\/president-ksgov.net\/wp-content\/uploads\/URIMI-KATARI-2.jpg 992w\" sizes=\"(max-width: 724px) 100vw, 724px\" \/><\/p>\n<p>&nbsp;<\/p>\n","protected":false},"excerpt":{"rendered":"<p>U svojim porukama, preneli su iskrene \u010destitke povodom Dana nezavisnosti Republike Kosovo, \u017eele\u0107i predsednici zdravlje i blagostanje, kao i narodu Kosova dalji razvoj i napredak. Tako\u0111e su izrazili svoju posve\u0107enost daljem ja\u010danju i produbljivanju odnosa izme\u0111u Republike Kosovo i Dr\u017eave Katar. &nbsp;<\/p>\n","protected":false},"author":18,"featured_media":183390,"comment_status":"closed","ping_status":"closed","sticky":false,"template":"","format":"standard","meta":{"_eb_attr":"","footnotes":""},"categories":[101],"tags":[],"class_list":["post-183567","post","type-post","status-publish","format-standard","has-post-thumbnail","hentry","category-vesti"],"yoast_head":"<!-- This site is optimized with the Yoast SEO plugin v23.5 - https:\/\/yoast.com\/wordpress\/plugins\/seo\/ -->\n<title>Njegovo viso\u010danstvo emir Dr\u017eave Katar, Tamim bin Hamad Al Thani, i Njegovo viso\u010danstvo zamenik emira Dr\u017eave Katar, Abdullah bin Hamad Al Thani, \u010destitali su predsednici Osmani povodom 18. godi\u0161njice nezavisnosti - Predsednik Republike Kosovo - DR. VJOSA OSMANI - SADRIU<\/title>\n<meta name=\"description\" content=\"Njegovo viso\u010danstvo emir Dr\u017eave Katar, Tamim bin Hamad Al Thani, i Njegovo viso\u010danstvo zamenik emira Dr\u017eave Katar, Abdullah bin Hamad Al Thani, \u010destitali su predsednici Osmani povodom 18. godi\u0161njice nezavisnosti - Predsednik Republike Kosovo - DR. VJOSA OSMANI - SADRIU - Vesti\" \/>\n<meta name=\"robots\" content=\"index, follow, max-snippet:-1, max-image-preview:large, max-video-preview:-1\" \/>\n<link rel=\"canonical\" href=\"https:\/\/president-ksgov.net\/sr\/njegovo-visocanstvo-emir-drzave-katar-tamim-bin-hamad-al-thani-i-njegovo-visocanstvo-zamenik-emira-drzave-katar-abdullah-bin-hamad-al-thani-cestitali-su-predsednici-osmani-povodom-18-godisnjice-n\/\" \/>\n<meta property=\"og:locale\" content=\"sr_RS\" \/>\n<meta property=\"og:type\" content=\"article\" \/>\n<meta property=\"og:title\" content=\"Njegovo viso\u010danstvo emir Dr\u017eave Katar, Tamim bin Hamad Al Thani, i Njegovo viso\u010danstvo zamenik emira Dr\u017eave Katar, Abdullah bin Hamad Al Thani, \u010destitali su predsednici Osmani povodom 18. godi\u0161njice nezavisnosti - Predsednik Republike Kosovo - DR. VJOSA OSMANI - SADRIU\" \/>\n<meta property=\"og:description\" content=\"Njegovo viso\u010danstvo emir Dr\u017eave Katar, Tamim bin Hamad Al Thani, i Njegovo viso\u010danstvo zamenik emira Dr\u017eave Katar, Abdullah bin Hamad Al Thani, \u010destitali su predsednici Osmani povodom 18. godi\u0161njice nezavisnosti - Predsednik Republike Kosovo - DR. VJOSA OSMANI - SADRIU - Vesti\" \/>\n<meta property=\"og:url\" content=\"https:\/\/president-ksgov.net\/sr\/njegovo-visocanstvo-emir-drzave-katar-tamim-bin-hamad-al-thani-i-njegovo-visocanstvo-zamenik-emira-drzave-katar-abdullah-bin-hamad-al-thani-cestitali-su-predsednici-osmani-povodom-18-godisnjice-n\/\" \/>\n<meta property=\"og:site_name\" content=\"Predsednik Republike Kosovo - DR. VJOSA OSMANI - SADRIU\" \/>\n<meta property=\"article:published_time\" content=\"2026-02-19T12:35:56+00:00\" \/>\n<meta property=\"article:modified_time\" content=\"2026-02-20T07:49:41+00:00\" \/>\n<meta property=\"og:image\" content=\"https:\/\/president-ksgov.net\/wp-content\/uploads\/URIMI-KATARI-1.jpg\" \/>\n\t<meta property=\"og:image:width\" content=\"992\" \/>\n\t<meta property=\"og:image:height\" content=\"1404\" \/>\n\t<meta property=\"og:image:type\" content=\"image\/jpeg\" \/>\n<meta name=\"author\" content=\"Aulon Maliqi\" \/>\n<meta name=\"twitter:card\" content=\"summary_large_image\" \/>\n<meta name=\"twitter:label1\" content=\"\u041d\u0430\u043f\u0438\u0441\u0430\u043d\u043e \u043e\u0434\" \/>\n\t<meta name=\"twitter:data1\" content=\"Aulon Maliqi\" \/>\n\t<meta name=\"twitter:label2\" content=\"\u041f\u0440\u043e\u0446\u0435\u045a\u0435\u043d\u043e \u0432\u0440\u0435\u043c\u0435 \u0447\u0438\u0442\u0430\u045a\u0430\" \/>\n\t<meta name=\"twitter:data2\" content=\"1 \u043c\u0438\u043d\u0443\u0442\" \/>\n<script type=\"application\/ld+json\" class=\"yoast-schema-graph\">{\"@context\":\"https:\/\/schema.org\",\"@graph\":[{\"@type\":\"WebPage\",\"@id\":\"https:\/\/president-ksgov.net\/sr\/njegovo-visocanstvo-emir-drzave-katar-tamim-bin-hamad-al-thani-i-njegovo-visocanstvo-zamenik-emira-drzave-katar-abdullah-bin-hamad-al-thani-cestitali-su-predsednici-osmani-povodom-18-godisnjice-n\/\",\"url\":\"https:\/\/president-ksgov.net\/sr\/njegovo-visocanstvo-emir-drzave-katar-tamim-bin-hamad-al-thani-i-njegovo-visocanstvo-zamenik-emira-drzave-katar-abdullah-bin-hamad-al-thani-cestitali-su-predsednici-osmani-povodom-18-godisnjice-n\/\",\"name\":\"Njegovo viso\u010danstvo emir Dr\u017eave Katar, Tamim bin Hamad Al Thani, i Njegovo viso\u010danstvo zamenik emira Dr\u017eave Katar, Abdullah bin Hamad Al Thani, \u010destitali su predsednici Osmani povodom 18. godi\u0161njice nezavisnosti - Predsednik Republike Kosovo - DR. VJOSA OSMANI - SADRIU\",\"isPartOf\":{\"@id\":\"https:\/\/president-ksgov.net\/#website\"},\"primaryImageOfPage\":{\"@id\":\"https:\/\/president-ksgov.net\/sr\/njegovo-visocanstvo-emir-drzave-katar-tamim-bin-hamad-al-thani-i-njegovo-visocanstvo-zamenik-emira-drzave-katar-abdullah-bin-hamad-al-thani-cestitali-su-predsednici-osmani-povodom-18-godisnjice-n\/#primaryimage\"},\"image\":{\"@id\":\"https:\/\/president-ksgov.net\/sr\/njegovo-visocanstvo-emir-drzave-katar-tamim-bin-hamad-al-thani-i-njegovo-visocanstvo-zamenik-emira-drzave-katar-abdullah-bin-hamad-al-thani-cestitali-su-predsednici-osmani-povodom-18-godisnjice-n\/#primaryimage\"},\"thumbnailUrl\":\"https:\/\/president-ksgov.net\/wp-content\/uploads\/URIMI-KATARI-1.jpg\",\"datePublished\":\"2026-02-19T12:35:56+00:00\",\"dateModified\":\"2026-02-20T07:49:41+00:00\",\"author\":{\"@id\":\"https:\/\/president-ksgov.net\/#\/schema\/person\/639043365d5873f4c00b9dd2f548fe32\"},\"description\":\"Njegovo viso\u010danstvo emir Dr\u017eave Katar, Tamim bin Hamad Al Thani, i Njegovo viso\u010danstvo zamenik emira Dr\u017eave Katar, Abdullah bin Hamad Al Thani, \u010destitali su predsednici Osmani povodom 18. godi\u0161njice nezavisnosti - Predsednik Republike Kosovo - DR. VJOSA OSMANI - SADRIU - Vesti\",\"breadcrumb\":{\"@id\":\"https:\/\/president-ksgov.net\/sr\/njegovo-visocanstvo-emir-drzave-katar-tamim-bin-hamad-al-thani-i-njegovo-visocanstvo-zamenik-emira-drzave-katar-abdullah-bin-hamad-al-thani-cestitali-su-predsednici-osmani-povodom-18-godisnjice-n\/#breadcrumb\"},\"inLanguage\":\"sr-RS\",\"potentialAction\":[{\"@type\":\"ReadAction\",\"target\":[\"https:\/\/president-ksgov.net\/sr\/njegovo-visocanstvo-emir-drzave-katar-tamim-bin-hamad-al-thani-i-njegovo-visocanstvo-zamenik-emira-drzave-katar-abdullah-bin-hamad-al-thani-cestitali-su-predsednici-osmani-povodom-18-godisnjice-n\/\"]}]},{\"@type\":\"ImageObject\",\"inLanguage\":\"sr-RS\",\"@id\":\"https:\/\/president-ksgov.net\/sr\/njegovo-visocanstvo-emir-drzave-katar-tamim-bin-hamad-al-thani-i-njegovo-visocanstvo-zamenik-emira-drzave-katar-abdullah-bin-hamad-al-thani-cestitali-su-predsednici-osmani-povodom-18-godisnjice-n\/#primaryimage\",\"url\":\"https:\/\/president-ksgov.net\/wp-content\/uploads\/URIMI-KATARI-1.jpg\",\"contentUrl\":\"https:\/\/president-ksgov.net\/wp-content\/uploads\/URIMI-KATARI-1.jpg\",\"width\":992,\"height\":1404},{\"@type\":\"BreadcrumbList\",\"@id\":\"https:\/\/president-ksgov.net\/sr\/njegovo-visocanstvo-emir-drzave-katar-tamim-bin-hamad-al-thani-i-njegovo-visocanstvo-zamenik-emira-drzave-katar-abdullah-bin-hamad-al-thani-cestitali-su-predsednici-osmani-povodom-18-godisnjice-n\/#breadcrumb\",\"itemListElement\":[{\"@type\":\"ListItem\",\"position\":1,\"name\":\"Home\",\"item\":\"https:\/\/president-ksgov.net\/sr\/\"},{\"@type\":\"ListItem\",\"position\":2,\"name\":\"Njegovo viso\u010danstvo emir Dr\u017eave Katar, Tamim bin Hamad Al Thani, i Njegovo viso\u010danstvo zamenik emira Dr\u017eave Katar, Abdullah bin Hamad Al Thani, \u010destitali su predsednici Osmani povodom 18. godi\u0161njice nezavisnosti\"}]},{\"@type\":\"WebSite\",\"@id\":\"https:\/\/president-ksgov.net\/#website\",\"url\":\"https:\/\/president-ksgov.net\/\",\"name\":\"Presidente e Republik\u00ebs s\u00eb Kosov\u00ebs\",\"description\":\"Presidente e Republik\u00ebs s\u00eb Kosov\u00ebs\",\"alternateName\":\"DR. VJOSA OSMANI - SADRIU\",\"potentialAction\":[{\"@type\":\"SearchAction\",\"target\":{\"@type\":\"EntryPoint\",\"urlTemplate\":\"https:\/\/president-ksgov.net\/?s={search_term_string}\"},\"query-input\":{\"@type\":\"PropertyValueSpecification\",\"valueRequired\":true,\"valueName\":\"search_term_string\"}}],\"inLanguage\":\"sr-RS\"},{\"@type\":\"Person\",\"@id\":\"https:\/\/president-ksgov.net\/#\/schema\/person\/639043365d5873f4c00b9dd2f548fe32\",\"name\":\"Aulon Maliqi\",\"image\":{\"@type\":\"ImageObject\",\"inLanguage\":\"sr-RS\",\"@id\":\"https:\/\/president-ksgov.net\/#\/schema\/person\/image\/\",\"url\":\"https:\/\/secure.gravatar.com\/avatar\/25825420648e802b44e5fd098636053cf34adea3bcdf93520be287f818c2ce8b?s=96&d=mm&r=g\",\"contentUrl\":\"https:\/\/secure.gravatar.com\/avatar\/25825420648e802b44e5fd098636053cf34adea3bcdf93520be287f818c2ce8b?s=96&d=mm&r=g\",\"caption\":\"Aulon Maliqi\"}}]}<\/script>\n<!-- \/ Yoast SEO plugin. -->","yoast_head_json":{"title":"Njegovo viso\u010danstvo emir Dr\u017eave Katar, Tamim bin Hamad Al Thani, i Njegovo viso\u010danstvo zamenik emira Dr\u017eave Katar, Abdullah bin Hamad Al Thani, \u010destitali su predsednici Osmani povodom 18. godi\u0161njice nezavisnosti - Predsednik Republike Kosovo - DR. VJOSA OSMANI - SADRIU","description":"Njegovo viso\u010danstvo emir Dr\u017eave Katar, Tamim bin Hamad Al Thani, i Njegovo viso\u010danstvo zamenik emira Dr\u017eave Katar, Abdullah bin Hamad Al Thani, \u010destitali su predsednici Osmani povodom 18. godi\u0161njice nezavisnosti - Predsednik Republike Kosovo - DR. VJOSA OSMANI - SADRIU - Vesti","robots":{"index":"index","follow":"follow","max-snippet":"max-snippet:-1","max-image-preview":"max-image-preview:large","max-video-preview":"max-video-preview:-1"},"canonical":"https:\/\/president-ksgov.net\/sr\/njegovo-visocanstvo-emir-drzave-katar-tamim-bin-hamad-al-thani-i-njegovo-visocanstvo-zamenik-emira-drzave-katar-abdullah-bin-hamad-al-thani-cestitali-su-predsednici-osmani-povodom-18-godisnjice-n\/","og_locale":"sr_RS","og_type":"article","og_title":"Njegovo viso\u010danstvo emir Dr\u017eave Katar, Tamim bin Hamad Al Thani, i Njegovo viso\u010danstvo zamenik emira Dr\u017eave Katar, Abdullah bin Hamad Al Thani, \u010destitali su predsednici Osmani povodom 18. godi\u0161njice nezavisnosti - Predsednik Republike Kosovo - DR. VJOSA OSMANI - SADRIU","og_description":"Njegovo viso\u010danstvo emir Dr\u017eave Katar, Tamim bin Hamad Al Thani, i Njegovo viso\u010danstvo zamenik emira Dr\u017eave Katar, Abdullah bin Hamad Al Thani, \u010destitali su predsednici Osmani povodom 18. godi\u0161njice nezavisnosti - Predsednik Republike Kosovo - DR. VJOSA OSMANI - SADRIU - Vesti","og_url":"https:\/\/president-ksgov.net\/sr\/njegovo-visocanstvo-emir-drzave-katar-tamim-bin-hamad-al-thani-i-njegovo-visocanstvo-zamenik-emira-drzave-katar-abdullah-bin-hamad-al-thani-cestitali-su-predsednici-osmani-povodom-18-godisnjice-n\/","og_site_name":"Predsednik Republike Kosovo - DR. VJOSA OSMANI - SADRIU","article_published_time":"2026-02-19T12:35:56+00:00","article_modified_time":"2026-02-20T07:49:41+00:00","og_image":[{"width":992,"height":1404,"url":"https:\/\/president-ksgov.net\/wp-content\/uploads\/URIMI-KATARI-1.jpg","type":"image\/jpeg"}],"author":"Aulon Maliqi","twitter_card":"summary_large_image","twitter_misc":{"\u041d\u0430\u043f\u0438\u0441\u0430\u043d\u043e \u043e\u0434":"Aulon Maliqi","\u041f\u0440\u043e\u0446\u0435\u045a\u0435\u043d\u043e \u0432\u0440\u0435\u043c\u0435 \u0447\u0438\u0442\u0430\u045a\u0430":"1 \u043c\u0438\u043d\u0443\u0442"},"schema":{"@context":"https:\/\/schema.org","@graph":[{"@type":"WebPage","@id":"https:\/\/president-ksgov.net\/sr\/njegovo-visocanstvo-emir-drzave-katar-tamim-bin-hamad-al-thani-i-njegovo-visocanstvo-zamenik-emira-drzave-katar-abdullah-bin-hamad-al-thani-cestitali-su-predsednici-osmani-povodom-18-godisnjice-n\/","url":"https:\/\/president-ksgov.net\/sr\/njegovo-visocanstvo-emir-drzave-katar-tamim-bin-hamad-al-thani-i-njegovo-visocanstvo-zamenik-emira-drzave-katar-abdullah-bin-hamad-al-thani-cestitali-su-predsednici-osmani-povodom-18-godisnjice-n\/","name":"Njegovo viso\u010danstvo emir Dr\u017eave Katar, Tamim bin Hamad Al Thani, i Njegovo viso\u010danstvo zamenik emira Dr\u017eave Katar, Abdullah bin Hamad Al Thani, \u010destitali su predsednici Osmani povodom 18. godi\u0161njice nezavisnosti - Predsednik Republike Kosovo - DR. VJOSA OSMANI - SADRIU","isPartOf":{"@id":"https:\/\/president-ksgov.net\/#website"},"primaryImageOfPage":{"@id":"https:\/\/president-ksgov.net\/sr\/njegovo-visocanstvo-emir-drzave-katar-tamim-bin-hamad-al-thani-i-njegovo-visocanstvo-zamenik-emira-drzave-katar-abdullah-bin-hamad-al-thani-cestitali-su-predsednici-osmani-povodom-18-godisnjice-n\/#primaryimage"},"image":{"@id":"https:\/\/president-ksgov.net\/sr\/njegovo-visocanstvo-emir-drzave-katar-tamim-bin-hamad-al-thani-i-njegovo-visocanstvo-zamenik-emira-drzave-katar-abdullah-bin-hamad-al-thani-cestitali-su-predsednici-osmani-povodom-18-godisnjice-n\/#primaryimage"},"thumbnailUrl":"https:\/\/president-ksgov.net\/wp-content\/uploads\/URIMI-KATARI-1.jpg","datePublished":"2026-02-19T12:35:56+00:00","dateModified":"2026-02-20T07:49:41+00:00","author":{"@id":"https:\/\/president-ksgov.net\/#\/schema\/person\/639043365d5873f4c00b9dd2f548fe32"},"description":"Njegovo viso\u010danstvo emir Dr\u017eave Katar, Tamim bin Hamad Al Thani, i Njegovo viso\u010danstvo zamenik emira Dr\u017eave Katar, Abdullah bin Hamad Al Thani, \u010destitali su predsednici Osmani povodom 18. godi\u0161njice nezavisnosti - Predsednik Republike Kosovo - DR. VJOSA OSMANI - SADRIU - Vesti","breadcrumb":{"@id":"https:\/\/president-ksgov.net\/sr\/njegovo-visocanstvo-emir-drzave-katar-tamim-bin-hamad-al-thani-i-njegovo-visocanstvo-zamenik-emira-drzave-katar-abdullah-bin-hamad-al-thani-cestitali-su-predsednici-osmani-povodom-18-godisnjice-n\/#breadcrumb"},"inLanguage":"sr-RS","potentialAction":[{"@type":"ReadAction","target":["https:\/\/president-ksgov.net\/sr\/njegovo-visocanstvo-emir-drzave-katar-tamim-bin-hamad-al-thani-i-njegovo-visocanstvo-zamenik-emira-drzave-katar-abdullah-bin-hamad-al-thani-cestitali-su-predsednici-osmani-povodom-18-godisnjice-n\/"]}]},{"@type":"ImageObject","inLanguage":"sr-RS","@id":"https:\/\/president-ksgov.net\/sr\/njegovo-visocanstvo-emir-drzave-katar-tamim-bin-hamad-al-thani-i-njegovo-visocanstvo-zamenik-emira-drzave-katar-abdullah-bin-hamad-al-thani-cestitali-su-predsednici-osmani-povodom-18-godisnjice-n\/#primaryimage","url":"https:\/\/president-ksgov.net\/wp-content\/uploads\/URIMI-KATARI-1.jpg","contentUrl":"https:\/\/president-ksgov.net\/wp-content\/uploads\/URIMI-KATARI-1.jpg","width":992,"height":1404},{"@type":"BreadcrumbList","@id":"https:\/\/president-ksgov.net\/sr\/njegovo-visocanstvo-emir-drzave-katar-tamim-bin-hamad-al-thani-i-njegovo-visocanstvo-zamenik-emira-drzave-katar-abdullah-bin-hamad-al-thani-cestitali-su-predsednici-osmani-povodom-18-godisnjice-n\/#breadcrumb","itemListElement":[{"@type":"ListItem","position":1,"name":"Home","item":"https:\/\/president-ksgov.net\/sr\/"},{"@type":"ListItem","position":2,"name":"Njegovo viso\u010danstvo emir Dr\u017eave Katar, Tamim bin Hamad Al Thani, i Njegovo viso\u010danstvo zamenik emira Dr\u017eave Katar, Abdullah bin Hamad Al Thani, \u010destitali su predsednici Osmani povodom 18. godi\u0161njice nezavisnosti"}]},{"@type":"WebSite","@id":"https:\/\/president-ksgov.net\/#website","url":"https:\/\/president-ksgov.net\/","name":"Presidente e Republik\u00ebs s\u00eb Kosov\u00ebs","description":"Presidente e Republik\u00ebs s\u00eb Kosov\u00ebs","alternateName":"DR. VJOSA OSMANI - SADRIU","potentialAction":[{"@type":"SearchAction","target":{"@type":"EntryPoint","urlTemplate":"https:\/\/president-ksgov.net\/?s={search_term_string}"},"query-input":{"@type":"PropertyValueSpecification","valueRequired":true,"valueName":"search_term_string"}}],"inLanguage":"sr-RS"},{"@type":"Person","@id":"https:\/\/president-ksgov.net\/#\/schema\/person\/639043365d5873f4c00b9dd2f548fe32","name":"Aulon Maliqi","image":{"@type":"ImageObject","inLanguage":"sr-RS","@id":"https:\/\/president-ksgov.net\/#\/schema\/person\/image\/","url":"https:\/\/secure.gravatar.com\/avatar\/25825420648e802b44e5fd098636053cf34adea3bcdf93520be287f818c2ce8b?s=96&d=mm&r=g","contentUrl":"https:\/\/secure.gravatar.com\/avatar\/25825420648e802b44e5fd098636053cf34adea3bcdf93520be287f818c2ce8b?s=96&d=mm&r=g","caption":"Aulon Maliqi"}}]}},"_links":{"self":[{"href":"https:\/\/president-ksgov.net\/sr\/wp-json\/wp\/v2\/posts\/183567","targetHints":{"allow":["GET"]}}],"collection":[{"href":"https:\/\/president-ksgov.net\/sr\/wp-json\/wp\/v2\/posts"}],"about":[{"href":"https:\/\/president-ksgov.net\/sr\/wp-json\/wp\/v2\/types\/post"}],"author":[{"embeddable":true,"href":"https:\/\/president-ksgov.net\/sr\/wp-json\/wp\/v2\/users\/18"}],"replies":[{"embeddable":true,"href":"https:\/\/president-ksgov.net\/sr\/wp-json\/wp\/v2\/comments?post=183567"}],"version-history":[{"count":1,"href":"https:\/\/president-ksgov.net\/sr\/wp-json\/wp\/v2\/posts\/183567\/revisions"}],"predecessor-version":[{"id":183568,"href":"https:\/\/president-ksgov.net\/sr\/wp-json\/wp\/v2\/posts\/183567\/revisions\/183568"}],"wp:featuredmedia":[{"embeddable":true,"href":"https:\/\/president-ksgov.net\/sr\/wp-json\/wp\/v2\/media\/183390"}],"wp:attachment":[{"href":"https:\/\/president-ksgov.net\/sr\/wp-json\/wp\/v2\/media?parent=183567"}],"wp:term":[{"taxonomy":"category","embeddable":true,"href":"https:\/\/president-ksgov.net\/sr\/wp-json\/wp\/v2\/categories?post=183567"},{"taxonomy":"post_tag","embeddable":true,"href":"https:\/\/president-ksgov.net\/sr\/wp-json\/wp\/v2\/tags?post=183567"}],"curies":[{"name":"wp","href":"https:\/\/api.w.org\/{rel}","templated":true}]}}