{"id":183233,"date":"2026-02-18T09:25:51","date_gmt":"2026-02-18T08:25:51","guid":{"rendered":"https:\/\/president-ksgov.net\/?p=183233"},"modified":"2026-02-18T13:41:30","modified_gmt":"2026-02-18T12:41:30","slug":"predsednica-osmani-primila-je-cestitke-od-njegovog-velicanstva-predsednika-ujedinjenih-arapskih-emirata-mohameda-bin-zayeda-al-nahyana-kao-i-cestitke-od-drugih-visokih-drzavnih-lidera-emirata","status":"publish","type":"post","link":"https:\/\/president-ksgov.net\/sr\/predsednica-osmani-primila-je-cestitke-od-njegovog-velicanstva-predsednika-ujedinjenih-arapskih-emirata-mohameda-bin-zayeda-al-nahyana-kao-i-cestitke-od-drugih-visokih-drzavnih-lidera-emirata\/","title":{"rendered":"Predsednica Osmani primila je \u010destitke od Njegovog veli\u010danstva, predsednika Ujedinjenih Arapskih Emirata, Mohameda bin Zayeda Al Nahyana, kao i \u010destitke od drugih visokih dr\u017eavnih lidera Emirata"},"content":{"rendered":"<p>Predsednica Republike Kosovo, Vjosa Osmani, primila je \u010destitke od Njegovog veli\u010danstva, predsednika Ujedinjenih Arapskih Emirata, Mohameda bin Zayeda Al Nahyana, od potpredsednika i premijera Ujedinjenih Arapskih Emirata i vladara Dubaija, Mohammeda bin Rashida Al Maktouma, kao i od potpredsednika, zamenika premijera i ministra Kraljevskog dvora Ujedinjenih Arapskih Emirata, Mansoura bin Zayeda Al Nahyana, povodom Dana nezavisnosti Republike Kosovo.<\/p>\n<p>U svojim porukama, lideri Ujedinjenih Arapskih Emirata preneli su najtoplije \u010destitke predsednici Osmani i gra\u0111anima Republike Kosovo, povodom ove va\u017ene godi\u0161njice za na\u0161u zemlju.<\/p>\n<p><img fetchpriority=\"high\" decoding=\"async\" class=\"aligncenter wp-image-183098 size-large\" src=\"https:\/\/president-ksgov.net\/wp-content\/uploads\/UNITED-ARABIA-1-722x1024.jpg\" alt=\"\" width=\"722\" height=\"1024\" srcset=\"https:\/\/president-ksgov.net\/wp-content\/uploads\/UNITED-ARABIA-1-722x1024.jpg 722w, https:\/\/president-ksgov.net\/wp-content\/uploads\/UNITED-ARABIA-1-211x300.jpg 211w, https:\/\/president-ksgov.net\/wp-content\/uploads\/UNITED-ARABIA-1-106x150.jpg 106w, https:\/\/president-ksgov.net\/wp-content\/uploads\/UNITED-ARABIA-1-768x1090.jpg 768w, https:\/\/president-ksgov.net\/wp-content\/uploads\/UNITED-ARABIA-1-1082x1536.jpg 1082w, https:\/\/president-ksgov.net\/wp-content\/uploads\/UNITED-ARABIA-1-317x450.jpg 317w, https:\/\/president-ksgov.net\/wp-content\/uploads\/UNITED-ARABIA-1.jpg 1443w\" sizes=\"(max-width: 722px) 100vw, 722px\" \/> <img decoding=\"async\" class=\"aligncenter wp-image-183102 size-large\" src=\"https:\/\/president-ksgov.net\/wp-content\/uploads\/UNITED-ARABIA-2-722x1024.jpg\" alt=\"\" width=\"722\" height=\"1024\" srcset=\"https:\/\/president-ksgov.net\/wp-content\/uploads\/UNITED-ARABIA-2-722x1024.jpg 722w, https:\/\/president-ksgov.net\/wp-content\/uploads\/UNITED-ARABIA-2-211x300.jpg 211w, https:\/\/president-ksgov.net\/wp-content\/uploads\/UNITED-ARABIA-2-106x150.jpg 106w, https:\/\/president-ksgov.net\/wp-content\/uploads\/UNITED-ARABIA-2-768x1090.jpg 768w, https:\/\/president-ksgov.net\/wp-content\/uploads\/UNITED-ARABIA-2-1082x1536.jpg 1082w, https:\/\/president-ksgov.net\/wp-content\/uploads\/UNITED-ARABIA-2-317x450.jpg 317w, https:\/\/president-ksgov.net\/wp-content\/uploads\/UNITED-ARABIA-2.jpg 1443w\" sizes=\"(max-width: 722px) 100vw, 722px\" \/> <img decoding=\"async\" class=\"aligncenter wp-image-183106 size-large\" src=\"https:\/\/president-ksgov.net\/wp-content\/uploads\/UNITED-ARABIA-3-722x1024.jpg\" alt=\"\" width=\"722\" height=\"1024\" srcset=\"https:\/\/president-ksgov.net\/wp-content\/uploads\/UNITED-ARABIA-3-722x1024.jpg 722w, https:\/\/president-ksgov.net\/wp-content\/uploads\/UNITED-ARABIA-3-211x300.jpg 211w, https:\/\/president-ksgov.net\/wp-content\/uploads\/UNITED-ARABIA-3-106x150.jpg 106w, https:\/\/president-ksgov.net\/wp-content\/uploads\/UNITED-ARABIA-3-768x1090.jpg 768w, https:\/\/president-ksgov.net\/wp-content\/uploads\/UNITED-ARABIA-3-1082x1536.jpg 1082w, https:\/\/president-ksgov.net\/wp-content\/uploads\/UNITED-ARABIA-3-317x450.jpg 317w, https:\/\/president-ksgov.net\/wp-content\/uploads\/UNITED-ARABIA-3.jpg 1443w\" sizes=\"(max-width: 722px) 100vw, 722px\" \/> <img loading=\"lazy\" decoding=\"async\" class=\"aligncenter wp-image-183110 size-large\" src=\"https:\/\/president-ksgov.net\/wp-content\/uploads\/UNITED-ARABIA-4-722x1024.jpg\" alt=\"\" width=\"722\" height=\"1024\" srcset=\"https:\/\/president-ksgov.net\/wp-content\/uploads\/UNITED-ARABIA-4-722x1024.jpg 722w, https:\/\/president-ksgov.net\/wp-content\/uploads\/UNITED-ARABIA-4-211x300.jpg 211w, https:\/\/president-ksgov.net\/wp-content\/uploads\/UNITED-ARABIA-4-106x150.jpg 106w, https:\/\/president-ksgov.net\/wp-content\/uploads\/UNITED-ARABIA-4-768x1090.jpg 768w, https:\/\/president-ksgov.net\/wp-content\/uploads\/UNITED-ARABIA-4-1082x1536.jpg 1082w, https:\/\/president-ksgov.net\/wp-content\/uploads\/UNITED-ARABIA-4-317x450.jpg 317w, https:\/\/president-ksgov.net\/wp-content\/uploads\/UNITED-ARABIA-4.jpg 1443w\" sizes=\"(max-width: 722px) 100vw, 722px\" \/> <img loading=\"lazy\" decoding=\"async\" class=\"aligncenter wp-image-183114 size-large\" src=\"https:\/\/president-ksgov.net\/wp-content\/uploads\/UNITED-ARABIA-5-722x1024.jpg\" alt=\"\" width=\"722\" height=\"1024\" srcset=\"https:\/\/president-ksgov.net\/wp-content\/uploads\/UNITED-ARABIA-5-722x1024.jpg 722w, https:\/\/president-ksgov.net\/wp-content\/uploads\/UNITED-ARABIA-5-211x300.jpg 211w, https:\/\/president-ksgov.net\/wp-content\/uploads\/UNITED-ARABIA-5-106x150.jpg 106w, https:\/\/president-ksgov.net\/wp-content\/uploads\/UNITED-ARABIA-5-768x1090.jpg 768w, https:\/\/president-ksgov.net\/wp-content\/uploads\/UNITED-ARABIA-5-1082x1536.jpg 1082w, https:\/\/president-ksgov.net\/wp-content\/uploads\/UNITED-ARABIA-5-317x450.jpg 317w, https:\/\/president-ksgov.net\/wp-content\/uploads\/UNITED-ARABIA-5.jpg 1443w\" sizes=\"(max-width: 722px) 100vw, 722px\" \/> <img loading=\"lazy\" decoding=\"async\" class=\"aligncenter wp-image-183118 size-large\" src=\"https:\/\/president-ksgov.net\/wp-content\/uploads\/UNITED-ARABIA-6-722x1024.jpg\" alt=\"\" width=\"722\" height=\"1024\" srcset=\"https:\/\/president-ksgov.net\/wp-content\/uploads\/UNITED-ARABIA-6-722x1024.jpg 722w, https:\/\/president-ksgov.net\/wp-content\/uploads\/UNITED-ARABIA-6-211x300.jpg 211w, https:\/\/president-ksgov.net\/wp-content\/uploads\/UNITED-ARABIA-6-106x150.jpg 106w, https:\/\/president-ksgov.net\/wp-content\/uploads\/UNITED-ARABIA-6-768x1090.jpg 768w, https:\/\/president-ksgov.net\/wp-content\/uploads\/UNITED-ARABIA-6-1082x1536.jpg 1082w, https:\/\/president-ksgov.net\/wp-content\/uploads\/UNITED-ARABIA-6-317x450.jpg 317w, https:\/\/president-ksgov.net\/wp-content\/uploads\/UNITED-ARABIA-6.jpg 1443w\" sizes=\"(max-width: 722px) 100vw, 722px\" \/><\/p>\n<p>&nbsp;<\/p>\n","protected":false},"excerpt":{"rendered":"<p>Predsednica Republike Kosovo, Vjosa Osmani, primila je \u010destitke od Njegovog veli\u010danstva, predsednika Ujedinjenih Arapskih Emirata, Mohameda bin Zayeda Al Nahyana, od potpredsednika i premijera Ujedinjenih Arapskih Emirata i vladara Dubaija, Mohammeda bin Rashida Al Maktouma, kao i od potpredsednika, zamenika premijera i ministra Kraljevskog dvora Ujedinjenih Arapskih Emirata, Mansoura bin Zayeda Al Nahyana, povodom Dana nezavisnosti Republike Kosovo. U svojim porukama, lideri Ujedinjenih Arapskih Emirata preneli su najtoplije \u010destitke predsednici Osmani i gra\u0111anima Republike Kosovo, povodom ove va\u017ene godi\u0161njice za na\u0161u zemlju. &nbsp;<\/p>\n","protected":false},"author":18,"featured_media":183101,"comment_status":"closed","ping_status":"closed","sticky":false,"template":"","format":"standard","meta":{"_eb_attr":"","footnotes":""},"categories":[101],"tags":[],"class_list":["post-183233","post","type-post","status-publish","format-standard","has-post-thumbnail","hentry","category-vesti"],"yoast_head":"<!-- This site is optimized with the Yoast SEO plugin v23.5 - https:\/\/yoast.com\/wordpress\/plugins\/seo\/ -->\n<title>Predsednica Osmani primila je \u010destitke od Njegovog veli\u010danstva, predsednika Ujedinjenih Arapskih Emirata, Mohameda bin Zayeda Al Nahyana, kao i \u010destitke od drugih visokih dr\u017eavnih lidera Emirata - Predsednik Republike Kosovo - DR. VJOSA OSMANI - SADRIU<\/title>\n<meta name=\"description\" content=\"Predsednica Osmani primila je \u010destitke od Njegovog veli\u010danstva, predsednika Ujedinjenih Arapskih Emirata, Mohameda bin Zayeda Al Nahyana, kao i \u010destitke od drugih visokih dr\u017eavnih lidera Emirata - Predsednik Republike Kosovo - DR. VJOSA OSMANI - SADRIU - Vesti\" \/>\n<meta name=\"robots\" content=\"index, follow, max-snippet:-1, max-image-preview:large, max-video-preview:-1\" \/>\n<link rel=\"canonical\" href=\"https:\/\/president-ksgov.net\/sr\/predsednica-osmani-primila-je-cestitke-od-njegovog-velicanstva-predsednika-ujedinjenih-arapskih-emirata-mohameda-bin-zayeda-al-nahyana-kao-i-cestitke-od-drugih-visokih-drzavnih-lidera-emirata\/\" \/>\n<meta property=\"og:locale\" content=\"sr_RS\" \/>\n<meta property=\"og:type\" content=\"article\" \/>\n<meta property=\"og:title\" content=\"Predsednica Osmani primila je \u010destitke od Njegovog veli\u010danstva, predsednika Ujedinjenih Arapskih Emirata, Mohameda bin Zayeda Al Nahyana, kao i \u010destitke od drugih visokih dr\u017eavnih lidera Emirata - Predsednik Republike Kosovo - DR. VJOSA OSMANI - SADRIU\" \/>\n<meta property=\"og:description\" content=\"Predsednica Osmani primila je \u010destitke od Njegovog veli\u010danstva, predsednika Ujedinjenih Arapskih Emirata, Mohameda bin Zayeda Al Nahyana, kao i \u010destitke od drugih visokih dr\u017eavnih lidera Emirata - Predsednik Republike Kosovo - DR. VJOSA OSMANI - SADRIU - Vesti\" \/>\n<meta property=\"og:url\" content=\"https:\/\/president-ksgov.net\/sr\/predsednica-osmani-primila-je-cestitke-od-njegovog-velicanstva-predsednika-ujedinjenih-arapskih-emirata-mohameda-bin-zayeda-al-nahyana-kao-i-cestitke-od-drugih-visokih-drzavnih-lidera-emirata\/\" \/>\n<meta property=\"og:site_name\" content=\"Predsednik Republike Kosovo - DR. VJOSA OSMANI - SADRIU\" \/>\n<meta property=\"article:published_time\" content=\"2026-02-18T08:25:51+00:00\" \/>\n<meta property=\"article:modified_time\" content=\"2026-02-18T12:41:30+00:00\" \/>\n<meta property=\"og:image\" content=\"https:\/\/president-ksgov.net\/wp-content\/uploads\/UNITED-ARABIA-1.jpg\" \/>\n\t<meta property=\"og:image:width\" content=\"1443\" \/>\n\t<meta property=\"og:image:height\" content=\"2048\" \/>\n\t<meta property=\"og:image:type\" content=\"image\/jpeg\" \/>\n<meta name=\"author\" content=\"Aulon Maliqi\" \/>\n<meta name=\"twitter:card\" content=\"summary_large_image\" \/>\n<meta name=\"twitter:label1\" content=\"\u041d\u0430\u043f\u0438\u0441\u0430\u043d\u043e \u043e\u0434\" \/>\n\t<meta name=\"twitter:data1\" content=\"Aulon Maliqi\" \/>\n\t<meta name=\"twitter:label2\" content=\"\u041f\u0440\u043e\u0446\u0435\u045a\u0435\u043d\u043e \u0432\u0440\u0435\u043c\u0435 \u0447\u0438\u0442\u0430\u045a\u0430\" \/>\n\t<meta name=\"twitter:data2\" content=\"1 \u043c\u0438\u043d\u0443\u0442\" \/>\n<script type=\"application\/ld+json\" class=\"yoast-schema-graph\">{\"@context\":\"https:\/\/schema.org\",\"@graph\":[{\"@type\":\"WebPage\",\"@id\":\"https:\/\/president-ksgov.net\/sr\/predsednica-osmani-primila-je-cestitke-od-njegovog-velicanstva-predsednika-ujedinjenih-arapskih-emirata-mohameda-bin-zayeda-al-nahyana-kao-i-cestitke-od-drugih-visokih-drzavnih-lidera-emirata\/\",\"url\":\"https:\/\/president-ksgov.net\/sr\/predsednica-osmani-primila-je-cestitke-od-njegovog-velicanstva-predsednika-ujedinjenih-arapskih-emirata-mohameda-bin-zayeda-al-nahyana-kao-i-cestitke-od-drugih-visokih-drzavnih-lidera-emirata\/\",\"name\":\"Predsednica Osmani primila je \u010destitke od Njegovog veli\u010danstva, predsednika Ujedinjenih Arapskih Emirata, Mohameda bin Zayeda Al Nahyana, kao i \u010destitke od drugih visokih dr\u017eavnih lidera Emirata - Predsednik Republike Kosovo - DR. VJOSA OSMANI - SADRIU\",\"isPartOf\":{\"@id\":\"https:\/\/president-ksgov.net\/#website\"},\"primaryImageOfPage\":{\"@id\":\"https:\/\/president-ksgov.net\/sr\/predsednica-osmani-primila-je-cestitke-od-njegovog-velicanstva-predsednika-ujedinjenih-arapskih-emirata-mohameda-bin-zayeda-al-nahyana-kao-i-cestitke-od-drugih-visokih-drzavnih-lidera-emirata\/#primaryimage\"},\"image\":{\"@id\":\"https:\/\/president-ksgov.net\/sr\/predsednica-osmani-primila-je-cestitke-od-njegovog-velicanstva-predsednika-ujedinjenih-arapskih-emirata-mohameda-bin-zayeda-al-nahyana-kao-i-cestitke-od-drugih-visokih-drzavnih-lidera-emirata\/#primaryimage\"},\"thumbnailUrl\":\"https:\/\/president-ksgov.net\/wp-content\/uploads\/UNITED-ARABIA-1.jpg\",\"datePublished\":\"2026-02-18T08:25:51+00:00\",\"dateModified\":\"2026-02-18T12:41:30+00:00\",\"author\":{\"@id\":\"https:\/\/president-ksgov.net\/#\/schema\/person\/639043365d5873f4c00b9dd2f548fe32\"},\"description\":\"Predsednica Osmani primila je \u010destitke od Njegovog veli\u010danstva, predsednika Ujedinjenih Arapskih Emirata, Mohameda bin Zayeda Al Nahyana, kao i \u010destitke od drugih visokih dr\u017eavnih lidera Emirata - Predsednik Republike Kosovo - DR. VJOSA OSMANI - SADRIU - Vesti\",\"breadcrumb\":{\"@id\":\"https:\/\/president-ksgov.net\/sr\/predsednica-osmani-primila-je-cestitke-od-njegovog-velicanstva-predsednika-ujedinjenih-arapskih-emirata-mohameda-bin-zayeda-al-nahyana-kao-i-cestitke-od-drugih-visokih-drzavnih-lidera-emirata\/#breadcrumb\"},\"inLanguage\":\"sr-RS\",\"potentialAction\":[{\"@type\":\"ReadAction\",\"target\":[\"https:\/\/president-ksgov.net\/sr\/predsednica-osmani-primila-je-cestitke-od-njegovog-velicanstva-predsednika-ujedinjenih-arapskih-emirata-mohameda-bin-zayeda-al-nahyana-kao-i-cestitke-od-drugih-visokih-drzavnih-lidera-emirata\/\"]}]},{\"@type\":\"ImageObject\",\"inLanguage\":\"sr-RS\",\"@id\":\"https:\/\/president-ksgov.net\/sr\/predsednica-osmani-primila-je-cestitke-od-njegovog-velicanstva-predsednika-ujedinjenih-arapskih-emirata-mohameda-bin-zayeda-al-nahyana-kao-i-cestitke-od-drugih-visokih-drzavnih-lidera-emirata\/#primaryimage\",\"url\":\"https:\/\/president-ksgov.net\/wp-content\/uploads\/UNITED-ARABIA-1.jpg\",\"contentUrl\":\"https:\/\/president-ksgov.net\/wp-content\/uploads\/UNITED-ARABIA-1.jpg\",\"width\":1443,\"height\":2048},{\"@type\":\"BreadcrumbList\",\"@id\":\"https:\/\/president-ksgov.net\/sr\/predsednica-osmani-primila-je-cestitke-od-njegovog-velicanstva-predsednika-ujedinjenih-arapskih-emirata-mohameda-bin-zayeda-al-nahyana-kao-i-cestitke-od-drugih-visokih-drzavnih-lidera-emirata\/#breadcrumb\",\"itemListElement\":[{\"@type\":\"ListItem\",\"position\":1,\"name\":\"Home\",\"item\":\"https:\/\/president-ksgov.net\/sr\/\"},{\"@type\":\"ListItem\",\"position\":2,\"name\":\"Predsednica Osmani primila je \u010destitke od Njegovog veli\u010danstva, predsednika Ujedinjenih Arapskih Emirata, Mohameda bin Zayeda Al Nahyana, kao i \u010destitke od drugih visokih dr\u017eavnih lidera Emirata\"}]},{\"@type\":\"WebSite\",\"@id\":\"https:\/\/president-ksgov.net\/#website\",\"url\":\"https:\/\/president-ksgov.net\/\",\"name\":\"Presidente e Republik\u00ebs s\u00eb Kosov\u00ebs\",\"description\":\"Presidente e Republik\u00ebs s\u00eb Kosov\u00ebs\",\"alternateName\":\"DR. VJOSA OSMANI - SADRIU\",\"potentialAction\":[{\"@type\":\"SearchAction\",\"target\":{\"@type\":\"EntryPoint\",\"urlTemplate\":\"https:\/\/president-ksgov.net\/?s={search_term_string}\"},\"query-input\":{\"@type\":\"PropertyValueSpecification\",\"valueRequired\":true,\"valueName\":\"search_term_string\"}}],\"inLanguage\":\"sr-RS\"},{\"@type\":\"Person\",\"@id\":\"https:\/\/president-ksgov.net\/#\/schema\/person\/639043365d5873f4c00b9dd2f548fe32\",\"name\":\"Aulon Maliqi\",\"image\":{\"@type\":\"ImageObject\",\"inLanguage\":\"sr-RS\",\"@id\":\"https:\/\/president-ksgov.net\/#\/schema\/person\/image\/\",\"url\":\"https:\/\/secure.gravatar.com\/avatar\/25825420648e802b44e5fd098636053cf34adea3bcdf93520be287f818c2ce8b?s=96&d=mm&r=g\",\"contentUrl\":\"https:\/\/secure.gravatar.com\/avatar\/25825420648e802b44e5fd098636053cf34adea3bcdf93520be287f818c2ce8b?s=96&d=mm&r=g\",\"caption\":\"Aulon Maliqi\"}}]}<\/script>\n<!-- \/ Yoast SEO plugin. -->","yoast_head_json":{"title":"Predsednica Osmani primila je \u010destitke od Njegovog veli\u010danstva, predsednika Ujedinjenih Arapskih Emirata, Mohameda bin Zayeda Al Nahyana, kao i \u010destitke od drugih visokih dr\u017eavnih lidera Emirata - Predsednik Republike Kosovo - DR. VJOSA OSMANI - SADRIU","description":"Predsednica Osmani primila je \u010destitke od Njegovog veli\u010danstva, predsednika Ujedinjenih Arapskih Emirata, Mohameda bin Zayeda Al Nahyana, kao i \u010destitke od drugih visokih dr\u017eavnih lidera Emirata - Predsednik Republike Kosovo - DR. VJOSA OSMANI - SADRIU - Vesti","robots":{"index":"index","follow":"follow","max-snippet":"max-snippet:-1","max-image-preview":"max-image-preview:large","max-video-preview":"max-video-preview:-1"},"canonical":"https:\/\/president-ksgov.net\/sr\/predsednica-osmani-primila-je-cestitke-od-njegovog-velicanstva-predsednika-ujedinjenih-arapskih-emirata-mohameda-bin-zayeda-al-nahyana-kao-i-cestitke-od-drugih-visokih-drzavnih-lidera-emirata\/","og_locale":"sr_RS","og_type":"article","og_title":"Predsednica Osmani primila je \u010destitke od Njegovog veli\u010danstva, predsednika Ujedinjenih Arapskih Emirata, Mohameda bin Zayeda Al Nahyana, kao i \u010destitke od drugih visokih dr\u017eavnih lidera Emirata - Predsednik Republike Kosovo - DR. VJOSA OSMANI - SADRIU","og_description":"Predsednica Osmani primila je \u010destitke od Njegovog veli\u010danstva, predsednika Ujedinjenih Arapskih Emirata, Mohameda bin Zayeda Al Nahyana, kao i \u010destitke od drugih visokih dr\u017eavnih lidera Emirata - Predsednik Republike Kosovo - DR. VJOSA OSMANI - SADRIU - Vesti","og_url":"https:\/\/president-ksgov.net\/sr\/predsednica-osmani-primila-je-cestitke-od-njegovog-velicanstva-predsednika-ujedinjenih-arapskih-emirata-mohameda-bin-zayeda-al-nahyana-kao-i-cestitke-od-drugih-visokih-drzavnih-lidera-emirata\/","og_site_name":"Predsednik Republike Kosovo - DR. VJOSA OSMANI - SADRIU","article_published_time":"2026-02-18T08:25:51+00:00","article_modified_time":"2026-02-18T12:41:30+00:00","og_image":[{"width":1443,"height":2048,"url":"https:\/\/president-ksgov.net\/wp-content\/uploads\/UNITED-ARABIA-1.jpg","type":"image\/jpeg"}],"author":"Aulon Maliqi","twitter_card":"summary_large_image","twitter_misc":{"\u041d\u0430\u043f\u0438\u0441\u0430\u043d\u043e \u043e\u0434":"Aulon Maliqi","\u041f\u0440\u043e\u0446\u0435\u045a\u0435\u043d\u043e \u0432\u0440\u0435\u043c\u0435 \u0447\u0438\u0442\u0430\u045a\u0430":"1 \u043c\u0438\u043d\u0443\u0442"},"schema":{"@context":"https:\/\/schema.org","@graph":[{"@type":"WebPage","@id":"https:\/\/president-ksgov.net\/sr\/predsednica-osmani-primila-je-cestitke-od-njegovog-velicanstva-predsednika-ujedinjenih-arapskih-emirata-mohameda-bin-zayeda-al-nahyana-kao-i-cestitke-od-drugih-visokih-drzavnih-lidera-emirata\/","url":"https:\/\/president-ksgov.net\/sr\/predsednica-osmani-primila-je-cestitke-od-njegovog-velicanstva-predsednika-ujedinjenih-arapskih-emirata-mohameda-bin-zayeda-al-nahyana-kao-i-cestitke-od-drugih-visokih-drzavnih-lidera-emirata\/","name":"Predsednica Osmani primila je \u010destitke od Njegovog veli\u010danstva, predsednika Ujedinjenih Arapskih Emirata, Mohameda bin Zayeda Al Nahyana, kao i \u010destitke od drugih visokih dr\u017eavnih lidera Emirata - Predsednik Republike Kosovo - DR. VJOSA OSMANI - SADRIU","isPartOf":{"@id":"https:\/\/president-ksgov.net\/#website"},"primaryImageOfPage":{"@id":"https:\/\/president-ksgov.net\/sr\/predsednica-osmani-primila-je-cestitke-od-njegovog-velicanstva-predsednika-ujedinjenih-arapskih-emirata-mohameda-bin-zayeda-al-nahyana-kao-i-cestitke-od-drugih-visokih-drzavnih-lidera-emirata\/#primaryimage"},"image":{"@id":"https:\/\/president-ksgov.net\/sr\/predsednica-osmani-primila-je-cestitke-od-njegovog-velicanstva-predsednika-ujedinjenih-arapskih-emirata-mohameda-bin-zayeda-al-nahyana-kao-i-cestitke-od-drugih-visokih-drzavnih-lidera-emirata\/#primaryimage"},"thumbnailUrl":"https:\/\/president-ksgov.net\/wp-content\/uploads\/UNITED-ARABIA-1.jpg","datePublished":"2026-02-18T08:25:51+00:00","dateModified":"2026-02-18T12:41:30+00:00","author":{"@id":"https:\/\/president-ksgov.net\/#\/schema\/person\/639043365d5873f4c00b9dd2f548fe32"},"description":"Predsednica Osmani primila je \u010destitke od Njegovog veli\u010danstva, predsednika Ujedinjenih Arapskih Emirata, Mohameda bin Zayeda Al Nahyana, kao i \u010destitke od drugih visokih dr\u017eavnih lidera Emirata - Predsednik Republike Kosovo - DR. VJOSA OSMANI - SADRIU - Vesti","breadcrumb":{"@id":"https:\/\/president-ksgov.net\/sr\/predsednica-osmani-primila-je-cestitke-od-njegovog-velicanstva-predsednika-ujedinjenih-arapskih-emirata-mohameda-bin-zayeda-al-nahyana-kao-i-cestitke-od-drugih-visokih-drzavnih-lidera-emirata\/#breadcrumb"},"inLanguage":"sr-RS","potentialAction":[{"@type":"ReadAction","target":["https:\/\/president-ksgov.net\/sr\/predsednica-osmani-primila-je-cestitke-od-njegovog-velicanstva-predsednika-ujedinjenih-arapskih-emirata-mohameda-bin-zayeda-al-nahyana-kao-i-cestitke-od-drugih-visokih-drzavnih-lidera-emirata\/"]}]},{"@type":"ImageObject","inLanguage":"sr-RS","@id":"https:\/\/president-ksgov.net\/sr\/predsednica-osmani-primila-je-cestitke-od-njegovog-velicanstva-predsednika-ujedinjenih-arapskih-emirata-mohameda-bin-zayeda-al-nahyana-kao-i-cestitke-od-drugih-visokih-drzavnih-lidera-emirata\/#primaryimage","url":"https:\/\/president-ksgov.net\/wp-content\/uploads\/UNITED-ARABIA-1.jpg","contentUrl":"https:\/\/president-ksgov.net\/wp-content\/uploads\/UNITED-ARABIA-1.jpg","width":1443,"height":2048},{"@type":"BreadcrumbList","@id":"https:\/\/president-ksgov.net\/sr\/predsednica-osmani-primila-je-cestitke-od-njegovog-velicanstva-predsednika-ujedinjenih-arapskih-emirata-mohameda-bin-zayeda-al-nahyana-kao-i-cestitke-od-drugih-visokih-drzavnih-lidera-emirata\/#breadcrumb","itemListElement":[{"@type":"ListItem","position":1,"name":"Home","item":"https:\/\/president-ksgov.net\/sr\/"},{"@type":"ListItem","position":2,"name":"Predsednica Osmani primila je \u010destitke od Njegovog veli\u010danstva, predsednika Ujedinjenih Arapskih Emirata, Mohameda bin Zayeda Al Nahyana, kao i \u010destitke od drugih visokih dr\u017eavnih lidera Emirata"}]},{"@type":"WebSite","@id":"https:\/\/president-ksgov.net\/#website","url":"https:\/\/president-ksgov.net\/","name":"Presidente e Republik\u00ebs s\u00eb Kosov\u00ebs","description":"Presidente e Republik\u00ebs s\u00eb Kosov\u00ebs","alternateName":"DR. VJOSA OSMANI - SADRIU","potentialAction":[{"@type":"SearchAction","target":{"@type":"EntryPoint","urlTemplate":"https:\/\/president-ksgov.net\/?s={search_term_string}"},"query-input":{"@type":"PropertyValueSpecification","valueRequired":true,"valueName":"search_term_string"}}],"inLanguage":"sr-RS"},{"@type":"Person","@id":"https:\/\/president-ksgov.net\/#\/schema\/person\/639043365d5873f4c00b9dd2f548fe32","name":"Aulon Maliqi","image":{"@type":"ImageObject","inLanguage":"sr-RS","@id":"https:\/\/president-ksgov.net\/#\/schema\/person\/image\/","url":"https:\/\/secure.gravatar.com\/avatar\/25825420648e802b44e5fd098636053cf34adea3bcdf93520be287f818c2ce8b?s=96&d=mm&r=g","contentUrl":"https:\/\/secure.gravatar.com\/avatar\/25825420648e802b44e5fd098636053cf34adea3bcdf93520be287f818c2ce8b?s=96&d=mm&r=g","caption":"Aulon Maliqi"}}]}},"_links":{"self":[{"href":"https:\/\/president-ksgov.net\/sr\/wp-json\/wp\/v2\/posts\/183233","targetHints":{"allow":["GET"]}}],"collection":[{"href":"https:\/\/president-ksgov.net\/sr\/wp-json\/wp\/v2\/posts"}],"about":[{"href":"https:\/\/president-ksgov.net\/sr\/wp-json\/wp\/v2\/types\/post"}],"author":[{"embeddable":true,"href":"https:\/\/president-ksgov.net\/sr\/wp-json\/wp\/v2\/users\/18"}],"replies":[{"embeddable":true,"href":"https:\/\/president-ksgov.net\/sr\/wp-json\/wp\/v2\/comments?post=183233"}],"version-history":[{"count":1,"href":"https:\/\/president-ksgov.net\/sr\/wp-json\/wp\/v2\/posts\/183233\/revisions"}],"predecessor-version":[{"id":183234,"href":"https:\/\/president-ksgov.net\/sr\/wp-json\/wp\/v2\/posts\/183233\/revisions\/183234"}],"wp:featuredmedia":[{"embeddable":true,"href":"https:\/\/president-ksgov.net\/sr\/wp-json\/wp\/v2\/media\/183101"}],"wp:attachment":[{"href":"https:\/\/president-ksgov.net\/sr\/wp-json\/wp\/v2\/media?parent=183233"}],"wp:term":[{"taxonomy":"category","embeddable":true,"href":"https:\/\/president-ksgov.net\/sr\/wp-json\/wp\/v2\/categories?post=183233"},{"taxonomy":"post_tag","embeddable":true,"href":"https:\/\/president-ksgov.net\/sr\/wp-json\/wp\/v2\/tags?post=183233"}],"curies":[{"name":"wp","href":"https:\/\/api.w.org\/{rel}","templated":true}]}}