{"id":182634,"date":"2026-02-12T18:14:46","date_gmt":"2026-02-12T17:14:46","guid":{"rendered":"https:\/\/president-ksgov.net\/?p=182634"},"modified":"2026-02-13T20:52:56","modified_gmt":"2026-02-13T19:52:56","slug":"predsednica-osmani-dodelila-predsednicku-medalju-sveta-tereza-dr-patricku-paddy-dewanu","status":"publish","type":"post","link":"https:\/\/president-ksgov.net\/sr\/predsednica-osmani-dodelila-predsednicku-medalju-sveta-tereza-dr-patricku-paddy-dewanu\/","title":{"rendered":"Predsednica Osmani dodelila predsedni\u010dku medalju \u201eSveta Tereza\u201c dr Patricku \u201ePaddy\u201c Dewanu"},"content":{"rendered":"<p>Predsednica Republike Kosovo, Vjosa Osmani, ju\u010de je dodelila predsedni\u010dku medalju \u201eSveta Tereza\u201c dr Patricku \u201ePaddy\u201c Dewanu, kao priznanje za njegov izuzetan doprinos pru\u017eanju stru\u010dne medicinske pomo\u0107i za le\u010denje retkih bolesti kod dece na Kosovu.<\/p>\n<p>Tom prilikom, predsednica Osmani je naglasila da je dr Dewan godinama radio rame uz rame sa na\u0161im lekarima na Klinici za de\u010dju hirurgiju. Predsednica je istakla da visoko ceni posve\u0107enost dr Dewana, tako\u0111e i za njegovu posvec\u0301enost dono\u0161enju neophodne opreme za hirur\u0161ke intervencije uz dragocenu podr\u0161ku albanske zajednice u Australiji.<\/p>\n<p>Predsedni\u010dka medalja \u201eSveta Tereza\u201c dodeljena je dr Dewanu u ime gra\u0111ana Republike Kosovo, za njegov izuzetan doprinos i dugogodi\u0161nju posve\u0107enost obuci medicinskog osoblja sa Kosova i u slu\u017ebi deci Kosova.<\/p>\n","protected":false},"excerpt":{"rendered":"<p>Predsednica Republike Kosovo, Vjosa Osmani, ju\u010de je dodelila predsedni\u010dku medalju \u201eSveta Tereza\u201c dr Patricku \u201ePaddy\u201c Dewanu, kao priznanje za njegov izuzetan doprinos pru\u017eanju stru\u010dne medicinske pomo\u0107i za le\u010denje retkih bolesti kod dece na Kosovu. Tom prilikom, predsednica Osmani je naglasila da je dr Dewan godinama radio rame uz rame sa na\u0161im lekarima na Klinici za de\u010dju hirurgiju. Predsednica je istakla da visoko ceni posve\u0107enost dr Dewana, tako\u0111e i za njegovu posvec\u0301enost dono\u0161enju neophodne opreme za hirur\u0161ke intervencije uz dragocenu podr\u0161ku albanske zajednice u Australiji. Predsedni\u010dka medalja \u201eSveta Tereza\u201c dodeljena je dr Dewanu u ime gra\u0111ana Republike Kosovo, za njegov izuzetan doprinos i dugogodi\u0161nju posve\u0107enost obuci medicinskog osoblja sa Kosova i u slu\u017ebi deci Kosova.<\/p>\n","protected":false},"author":18,"featured_media":182493,"comment_status":"closed","ping_status":"closed","sticky":false,"template":"","format":"standard","meta":{"_eb_attr":"","footnotes":""},"categories":[101],"tags":[],"class_list":["post-182634","post","type-post","status-publish","format-standard","has-post-thumbnail","hentry","category-vesti"],"yoast_head":"<!-- This site is optimized with the Yoast SEO plugin v23.5 - https:\/\/yoast.com\/wordpress\/plugins\/seo\/ -->\n<title>Predsednica Osmani dodelila predsedni\u010dku medalju \u201eSveta Tereza\u201c dr Patricku \u201ePaddy\u201c Dewanu - Predsednik Republike Kosovo - DR. VJOSA OSMANI - SADRIU<\/title>\n<meta name=\"description\" content=\"Predsednica Osmani dodelila predsedni\u010dku medalju \u201eSveta Tereza\u201c dr Patricku \u201ePaddy\u201c Dewanu - Predsednik Republike Kosovo - DR. VJOSA OSMANI - SADRIU - Vesti\" \/>\n<meta name=\"robots\" content=\"index, follow, max-snippet:-1, max-image-preview:large, max-video-preview:-1\" \/>\n<link rel=\"canonical\" href=\"https:\/\/president-ksgov.net\/sr\/predsednica-osmani-dodelila-predsednicku-medalju-sveta-tereza-dr-patricku-paddy-dewanu\/\" \/>\n<meta property=\"og:locale\" content=\"sr_RS\" \/>\n<meta property=\"og:type\" content=\"article\" \/>\n<meta property=\"og:title\" content=\"Predsednica Osmani dodelila predsedni\u010dku medalju \u201eSveta Tereza\u201c dr Patricku \u201ePaddy\u201c Dewanu - Predsednik Republike Kosovo - DR. VJOSA OSMANI - SADRIU\" \/>\n<meta property=\"og:description\" content=\"Predsednica Osmani dodelila predsedni\u010dku medalju \u201eSveta Tereza\u201c dr Patricku \u201ePaddy\u201c Dewanu - Predsednik Republike Kosovo - DR. VJOSA OSMANI - SADRIU - Vesti\" \/>\n<meta property=\"og:url\" content=\"https:\/\/president-ksgov.net\/sr\/predsednica-osmani-dodelila-predsednicku-medalju-sveta-tereza-dr-patricku-paddy-dewanu\/\" \/>\n<meta property=\"og:site_name\" content=\"Predsednik Republike Kosovo - DR. VJOSA OSMANI - SADRIU\" \/>\n<meta property=\"article:published_time\" content=\"2026-02-12T17:14:46+00:00\" \/>\n<meta property=\"article:modified_time\" content=\"2026-02-13T19:52:56+00:00\" \/>\n<meta property=\"og:image\" content=\"https:\/\/president-ksgov.net\/wp-content\/uploads\/IMG_7421.jpeg\" \/>\n\t<meta property=\"og:image:width\" content=\"1280\" \/>\n\t<meta property=\"og:image:height\" content=\"854\" \/>\n\t<meta property=\"og:image:type\" content=\"image\/jpeg\" \/>\n<meta name=\"author\" content=\"Aulon Maliqi\" \/>\n<meta name=\"twitter:card\" content=\"summary_large_image\" \/>\n<meta name=\"twitter:label1\" content=\"\u041d\u0430\u043f\u0438\u0441\u0430\u043d\u043e \u043e\u0434\" \/>\n\t<meta name=\"twitter:data1\" content=\"Aulon Maliqi\" \/>\n\t<meta name=\"twitter:label2\" content=\"\u041f\u0440\u043e\u0446\u0435\u045a\u0435\u043d\u043e \u0432\u0440\u0435\u043c\u0435 \u0447\u0438\u0442\u0430\u045a\u0430\" \/>\n\t<meta name=\"twitter:data2\" content=\"1 \u043c\u0438\u043d\u0443\u0442\" \/>\n<script type=\"application\/ld+json\" class=\"yoast-schema-graph\">{\"@context\":\"https:\/\/schema.org\",\"@graph\":[{\"@type\":\"WebPage\",\"@id\":\"https:\/\/president-ksgov.net\/sr\/predsednica-osmani-dodelila-predsednicku-medalju-sveta-tereza-dr-patricku-paddy-dewanu\/\",\"url\":\"https:\/\/president-ksgov.net\/sr\/predsednica-osmani-dodelila-predsednicku-medalju-sveta-tereza-dr-patricku-paddy-dewanu\/\",\"name\":\"Predsednica Osmani dodelila predsedni\u010dku medalju \u201eSveta Tereza\u201c dr Patricku \u201ePaddy\u201c Dewanu - Predsednik Republike Kosovo - DR. VJOSA OSMANI - SADRIU\",\"isPartOf\":{\"@id\":\"https:\/\/president-ksgov.net\/#website\"},\"primaryImageOfPage\":{\"@id\":\"https:\/\/president-ksgov.net\/sr\/predsednica-osmani-dodelila-predsednicku-medalju-sveta-tereza-dr-patricku-paddy-dewanu\/#primaryimage\"},\"image\":{\"@id\":\"https:\/\/president-ksgov.net\/sr\/predsednica-osmani-dodelila-predsednicku-medalju-sveta-tereza-dr-patricku-paddy-dewanu\/#primaryimage\"},\"thumbnailUrl\":\"https:\/\/president-ksgov.net\/wp-content\/uploads\/IMG_7421.jpeg\",\"datePublished\":\"2026-02-12T17:14:46+00:00\",\"dateModified\":\"2026-02-13T19:52:56+00:00\",\"author\":{\"@id\":\"https:\/\/president-ksgov.net\/#\/schema\/person\/639043365d5873f4c00b9dd2f548fe32\"},\"description\":\"Predsednica Osmani dodelila predsedni\u010dku medalju \u201eSveta Tereza\u201c dr Patricku \u201ePaddy\u201c Dewanu - Predsednik Republike Kosovo - DR. VJOSA OSMANI - SADRIU - Vesti\",\"breadcrumb\":{\"@id\":\"https:\/\/president-ksgov.net\/sr\/predsednica-osmani-dodelila-predsednicku-medalju-sveta-tereza-dr-patricku-paddy-dewanu\/#breadcrumb\"},\"inLanguage\":\"sr-RS\",\"potentialAction\":[{\"@type\":\"ReadAction\",\"target\":[\"https:\/\/president-ksgov.net\/sr\/predsednica-osmani-dodelila-predsednicku-medalju-sveta-tereza-dr-patricku-paddy-dewanu\/\"]}]},{\"@type\":\"ImageObject\",\"inLanguage\":\"sr-RS\",\"@id\":\"https:\/\/president-ksgov.net\/sr\/predsednica-osmani-dodelila-predsednicku-medalju-sveta-tereza-dr-patricku-paddy-dewanu\/#primaryimage\",\"url\":\"https:\/\/president-ksgov.net\/wp-content\/uploads\/IMG_7421.jpeg\",\"contentUrl\":\"https:\/\/president-ksgov.net\/wp-content\/uploads\/IMG_7421.jpeg\",\"width\":1280,\"height\":854},{\"@type\":\"BreadcrumbList\",\"@id\":\"https:\/\/president-ksgov.net\/sr\/predsednica-osmani-dodelila-predsednicku-medalju-sveta-tereza-dr-patricku-paddy-dewanu\/#breadcrumb\",\"itemListElement\":[{\"@type\":\"ListItem\",\"position\":1,\"name\":\"Home\",\"item\":\"https:\/\/president-ksgov.net\/sr\/\"},{\"@type\":\"ListItem\",\"position\":2,\"name\":\"Predsednica Osmani dodelila predsedni\u010dku medalju \u201eSveta Tereza\u201c dr Patricku \u201ePaddy\u201c Dewanu\"}]},{\"@type\":\"WebSite\",\"@id\":\"https:\/\/president-ksgov.net\/#website\",\"url\":\"https:\/\/president-ksgov.net\/\",\"name\":\"Presidente e Republik\u00ebs s\u00eb Kosov\u00ebs\",\"description\":\"Presidente e Republik\u00ebs s\u00eb Kosov\u00ebs\",\"alternateName\":\"DR. VJOSA OSMANI - SADRIU\",\"potentialAction\":[{\"@type\":\"SearchAction\",\"target\":{\"@type\":\"EntryPoint\",\"urlTemplate\":\"https:\/\/president-ksgov.net\/?s={search_term_string}\"},\"query-input\":{\"@type\":\"PropertyValueSpecification\",\"valueRequired\":true,\"valueName\":\"search_term_string\"}}],\"inLanguage\":\"sr-RS\"},{\"@type\":\"Person\",\"@id\":\"https:\/\/president-ksgov.net\/#\/schema\/person\/639043365d5873f4c00b9dd2f548fe32\",\"name\":\"Aulon Maliqi\",\"image\":{\"@type\":\"ImageObject\",\"inLanguage\":\"sr-RS\",\"@id\":\"https:\/\/president-ksgov.net\/#\/schema\/person\/image\/\",\"url\":\"https:\/\/secure.gravatar.com\/avatar\/25825420648e802b44e5fd098636053cf34adea3bcdf93520be287f818c2ce8b?s=96&d=mm&r=g\",\"contentUrl\":\"https:\/\/secure.gravatar.com\/avatar\/25825420648e802b44e5fd098636053cf34adea3bcdf93520be287f818c2ce8b?s=96&d=mm&r=g\",\"caption\":\"Aulon Maliqi\"}}]}<\/script>\n<!-- \/ Yoast SEO plugin. -->","yoast_head_json":{"title":"Predsednica Osmani dodelila predsedni\u010dku medalju \u201eSveta Tereza\u201c dr Patricku \u201ePaddy\u201c Dewanu - Predsednik Republike Kosovo - DR. VJOSA OSMANI - SADRIU","description":"Predsednica Osmani dodelila predsedni\u010dku medalju \u201eSveta Tereza\u201c dr Patricku \u201ePaddy\u201c Dewanu - Predsednik Republike Kosovo - DR. VJOSA OSMANI - SADRIU - Vesti","robots":{"index":"index","follow":"follow","max-snippet":"max-snippet:-1","max-image-preview":"max-image-preview:large","max-video-preview":"max-video-preview:-1"},"canonical":"https:\/\/president-ksgov.net\/sr\/predsednica-osmani-dodelila-predsednicku-medalju-sveta-tereza-dr-patricku-paddy-dewanu\/","og_locale":"sr_RS","og_type":"article","og_title":"Predsednica Osmani dodelila predsedni\u010dku medalju \u201eSveta Tereza\u201c dr Patricku \u201ePaddy\u201c Dewanu - Predsednik Republike Kosovo - DR. VJOSA OSMANI - SADRIU","og_description":"Predsednica Osmani dodelila predsedni\u010dku medalju \u201eSveta Tereza\u201c dr Patricku \u201ePaddy\u201c Dewanu - Predsednik Republike Kosovo - DR. VJOSA OSMANI - SADRIU - Vesti","og_url":"https:\/\/president-ksgov.net\/sr\/predsednica-osmani-dodelila-predsednicku-medalju-sveta-tereza-dr-patricku-paddy-dewanu\/","og_site_name":"Predsednik Republike Kosovo - DR. VJOSA OSMANI - SADRIU","article_published_time":"2026-02-12T17:14:46+00:00","article_modified_time":"2026-02-13T19:52:56+00:00","og_image":[{"width":1280,"height":854,"url":"https:\/\/president-ksgov.net\/wp-content\/uploads\/IMG_7421.jpeg","type":"image\/jpeg"}],"author":"Aulon Maliqi","twitter_card":"summary_large_image","twitter_misc":{"\u041d\u0430\u043f\u0438\u0441\u0430\u043d\u043e \u043e\u0434":"Aulon Maliqi","\u041f\u0440\u043e\u0446\u0435\u045a\u0435\u043d\u043e \u0432\u0440\u0435\u043c\u0435 \u0447\u0438\u0442\u0430\u045a\u0430":"1 \u043c\u0438\u043d\u0443\u0442"},"schema":{"@context":"https:\/\/schema.org","@graph":[{"@type":"WebPage","@id":"https:\/\/president-ksgov.net\/sr\/predsednica-osmani-dodelila-predsednicku-medalju-sveta-tereza-dr-patricku-paddy-dewanu\/","url":"https:\/\/president-ksgov.net\/sr\/predsednica-osmani-dodelila-predsednicku-medalju-sveta-tereza-dr-patricku-paddy-dewanu\/","name":"Predsednica Osmani dodelila predsedni\u010dku medalju \u201eSveta Tereza\u201c dr Patricku \u201ePaddy\u201c Dewanu - Predsednik Republike Kosovo - DR. VJOSA OSMANI - SADRIU","isPartOf":{"@id":"https:\/\/president-ksgov.net\/#website"},"primaryImageOfPage":{"@id":"https:\/\/president-ksgov.net\/sr\/predsednica-osmani-dodelila-predsednicku-medalju-sveta-tereza-dr-patricku-paddy-dewanu\/#primaryimage"},"image":{"@id":"https:\/\/president-ksgov.net\/sr\/predsednica-osmani-dodelila-predsednicku-medalju-sveta-tereza-dr-patricku-paddy-dewanu\/#primaryimage"},"thumbnailUrl":"https:\/\/president-ksgov.net\/wp-content\/uploads\/IMG_7421.jpeg","datePublished":"2026-02-12T17:14:46+00:00","dateModified":"2026-02-13T19:52:56+00:00","author":{"@id":"https:\/\/president-ksgov.net\/#\/schema\/person\/639043365d5873f4c00b9dd2f548fe32"},"description":"Predsednica Osmani dodelila predsedni\u010dku medalju \u201eSveta Tereza\u201c dr Patricku \u201ePaddy\u201c Dewanu - Predsednik Republike Kosovo - DR. VJOSA OSMANI - SADRIU - Vesti","breadcrumb":{"@id":"https:\/\/president-ksgov.net\/sr\/predsednica-osmani-dodelila-predsednicku-medalju-sveta-tereza-dr-patricku-paddy-dewanu\/#breadcrumb"},"inLanguage":"sr-RS","potentialAction":[{"@type":"ReadAction","target":["https:\/\/president-ksgov.net\/sr\/predsednica-osmani-dodelila-predsednicku-medalju-sveta-tereza-dr-patricku-paddy-dewanu\/"]}]},{"@type":"ImageObject","inLanguage":"sr-RS","@id":"https:\/\/president-ksgov.net\/sr\/predsednica-osmani-dodelila-predsednicku-medalju-sveta-tereza-dr-patricku-paddy-dewanu\/#primaryimage","url":"https:\/\/president-ksgov.net\/wp-content\/uploads\/IMG_7421.jpeg","contentUrl":"https:\/\/president-ksgov.net\/wp-content\/uploads\/IMG_7421.jpeg","width":1280,"height":854},{"@type":"BreadcrumbList","@id":"https:\/\/president-ksgov.net\/sr\/predsednica-osmani-dodelila-predsednicku-medalju-sveta-tereza-dr-patricku-paddy-dewanu\/#breadcrumb","itemListElement":[{"@type":"ListItem","position":1,"name":"Home","item":"https:\/\/president-ksgov.net\/sr\/"},{"@type":"ListItem","position":2,"name":"Predsednica Osmani dodelila predsedni\u010dku medalju \u201eSveta Tereza\u201c dr Patricku \u201ePaddy\u201c Dewanu"}]},{"@type":"WebSite","@id":"https:\/\/president-ksgov.net\/#website","url":"https:\/\/president-ksgov.net\/","name":"Presidente e Republik\u00ebs s\u00eb Kosov\u00ebs","description":"Presidente e Republik\u00ebs s\u00eb Kosov\u00ebs","alternateName":"DR. VJOSA OSMANI - SADRIU","potentialAction":[{"@type":"SearchAction","target":{"@type":"EntryPoint","urlTemplate":"https:\/\/president-ksgov.net\/?s={search_term_string}"},"query-input":{"@type":"PropertyValueSpecification","valueRequired":true,"valueName":"search_term_string"}}],"inLanguage":"sr-RS"},{"@type":"Person","@id":"https:\/\/president-ksgov.net\/#\/schema\/person\/639043365d5873f4c00b9dd2f548fe32","name":"Aulon Maliqi","image":{"@type":"ImageObject","inLanguage":"sr-RS","@id":"https:\/\/president-ksgov.net\/#\/schema\/person\/image\/","url":"https:\/\/secure.gravatar.com\/avatar\/25825420648e802b44e5fd098636053cf34adea3bcdf93520be287f818c2ce8b?s=96&d=mm&r=g","contentUrl":"https:\/\/secure.gravatar.com\/avatar\/25825420648e802b44e5fd098636053cf34adea3bcdf93520be287f818c2ce8b?s=96&d=mm&r=g","caption":"Aulon Maliqi"}}]}},"_links":{"self":[{"href":"https:\/\/president-ksgov.net\/sr\/wp-json\/wp\/v2\/posts\/182634","targetHints":{"allow":["GET"]}}],"collection":[{"href":"https:\/\/president-ksgov.net\/sr\/wp-json\/wp\/v2\/posts"}],"about":[{"href":"https:\/\/president-ksgov.net\/sr\/wp-json\/wp\/v2\/types\/post"}],"author":[{"embeddable":true,"href":"https:\/\/president-ksgov.net\/sr\/wp-json\/wp\/v2\/users\/18"}],"replies":[{"embeddable":true,"href":"https:\/\/president-ksgov.net\/sr\/wp-json\/wp\/v2\/comments?post=182634"}],"version-history":[{"count":1,"href":"https:\/\/president-ksgov.net\/sr\/wp-json\/wp\/v2\/posts\/182634\/revisions"}],"predecessor-version":[{"id":182635,"href":"https:\/\/president-ksgov.net\/sr\/wp-json\/wp\/v2\/posts\/182634\/revisions\/182635"}],"wp:featuredmedia":[{"embeddable":true,"href":"https:\/\/president-ksgov.net\/sr\/wp-json\/wp\/v2\/media\/182493"}],"wp:attachment":[{"href":"https:\/\/president-ksgov.net\/sr\/wp-json\/wp\/v2\/media?parent=182634"}],"wp:term":[{"taxonomy":"category","embeddable":true,"href":"https:\/\/president-ksgov.net\/sr\/wp-json\/wp\/v2\/categories?post=182634"},{"taxonomy":"post_tag","embeddable":true,"href":"https:\/\/president-ksgov.net\/sr\/wp-json\/wp\/v2\/tags?post=182634"}],"curies":[{"name":"wp","href":"https:\/\/api.w.org\/{rel}","templated":true}]}}