{"id":182632,"date":"2026-02-13T14:45:35","date_gmt":"2026-02-13T13:45:35","guid":{"rendered":"https:\/\/president-ksgov.net\/?p=182632"},"modified":"2026-02-13T20:48:51","modified_gmt":"2026-02-13T19:48:51","slug":"republikanski-kongresmen-self-izuzetno-snazno-i-dvostranacko-poverenje-u-vodstvo-predsednice-osmani","status":"publish","type":"post","link":"https:\/\/president-ksgov.net\/sr\/republikanski-kongresmen-self-izuzetno-snazno-i-dvostranacko-poverenje-u-vodstvo-predsednice-osmani\/","title":{"rendered":"Republikanski kongresmen Self: Izuzetno sna\u017eno i dvostrana\u010dko poverenje u vo\u0111stvo predsednice Osmani"},"content":{"rendered":"<p>Predsednica Republike Kosovo, Vjosa Osmani, dobila je sna\u017enu podr\u0161ku od predsednika Pododbora za Evropu u Odboru za spoljne poslove Predstavni\u010dkog doma Sjedinjenih Dr\u017eava, republikanskog kongresmena Keitha Selfa.<\/p>\n<p>\u201e\u017delim da istaknem izuzetno sna\u017eno i dvostrana\u010dko poverenje Kongresa Sjedinjenih Dr\u017eava u va\u0161e vo\u0111stvo kao predsednice Republike Kosovo\u201c, napisao je kongresmen Self u svom pismu podr\u0161ke.<\/p>\n<p>Isti\u010du\u0107i klju\u010dni trenutak kroz koji Kosovo prolazi, dao je punu podr\u0161ku kontinuitetu ove vizije predsednice, nagla\u0161avaju\u0107i da \u201eva\u0161a vizija i nepokolebljiva posve\u0107enost demokratskim vrednostima obezbe\u0111uju stabilnost, kontinuitet i jasan strate\u0161ki pravac u klju\u010dnom trenutku za Kosovo i region\u201c.<\/p>\n<p>Ova poruka na visokom nivou jasno potvr\u0111uje da \u0107e pod vo\u0111stvom predsednice Osmani, kosovske institucije nastaviti da podr\u017eavaju demokratske norme, ustavne principe i vladavinu prava, klju\u010dne elemente za konsolidaciju dr\u017eave i ja\u010danje me\u0111unarodnih partnerstava.<\/p>\n<p>U pismu se tako\u0111e nagla\u0161ava da Sjedinjene Dr\u017eave ostaju nepokolebljive u svojoj podr\u0161ci dugoro\u010dnim strate\u0161kim i ekonomskim ciljevima Kosova, sa posebnim naglaskom na podsticanje \u010dlanstva u NATO-u i ja\u010danje evroatlantskog partnerstva kao klju\u010dnih stubova za odr\u017eivu stabilnost i prosperitet na Balkanu, ciljeva za koje je predsednica radila tokom celog svog mandata.<\/p>\n<p>Ova jasna podr\u0161ka jedne od klju\u010dnih li\u010dnosti spoljne politike u Kongresu SAD-a predstavlja sna\u017enu potvrdu poverenja u liderstvo predsednice Osmani i u evroatlantski pravac Republike Kosovo.<\/p>\n<figure id=\"attachment_182623\" aria-describedby=\"caption-attachment-182623\" style=\"width: 731px\" class=\"wp-caption aligncenter\"><img fetchpriority=\"high\" decoding=\"async\" class=\"wp-image-182623 size-large\" src=\"https:\/\/president-ksgov.net\/wp-content\/uploads\/Kongresisti-republikan-Self-Besim-jashtezakonisht-i-forte-e-bipartizan-ne-udheheqjen-e-Presidentes-Osmani-2-731x1024.jpg\" alt=\"\" width=\"731\" height=\"1024\" srcset=\"https:\/\/president-ksgov.net\/wp-content\/uploads\/Kongresisti-republikan-Self-Besim-jashtezakonisht-i-forte-e-bipartizan-ne-udheheqjen-e-Presidentes-Osmani-2-731x1024.jpg 731w, https:\/\/president-ksgov.net\/wp-content\/uploads\/Kongresisti-republikan-Self-Besim-jashtezakonisht-i-forte-e-bipartizan-ne-udheheqjen-e-Presidentes-Osmani-2-214x300.jpg 214w, https:\/\/president-ksgov.net\/wp-content\/uploads\/Kongresisti-republikan-Self-Besim-jashtezakonisht-i-forte-e-bipartizan-ne-udheheqjen-e-Presidentes-Osmani-2-107x150.jpg 107w, https:\/\/president-ksgov.net\/wp-content\/uploads\/Kongresisti-republikan-Self-Besim-jashtezakonisht-i-forte-e-bipartizan-ne-udheheqjen-e-Presidentes-Osmani-2-768x1075.jpg 768w, https:\/\/president-ksgov.net\/wp-content\/uploads\/Kongresisti-republikan-Self-Besim-jashtezakonisht-i-forte-e-bipartizan-ne-udheheqjen-e-Presidentes-Osmani-2-1097x1536.jpg 1097w, https:\/\/president-ksgov.net\/wp-content\/uploads\/Kongresisti-republikan-Self-Besim-jashtezakonisht-i-forte-e-bipartizan-ne-udheheqjen-e-Presidentes-Osmani-2-321x450.jpg 321w, https:\/\/president-ksgov.net\/wp-content\/uploads\/Kongresisti-republikan-Self-Besim-jashtezakonisht-i-forte-e-bipartizan-ne-udheheqjen-e-Presidentes-Osmani-2.jpg 1262w\" sizes=\"(max-width: 731px) 100vw, 731px\" \/><figcaption id=\"caption-attachment-182623\" class=\"wp-caption-text\">Screenshot<\/figcaption><\/figure>\n","protected":false},"excerpt":{"rendered":"<p>Predsednica Republike Kosovo, Vjosa Osmani, dobila je sna\u017enu podr\u0161ku od predsednika Pododbora za Evropu u Odboru za spoljne poslove Predstavni\u010dkog doma Sjedinjenih Dr\u017eava, republikanskog kongresmena Keitha Selfa. \u201e\u017delim da istaknem izuzetno sna\u017eno i dvostrana\u010dko poverenje Kongresa Sjedinjenih Dr\u017eava u va\u0161e vo\u0111stvo kao predsednice Republike Kosovo\u201c, napisao je kongresmen Self u svom pismu podr\u0161ke. Isti\u010du\u0107i klju\u010dni trenutak kroz koji Kosovo prolazi, dao je punu podr\u0161ku kontinuitetu ove vizije predsednice, nagla\u0161avaju\u0107i da \u201eva\u0161a vizija i nepokolebljiva posve\u0107enost demokratskim vrednostima obezbe\u0111uju stabilnost, kontinuitet i jasan strate\u0161ki pravac u klju\u010dnom trenutku za Kosovo i region\u201c. Ova poruka na visokom nivou jasno potvr\u0111uje da \u0107e pod vo\u0111stvom predsednice Osmani, kosovske institucije nastaviti da podr\u017eavaju demokratske norme, ustavne principe i vladavinu prava, klju\u010dne elemente za konsolidaciju dr\u017eave i ja\u010danje me\u0111unarodnih partnerstava. U pismu se tako\u0111e nagla\u0161ava da Sjedinjene Dr\u017eave ostaju nepokolebljive u svojoj podr\u0161ci dugoro\u010dnim strate\u0161kim i ekonomskim ciljevima Kosova, sa posebnim naglaskom na podsticanje \u010dlanstva u NATO-u i ja\u010danje evroatlantskog partnerstva kao klju\u010dnih stubova za odr\u017eivu stabilnost i prosperitet na Balkanu, ciljeva za koje je predsednica radila tokom celog svog mandata. Ova jasna podr\u0161ka jedne od klju\u010dnih li\u010dnosti spoljne politike u Kongresu SAD-a predstavlja sna\u017enu potvrdu poverenja u liderstvo predsednice Osmani i u evroatlantski pravac Republike Kosovo.<\/p>\n","protected":false},"author":18,"featured_media":182619,"comment_status":"closed","ping_status":"closed","sticky":false,"template":"","format":"standard","meta":{"_eb_attr":"","footnotes":""},"categories":[101],"tags":[],"class_list":["post-182632","post","type-post","status-publish","format-standard","has-post-thumbnail","hentry","category-vesti"],"yoast_head":"<!-- This site is optimized with the Yoast SEO plugin v23.5 - https:\/\/yoast.com\/wordpress\/plugins\/seo\/ -->\n<title>Republikanski kongresmen Self: Izuzetno sna\u017eno i dvostrana\u010dko poverenje u vo\u0111stvo predsednice Osmani - Predsednik Republike Kosovo - DR. VJOSA OSMANI - SADRIU<\/title>\n<meta name=\"description\" content=\"Republikanski kongresmen Self: Izuzetno sna\u017eno i dvostrana\u010dko poverenje u vo\u0111stvo predsednice Osmani - Predsednik Republike Kosovo - DR. VJOSA OSMANI - SADRIU - Vesti\" \/>\n<meta name=\"robots\" content=\"index, follow, max-snippet:-1, max-image-preview:large, max-video-preview:-1\" \/>\n<link rel=\"canonical\" href=\"https:\/\/president-ksgov.net\/sr\/republikanski-kongresmen-self-izuzetno-snazno-i-dvostranacko-poverenje-u-vodstvo-predsednice-osmani\/\" \/>\n<meta property=\"og:locale\" content=\"sr_RS\" \/>\n<meta property=\"og:type\" content=\"article\" \/>\n<meta property=\"og:title\" content=\"Republikanski kongresmen Self: Izuzetno sna\u017eno i dvostrana\u010dko poverenje u vo\u0111stvo predsednice Osmani - Predsednik Republike Kosovo - DR. VJOSA OSMANI - SADRIU\" \/>\n<meta property=\"og:description\" content=\"Republikanski kongresmen Self: Izuzetno sna\u017eno i dvostrana\u010dko poverenje u vo\u0111stvo predsednice Osmani - Predsednik Republike Kosovo - DR. VJOSA OSMANI - SADRIU - Vesti\" \/>\n<meta property=\"og:url\" content=\"https:\/\/president-ksgov.net\/sr\/republikanski-kongresmen-self-izuzetno-snazno-i-dvostranacko-poverenje-u-vodstvo-predsednice-osmani\/\" \/>\n<meta property=\"og:site_name\" content=\"Predsednik Republike Kosovo - DR. VJOSA OSMANI - SADRIU\" \/>\n<meta property=\"article:published_time\" content=\"2026-02-13T13:45:35+00:00\" \/>\n<meta property=\"article:modified_time\" content=\"2026-02-13T19:48:51+00:00\" \/>\n<meta property=\"og:image\" content=\"https:\/\/president-ksgov.net\/wp-content\/uploads\/Kongresisti-republikan-Self-Besim-jashtezakonisht-i-forte-e-bipartizan-ne-udheheqjen-e-Presidentes-Osmani-1.jpg\" \/>\n\t<meta property=\"og:image:width\" content=\"1600\" \/>\n\t<meta property=\"og:image:height\" content=\"1066\" \/>\n\t<meta property=\"og:image:type\" content=\"image\/jpeg\" \/>\n<meta name=\"author\" content=\"Aulon Maliqi\" \/>\n<meta name=\"twitter:card\" content=\"summary_large_image\" \/>\n<meta name=\"twitter:label1\" content=\"\u041d\u0430\u043f\u0438\u0441\u0430\u043d\u043e \u043e\u0434\" \/>\n\t<meta name=\"twitter:data1\" content=\"Aulon Maliqi\" \/>\n\t<meta name=\"twitter:label2\" content=\"\u041f\u0440\u043e\u0446\u0435\u045a\u0435\u043d\u043e \u0432\u0440\u0435\u043c\u0435 \u0447\u0438\u0442\u0430\u045a\u0430\" \/>\n\t<meta name=\"twitter:data2\" content=\"2 \u043c\u0438\u043d\u0443\u0442\u0430\" \/>\n<script type=\"application\/ld+json\" class=\"yoast-schema-graph\">{\"@context\":\"https:\/\/schema.org\",\"@graph\":[{\"@type\":\"WebPage\",\"@id\":\"https:\/\/president-ksgov.net\/sr\/republikanski-kongresmen-self-izuzetno-snazno-i-dvostranacko-poverenje-u-vodstvo-predsednice-osmani\/\",\"url\":\"https:\/\/president-ksgov.net\/sr\/republikanski-kongresmen-self-izuzetno-snazno-i-dvostranacko-poverenje-u-vodstvo-predsednice-osmani\/\",\"name\":\"Republikanski kongresmen Self: Izuzetno sna\u017eno i dvostrana\u010dko poverenje u vo\u0111stvo predsednice Osmani - Predsednik Republike Kosovo - DR. VJOSA OSMANI - SADRIU\",\"isPartOf\":{\"@id\":\"https:\/\/president-ksgov.net\/#website\"},\"primaryImageOfPage\":{\"@id\":\"https:\/\/president-ksgov.net\/sr\/republikanski-kongresmen-self-izuzetno-snazno-i-dvostranacko-poverenje-u-vodstvo-predsednice-osmani\/#primaryimage\"},\"image\":{\"@id\":\"https:\/\/president-ksgov.net\/sr\/republikanski-kongresmen-self-izuzetno-snazno-i-dvostranacko-poverenje-u-vodstvo-predsednice-osmani\/#primaryimage\"},\"thumbnailUrl\":\"https:\/\/president-ksgov.net\/wp-content\/uploads\/Kongresisti-republikan-Self-Besim-jashtezakonisht-i-forte-e-bipartizan-ne-udheheqjen-e-Presidentes-Osmani-1.jpg\",\"datePublished\":\"2026-02-13T13:45:35+00:00\",\"dateModified\":\"2026-02-13T19:48:51+00:00\",\"author\":{\"@id\":\"https:\/\/president-ksgov.net\/#\/schema\/person\/639043365d5873f4c00b9dd2f548fe32\"},\"description\":\"Republikanski kongresmen Self: Izuzetno sna\u017eno i dvostrana\u010dko poverenje u vo\u0111stvo predsednice Osmani - Predsednik Republike Kosovo - DR. VJOSA OSMANI - SADRIU - Vesti\",\"breadcrumb\":{\"@id\":\"https:\/\/president-ksgov.net\/sr\/republikanski-kongresmen-self-izuzetno-snazno-i-dvostranacko-poverenje-u-vodstvo-predsednice-osmani\/#breadcrumb\"},\"inLanguage\":\"sr-RS\",\"potentialAction\":[{\"@type\":\"ReadAction\",\"target\":[\"https:\/\/president-ksgov.net\/sr\/republikanski-kongresmen-self-izuzetno-snazno-i-dvostranacko-poverenje-u-vodstvo-predsednice-osmani\/\"]}]},{\"@type\":\"ImageObject\",\"inLanguage\":\"sr-RS\",\"@id\":\"https:\/\/president-ksgov.net\/sr\/republikanski-kongresmen-self-izuzetno-snazno-i-dvostranacko-poverenje-u-vodstvo-predsednice-osmani\/#primaryimage\",\"url\":\"https:\/\/president-ksgov.net\/wp-content\/uploads\/Kongresisti-republikan-Self-Besim-jashtezakonisht-i-forte-e-bipartizan-ne-udheheqjen-e-Presidentes-Osmani-1.jpg\",\"contentUrl\":\"https:\/\/president-ksgov.net\/wp-content\/uploads\/Kongresisti-republikan-Self-Besim-jashtezakonisht-i-forte-e-bipartizan-ne-udheheqjen-e-Presidentes-Osmani-1.jpg\",\"width\":1600,\"height\":1066},{\"@type\":\"BreadcrumbList\",\"@id\":\"https:\/\/president-ksgov.net\/sr\/republikanski-kongresmen-self-izuzetno-snazno-i-dvostranacko-poverenje-u-vodstvo-predsednice-osmani\/#breadcrumb\",\"itemListElement\":[{\"@type\":\"ListItem\",\"position\":1,\"name\":\"Home\",\"item\":\"https:\/\/president-ksgov.net\/sr\/\"},{\"@type\":\"ListItem\",\"position\":2,\"name\":\"Republikanski kongresmen Self: Izuzetno sna\u017eno i dvostrana\u010dko poverenje u vo\u0111stvo predsednice Osmani\"}]},{\"@type\":\"WebSite\",\"@id\":\"https:\/\/president-ksgov.net\/#website\",\"url\":\"https:\/\/president-ksgov.net\/\",\"name\":\"Presidente e Republik\u00ebs s\u00eb Kosov\u00ebs\",\"description\":\"Presidente e Republik\u00ebs s\u00eb Kosov\u00ebs\",\"alternateName\":\"DR. VJOSA OSMANI - SADRIU\",\"potentialAction\":[{\"@type\":\"SearchAction\",\"target\":{\"@type\":\"EntryPoint\",\"urlTemplate\":\"https:\/\/president-ksgov.net\/?s={search_term_string}\"},\"query-input\":{\"@type\":\"PropertyValueSpecification\",\"valueRequired\":true,\"valueName\":\"search_term_string\"}}],\"inLanguage\":\"sr-RS\"},{\"@type\":\"Person\",\"@id\":\"https:\/\/president-ksgov.net\/#\/schema\/person\/639043365d5873f4c00b9dd2f548fe32\",\"name\":\"Aulon Maliqi\",\"image\":{\"@type\":\"ImageObject\",\"inLanguage\":\"sr-RS\",\"@id\":\"https:\/\/president-ksgov.net\/#\/schema\/person\/image\/\",\"url\":\"https:\/\/secure.gravatar.com\/avatar\/25825420648e802b44e5fd098636053cf34adea3bcdf93520be287f818c2ce8b?s=96&d=mm&r=g\",\"contentUrl\":\"https:\/\/secure.gravatar.com\/avatar\/25825420648e802b44e5fd098636053cf34adea3bcdf93520be287f818c2ce8b?s=96&d=mm&r=g\",\"caption\":\"Aulon Maliqi\"}}]}<\/script>\n<!-- \/ Yoast SEO plugin. -->","yoast_head_json":{"title":"Republikanski kongresmen Self: Izuzetno sna\u017eno i dvostrana\u010dko poverenje u vo\u0111stvo predsednice Osmani - Predsednik Republike Kosovo - DR. VJOSA OSMANI - SADRIU","description":"Republikanski kongresmen Self: Izuzetno sna\u017eno i dvostrana\u010dko poverenje u vo\u0111stvo predsednice Osmani - Predsednik Republike Kosovo - DR. VJOSA OSMANI - SADRIU - Vesti","robots":{"index":"index","follow":"follow","max-snippet":"max-snippet:-1","max-image-preview":"max-image-preview:large","max-video-preview":"max-video-preview:-1"},"canonical":"https:\/\/president-ksgov.net\/sr\/republikanski-kongresmen-self-izuzetno-snazno-i-dvostranacko-poverenje-u-vodstvo-predsednice-osmani\/","og_locale":"sr_RS","og_type":"article","og_title":"Republikanski kongresmen Self: Izuzetno sna\u017eno i dvostrana\u010dko poverenje u vo\u0111stvo predsednice Osmani - Predsednik Republike Kosovo - DR. VJOSA OSMANI - SADRIU","og_description":"Republikanski kongresmen Self: Izuzetno sna\u017eno i dvostrana\u010dko poverenje u vo\u0111stvo predsednice Osmani - Predsednik Republike Kosovo - DR. VJOSA OSMANI - SADRIU - Vesti","og_url":"https:\/\/president-ksgov.net\/sr\/republikanski-kongresmen-self-izuzetno-snazno-i-dvostranacko-poverenje-u-vodstvo-predsednice-osmani\/","og_site_name":"Predsednik Republike Kosovo - DR. VJOSA OSMANI - SADRIU","article_published_time":"2026-02-13T13:45:35+00:00","article_modified_time":"2026-02-13T19:48:51+00:00","og_image":[{"width":1600,"height":1066,"url":"https:\/\/president-ksgov.net\/wp-content\/uploads\/Kongresisti-republikan-Self-Besim-jashtezakonisht-i-forte-e-bipartizan-ne-udheheqjen-e-Presidentes-Osmani-1.jpg","type":"image\/jpeg"}],"author":"Aulon Maliqi","twitter_card":"summary_large_image","twitter_misc":{"\u041d\u0430\u043f\u0438\u0441\u0430\u043d\u043e \u043e\u0434":"Aulon Maliqi","\u041f\u0440\u043e\u0446\u0435\u045a\u0435\u043d\u043e \u0432\u0440\u0435\u043c\u0435 \u0447\u0438\u0442\u0430\u045a\u0430":"2 \u043c\u0438\u043d\u0443\u0442\u0430"},"schema":{"@context":"https:\/\/schema.org","@graph":[{"@type":"WebPage","@id":"https:\/\/president-ksgov.net\/sr\/republikanski-kongresmen-self-izuzetno-snazno-i-dvostranacko-poverenje-u-vodstvo-predsednice-osmani\/","url":"https:\/\/president-ksgov.net\/sr\/republikanski-kongresmen-self-izuzetno-snazno-i-dvostranacko-poverenje-u-vodstvo-predsednice-osmani\/","name":"Republikanski kongresmen Self: Izuzetno sna\u017eno i dvostrana\u010dko poverenje u vo\u0111stvo predsednice Osmani - Predsednik Republike Kosovo - DR. VJOSA OSMANI - SADRIU","isPartOf":{"@id":"https:\/\/president-ksgov.net\/#website"},"primaryImageOfPage":{"@id":"https:\/\/president-ksgov.net\/sr\/republikanski-kongresmen-self-izuzetno-snazno-i-dvostranacko-poverenje-u-vodstvo-predsednice-osmani\/#primaryimage"},"image":{"@id":"https:\/\/president-ksgov.net\/sr\/republikanski-kongresmen-self-izuzetno-snazno-i-dvostranacko-poverenje-u-vodstvo-predsednice-osmani\/#primaryimage"},"thumbnailUrl":"https:\/\/president-ksgov.net\/wp-content\/uploads\/Kongresisti-republikan-Self-Besim-jashtezakonisht-i-forte-e-bipartizan-ne-udheheqjen-e-Presidentes-Osmani-1.jpg","datePublished":"2026-02-13T13:45:35+00:00","dateModified":"2026-02-13T19:48:51+00:00","author":{"@id":"https:\/\/president-ksgov.net\/#\/schema\/person\/639043365d5873f4c00b9dd2f548fe32"},"description":"Republikanski kongresmen Self: Izuzetno sna\u017eno i dvostrana\u010dko poverenje u vo\u0111stvo predsednice Osmani - Predsednik Republike Kosovo - DR. VJOSA OSMANI - SADRIU - Vesti","breadcrumb":{"@id":"https:\/\/president-ksgov.net\/sr\/republikanski-kongresmen-self-izuzetno-snazno-i-dvostranacko-poverenje-u-vodstvo-predsednice-osmani\/#breadcrumb"},"inLanguage":"sr-RS","potentialAction":[{"@type":"ReadAction","target":["https:\/\/president-ksgov.net\/sr\/republikanski-kongresmen-self-izuzetno-snazno-i-dvostranacko-poverenje-u-vodstvo-predsednice-osmani\/"]}]},{"@type":"ImageObject","inLanguage":"sr-RS","@id":"https:\/\/president-ksgov.net\/sr\/republikanski-kongresmen-self-izuzetno-snazno-i-dvostranacko-poverenje-u-vodstvo-predsednice-osmani\/#primaryimage","url":"https:\/\/president-ksgov.net\/wp-content\/uploads\/Kongresisti-republikan-Self-Besim-jashtezakonisht-i-forte-e-bipartizan-ne-udheheqjen-e-Presidentes-Osmani-1.jpg","contentUrl":"https:\/\/president-ksgov.net\/wp-content\/uploads\/Kongresisti-republikan-Self-Besim-jashtezakonisht-i-forte-e-bipartizan-ne-udheheqjen-e-Presidentes-Osmani-1.jpg","width":1600,"height":1066},{"@type":"BreadcrumbList","@id":"https:\/\/president-ksgov.net\/sr\/republikanski-kongresmen-self-izuzetno-snazno-i-dvostranacko-poverenje-u-vodstvo-predsednice-osmani\/#breadcrumb","itemListElement":[{"@type":"ListItem","position":1,"name":"Home","item":"https:\/\/president-ksgov.net\/sr\/"},{"@type":"ListItem","position":2,"name":"Republikanski kongresmen Self: Izuzetno sna\u017eno i dvostrana\u010dko poverenje u vo\u0111stvo predsednice Osmani"}]},{"@type":"WebSite","@id":"https:\/\/president-ksgov.net\/#website","url":"https:\/\/president-ksgov.net\/","name":"Presidente e Republik\u00ebs s\u00eb Kosov\u00ebs","description":"Presidente e Republik\u00ebs s\u00eb Kosov\u00ebs","alternateName":"DR. VJOSA OSMANI - SADRIU","potentialAction":[{"@type":"SearchAction","target":{"@type":"EntryPoint","urlTemplate":"https:\/\/president-ksgov.net\/?s={search_term_string}"},"query-input":{"@type":"PropertyValueSpecification","valueRequired":true,"valueName":"search_term_string"}}],"inLanguage":"sr-RS"},{"@type":"Person","@id":"https:\/\/president-ksgov.net\/#\/schema\/person\/639043365d5873f4c00b9dd2f548fe32","name":"Aulon Maliqi","image":{"@type":"ImageObject","inLanguage":"sr-RS","@id":"https:\/\/president-ksgov.net\/#\/schema\/person\/image\/","url":"https:\/\/secure.gravatar.com\/avatar\/25825420648e802b44e5fd098636053cf34adea3bcdf93520be287f818c2ce8b?s=96&d=mm&r=g","contentUrl":"https:\/\/secure.gravatar.com\/avatar\/25825420648e802b44e5fd098636053cf34adea3bcdf93520be287f818c2ce8b?s=96&d=mm&r=g","caption":"Aulon Maliqi"}}]}},"_links":{"self":[{"href":"https:\/\/president-ksgov.net\/sr\/wp-json\/wp\/v2\/posts\/182632","targetHints":{"allow":["GET"]}}],"collection":[{"href":"https:\/\/president-ksgov.net\/sr\/wp-json\/wp\/v2\/posts"}],"about":[{"href":"https:\/\/president-ksgov.net\/sr\/wp-json\/wp\/v2\/types\/post"}],"author":[{"embeddable":true,"href":"https:\/\/president-ksgov.net\/sr\/wp-json\/wp\/v2\/users\/18"}],"replies":[{"embeddable":true,"href":"https:\/\/president-ksgov.net\/sr\/wp-json\/wp\/v2\/comments?post=182632"}],"version-history":[{"count":1,"href":"https:\/\/president-ksgov.net\/sr\/wp-json\/wp\/v2\/posts\/182632\/revisions"}],"predecessor-version":[{"id":182633,"href":"https:\/\/president-ksgov.net\/sr\/wp-json\/wp\/v2\/posts\/182632\/revisions\/182633"}],"wp:featuredmedia":[{"embeddable":true,"href":"https:\/\/president-ksgov.net\/sr\/wp-json\/wp\/v2\/media\/182619"}],"wp:attachment":[{"href":"https:\/\/president-ksgov.net\/sr\/wp-json\/wp\/v2\/media?parent=182632"}],"wp:term":[{"taxonomy":"category","embeddable":true,"href":"https:\/\/president-ksgov.net\/sr\/wp-json\/wp\/v2\/categories?post=182632"},{"taxonomy":"post_tag","embeddable":true,"href":"https:\/\/president-ksgov.net\/sr\/wp-json\/wp\/v2\/tags?post=182632"}],"curies":[{"name":"wp","href":"https:\/\/api.w.org\/{rel}","templated":true}]}}