{"id":181778,"date":"2026-02-05T15:21:25","date_gmt":"2026-02-05T14:21:25","guid":{"rendered":"https:\/\/president-ksgov.net\/?p=181778"},"modified":"2026-02-06T09:27:08","modified_gmt":"2026-02-06T08:27:08","slug":"predsednica-osmani-se-sastala-sa-premijerom-kraljevine-esvatini-russellom-mmisom-dlaminijem","status":"publish","type":"post","link":"https:\/\/president-ksgov.net\/sr\/predsednica-osmani-se-sastala-sa-premijerom-kraljevine-esvatini-russellom-mmisom-dlaminijem\/","title":{"rendered":"Predsednica Osmani se sastala sa premijerom Kraljevine Esvatini, Russellom Mmisom Dlaminijem"},"content":{"rendered":"<p>Predsednica Republike Kosovo, Vjosa Osmani, tokom Svetskog samita vlada sastala se sa premijerom Kraljevine Esvatini, Russellom Mmisom Dlaminijem.<\/p>\n<p>Predsednica Osmani je napisala:<\/p>\n<p>Tokom Svetskog samita vlada, bilo mi je zadovoljstvo da se sastanem sa premijerom Kraljevine Esvatini, Russellom Mmisom Dlaminijem.<\/p>\n<p>Izrazila sam zahvalnost naroda Kosova za rano priznanje nezavisnosti od strane Esvatinija, kao i spremnost da se napreduje ka zaklju\u010divanju sporazuma u konkretnim oblastima od obostranog interesa. Tako\u0111e smo razgovarali o bli\u017eoj koordinaciji u multilateralnim forumima.<\/p>\n<p>Kosovo ostaje posve\u0107eno partnerstvima izgra\u0111enim na po\u0161tovanju i zajedni\u010dkoj viziji za mir i razvoj.<\/p>\n","protected":false},"excerpt":{"rendered":"<p>Predsednica Republike Kosovo, Vjosa Osmani, tokom Svetskog samita vlada sastala se sa premijerom Kraljevine Esvatini, Russellom Mmisom Dlaminijem. Predsednica Osmani je napisala: Tokom Svetskog samita vlada, bilo mi je zadovoljstvo da se sastanem sa premijerom Kraljevine Esvatini, Russellom Mmisom Dlaminijem. Izrazila sam zahvalnost naroda Kosova za rano priznanje nezavisnosti od strane Esvatinija, kao i spremnost da se napreduje ka zaklju\u010divanju sporazuma u konkretnim oblastima od obostranog interesa. Tako\u0111e smo razgovarali o bli\u017eoj koordinaciji u multilateralnim forumima. Kosovo ostaje posve\u0107eno partnerstvima izgra\u0111enim na po\u0161tovanju i zajedni\u010dkoj viziji za mir i razvoj.<\/p>\n","protected":false},"author":18,"featured_media":181713,"comment_status":"closed","ping_status":"closed","sticky":false,"template":"","format":"standard","meta":{"_eb_attr":"","footnotes":""},"categories":[114,101],"tags":[],"class_list":["post-181778","post","type-post","status-publish","format-standard","has-post-thumbnail","hentry","category-medunarodne-posete","category-vesti"],"yoast_head":"<!-- This site is optimized with the Yoast SEO plugin v23.5 - https:\/\/yoast.com\/wordpress\/plugins\/seo\/ -->\n<title>Predsednica Osmani se sastala sa premijerom Kraljevine Esvatini, Russellom Mmisom Dlaminijem - Predsednik Republike Kosovo - DR. VJOSA OSMANI - SADRIU<\/title>\n<meta name=\"description\" content=\"Predsednica Osmani se sastala sa premijerom Kraljevine Esvatini, Russellom Mmisom Dlaminijem - Predsednik Republike Kosovo - DR. VJOSA OSMANI - SADRIU -\" \/>\n<meta name=\"robots\" content=\"index, follow, max-snippet:-1, max-image-preview:large, max-video-preview:-1\" \/>\n<link rel=\"canonical\" href=\"https:\/\/president-ksgov.net\/en\/?p=181806\" \/>\n<meta property=\"og:locale\" content=\"sr_RS\" \/>\n<meta property=\"og:type\" content=\"article\" \/>\n<meta property=\"og:title\" content=\"Predsednica Osmani se sastala sa premijerom Kraljevine Esvatini, Russellom Mmisom Dlaminijem - Predsednik Republike Kosovo - DR. VJOSA OSMANI - SADRIU\" \/>\n<meta property=\"og:description\" content=\"Predsednica Osmani se sastala sa premijerom Kraljevine Esvatini, Russellom Mmisom Dlaminijem - Predsednik Republike Kosovo - DR. VJOSA OSMANI - SADRIU -\" \/>\n<meta property=\"og:url\" content=\"https:\/\/president-ksgov.net\/en\/?p=181806\" \/>\n<meta property=\"og:site_name\" content=\"Predsednik Republike Kosovo - DR. VJOSA OSMANI - SADRIU\" \/>\n<meta property=\"article:published_time\" content=\"2026-02-05T14:21:25+00:00\" \/>\n<meta property=\"article:modified_time\" content=\"2026-02-06T08:27:08+00:00\" \/>\n<meta property=\"og:image\" content=\"https:\/\/president-ksgov.net\/wp-content\/uploads\/pata-kenaqesine-ta-takoj-Kryeministrin-e-Mbreterise-se-Eswatinit-Russell-Mmiso-Dlamini.-05.02.26.jpg\" \/>\n\t<meta property=\"og:image:width\" content=\"1600\" \/>\n\t<meta property=\"og:image:height\" content=\"1250\" \/>\n\t<meta property=\"og:image:type\" content=\"image\/jpeg\" \/>\n<meta name=\"author\" content=\"Aulon Maliqi\" \/>\n<meta name=\"twitter:card\" content=\"summary_large_image\" \/>\n<meta name=\"twitter:label1\" content=\"\u041d\u0430\u043f\u0438\u0441\u0430\u043d\u043e \u043e\u0434\" \/>\n\t<meta name=\"twitter:data1\" content=\"Aulon Maliqi\" \/>\n\t<meta name=\"twitter:label2\" content=\"\u041f\u0440\u043e\u0446\u0435\u045a\u0435\u043d\u043e \u0432\u0440\u0435\u043c\u0435 \u0447\u0438\u0442\u0430\u045a\u0430\" \/>\n\t<meta name=\"twitter:data2\" content=\"1 \u043c\u0438\u043d\u0443\u0442\" \/>\n<script type=\"application\/ld+json\" class=\"yoast-schema-graph\">{\"@context\":\"https:\/\/schema.org\",\"@graph\":[{\"@type\":\"WebPage\",\"@id\":\"https:\/\/president-ksgov.net\/en\/?p=181806\",\"url\":\"https:\/\/president-ksgov.net\/en\/?p=181806\",\"name\":\"Predsednica Osmani se sastala sa premijerom Kraljevine Esvatini, Russellom Mmisom Dlaminijem - Predsednik Republike Kosovo - DR. VJOSA OSMANI - SADRIU\",\"isPartOf\":{\"@id\":\"https:\/\/president-ksgov.net\/#website\"},\"primaryImageOfPage\":{\"@id\":\"https:\/\/president-ksgov.net\/en\/?p=181806#primaryimage\"},\"image\":{\"@id\":\"https:\/\/president-ksgov.net\/en\/?p=181806#primaryimage\"},\"thumbnailUrl\":\"https:\/\/president-ksgov.net\/wp-content\/uploads\/pata-kenaqesine-ta-takoj-Kryeministrin-e-Mbreterise-se-Eswatinit-Russell-Mmiso-Dlamini.-05.02.26.jpg\",\"datePublished\":\"2026-02-05T14:21:25+00:00\",\"dateModified\":\"2026-02-06T08:27:08+00:00\",\"author\":{\"@id\":\"https:\/\/president-ksgov.net\/#\/schema\/person\/639043365d5873f4c00b9dd2f548fe32\"},\"description\":\"Predsednica Osmani se sastala sa premijerom Kraljevine Esvatini, Russellom Mmisom Dlaminijem - Predsednik Republike Kosovo - DR. VJOSA OSMANI - SADRIU -\",\"breadcrumb\":{\"@id\":\"https:\/\/president-ksgov.net\/en\/?p=181806#breadcrumb\"},\"inLanguage\":\"sr-RS\",\"potentialAction\":[{\"@type\":\"ReadAction\",\"target\":[\"https:\/\/president-ksgov.net\/en\/?p=181806\"]}]},{\"@type\":\"ImageObject\",\"inLanguage\":\"sr-RS\",\"@id\":\"https:\/\/president-ksgov.net\/en\/?p=181806#primaryimage\",\"url\":\"https:\/\/president-ksgov.net\/wp-content\/uploads\/pata-kenaqesine-ta-takoj-Kryeministrin-e-Mbreterise-se-Eswatinit-Russell-Mmiso-Dlamini.-05.02.26.jpg\",\"contentUrl\":\"https:\/\/president-ksgov.net\/wp-content\/uploads\/pata-kenaqesine-ta-takoj-Kryeministrin-e-Mbreterise-se-Eswatinit-Russell-Mmiso-Dlamini.-05.02.26.jpg\",\"width\":1600,\"height\":1250},{\"@type\":\"BreadcrumbList\",\"@id\":\"https:\/\/president-ksgov.net\/en\/?p=181806#breadcrumb\",\"itemListElement\":[{\"@type\":\"ListItem\",\"position\":1,\"name\":\"Home\",\"item\":\"https:\/\/president-ksgov.net\/sr\/\"},{\"@type\":\"ListItem\",\"position\":2,\"name\":\"Predsednica Osmani se sastala sa premijerom Kraljevine Esvatini, Russellom Mmisom Dlaminijem\"}]},{\"@type\":\"WebSite\",\"@id\":\"https:\/\/president-ksgov.net\/#website\",\"url\":\"https:\/\/president-ksgov.net\/\",\"name\":\"Presidente e Republik\u00ebs s\u00eb Kosov\u00ebs\",\"description\":\"Presidente e Republik\u00ebs s\u00eb Kosov\u00ebs\",\"alternateName\":\"DR. VJOSA OSMANI - SADRIU\",\"potentialAction\":[{\"@type\":\"SearchAction\",\"target\":{\"@type\":\"EntryPoint\",\"urlTemplate\":\"https:\/\/president-ksgov.net\/?s={search_term_string}\"},\"query-input\":{\"@type\":\"PropertyValueSpecification\",\"valueRequired\":true,\"valueName\":\"search_term_string\"}}],\"inLanguage\":\"sr-RS\"},{\"@type\":\"Person\",\"@id\":\"https:\/\/president-ksgov.net\/#\/schema\/person\/639043365d5873f4c00b9dd2f548fe32\",\"name\":\"Aulon Maliqi\",\"image\":{\"@type\":\"ImageObject\",\"inLanguage\":\"sr-RS\",\"@id\":\"https:\/\/president-ksgov.net\/#\/schema\/person\/image\/\",\"url\":\"https:\/\/secure.gravatar.com\/avatar\/25825420648e802b44e5fd098636053cf34adea3bcdf93520be287f818c2ce8b?s=96&d=mm&r=g\",\"contentUrl\":\"https:\/\/secure.gravatar.com\/avatar\/25825420648e802b44e5fd098636053cf34adea3bcdf93520be287f818c2ce8b?s=96&d=mm&r=g\",\"caption\":\"Aulon Maliqi\"}}]}<\/script>\n<!-- \/ Yoast SEO plugin. -->","yoast_head_json":{"title":"Predsednica Osmani se sastala sa premijerom Kraljevine Esvatini, Russellom Mmisom Dlaminijem - Predsednik Republike Kosovo - DR. VJOSA OSMANI - SADRIU","description":"Predsednica Osmani se sastala sa premijerom Kraljevine Esvatini, Russellom Mmisom Dlaminijem - Predsednik Republike Kosovo - DR. VJOSA OSMANI - SADRIU -","robots":{"index":"index","follow":"follow","max-snippet":"max-snippet:-1","max-image-preview":"max-image-preview:large","max-video-preview":"max-video-preview:-1"},"canonical":"https:\/\/president-ksgov.net\/en\/?p=181806","og_locale":"sr_RS","og_type":"article","og_title":"Predsednica Osmani se sastala sa premijerom Kraljevine Esvatini, Russellom Mmisom Dlaminijem - Predsednik Republike Kosovo - DR. VJOSA OSMANI - SADRIU","og_description":"Predsednica Osmani se sastala sa premijerom Kraljevine Esvatini, Russellom Mmisom Dlaminijem - Predsednik Republike Kosovo - DR. VJOSA OSMANI - SADRIU -","og_url":"https:\/\/president-ksgov.net\/en\/?p=181806","og_site_name":"Predsednik Republike Kosovo - DR. VJOSA OSMANI - SADRIU","article_published_time":"2026-02-05T14:21:25+00:00","article_modified_time":"2026-02-06T08:27:08+00:00","og_image":[{"width":1600,"height":1250,"url":"https:\/\/president-ksgov.net\/wp-content\/uploads\/pata-kenaqesine-ta-takoj-Kryeministrin-e-Mbreterise-se-Eswatinit-Russell-Mmiso-Dlamini.-05.02.26.jpg","type":"image\/jpeg"}],"author":"Aulon Maliqi","twitter_card":"summary_large_image","twitter_misc":{"\u041d\u0430\u043f\u0438\u0441\u0430\u043d\u043e \u043e\u0434":"Aulon Maliqi","\u041f\u0440\u043e\u0446\u0435\u045a\u0435\u043d\u043e \u0432\u0440\u0435\u043c\u0435 \u0447\u0438\u0442\u0430\u045a\u0430":"1 \u043c\u0438\u043d\u0443\u0442"},"schema":{"@context":"https:\/\/schema.org","@graph":[{"@type":"WebPage","@id":"https:\/\/president-ksgov.net\/en\/?p=181806","url":"https:\/\/president-ksgov.net\/en\/?p=181806","name":"Predsednica Osmani se sastala sa premijerom Kraljevine Esvatini, Russellom Mmisom Dlaminijem - Predsednik Republike Kosovo - DR. VJOSA OSMANI - SADRIU","isPartOf":{"@id":"https:\/\/president-ksgov.net\/#website"},"primaryImageOfPage":{"@id":"https:\/\/president-ksgov.net\/en\/?p=181806#primaryimage"},"image":{"@id":"https:\/\/president-ksgov.net\/en\/?p=181806#primaryimage"},"thumbnailUrl":"https:\/\/president-ksgov.net\/wp-content\/uploads\/pata-kenaqesine-ta-takoj-Kryeministrin-e-Mbreterise-se-Eswatinit-Russell-Mmiso-Dlamini.-05.02.26.jpg","datePublished":"2026-02-05T14:21:25+00:00","dateModified":"2026-02-06T08:27:08+00:00","author":{"@id":"https:\/\/president-ksgov.net\/#\/schema\/person\/639043365d5873f4c00b9dd2f548fe32"},"description":"Predsednica Osmani se sastala sa premijerom Kraljevine Esvatini, Russellom Mmisom Dlaminijem - Predsednik Republike Kosovo - DR. VJOSA OSMANI - SADRIU -","breadcrumb":{"@id":"https:\/\/president-ksgov.net\/en\/?p=181806#breadcrumb"},"inLanguage":"sr-RS","potentialAction":[{"@type":"ReadAction","target":["https:\/\/president-ksgov.net\/en\/?p=181806"]}]},{"@type":"ImageObject","inLanguage":"sr-RS","@id":"https:\/\/president-ksgov.net\/en\/?p=181806#primaryimage","url":"https:\/\/president-ksgov.net\/wp-content\/uploads\/pata-kenaqesine-ta-takoj-Kryeministrin-e-Mbreterise-se-Eswatinit-Russell-Mmiso-Dlamini.-05.02.26.jpg","contentUrl":"https:\/\/president-ksgov.net\/wp-content\/uploads\/pata-kenaqesine-ta-takoj-Kryeministrin-e-Mbreterise-se-Eswatinit-Russell-Mmiso-Dlamini.-05.02.26.jpg","width":1600,"height":1250},{"@type":"BreadcrumbList","@id":"https:\/\/president-ksgov.net\/en\/?p=181806#breadcrumb","itemListElement":[{"@type":"ListItem","position":1,"name":"Home","item":"https:\/\/president-ksgov.net\/sr\/"},{"@type":"ListItem","position":2,"name":"Predsednica Osmani se sastala sa premijerom Kraljevine Esvatini, Russellom Mmisom Dlaminijem"}]},{"@type":"WebSite","@id":"https:\/\/president-ksgov.net\/#website","url":"https:\/\/president-ksgov.net\/","name":"Presidente e Republik\u00ebs s\u00eb Kosov\u00ebs","description":"Presidente e Republik\u00ebs s\u00eb Kosov\u00ebs","alternateName":"DR. VJOSA OSMANI - SADRIU","potentialAction":[{"@type":"SearchAction","target":{"@type":"EntryPoint","urlTemplate":"https:\/\/president-ksgov.net\/?s={search_term_string}"},"query-input":{"@type":"PropertyValueSpecification","valueRequired":true,"valueName":"search_term_string"}}],"inLanguage":"sr-RS"},{"@type":"Person","@id":"https:\/\/president-ksgov.net\/#\/schema\/person\/639043365d5873f4c00b9dd2f548fe32","name":"Aulon Maliqi","image":{"@type":"ImageObject","inLanguage":"sr-RS","@id":"https:\/\/president-ksgov.net\/#\/schema\/person\/image\/","url":"https:\/\/secure.gravatar.com\/avatar\/25825420648e802b44e5fd098636053cf34adea3bcdf93520be287f818c2ce8b?s=96&d=mm&r=g","contentUrl":"https:\/\/secure.gravatar.com\/avatar\/25825420648e802b44e5fd098636053cf34adea3bcdf93520be287f818c2ce8b?s=96&d=mm&r=g","caption":"Aulon Maliqi"}}]}},"_links":{"self":[{"href":"https:\/\/president-ksgov.net\/sr\/wp-json\/wp\/v2\/posts\/181778","targetHints":{"allow":["GET"]}}],"collection":[{"href":"https:\/\/president-ksgov.net\/sr\/wp-json\/wp\/v2\/posts"}],"about":[{"href":"https:\/\/president-ksgov.net\/sr\/wp-json\/wp\/v2\/types\/post"}],"author":[{"embeddable":true,"href":"https:\/\/president-ksgov.net\/sr\/wp-json\/wp\/v2\/users\/18"}],"replies":[{"embeddable":true,"href":"https:\/\/president-ksgov.net\/sr\/wp-json\/wp\/v2\/comments?post=181778"}],"version-history":[{"count":1,"href":"https:\/\/president-ksgov.net\/sr\/wp-json\/wp\/v2\/posts\/181778\/revisions"}],"predecessor-version":[{"id":181779,"href":"https:\/\/president-ksgov.net\/sr\/wp-json\/wp\/v2\/posts\/181778\/revisions\/181779"}],"wp:featuredmedia":[{"embeddable":true,"href":"https:\/\/president-ksgov.net\/sr\/wp-json\/wp\/v2\/media\/181713"}],"wp:attachment":[{"href":"https:\/\/president-ksgov.net\/sr\/wp-json\/wp\/v2\/media?parent=181778"}],"wp:term":[{"taxonomy":"category","embeddable":true,"href":"https:\/\/president-ksgov.net\/sr\/wp-json\/wp\/v2\/categories?post=181778"},{"taxonomy":"post_tag","embeddable":true,"href":"https:\/\/president-ksgov.net\/sr\/wp-json\/wp\/v2\/tags?post=181778"}],"curies":[{"name":"wp","href":"https:\/\/api.w.org\/{rel}","templated":true}]}}