{"id":181047,"date":"2026-01-28T10:40:57","date_gmt":"2026-01-28T09:40:57","guid":{"rendered":"https:\/\/president-ksgov.net\/?p=181047"},"modified":"2026-01-29T09:36:53","modified_gmt":"2026-01-29T08:36:53","slug":"predsednica-osmani-kosovo-ce-nastaviti-da-ide-napred-nepokolebljivo-na-svom-putu-ka-evroatlantskoj-porodici-i-gradeci-snazna-partnerstva-sirom-sveta","status":"publish","type":"post","link":"https:\/\/president-ksgov.net\/sr\/predsednica-osmani-kosovo-ce-nastaviti-da-ide-napred-nepokolebljivo-na-svom-putu-ka-evroatlantskoj-porodici-i-gradeci-snazna-partnerstva-sirom-sveta\/","title":{"rendered":"Predsednica Osmani: Kosovo \u0107e nastaviti da ide napred, nepokolebljivo na svom putu ka evroatlantskoj porodici i grade\u0107i sna\u017ena partnerstva \u0161irom sveta"},"content":{"rendered":"<p>Predsednica Republike Kosovo, Vjosa Osmani, na godi\u0161njem prijemu za diplomatski kor, koji je odr\u017ean pro\u0161le nedelje, izrazila je zahvalnost na\u0161eg naroda na\u0161im me\u0111unarodnim prijateljima na njihovoj kontinuiranoj podr\u0161ci.<\/p>\n<p>Predsednica Osmani je napisala:<\/p>\n<p>Kosovo \u0107e nastaviti da ide napred, nepokolebljivo na svom putu ka evroatlantskoj porodici i grade\u0107i sna\u017ena partnerstva \u0161irom sveta.<br \/>\nPro\u0161le nedelje, na godi\u0161njem prijemu za diplomatski kor, izrazila sam zahvalnost na\u0161eg naroda na\u0161im me\u0111unarodnim prijateljima na njihovoj kontinuiranoj podr\u0161ci.<\/p>\n<p><iframe src=\"https:\/\/www.facebook.com\/plugins\/video.php?height=220&#038;href=https%3A%2F%2Fwww.facebook.com%2Freel%2F2038959643552384%2F&#038;show_text=false&#038;width=267&#038;t=0\" width=\"267\" height=\"476\" style=\"border:none;overflow:hidden\" scrolling=\"no\" frameborder=\"0\" allowfullscreen=\"true\" allow=\"autoplay; clipboard-write; encrypted-media; picture-in-picture; web-share\" allowFullScreen=\"true\"><\/iframe><\/p>\n","protected":false},"excerpt":{"rendered":"<p>Predsednica Republike Kosovo, Vjosa Osmani, na godi\u0161njem prijemu za diplomatski kor, koji je odr\u017ean pro\u0161le nedelje, izrazila je zahvalnost na\u0161eg naroda na\u0161im me\u0111unarodnim prijateljima na njihovoj kontinuiranoj podr\u0161ci. Predsednica Osmani je napisala: Kosovo \u0107e nastaviti da ide napred, nepokolebljivo na svom putu ka evroatlantskoj porodici i grade\u0107i sna\u017ena partnerstva \u0161irom sveta. Pro\u0161le nedelje, na godi\u0161njem prijemu za diplomatski kor, izrazila sam zahvalnost na\u0161eg naroda na\u0161im me\u0111unarodnim prijateljima na njihovoj kontinuiranoj podr\u0161ci.<\/p>\n","protected":false},"author":18,"featured_media":181002,"comment_status":"closed","ping_status":"closed","sticky":false,"template":"","format":"standard","meta":{"_eb_attr":"","footnotes":""},"categories":[101],"tags":[],"class_list":["post-181047","post","type-post","status-publish","format-standard","has-post-thumbnail","hentry","category-vesti"],"yoast_head":"<!-- This site is optimized with the Yoast SEO plugin v23.5 - https:\/\/yoast.com\/wordpress\/plugins\/seo\/ -->\n<title>Predsednica Osmani: Kosovo \u0107e nastaviti da ide napred, nepokolebljivo na svom putu ka evroatlantskoj porodici i grade\u0107i sna\u017ena partnerstva \u0161irom sveta - Predsednik Republike Kosovo - DR. VJOSA OSMANI - SADRIU<\/title>\n<meta name=\"description\" content=\"Predsednica Osmani: Kosovo \u0107e nastaviti da ide napred, nepokolebljivo na svom putu ka evroatlantskoj porodici i grade\u0107i sna\u017ena partnerstva \u0161irom sveta - Predsednik Republike Kosovo - DR. VJOSA OSMANI - SADRIU - Vesti\" \/>\n<meta name=\"robots\" content=\"index, follow, max-snippet:-1, max-image-preview:large, max-video-preview:-1\" \/>\n<link rel=\"canonical\" href=\"https:\/\/president-ksgov.net\/sr\/predsednica-osmani-kosovo-ce-nastaviti-da-ide-napred-nepokolebljivo-na-svom-putu-ka-evroatlantskoj-porodici-i-gradeci-snazna-partnerstva-sirom-sveta\/\" \/>\n<meta property=\"og:locale\" content=\"sr_RS\" \/>\n<meta property=\"og:type\" content=\"article\" \/>\n<meta property=\"og:title\" content=\"Predsednica Osmani: Kosovo \u0107e nastaviti da ide napred, nepokolebljivo na svom putu ka evroatlantskoj porodici i grade\u0107i sna\u017ena partnerstva \u0161irom sveta - Predsednik Republike Kosovo - DR. VJOSA OSMANI - SADRIU\" \/>\n<meta property=\"og:description\" content=\"Predsednica Osmani: Kosovo \u0107e nastaviti da ide napred, nepokolebljivo na svom putu ka evroatlantskoj porodici i grade\u0107i sna\u017ena partnerstva \u0161irom sveta - Predsednik Republike Kosovo - DR. VJOSA OSMANI - SADRIU - Vesti\" \/>\n<meta property=\"og:url\" content=\"https:\/\/president-ksgov.net\/sr\/predsednica-osmani-kosovo-ce-nastaviti-da-ide-napred-nepokolebljivo-na-svom-putu-ka-evroatlantskoj-porodici-i-gradeci-snazna-partnerstva-sirom-sveta\/\" \/>\n<meta property=\"og:site_name\" content=\"Predsednik Republike Kosovo - DR. VJOSA OSMANI - SADRIU\" \/>\n<meta property=\"article:published_time\" content=\"2026-01-28T09:40:57+00:00\" \/>\n<meta property=\"article:modified_time\" content=\"2026-01-29T08:36:53+00:00\" \/>\n<meta property=\"og:image\" content=\"https:\/\/president-ksgov.net\/wp-content\/uploads\/Pritja-e-korit-diplomatik-28.01.26.jpeg\" \/>\n\t<meta property=\"og:image:width\" content=\"1280\" \/>\n\t<meta property=\"og:image:height\" content=\"854\" \/>\n\t<meta property=\"og:image:type\" content=\"image\/jpeg\" \/>\n<meta name=\"author\" content=\"Aulon Maliqi\" \/>\n<meta name=\"twitter:card\" content=\"summary_large_image\" \/>\n<meta name=\"twitter:label1\" content=\"\u041d\u0430\u043f\u0438\u0441\u0430\u043d\u043e \u043e\u0434\" \/>\n\t<meta name=\"twitter:data1\" content=\"Aulon Maliqi\" \/>\n\t<meta name=\"twitter:label2\" content=\"\u041f\u0440\u043e\u0446\u0435\u045a\u0435\u043d\u043e \u0432\u0440\u0435\u043c\u0435 \u0447\u0438\u0442\u0430\u045a\u0430\" \/>\n\t<meta name=\"twitter:data2\" content=\"1 \u043c\u0438\u043d\u0443\u0442\" \/>\n<script type=\"application\/ld+json\" class=\"yoast-schema-graph\">{\"@context\":\"https:\/\/schema.org\",\"@graph\":[{\"@type\":\"WebPage\",\"@id\":\"https:\/\/president-ksgov.net\/sr\/predsednica-osmani-kosovo-ce-nastaviti-da-ide-napred-nepokolebljivo-na-svom-putu-ka-evroatlantskoj-porodici-i-gradeci-snazna-partnerstva-sirom-sveta\/\",\"url\":\"https:\/\/president-ksgov.net\/sr\/predsednica-osmani-kosovo-ce-nastaviti-da-ide-napred-nepokolebljivo-na-svom-putu-ka-evroatlantskoj-porodici-i-gradeci-snazna-partnerstva-sirom-sveta\/\",\"name\":\"Predsednica Osmani: Kosovo \u0107e nastaviti da ide napred, nepokolebljivo na svom putu ka evroatlantskoj porodici i grade\u0107i sna\u017ena partnerstva \u0161irom sveta - Predsednik Republike Kosovo - DR. VJOSA OSMANI - SADRIU\",\"isPartOf\":{\"@id\":\"https:\/\/president-ksgov.net\/#website\"},\"primaryImageOfPage\":{\"@id\":\"https:\/\/president-ksgov.net\/sr\/predsednica-osmani-kosovo-ce-nastaviti-da-ide-napred-nepokolebljivo-na-svom-putu-ka-evroatlantskoj-porodici-i-gradeci-snazna-partnerstva-sirom-sveta\/#primaryimage\"},\"image\":{\"@id\":\"https:\/\/president-ksgov.net\/sr\/predsednica-osmani-kosovo-ce-nastaviti-da-ide-napred-nepokolebljivo-na-svom-putu-ka-evroatlantskoj-porodici-i-gradeci-snazna-partnerstva-sirom-sveta\/#primaryimage\"},\"thumbnailUrl\":\"https:\/\/president-ksgov.net\/wp-content\/uploads\/Pritja-e-korit-diplomatik-28.01.26.jpeg\",\"datePublished\":\"2026-01-28T09:40:57+00:00\",\"dateModified\":\"2026-01-29T08:36:53+00:00\",\"author\":{\"@id\":\"https:\/\/president-ksgov.net\/#\/schema\/person\/639043365d5873f4c00b9dd2f548fe32\"},\"description\":\"Predsednica Osmani: Kosovo \u0107e nastaviti da ide napred, nepokolebljivo na svom putu ka evroatlantskoj porodici i grade\u0107i sna\u017ena partnerstva \u0161irom sveta - Predsednik Republike Kosovo - DR. VJOSA OSMANI - SADRIU - Vesti\",\"breadcrumb\":{\"@id\":\"https:\/\/president-ksgov.net\/sr\/predsednica-osmani-kosovo-ce-nastaviti-da-ide-napred-nepokolebljivo-na-svom-putu-ka-evroatlantskoj-porodici-i-gradeci-snazna-partnerstva-sirom-sveta\/#breadcrumb\"},\"inLanguage\":\"sr-RS\",\"potentialAction\":[{\"@type\":\"ReadAction\",\"target\":[\"https:\/\/president-ksgov.net\/sr\/predsednica-osmani-kosovo-ce-nastaviti-da-ide-napred-nepokolebljivo-na-svom-putu-ka-evroatlantskoj-porodici-i-gradeci-snazna-partnerstva-sirom-sveta\/\"]}]},{\"@type\":\"ImageObject\",\"inLanguage\":\"sr-RS\",\"@id\":\"https:\/\/president-ksgov.net\/sr\/predsednica-osmani-kosovo-ce-nastaviti-da-ide-napred-nepokolebljivo-na-svom-putu-ka-evroatlantskoj-porodici-i-gradeci-snazna-partnerstva-sirom-sveta\/#primaryimage\",\"url\":\"https:\/\/president-ksgov.net\/wp-content\/uploads\/Pritja-e-korit-diplomatik-28.01.26.jpeg\",\"contentUrl\":\"https:\/\/president-ksgov.net\/wp-content\/uploads\/Pritja-e-korit-diplomatik-28.01.26.jpeg\",\"width\":1280,\"height\":854},{\"@type\":\"BreadcrumbList\",\"@id\":\"https:\/\/president-ksgov.net\/sr\/predsednica-osmani-kosovo-ce-nastaviti-da-ide-napred-nepokolebljivo-na-svom-putu-ka-evroatlantskoj-porodici-i-gradeci-snazna-partnerstva-sirom-sveta\/#breadcrumb\",\"itemListElement\":[{\"@type\":\"ListItem\",\"position\":1,\"name\":\"Home\",\"item\":\"https:\/\/president-ksgov.net\/sr\/\"},{\"@type\":\"ListItem\",\"position\":2,\"name\":\"Predsednica Osmani: Kosovo \u0107e nastaviti da ide napred, nepokolebljivo na svom putu ka evroatlantskoj porodici i grade\u0107i sna\u017ena partnerstva \u0161irom sveta\"}]},{\"@type\":\"WebSite\",\"@id\":\"https:\/\/president-ksgov.net\/#website\",\"url\":\"https:\/\/president-ksgov.net\/\",\"name\":\"Presidente e Republik\u00ebs s\u00eb Kosov\u00ebs\",\"description\":\"Presidente e Republik\u00ebs s\u00eb Kosov\u00ebs\",\"alternateName\":\"DR. VJOSA OSMANI - SADRIU\",\"potentialAction\":[{\"@type\":\"SearchAction\",\"target\":{\"@type\":\"EntryPoint\",\"urlTemplate\":\"https:\/\/president-ksgov.net\/?s={search_term_string}\"},\"query-input\":{\"@type\":\"PropertyValueSpecification\",\"valueRequired\":true,\"valueName\":\"search_term_string\"}}],\"inLanguage\":\"sr-RS\"},{\"@type\":\"Person\",\"@id\":\"https:\/\/president-ksgov.net\/#\/schema\/person\/639043365d5873f4c00b9dd2f548fe32\",\"name\":\"Aulon Maliqi\",\"image\":{\"@type\":\"ImageObject\",\"inLanguage\":\"sr-RS\",\"@id\":\"https:\/\/president-ksgov.net\/#\/schema\/person\/image\/\",\"url\":\"https:\/\/secure.gravatar.com\/avatar\/25825420648e802b44e5fd098636053cf34adea3bcdf93520be287f818c2ce8b?s=96&d=mm&r=g\",\"contentUrl\":\"https:\/\/secure.gravatar.com\/avatar\/25825420648e802b44e5fd098636053cf34adea3bcdf93520be287f818c2ce8b?s=96&d=mm&r=g\",\"caption\":\"Aulon Maliqi\"}}]}<\/script>\n<!-- \/ Yoast SEO plugin. -->","yoast_head_json":{"title":"Predsednica Osmani: Kosovo \u0107e nastaviti da ide napred, nepokolebljivo na svom putu ka evroatlantskoj porodici i grade\u0107i sna\u017ena partnerstva \u0161irom sveta - Predsednik Republike Kosovo - DR. VJOSA OSMANI - SADRIU","description":"Predsednica Osmani: Kosovo \u0107e nastaviti da ide napred, nepokolebljivo na svom putu ka evroatlantskoj porodici i grade\u0107i sna\u017ena partnerstva \u0161irom sveta - Predsednik Republike Kosovo - DR. VJOSA OSMANI - SADRIU - Vesti","robots":{"index":"index","follow":"follow","max-snippet":"max-snippet:-1","max-image-preview":"max-image-preview:large","max-video-preview":"max-video-preview:-1"},"canonical":"https:\/\/president-ksgov.net\/sr\/predsednica-osmani-kosovo-ce-nastaviti-da-ide-napred-nepokolebljivo-na-svom-putu-ka-evroatlantskoj-porodici-i-gradeci-snazna-partnerstva-sirom-sveta\/","og_locale":"sr_RS","og_type":"article","og_title":"Predsednica Osmani: Kosovo \u0107e nastaviti da ide napred, nepokolebljivo na svom putu ka evroatlantskoj porodici i grade\u0107i sna\u017ena partnerstva \u0161irom sveta - Predsednik Republike Kosovo - DR. VJOSA OSMANI - SADRIU","og_description":"Predsednica Osmani: Kosovo \u0107e nastaviti da ide napred, nepokolebljivo na svom putu ka evroatlantskoj porodici i grade\u0107i sna\u017ena partnerstva \u0161irom sveta - Predsednik Republike Kosovo - DR. VJOSA OSMANI - SADRIU - Vesti","og_url":"https:\/\/president-ksgov.net\/sr\/predsednica-osmani-kosovo-ce-nastaviti-da-ide-napred-nepokolebljivo-na-svom-putu-ka-evroatlantskoj-porodici-i-gradeci-snazna-partnerstva-sirom-sveta\/","og_site_name":"Predsednik Republike Kosovo - DR. VJOSA OSMANI - SADRIU","article_published_time":"2026-01-28T09:40:57+00:00","article_modified_time":"2026-01-29T08:36:53+00:00","og_image":[{"width":1280,"height":854,"url":"https:\/\/president-ksgov.net\/wp-content\/uploads\/Pritja-e-korit-diplomatik-28.01.26.jpeg","type":"image\/jpeg"}],"author":"Aulon Maliqi","twitter_card":"summary_large_image","twitter_misc":{"\u041d\u0430\u043f\u0438\u0441\u0430\u043d\u043e \u043e\u0434":"Aulon Maliqi","\u041f\u0440\u043e\u0446\u0435\u045a\u0435\u043d\u043e \u0432\u0440\u0435\u043c\u0435 \u0447\u0438\u0442\u0430\u045a\u0430":"1 \u043c\u0438\u043d\u0443\u0442"},"schema":{"@context":"https:\/\/schema.org","@graph":[{"@type":"WebPage","@id":"https:\/\/president-ksgov.net\/sr\/predsednica-osmani-kosovo-ce-nastaviti-da-ide-napred-nepokolebljivo-na-svom-putu-ka-evroatlantskoj-porodici-i-gradeci-snazna-partnerstva-sirom-sveta\/","url":"https:\/\/president-ksgov.net\/sr\/predsednica-osmani-kosovo-ce-nastaviti-da-ide-napred-nepokolebljivo-na-svom-putu-ka-evroatlantskoj-porodici-i-gradeci-snazna-partnerstva-sirom-sveta\/","name":"Predsednica Osmani: Kosovo \u0107e nastaviti da ide napred, nepokolebljivo na svom putu ka evroatlantskoj porodici i grade\u0107i sna\u017ena partnerstva \u0161irom sveta - Predsednik Republike Kosovo - DR. VJOSA OSMANI - SADRIU","isPartOf":{"@id":"https:\/\/president-ksgov.net\/#website"},"primaryImageOfPage":{"@id":"https:\/\/president-ksgov.net\/sr\/predsednica-osmani-kosovo-ce-nastaviti-da-ide-napred-nepokolebljivo-na-svom-putu-ka-evroatlantskoj-porodici-i-gradeci-snazna-partnerstva-sirom-sveta\/#primaryimage"},"image":{"@id":"https:\/\/president-ksgov.net\/sr\/predsednica-osmani-kosovo-ce-nastaviti-da-ide-napred-nepokolebljivo-na-svom-putu-ka-evroatlantskoj-porodici-i-gradeci-snazna-partnerstva-sirom-sveta\/#primaryimage"},"thumbnailUrl":"https:\/\/president-ksgov.net\/wp-content\/uploads\/Pritja-e-korit-diplomatik-28.01.26.jpeg","datePublished":"2026-01-28T09:40:57+00:00","dateModified":"2026-01-29T08:36:53+00:00","author":{"@id":"https:\/\/president-ksgov.net\/#\/schema\/person\/639043365d5873f4c00b9dd2f548fe32"},"description":"Predsednica Osmani: Kosovo \u0107e nastaviti da ide napred, nepokolebljivo na svom putu ka evroatlantskoj porodici i grade\u0107i sna\u017ena partnerstva \u0161irom sveta - Predsednik Republike Kosovo - DR. VJOSA OSMANI - SADRIU - Vesti","breadcrumb":{"@id":"https:\/\/president-ksgov.net\/sr\/predsednica-osmani-kosovo-ce-nastaviti-da-ide-napred-nepokolebljivo-na-svom-putu-ka-evroatlantskoj-porodici-i-gradeci-snazna-partnerstva-sirom-sveta\/#breadcrumb"},"inLanguage":"sr-RS","potentialAction":[{"@type":"ReadAction","target":["https:\/\/president-ksgov.net\/sr\/predsednica-osmani-kosovo-ce-nastaviti-da-ide-napred-nepokolebljivo-na-svom-putu-ka-evroatlantskoj-porodici-i-gradeci-snazna-partnerstva-sirom-sveta\/"]}]},{"@type":"ImageObject","inLanguage":"sr-RS","@id":"https:\/\/president-ksgov.net\/sr\/predsednica-osmani-kosovo-ce-nastaviti-da-ide-napred-nepokolebljivo-na-svom-putu-ka-evroatlantskoj-porodici-i-gradeci-snazna-partnerstva-sirom-sveta\/#primaryimage","url":"https:\/\/president-ksgov.net\/wp-content\/uploads\/Pritja-e-korit-diplomatik-28.01.26.jpeg","contentUrl":"https:\/\/president-ksgov.net\/wp-content\/uploads\/Pritja-e-korit-diplomatik-28.01.26.jpeg","width":1280,"height":854},{"@type":"BreadcrumbList","@id":"https:\/\/president-ksgov.net\/sr\/predsednica-osmani-kosovo-ce-nastaviti-da-ide-napred-nepokolebljivo-na-svom-putu-ka-evroatlantskoj-porodici-i-gradeci-snazna-partnerstva-sirom-sveta\/#breadcrumb","itemListElement":[{"@type":"ListItem","position":1,"name":"Home","item":"https:\/\/president-ksgov.net\/sr\/"},{"@type":"ListItem","position":2,"name":"Predsednica Osmani: Kosovo \u0107e nastaviti da ide napred, nepokolebljivo na svom putu ka evroatlantskoj porodici i grade\u0107i sna\u017ena partnerstva \u0161irom sveta"}]},{"@type":"WebSite","@id":"https:\/\/president-ksgov.net\/#website","url":"https:\/\/president-ksgov.net\/","name":"Presidente e Republik\u00ebs s\u00eb Kosov\u00ebs","description":"Presidente e Republik\u00ebs s\u00eb Kosov\u00ebs","alternateName":"DR. VJOSA OSMANI - SADRIU","potentialAction":[{"@type":"SearchAction","target":{"@type":"EntryPoint","urlTemplate":"https:\/\/president-ksgov.net\/?s={search_term_string}"},"query-input":{"@type":"PropertyValueSpecification","valueRequired":true,"valueName":"search_term_string"}}],"inLanguage":"sr-RS"},{"@type":"Person","@id":"https:\/\/president-ksgov.net\/#\/schema\/person\/639043365d5873f4c00b9dd2f548fe32","name":"Aulon Maliqi","image":{"@type":"ImageObject","inLanguage":"sr-RS","@id":"https:\/\/president-ksgov.net\/#\/schema\/person\/image\/","url":"https:\/\/secure.gravatar.com\/avatar\/25825420648e802b44e5fd098636053cf34adea3bcdf93520be287f818c2ce8b?s=96&d=mm&r=g","contentUrl":"https:\/\/secure.gravatar.com\/avatar\/25825420648e802b44e5fd098636053cf34adea3bcdf93520be287f818c2ce8b?s=96&d=mm&r=g","caption":"Aulon Maliqi"}}]}},"_links":{"self":[{"href":"https:\/\/president-ksgov.net\/sr\/wp-json\/wp\/v2\/posts\/181047","targetHints":{"allow":["GET"]}}],"collection":[{"href":"https:\/\/president-ksgov.net\/sr\/wp-json\/wp\/v2\/posts"}],"about":[{"href":"https:\/\/president-ksgov.net\/sr\/wp-json\/wp\/v2\/types\/post"}],"author":[{"embeddable":true,"href":"https:\/\/president-ksgov.net\/sr\/wp-json\/wp\/v2\/users\/18"}],"replies":[{"embeddable":true,"href":"https:\/\/president-ksgov.net\/sr\/wp-json\/wp\/v2\/comments?post=181047"}],"version-history":[{"count":1,"href":"https:\/\/president-ksgov.net\/sr\/wp-json\/wp\/v2\/posts\/181047\/revisions"}],"predecessor-version":[{"id":181048,"href":"https:\/\/president-ksgov.net\/sr\/wp-json\/wp\/v2\/posts\/181047\/revisions\/181048"}],"wp:featuredmedia":[{"embeddable":true,"href":"https:\/\/president-ksgov.net\/sr\/wp-json\/wp\/v2\/media\/181002"}],"wp:attachment":[{"href":"https:\/\/president-ksgov.net\/sr\/wp-json\/wp\/v2\/media?parent=181047"}],"wp:term":[{"taxonomy":"category","embeddable":true,"href":"https:\/\/president-ksgov.net\/sr\/wp-json\/wp\/v2\/categories?post=181047"},{"taxonomy":"post_tag","embeddable":true,"href":"https:\/\/president-ksgov.net\/sr\/wp-json\/wp\/v2\/tags?post=181047"}],"curies":[{"name":"wp","href":"https:\/\/api.w.org\/{rel}","templated":true}]}}