{"id":179501,"date":"2026-01-13T20:18:41","date_gmt":"2026-01-13T19:18:41","guid":{"rendered":"https:\/\/president-ksgov.net\/?p=179501"},"modified":"2026-01-14T09:06:57","modified_gmt":"2026-01-14T08:06:57","slug":"predsednica-osmani-docekala-osnivace-i-clanove-grupe-besa-bese","status":"publish","type":"post","link":"https:\/\/president-ksgov.net\/sr\/predsednica-osmani-docekala-osnivace-i-clanove-grupe-besa-bese\/","title":{"rendered":"Predsednica Osmani do\u010dekala osniva\u010de i \u010dlanove grupe \u201eBesa Bes\u00eb\u201c"},"content":{"rendered":"<p>Danas je predsednica do\u010dekala osniva\u010de i \u010dlanove grupe \u201eBesa Bes\u00eb\u201c. Ova grupa je na izvanredan na\u010din doprinela podizanju svesti o va\u017enosti konzumiranja lokalnih proizvoda, ohrabruju\u0107i gra\u0111ane da izbegavaju srpske proizvode i podr\u017ee na\u0161e lokalne proizvo\u0111a\u010de.<\/p>\n<p>Fokus na lokalne proizvode nije samo pitanje ekonomskog identiteta, ve\u0107 ima direktan uticaj na odr\u017eivi ekonomski razvoj, rast zaposlenosti, ja\u010danje proizvodnog sektora i bezbednost hrane, osiguravaju\u0107i da gra\u0111ani konzumiraju bezbednije i kvalitetnije proizvode.<\/p>\n<p>&#8222;Veoma cenim njihovu posve\u0107enost i ango\u017eujem se u odr\u0161ci svakoj inicijativi koja osna\u017euje lokalne proizvo\u0111a\u010de i ekonomiju na\u0161e zemlje&#8220;, rekla je predsednica<\/p>\n","protected":false},"excerpt":{"rendered":"<p>Danas je predsednica do\u010dekala osniva\u010de i \u010dlanove grupe \u201eBesa Bes\u00eb\u201c. Ova grupa je na izvanredan na\u010din doprinela podizanju svesti o va\u017enosti konzumiranja lokalnih proizvoda, ohrabruju\u0107i gra\u0111ane da izbegavaju srpske proizvode i podr\u017ee na\u0161e lokalne proizvo\u0111a\u010de. Fokus na lokalne proizvode nije samo pitanje ekonomskog identiteta, ve\u0107 ima direktan uticaj na odr\u017eivi ekonomski razvoj, rast zaposlenosti, ja\u010danje proizvodnog sektora i bezbednost hrane, osiguravaju\u0107i da gra\u0111ani konzumiraju bezbednije i kvalitetnije proizvode. &#8222;Veoma cenim njihovu posve\u0107enost i ango\u017eujem se u odr\u0161ci svakoj inicijativi koja osna\u017euje lokalne proizvo\u0111a\u010de i ekonomiju na\u0161e zemlje&#8220;, rekla je predsednica<\/p>\n","protected":false},"author":9,"featured_media":179496,"comment_status":"closed","ping_status":"closed","sticky":false,"template":"","format":"standard","meta":{"_eb_attr":"","footnotes":""},"categories":[101],"tags":[],"class_list":["post-179501","post","type-post","status-publish","format-standard","has-post-thumbnail","hentry","category-vesti"],"yoast_head":"<!-- This site is optimized with the Yoast SEO plugin v23.5 - https:\/\/yoast.com\/wordpress\/plugins\/seo\/ -->\n<title>Predsednica Osmani do\u010dekala osniva\u010de i \u010dlanove grupe \u201eBesa Bes\u00eb\u201c - Predsednik Republike Kosovo - DR. VJOSA OSMANI - SADRIU<\/title>\n<meta name=\"description\" content=\"Predsednica Osmani do\u010dekala osniva\u010de i \u010dlanove grupe \u201eBesa Bes\u00eb\u201c - Predsednik Republike Kosovo - DR. VJOSA OSMANI - SADRIU -\" \/>\n<meta name=\"robots\" content=\"index, follow, max-snippet:-1, max-image-preview:large, max-video-preview:-1\" \/>\n<link rel=\"canonical\" href=\"https:\/\/president-ksgov.net\/en\/?p=179503\" \/>\n<meta property=\"og:locale\" content=\"sr_RS\" \/>\n<meta property=\"og:type\" content=\"article\" \/>\n<meta property=\"og:title\" content=\"Predsednica Osmani do\u010dekala osniva\u010de i \u010dlanove grupe \u201eBesa Bes\u00eb\u201c - Predsednik Republike Kosovo - DR. VJOSA OSMANI - SADRIU\" \/>\n<meta property=\"og:description\" content=\"Predsednica Osmani do\u010dekala osniva\u010de i \u010dlanove grupe \u201eBesa Bes\u00eb\u201c - Predsednik Republike Kosovo - DR. VJOSA OSMANI - SADRIU -\" \/>\n<meta property=\"og:url\" content=\"https:\/\/president-ksgov.net\/en\/?p=179503\" \/>\n<meta property=\"og:site_name\" content=\"Predsednik Republike Kosovo - DR. VJOSA OSMANI - SADRIU\" \/>\n<meta property=\"article:published_time\" content=\"2026-01-13T19:18:41+00:00\" \/>\n<meta property=\"article:modified_time\" content=\"2026-01-14T08:06:57+00:00\" \/>\n<meta property=\"og:image\" content=\"https:\/\/president-ksgov.net\/wp-content\/uploads\/IMG_4732-scaled.jpg\" \/>\n\t<meta property=\"og:image:width\" content=\"2560\" \/>\n\t<meta property=\"og:image:height\" content=\"1847\" \/>\n\t<meta property=\"og:image:type\" content=\"image\/jpeg\" \/>\n<meta name=\"author\" content=\"Florent Rrahmani\" \/>\n<meta name=\"twitter:card\" content=\"summary_large_image\" \/>\n<meta name=\"twitter:label1\" content=\"\u041d\u0430\u043f\u0438\u0441\u0430\u043d\u043e \u043e\u0434\" \/>\n\t<meta name=\"twitter:data1\" content=\"Florent Rrahmani\" \/>\n\t<meta name=\"twitter:label2\" content=\"\u041f\u0440\u043e\u0446\u0435\u045a\u0435\u043d\u043e \u0432\u0440\u0435\u043c\u0435 \u0447\u0438\u0442\u0430\u045a\u0430\" \/>\n\t<meta name=\"twitter:data2\" content=\"1 \u043c\u0438\u043d\u0443\u0442\" \/>\n<script type=\"application\/ld+json\" class=\"yoast-schema-graph\">{\"@context\":\"https:\/\/schema.org\",\"@graph\":[{\"@type\":\"WebPage\",\"@id\":\"https:\/\/president-ksgov.net\/en\/?p=179503\",\"url\":\"https:\/\/president-ksgov.net\/en\/?p=179503\",\"name\":\"Predsednica Osmani do\u010dekala osniva\u010de i \u010dlanove grupe \u201eBesa Bes\u00eb\u201c - Predsednik Republike Kosovo - DR. VJOSA OSMANI - SADRIU\",\"isPartOf\":{\"@id\":\"https:\/\/president-ksgov.net\/#website\"},\"primaryImageOfPage\":{\"@id\":\"https:\/\/president-ksgov.net\/en\/?p=179503#primaryimage\"},\"image\":{\"@id\":\"https:\/\/president-ksgov.net\/en\/?p=179503#primaryimage\"},\"thumbnailUrl\":\"https:\/\/president-ksgov.net\/wp-content\/uploads\/IMG_4732-scaled.jpg\",\"datePublished\":\"2026-01-13T19:18:41+00:00\",\"dateModified\":\"2026-01-14T08:06:57+00:00\",\"author\":{\"@id\":\"https:\/\/president-ksgov.net\/#\/schema\/person\/7c46f744a99d3f1616b92658282aa934\"},\"description\":\"Predsednica Osmani do\u010dekala osniva\u010de i \u010dlanove grupe \u201eBesa Bes\u00eb\u201c - Predsednik Republike Kosovo - DR. VJOSA OSMANI - SADRIU -\",\"breadcrumb\":{\"@id\":\"https:\/\/president-ksgov.net\/en\/?p=179503#breadcrumb\"},\"inLanguage\":\"sr-RS\",\"potentialAction\":[{\"@type\":\"ReadAction\",\"target\":[\"https:\/\/president-ksgov.net\/en\/?p=179503\"]}]},{\"@type\":\"ImageObject\",\"inLanguage\":\"sr-RS\",\"@id\":\"https:\/\/president-ksgov.net\/en\/?p=179503#primaryimage\",\"url\":\"https:\/\/president-ksgov.net\/wp-content\/uploads\/IMG_4732-scaled.jpg\",\"contentUrl\":\"https:\/\/president-ksgov.net\/wp-content\/uploads\/IMG_4732-scaled.jpg\",\"width\":2560,\"height\":1847},{\"@type\":\"BreadcrumbList\",\"@id\":\"https:\/\/president-ksgov.net\/en\/?p=179503#breadcrumb\",\"itemListElement\":[{\"@type\":\"ListItem\",\"position\":1,\"name\":\"Home\",\"item\":\"https:\/\/president-ksgov.net\/sr\/\"},{\"@type\":\"ListItem\",\"position\":2,\"name\":\"Predsednica Osmani do\u010dekala osniva\u010de i \u010dlanove grupe \u201eBesa Bes\u00eb\u201c\"}]},{\"@type\":\"WebSite\",\"@id\":\"https:\/\/president-ksgov.net\/#website\",\"url\":\"https:\/\/president-ksgov.net\/\",\"name\":\"Presidente e Republik\u00ebs s\u00eb Kosov\u00ebs\",\"description\":\"Presidente e Republik\u00ebs s\u00eb Kosov\u00ebs\",\"alternateName\":\"DR. VJOSA OSMANI - SADRIU\",\"potentialAction\":[{\"@type\":\"SearchAction\",\"target\":{\"@type\":\"EntryPoint\",\"urlTemplate\":\"https:\/\/president-ksgov.net\/?s={search_term_string}\"},\"query-input\":{\"@type\":\"PropertyValueSpecification\",\"valueRequired\":true,\"valueName\":\"search_term_string\"}}],\"inLanguage\":\"sr-RS\"},{\"@type\":\"Person\",\"@id\":\"https:\/\/president-ksgov.net\/#\/schema\/person\/7c46f744a99d3f1616b92658282aa934\",\"name\":\"Florent Rrahmani\",\"image\":{\"@type\":\"ImageObject\",\"inLanguage\":\"sr-RS\",\"@id\":\"https:\/\/president-ksgov.net\/#\/schema\/person\/image\/\",\"url\":\"https:\/\/secure.gravatar.com\/avatar\/2545924aa250de68ac8368367a79b663e59571cd131611f54c89b0613a94e230?s=96&d=mm&r=g\",\"contentUrl\":\"https:\/\/secure.gravatar.com\/avatar\/2545924aa250de68ac8368367a79b663e59571cd131611f54c89b0613a94e230?s=96&d=mm&r=g\",\"caption\":\"Florent Rrahmani\"}}]}<\/script>\n<!-- \/ Yoast SEO plugin. -->","yoast_head_json":{"title":"Predsednica Osmani do\u010dekala osniva\u010de i \u010dlanove grupe \u201eBesa Bes\u00eb\u201c - Predsednik Republike Kosovo - DR. VJOSA OSMANI - SADRIU","description":"Predsednica Osmani do\u010dekala osniva\u010de i \u010dlanove grupe \u201eBesa Bes\u00eb\u201c - Predsednik Republike Kosovo - DR. VJOSA OSMANI - SADRIU -","robots":{"index":"index","follow":"follow","max-snippet":"max-snippet:-1","max-image-preview":"max-image-preview:large","max-video-preview":"max-video-preview:-1"},"canonical":"https:\/\/president-ksgov.net\/en\/?p=179503","og_locale":"sr_RS","og_type":"article","og_title":"Predsednica Osmani do\u010dekala osniva\u010de i \u010dlanove grupe \u201eBesa Bes\u00eb\u201c - Predsednik Republike Kosovo - DR. VJOSA OSMANI - SADRIU","og_description":"Predsednica Osmani do\u010dekala osniva\u010de i \u010dlanove grupe \u201eBesa Bes\u00eb\u201c - Predsednik Republike Kosovo - DR. VJOSA OSMANI - SADRIU -","og_url":"https:\/\/president-ksgov.net\/en\/?p=179503","og_site_name":"Predsednik Republike Kosovo - DR. VJOSA OSMANI - SADRIU","article_published_time":"2026-01-13T19:18:41+00:00","article_modified_time":"2026-01-14T08:06:57+00:00","og_image":[{"width":2560,"height":1847,"url":"https:\/\/president-ksgov.net\/wp-content\/uploads\/IMG_4732-scaled.jpg","type":"image\/jpeg"}],"author":"Florent Rrahmani","twitter_card":"summary_large_image","twitter_misc":{"\u041d\u0430\u043f\u0438\u0441\u0430\u043d\u043e \u043e\u0434":"Florent Rrahmani","\u041f\u0440\u043e\u0446\u0435\u045a\u0435\u043d\u043e \u0432\u0440\u0435\u043c\u0435 \u0447\u0438\u0442\u0430\u045a\u0430":"1 \u043c\u0438\u043d\u0443\u0442"},"schema":{"@context":"https:\/\/schema.org","@graph":[{"@type":"WebPage","@id":"https:\/\/president-ksgov.net\/en\/?p=179503","url":"https:\/\/president-ksgov.net\/en\/?p=179503","name":"Predsednica Osmani do\u010dekala osniva\u010de i \u010dlanove grupe \u201eBesa Bes\u00eb\u201c - Predsednik Republike Kosovo - DR. VJOSA OSMANI - SADRIU","isPartOf":{"@id":"https:\/\/president-ksgov.net\/#website"},"primaryImageOfPage":{"@id":"https:\/\/president-ksgov.net\/en\/?p=179503#primaryimage"},"image":{"@id":"https:\/\/president-ksgov.net\/en\/?p=179503#primaryimage"},"thumbnailUrl":"https:\/\/president-ksgov.net\/wp-content\/uploads\/IMG_4732-scaled.jpg","datePublished":"2026-01-13T19:18:41+00:00","dateModified":"2026-01-14T08:06:57+00:00","author":{"@id":"https:\/\/president-ksgov.net\/#\/schema\/person\/7c46f744a99d3f1616b92658282aa934"},"description":"Predsednica Osmani do\u010dekala osniva\u010de i \u010dlanove grupe \u201eBesa Bes\u00eb\u201c - Predsednik Republike Kosovo - DR. VJOSA OSMANI - SADRIU -","breadcrumb":{"@id":"https:\/\/president-ksgov.net\/en\/?p=179503#breadcrumb"},"inLanguage":"sr-RS","potentialAction":[{"@type":"ReadAction","target":["https:\/\/president-ksgov.net\/en\/?p=179503"]}]},{"@type":"ImageObject","inLanguage":"sr-RS","@id":"https:\/\/president-ksgov.net\/en\/?p=179503#primaryimage","url":"https:\/\/president-ksgov.net\/wp-content\/uploads\/IMG_4732-scaled.jpg","contentUrl":"https:\/\/president-ksgov.net\/wp-content\/uploads\/IMG_4732-scaled.jpg","width":2560,"height":1847},{"@type":"BreadcrumbList","@id":"https:\/\/president-ksgov.net\/en\/?p=179503#breadcrumb","itemListElement":[{"@type":"ListItem","position":1,"name":"Home","item":"https:\/\/president-ksgov.net\/sr\/"},{"@type":"ListItem","position":2,"name":"Predsednica Osmani do\u010dekala osniva\u010de i \u010dlanove grupe \u201eBesa Bes\u00eb\u201c"}]},{"@type":"WebSite","@id":"https:\/\/president-ksgov.net\/#website","url":"https:\/\/president-ksgov.net\/","name":"Presidente e Republik\u00ebs s\u00eb Kosov\u00ebs","description":"Presidente e Republik\u00ebs s\u00eb Kosov\u00ebs","alternateName":"DR. VJOSA OSMANI - SADRIU","potentialAction":[{"@type":"SearchAction","target":{"@type":"EntryPoint","urlTemplate":"https:\/\/president-ksgov.net\/?s={search_term_string}"},"query-input":{"@type":"PropertyValueSpecification","valueRequired":true,"valueName":"search_term_string"}}],"inLanguage":"sr-RS"},{"@type":"Person","@id":"https:\/\/president-ksgov.net\/#\/schema\/person\/7c46f744a99d3f1616b92658282aa934","name":"Florent Rrahmani","image":{"@type":"ImageObject","inLanguage":"sr-RS","@id":"https:\/\/president-ksgov.net\/#\/schema\/person\/image\/","url":"https:\/\/secure.gravatar.com\/avatar\/2545924aa250de68ac8368367a79b663e59571cd131611f54c89b0613a94e230?s=96&d=mm&r=g","contentUrl":"https:\/\/secure.gravatar.com\/avatar\/2545924aa250de68ac8368367a79b663e59571cd131611f54c89b0613a94e230?s=96&d=mm&r=g","caption":"Florent Rrahmani"}}]}},"_links":{"self":[{"href":"https:\/\/president-ksgov.net\/sr\/wp-json\/wp\/v2\/posts\/179501","targetHints":{"allow":["GET"]}}],"collection":[{"href":"https:\/\/president-ksgov.net\/sr\/wp-json\/wp\/v2\/posts"}],"about":[{"href":"https:\/\/president-ksgov.net\/sr\/wp-json\/wp\/v2\/types\/post"}],"author":[{"embeddable":true,"href":"https:\/\/president-ksgov.net\/sr\/wp-json\/wp\/v2\/users\/9"}],"replies":[{"embeddable":true,"href":"https:\/\/president-ksgov.net\/sr\/wp-json\/wp\/v2\/comments?post=179501"}],"version-history":[{"count":1,"href":"https:\/\/president-ksgov.net\/sr\/wp-json\/wp\/v2\/posts\/179501\/revisions"}],"predecessor-version":[{"id":179502,"href":"https:\/\/president-ksgov.net\/sr\/wp-json\/wp\/v2\/posts\/179501\/revisions\/179502"}],"wp:featuredmedia":[{"embeddable":true,"href":"https:\/\/president-ksgov.net\/sr\/wp-json\/wp\/v2\/media\/179496"}],"wp:attachment":[{"href":"https:\/\/president-ksgov.net\/sr\/wp-json\/wp\/v2\/media?parent=179501"}],"wp:term":[{"taxonomy":"category","embeddable":true,"href":"https:\/\/president-ksgov.net\/sr\/wp-json\/wp\/v2\/categories?post=179501"},{"taxonomy":"post_tag","embeddable":true,"href":"https:\/\/president-ksgov.net\/sr\/wp-json\/wp\/v2\/tags?post=179501"}],"curies":[{"name":"wp","href":"https:\/\/api.w.org\/{rel}","templated":true}]}}