{"id":179399,"date":"2026-01-11T16:43:21","date_gmt":"2026-01-11T15:43:21","guid":{"rendered":"https:\/\/president-ksgov.net\/?p=179399"},"modified":"2026-01-12T10:04:11","modified_gmt":"2026-01-12T09:04:11","slug":"predsednica-osmani-rexhep-mala-i-nuhi-berisha-patriote-koji-nisu-poznavale-strah-i-dale-sve-za-slobodu-kosova","status":"publish","type":"post","link":"https:\/\/president-ksgov.net\/sr\/predsednica-osmani-rexhep-mala-i-nuhi-berisha-patriote-koji-nisu-poznavale-strah-i-dale-sve-za-slobodu-kosova\/","title":{"rendered":"Predsednica Osmani: Rexhep Mala i Nuhi Berisha, patriote koji nisu poznavale strah i dale sve za slobodu Kosova"},"content":{"rendered":"<p>Izme\u0111u 11. i 12. januara 1984. godine, u naselju Vranjevac u Pri\u0161tini, patriote Rexhep Mala i Nuhi Berisha herojski su pali u sukobu sa snagama srpskog re\u017eima. Dva momaka koji nisu poznavali strah i dali sve za slobodu Kosova.<\/p>\n<p>Kao idejni tvorci Studentskog komiteta, oni su bili na \u010delu Studentskog prole\u0107a 1981. godine, bivaju\u0107i rani glasnik velikih napora za oslobo\u0111enje. Njihov herojski pad ozna\u010dio je po\u010detak doprinosa koji \u0107e ostati zauvek deo istorije slobode Kosova.<\/p>\n<p>Rexhep Mala i Nuhi Berisha \u017eive u svakome od nas ko nosi u srcu otad\u017ebinu, u svakom koraku koji \u010dini Kosovo, i oni su dokaz da su njihova hrabrost i \u017ertvovanje na\u0161e ve\u010dito po\u0161tovanje i se\u0107anje.<\/p>\n","protected":false},"excerpt":{"rendered":"<p>Izme\u0111u 11. i 12. januara 1984. godine, u naselju Vranjevac u Pri\u0161tini, patriote Rexhep Mala i Nuhi Berisha herojski su pali u sukobu sa snagama srpskog re\u017eima. Dva momaka koji nisu poznavali strah i dali sve za slobodu Kosova. Kao idejni tvorci Studentskog komiteta, oni su bili na \u010delu Studentskog prole\u0107a 1981. godine, bivaju\u0107i rani glasnik velikih napora za oslobo\u0111enje. Njihov herojski pad ozna\u010dio je po\u010detak doprinosa koji \u0107e ostati zauvek deo istorije slobode Kosova. Rexhep Mala i Nuhi Berisha \u017eive u svakome od nas ko nosi u srcu otad\u017ebinu, u svakom koraku koji \u010dini Kosovo, i oni su dokaz da su njihova hrabrost i \u017ertvovanje na\u0161e ve\u010dito po\u0161tovanje i se\u0107anje.<\/p>\n","protected":false},"author":9,"featured_media":179395,"comment_status":"closed","ping_status":"closed","sticky":false,"template":"","format":"standard","meta":{"_eb_attr":"","footnotes":""},"categories":[101],"tags":[],"class_list":["post-179399","post","type-post","status-publish","format-standard","has-post-thumbnail","hentry","category-vesti"],"yoast_head":"<!-- This site is optimized with the Yoast SEO plugin v23.5 - https:\/\/yoast.com\/wordpress\/plugins\/seo\/ -->\n<title>Predsednica Osmani: Rexhep Mala i Nuhi Berisha, patriote koji nisu poznavale strah i dale sve za slobodu Kosova - Predsednik Republike Kosovo - DR. VJOSA OSMANI - SADRIU<\/title>\n<meta name=\"description\" content=\"Predsednica Osmani: Rexhep Mala i Nuhi Berisha, patriote koji nisu poznavale strah i dale sve za slobodu Kosova - Predsednik Republike Kosovo - DR. VJOSA OSMANI - SADRIU - Vesti\" \/>\n<meta name=\"robots\" content=\"index, follow, max-snippet:-1, max-image-preview:large, max-video-preview:-1\" \/>\n<link rel=\"canonical\" href=\"https:\/\/president-ksgov.net\/sr\/predsednica-osmani-rexhep-mala-i-nuhi-berisha-patriote-koji-nisu-poznavale-strah-i-dale-sve-za-slobodu-kosova\/\" \/>\n<meta property=\"og:locale\" content=\"sr_RS\" \/>\n<meta property=\"og:type\" content=\"article\" \/>\n<meta property=\"og:title\" content=\"Predsednica Osmani: Rexhep Mala i Nuhi Berisha, patriote koji nisu poznavale strah i dale sve za slobodu Kosova - Predsednik Republike Kosovo - DR. VJOSA OSMANI - SADRIU\" \/>\n<meta property=\"og:description\" content=\"Predsednica Osmani: Rexhep Mala i Nuhi Berisha, patriote koji nisu poznavale strah i dale sve za slobodu Kosova - Predsednik Republike Kosovo - DR. VJOSA OSMANI - SADRIU - Vesti\" \/>\n<meta property=\"og:url\" content=\"https:\/\/president-ksgov.net\/sr\/predsednica-osmani-rexhep-mala-i-nuhi-berisha-patriote-koji-nisu-poznavale-strah-i-dale-sve-za-slobodu-kosova\/\" \/>\n<meta property=\"og:site_name\" content=\"Predsednik Republike Kosovo - DR. VJOSA OSMANI - SADRIU\" \/>\n<meta property=\"article:published_time\" content=\"2026-01-11T15:43:21+00:00\" \/>\n<meta property=\"article:modified_time\" content=\"2026-01-12T09:04:11+00:00\" \/>\n<meta property=\"og:image\" content=\"https:\/\/president-ksgov.net\/wp-content\/uploads\/35754b98-6a6e-4045-9f1a-24b8d6e16a2d.jpg\" \/>\n\t<meta property=\"og:image:width\" content=\"1245\" \/>\n\t<meta property=\"og:image:height\" content=\"699\" \/>\n\t<meta property=\"og:image:type\" content=\"image\/jpeg\" \/>\n<meta name=\"author\" content=\"Florent Rrahmani\" \/>\n<meta name=\"twitter:card\" content=\"summary_large_image\" \/>\n<meta name=\"twitter:label1\" content=\"\u041d\u0430\u043f\u0438\u0441\u0430\u043d\u043e \u043e\u0434\" \/>\n\t<meta name=\"twitter:data1\" content=\"Florent Rrahmani\" \/>\n\t<meta name=\"twitter:label2\" content=\"\u041f\u0440\u043e\u0446\u0435\u045a\u0435\u043d\u043e \u0432\u0440\u0435\u043c\u0435 \u0447\u0438\u0442\u0430\u045a\u0430\" \/>\n\t<meta name=\"twitter:data2\" content=\"1 \u043c\u0438\u043d\u0443\u0442\" \/>\n<script type=\"application\/ld+json\" class=\"yoast-schema-graph\">{\"@context\":\"https:\/\/schema.org\",\"@graph\":[{\"@type\":\"WebPage\",\"@id\":\"https:\/\/president-ksgov.net\/sr\/predsednica-osmani-rexhep-mala-i-nuhi-berisha-patriote-koji-nisu-poznavale-strah-i-dale-sve-za-slobodu-kosova\/\",\"url\":\"https:\/\/president-ksgov.net\/sr\/predsednica-osmani-rexhep-mala-i-nuhi-berisha-patriote-koji-nisu-poznavale-strah-i-dale-sve-za-slobodu-kosova\/\",\"name\":\"Predsednica Osmani: Rexhep Mala i Nuhi Berisha, patriote koji nisu poznavale strah i dale sve za slobodu Kosova - Predsednik Republike Kosovo - DR. VJOSA OSMANI - SADRIU\",\"isPartOf\":{\"@id\":\"https:\/\/president-ksgov.net\/#website\"},\"primaryImageOfPage\":{\"@id\":\"https:\/\/president-ksgov.net\/sr\/predsednica-osmani-rexhep-mala-i-nuhi-berisha-patriote-koji-nisu-poznavale-strah-i-dale-sve-za-slobodu-kosova\/#primaryimage\"},\"image\":{\"@id\":\"https:\/\/president-ksgov.net\/sr\/predsednica-osmani-rexhep-mala-i-nuhi-berisha-patriote-koji-nisu-poznavale-strah-i-dale-sve-za-slobodu-kosova\/#primaryimage\"},\"thumbnailUrl\":\"https:\/\/president-ksgov.net\/wp-content\/uploads\/35754b98-6a6e-4045-9f1a-24b8d6e16a2d.jpg\",\"datePublished\":\"2026-01-11T15:43:21+00:00\",\"dateModified\":\"2026-01-12T09:04:11+00:00\",\"author\":{\"@id\":\"https:\/\/president-ksgov.net\/#\/schema\/person\/7c46f744a99d3f1616b92658282aa934\"},\"description\":\"Predsednica Osmani: Rexhep Mala i Nuhi Berisha, patriote koji nisu poznavale strah i dale sve za slobodu Kosova - Predsednik Republike Kosovo - DR. VJOSA OSMANI - SADRIU - Vesti\",\"breadcrumb\":{\"@id\":\"https:\/\/president-ksgov.net\/sr\/predsednica-osmani-rexhep-mala-i-nuhi-berisha-patriote-koji-nisu-poznavale-strah-i-dale-sve-za-slobodu-kosova\/#breadcrumb\"},\"inLanguage\":\"sr-RS\",\"potentialAction\":[{\"@type\":\"ReadAction\",\"target\":[\"https:\/\/president-ksgov.net\/sr\/predsednica-osmani-rexhep-mala-i-nuhi-berisha-patriote-koji-nisu-poznavale-strah-i-dale-sve-za-slobodu-kosova\/\"]}]},{\"@type\":\"ImageObject\",\"inLanguage\":\"sr-RS\",\"@id\":\"https:\/\/president-ksgov.net\/sr\/predsednica-osmani-rexhep-mala-i-nuhi-berisha-patriote-koji-nisu-poznavale-strah-i-dale-sve-za-slobodu-kosova\/#primaryimage\",\"url\":\"https:\/\/president-ksgov.net\/wp-content\/uploads\/35754b98-6a6e-4045-9f1a-24b8d6e16a2d.jpg\",\"contentUrl\":\"https:\/\/president-ksgov.net\/wp-content\/uploads\/35754b98-6a6e-4045-9f1a-24b8d6e16a2d.jpg\",\"width\":1245,\"height\":699},{\"@type\":\"BreadcrumbList\",\"@id\":\"https:\/\/president-ksgov.net\/sr\/predsednica-osmani-rexhep-mala-i-nuhi-berisha-patriote-koji-nisu-poznavale-strah-i-dale-sve-za-slobodu-kosova\/#breadcrumb\",\"itemListElement\":[{\"@type\":\"ListItem\",\"position\":1,\"name\":\"Home\",\"item\":\"https:\/\/president-ksgov.net\/sr\/\"},{\"@type\":\"ListItem\",\"position\":2,\"name\":\"Predsednica Osmani: Rexhep Mala i Nuhi Berisha, patriote koji nisu poznavale strah i dale sve za slobodu Kosova\"}]},{\"@type\":\"WebSite\",\"@id\":\"https:\/\/president-ksgov.net\/#website\",\"url\":\"https:\/\/president-ksgov.net\/\",\"name\":\"Presidente e Republik\u00ebs s\u00eb Kosov\u00ebs\",\"description\":\"Presidente e Republik\u00ebs s\u00eb Kosov\u00ebs\",\"alternateName\":\"DR. VJOSA OSMANI - SADRIU\",\"potentialAction\":[{\"@type\":\"SearchAction\",\"target\":{\"@type\":\"EntryPoint\",\"urlTemplate\":\"https:\/\/president-ksgov.net\/?s={search_term_string}\"},\"query-input\":{\"@type\":\"PropertyValueSpecification\",\"valueRequired\":true,\"valueName\":\"search_term_string\"}}],\"inLanguage\":\"sr-RS\"},{\"@type\":\"Person\",\"@id\":\"https:\/\/president-ksgov.net\/#\/schema\/person\/7c46f744a99d3f1616b92658282aa934\",\"name\":\"Florent Rrahmani\",\"image\":{\"@type\":\"ImageObject\",\"inLanguage\":\"sr-RS\",\"@id\":\"https:\/\/president-ksgov.net\/#\/schema\/person\/image\/\",\"url\":\"https:\/\/secure.gravatar.com\/avatar\/2545924aa250de68ac8368367a79b663e59571cd131611f54c89b0613a94e230?s=96&d=mm&r=g\",\"contentUrl\":\"https:\/\/secure.gravatar.com\/avatar\/2545924aa250de68ac8368367a79b663e59571cd131611f54c89b0613a94e230?s=96&d=mm&r=g\",\"caption\":\"Florent Rrahmani\"}}]}<\/script>\n<!-- \/ Yoast SEO plugin. -->","yoast_head_json":{"title":"Predsednica Osmani: Rexhep Mala i Nuhi Berisha, patriote koji nisu poznavale strah i dale sve za slobodu Kosova - Predsednik Republike Kosovo - DR. VJOSA OSMANI - SADRIU","description":"Predsednica Osmani: Rexhep Mala i Nuhi Berisha, patriote koji nisu poznavale strah i dale sve za slobodu Kosova - Predsednik Republike Kosovo - DR. VJOSA OSMANI - SADRIU - Vesti","robots":{"index":"index","follow":"follow","max-snippet":"max-snippet:-1","max-image-preview":"max-image-preview:large","max-video-preview":"max-video-preview:-1"},"canonical":"https:\/\/president-ksgov.net\/sr\/predsednica-osmani-rexhep-mala-i-nuhi-berisha-patriote-koji-nisu-poznavale-strah-i-dale-sve-za-slobodu-kosova\/","og_locale":"sr_RS","og_type":"article","og_title":"Predsednica Osmani: Rexhep Mala i Nuhi Berisha, patriote koji nisu poznavale strah i dale sve za slobodu Kosova - Predsednik Republike Kosovo - DR. VJOSA OSMANI - SADRIU","og_description":"Predsednica Osmani: Rexhep Mala i Nuhi Berisha, patriote koji nisu poznavale strah i dale sve za slobodu Kosova - Predsednik Republike Kosovo - DR. VJOSA OSMANI - SADRIU - Vesti","og_url":"https:\/\/president-ksgov.net\/sr\/predsednica-osmani-rexhep-mala-i-nuhi-berisha-patriote-koji-nisu-poznavale-strah-i-dale-sve-za-slobodu-kosova\/","og_site_name":"Predsednik Republike Kosovo - DR. VJOSA OSMANI - SADRIU","article_published_time":"2026-01-11T15:43:21+00:00","article_modified_time":"2026-01-12T09:04:11+00:00","og_image":[{"width":1245,"height":699,"url":"https:\/\/president-ksgov.net\/wp-content\/uploads\/35754b98-6a6e-4045-9f1a-24b8d6e16a2d.jpg","type":"image\/jpeg"}],"author":"Florent Rrahmani","twitter_card":"summary_large_image","twitter_misc":{"\u041d\u0430\u043f\u0438\u0441\u0430\u043d\u043e \u043e\u0434":"Florent Rrahmani","\u041f\u0440\u043e\u0446\u0435\u045a\u0435\u043d\u043e \u0432\u0440\u0435\u043c\u0435 \u0447\u0438\u0442\u0430\u045a\u0430":"1 \u043c\u0438\u043d\u0443\u0442"},"schema":{"@context":"https:\/\/schema.org","@graph":[{"@type":"WebPage","@id":"https:\/\/president-ksgov.net\/sr\/predsednica-osmani-rexhep-mala-i-nuhi-berisha-patriote-koji-nisu-poznavale-strah-i-dale-sve-za-slobodu-kosova\/","url":"https:\/\/president-ksgov.net\/sr\/predsednica-osmani-rexhep-mala-i-nuhi-berisha-patriote-koji-nisu-poznavale-strah-i-dale-sve-za-slobodu-kosova\/","name":"Predsednica Osmani: Rexhep Mala i Nuhi Berisha, patriote koji nisu poznavale strah i dale sve za slobodu Kosova - Predsednik Republike Kosovo - DR. VJOSA OSMANI - SADRIU","isPartOf":{"@id":"https:\/\/president-ksgov.net\/#website"},"primaryImageOfPage":{"@id":"https:\/\/president-ksgov.net\/sr\/predsednica-osmani-rexhep-mala-i-nuhi-berisha-patriote-koji-nisu-poznavale-strah-i-dale-sve-za-slobodu-kosova\/#primaryimage"},"image":{"@id":"https:\/\/president-ksgov.net\/sr\/predsednica-osmani-rexhep-mala-i-nuhi-berisha-patriote-koji-nisu-poznavale-strah-i-dale-sve-za-slobodu-kosova\/#primaryimage"},"thumbnailUrl":"https:\/\/president-ksgov.net\/wp-content\/uploads\/35754b98-6a6e-4045-9f1a-24b8d6e16a2d.jpg","datePublished":"2026-01-11T15:43:21+00:00","dateModified":"2026-01-12T09:04:11+00:00","author":{"@id":"https:\/\/president-ksgov.net\/#\/schema\/person\/7c46f744a99d3f1616b92658282aa934"},"description":"Predsednica Osmani: Rexhep Mala i Nuhi Berisha, patriote koji nisu poznavale strah i dale sve za slobodu Kosova - Predsednik Republike Kosovo - DR. VJOSA OSMANI - SADRIU - Vesti","breadcrumb":{"@id":"https:\/\/president-ksgov.net\/sr\/predsednica-osmani-rexhep-mala-i-nuhi-berisha-patriote-koji-nisu-poznavale-strah-i-dale-sve-za-slobodu-kosova\/#breadcrumb"},"inLanguage":"sr-RS","potentialAction":[{"@type":"ReadAction","target":["https:\/\/president-ksgov.net\/sr\/predsednica-osmani-rexhep-mala-i-nuhi-berisha-patriote-koji-nisu-poznavale-strah-i-dale-sve-za-slobodu-kosova\/"]}]},{"@type":"ImageObject","inLanguage":"sr-RS","@id":"https:\/\/president-ksgov.net\/sr\/predsednica-osmani-rexhep-mala-i-nuhi-berisha-patriote-koji-nisu-poznavale-strah-i-dale-sve-za-slobodu-kosova\/#primaryimage","url":"https:\/\/president-ksgov.net\/wp-content\/uploads\/35754b98-6a6e-4045-9f1a-24b8d6e16a2d.jpg","contentUrl":"https:\/\/president-ksgov.net\/wp-content\/uploads\/35754b98-6a6e-4045-9f1a-24b8d6e16a2d.jpg","width":1245,"height":699},{"@type":"BreadcrumbList","@id":"https:\/\/president-ksgov.net\/sr\/predsednica-osmani-rexhep-mala-i-nuhi-berisha-patriote-koji-nisu-poznavale-strah-i-dale-sve-za-slobodu-kosova\/#breadcrumb","itemListElement":[{"@type":"ListItem","position":1,"name":"Home","item":"https:\/\/president-ksgov.net\/sr\/"},{"@type":"ListItem","position":2,"name":"Predsednica Osmani: Rexhep Mala i Nuhi Berisha, patriote koji nisu poznavale strah i dale sve za slobodu Kosova"}]},{"@type":"WebSite","@id":"https:\/\/president-ksgov.net\/#website","url":"https:\/\/president-ksgov.net\/","name":"Presidente e Republik\u00ebs s\u00eb Kosov\u00ebs","description":"Presidente e Republik\u00ebs s\u00eb Kosov\u00ebs","alternateName":"DR. VJOSA OSMANI - SADRIU","potentialAction":[{"@type":"SearchAction","target":{"@type":"EntryPoint","urlTemplate":"https:\/\/president-ksgov.net\/?s={search_term_string}"},"query-input":{"@type":"PropertyValueSpecification","valueRequired":true,"valueName":"search_term_string"}}],"inLanguage":"sr-RS"},{"@type":"Person","@id":"https:\/\/president-ksgov.net\/#\/schema\/person\/7c46f744a99d3f1616b92658282aa934","name":"Florent Rrahmani","image":{"@type":"ImageObject","inLanguage":"sr-RS","@id":"https:\/\/president-ksgov.net\/#\/schema\/person\/image\/","url":"https:\/\/secure.gravatar.com\/avatar\/2545924aa250de68ac8368367a79b663e59571cd131611f54c89b0613a94e230?s=96&d=mm&r=g","contentUrl":"https:\/\/secure.gravatar.com\/avatar\/2545924aa250de68ac8368367a79b663e59571cd131611f54c89b0613a94e230?s=96&d=mm&r=g","caption":"Florent Rrahmani"}}]}},"_links":{"self":[{"href":"https:\/\/president-ksgov.net\/sr\/wp-json\/wp\/v2\/posts\/179399","targetHints":{"allow":["GET"]}}],"collection":[{"href":"https:\/\/president-ksgov.net\/sr\/wp-json\/wp\/v2\/posts"}],"about":[{"href":"https:\/\/president-ksgov.net\/sr\/wp-json\/wp\/v2\/types\/post"}],"author":[{"embeddable":true,"href":"https:\/\/president-ksgov.net\/sr\/wp-json\/wp\/v2\/users\/9"}],"replies":[{"embeddable":true,"href":"https:\/\/president-ksgov.net\/sr\/wp-json\/wp\/v2\/comments?post=179399"}],"version-history":[{"count":1,"href":"https:\/\/president-ksgov.net\/sr\/wp-json\/wp\/v2\/posts\/179399\/revisions"}],"predecessor-version":[{"id":179400,"href":"https:\/\/president-ksgov.net\/sr\/wp-json\/wp\/v2\/posts\/179399\/revisions\/179400"}],"wp:featuredmedia":[{"embeddable":true,"href":"https:\/\/president-ksgov.net\/sr\/wp-json\/wp\/v2\/media\/179395"}],"wp:attachment":[{"href":"https:\/\/president-ksgov.net\/sr\/wp-json\/wp\/v2\/media?parent=179399"}],"wp:term":[{"taxonomy":"category","embeddable":true,"href":"https:\/\/president-ksgov.net\/sr\/wp-json\/wp\/v2\/categories?post=179399"},{"taxonomy":"post_tag","embeddable":true,"href":"https:\/\/president-ksgov.net\/sr\/wp-json\/wp\/v2\/tags?post=179399"}],"curies":[{"name":"wp","href":"https:\/\/api.w.org\/{rel}","templated":true}]}}