{"id":177449,"date":"2025-11-28T09:53:58","date_gmt":"2025-11-28T08:53:58","guid":{"rendered":"https:\/\/president-ksgov.net\/?p=177449"},"modified":"2025-12-05T09:01:34","modified_gmt":"2025-12-05T08:01:34","slug":"predsednica-osmani-cestita-28-novembar-od-skenderbegove-kruje-do-vlore-ismaila-qemala-i-prekaza-jasharijevih-nasa-istorija-je-ispisana-krvlju","status":"publish","type":"post","link":"https:\/\/president-ksgov.net\/sr\/predsednica-osmani-cestita-28-novembar-od-skenderbegove-kruje-do-vlore-ismaila-qemala-i-prekaza-jasharijevih-nasa-istorija-je-ispisana-krvlju\/","title":{"rendered":"Predsednica Osmani \u010destita 28. novembar: Od Skenderbegove Kruje, do Vlore Ismaila Qemala i Prekaza Jasharijevih, na\u0161a istorija je ispisana krvlju"},"content":{"rendered":"<p><!--StartFragment --><\/p>\n<p class=\"pf0\"><span class=\"cf0\">Predsednica<\/span><span class=\"cf0\"> Republike Kosovo, Vjosa Osmani, <\/span><span class=\"cf0\">rekla<\/span><span class=\"cf0\"> je da <\/span><span class=\"cf0\">su<\/span><span class=\"cf0\"> Dan <\/span><span class=\"cf0\">zastave<\/span><span class=\"cf0\">, Dan <\/span><span class=\"cf0\">nezavisnosti<\/span> <span class=\"cf0\">Albanije<\/span><span class=\"cf0\">, <\/span><span class=\"cf0\">ro\u0111enje<\/span> <span class=\"cf0\">legendarnog<\/span> <span class=\"cf0\">komandanta<\/span> <span class=\"cf0\">Adema<\/span> <span class=\"cf0\">Jasharija<\/span><span class=\"cf0\"> i <\/span><span class=\"cf0\">prvi<\/span> <span class=\"cf0\">javni<\/span> <span class=\"cf0\">nastup<\/span><span class=\"cf0\"> OVK <\/span><span class=\"cf0\">\u010detiri<\/span> <span class=\"cf0\">doga\u0111aja<\/span><span class=\"cf0\"> koji <\/span><span class=\"cf0\">\u010dine<\/span> <span class=\"cf0\">osovinu<\/span> <span class=\"cf0\">na\u0161eg<\/span> <span class=\"cf0\">nacionalnog<\/span> <span class=\"cf0\">ponosa<\/span><span class=\"cf0\">.<\/span><\/p>\n<p class=\"pf0\"><span class=\"cf0\">Predsednica<\/span><span class=\"cf0\"> Osmani je <\/span><span class=\"cf0\">napisala<\/span><span class=\"cf0\">:<\/span><\/p>\n<p class=\"pf0\"><span class=\"cf0\">Dan <\/span><span class=\"cf0\">zastave<\/span><span class=\"cf0\">, Dan <\/span><span class=\"cf0\">nezavisnosti<\/span> <span class=\"cf0\">Albanije<\/span><span class=\"cf0\">, <\/span><span class=\"cf0\">ro\u0111enje<\/span> <span class=\"cf0\">legendarnog<\/span> <span class=\"cf0\">komandanta<\/span> <span class=\"cf0\">Adema<\/span> <span class=\"cf0\">Jasharija<\/span><span class=\"cf0\"> i <\/span><span class=\"cf0\">prvi<\/span> <span class=\"cf0\">javni<\/span> <span class=\"cf0\">nastup<\/span><span class=\"cf0\"> OVK <\/span><span class=\"cf0\">\u010detiri<\/span> <span class=\"cf0\">su<\/span> <span class=\"cf0\">doga\u0111aja<\/span><span class=\"cf0\"> koji <\/span><span class=\"cf0\">\u010dine<\/span> <span class=\"cf0\">osovinu<\/span> <span class=\"cf0\">na\u0161eg<\/span> <span class=\"cf0\">nacionalnog<\/span> <span class=\"cf0\">ponosa<\/span><span class=\"cf0\">.<\/span><\/p>\n<p class=\"pf0\"><span class=\"cf0\">Od<\/span> <span class=\"cf0\">Skenderbegove<\/span><span class=\"cf0\"> Kruje, do Vlore <\/span><span class=\"cf0\">Ismaila<\/span> <span class=\"cf0\">Qemala<\/span><span class=\"cf0\"> i <\/span><span class=\"cf0\">Prekaza<\/span> <span class=\"cf0\">Jasharijevih<\/span><span class=\"cf0\">, <\/span><span class=\"cf0\">na\u0161a<\/span> <span class=\"cf0\">istorija<\/span><span class=\"cf0\"> je <\/span><span class=\"cf0\">ispisana<\/span> <span class=\"cf0\">krvlju<\/span><span class=\"cf0\">, <\/span><span class=\"cf0\">hrabro\u0161\u0107u<\/span><span class=\"cf0\"> i <\/span><span class=\"cf0\">verom<\/span><span class=\"cf0\">. Danas, Kosovo i <\/span><span class=\"cf0\">Albanija<\/span> <span class=\"cf0\">hodaju<\/span> <span class=\"cf0\">rame<\/span> <span class=\"cf0\">uz<\/span> <span class=\"cf0\">rame<\/span><span class=\"cf0\">: <\/span><span class=\"cf0\">dve<\/span> <span class=\"cf0\">dr\u017eave<\/span><span class=\"cf0\">, <\/span><span class=\"cf0\">jedna<\/span> <span class=\"cf0\">nacija<\/span><span class=\"cf0\">, <\/span><span class=\"cf0\">dve<\/span> <span class=\"cf0\">zastave<\/span><span class=\"cf0\">, <\/span><span class=\"cf0\">jedno<\/span> <span class=\"cf0\">srce<\/span><span class=\"cf0\">.<\/span><\/p>\n<p class=\"pf0\"><span class=\"cf0\">Sre\u0107an<\/span><span class=\"cf0\"> Dan <\/span><span class=\"cf0\">zastave<\/span><span class=\"cf0\">!<\/span><\/p>\n<p class=\"pf0\"><span class=\"cf0\">Sre\u0107an<\/span><span class=\"cf0\"> Dan <\/span><span class=\"cf0\">nezavisnosti<\/span> <span class=\"cf0\">Albanije<\/span><span class=\"cf0\">!<\/span><\/p>\n<p class=\"pf0\"><span class=\"cf0\">Slava <\/span><span class=\"cf0\">komandantu<\/span> <span class=\"cf0\">Ademu<\/span> <span class=\"cf0\">Jashariju<\/span><span class=\"cf0\"> i <\/span><span class=\"cf0\">svim<\/span> <span class=\"cf0\">herojima<\/span><span class=\"cf0\">, <\/span><span class=\"cf0\">palim<\/span> <span class=\"cf0\">borcima<\/span><span class=\"cf0\"> i <\/span><span class=\"cf0\">mu\u010denicima<\/span> <span class=\"cf0\">na\u0161eg<\/span> <span class=\"cf0\">naroda<\/span><span class=\"cf0\">!<\/span><\/p>\n<p><!--EndFragment --><\/p>\n","protected":false},"excerpt":{"rendered":"<p>Predsednica Republike Kosovo, Vjosa Osmani, rekla je da su Dan zastave, Dan nezavisnosti Albanije, ro\u0111enje legendarnog komandanta Adema Jasharija i prvi javni nastup OVK \u010detiri doga\u0111aja koji \u010dine osovinu na\u0161eg nacionalnog ponosa. Predsednica Osmani je napisala: Dan zastave, Dan nezavisnosti Albanije, ro\u0111enje legendarnog komandanta Adema Jasharija i prvi javni nastup OVK \u010detiri su doga\u0111aja koji \u010dine osovinu na\u0161eg nacionalnog ponosa. Od Skenderbegove Kruje, do Vlore Ismaila Qemala i Prekaza Jasharijevih, na\u0161a istorija je ispisana krvlju, hrabro\u0161\u0107u i verom. Danas, Kosovo i Albanija hodaju rame uz rame: dve dr\u017eave, jedna nacija, dve zastave, jedno srce. Sre\u0107an Dan zastave! Sre\u0107an Dan nezavisnosti Albanije! Slava komandantu Ademu Jashariju i svim herojima, palim borcima i mu\u010denicima na\u0161eg naroda!<\/p>\n","protected":false},"author":9,"featured_media":176922,"comment_status":"closed","ping_status":"closed","sticky":false,"template":"","format":"standard","meta":{"_eb_attr":"","footnotes":""},"categories":[101],"tags":[],"class_list":["post-177449","post","type-post","status-publish","format-standard","has-post-thumbnail","hentry","category-vesti"],"yoast_head":"<!-- This site is optimized with the Yoast SEO plugin v23.5 - https:\/\/yoast.com\/wordpress\/plugins\/seo\/ -->\n<title>Predsednica Osmani \u010destita 28. novembar: Od Skenderbegove Kruje, do Vlore Ismaila Qemala i Prekaza Jasharijevih, na\u0161a istorija je ispisana krvlju - Predsednik Republike Kosovo - DR. VJOSA OSMANI - SADRIU<\/title>\n<meta name=\"description\" content=\"Predsednica Osmani \u010destita 28. novembar: Od Skenderbegove Kruje, do Vlore Ismaila Qemala i Prekaza Jasharijevih, na\u0161a istorija je ispisana krvlju - Predsednik Republike Kosovo - DR. VJOSA OSMANI - SADRIU -\" \/>\n<meta name=\"robots\" content=\"index, follow, max-snippet:-1, max-image-preview:large, max-video-preview:-1\" \/>\n<link rel=\"canonical\" href=\"https:\/\/president-ksgov.net\/en\/?p=177451\" \/>\n<meta property=\"og:locale\" content=\"sr_RS\" \/>\n<meta property=\"og:type\" content=\"article\" \/>\n<meta property=\"og:title\" content=\"Predsednica Osmani \u010destita 28. novembar: Od Skenderbegove Kruje, do Vlore Ismaila Qemala i Prekaza Jasharijevih, na\u0161a istorija je ispisana krvlju - Predsednik Republike Kosovo - DR. VJOSA OSMANI - SADRIU\" \/>\n<meta property=\"og:description\" content=\"Predsednica Osmani \u010destita 28. novembar: Od Skenderbegove Kruje, do Vlore Ismaila Qemala i Prekaza Jasharijevih, na\u0161a istorija je ispisana krvlju - Predsednik Republike Kosovo - DR. VJOSA OSMANI - SADRIU -\" \/>\n<meta property=\"og:url\" content=\"https:\/\/president-ksgov.net\/en\/?p=177451\" \/>\n<meta property=\"og:site_name\" content=\"Predsednik Republike Kosovo - DR. VJOSA OSMANI - SADRIU\" \/>\n<meta property=\"article:published_time\" content=\"2025-11-28T08:53:58+00:00\" \/>\n<meta property=\"article:modified_time\" content=\"2025-12-05T08:01:34+00:00\" \/>\n<meta property=\"og:image\" content=\"https:\/\/president-ksgov.net\/wp-content\/uploads\/591367323_1386374029513799_5357836352400001454_n.jpg\" \/>\n\t<meta property=\"og:image:width\" content=\"1600\" \/>\n\t<meta property=\"og:image:height\" content=\"1066\" \/>\n\t<meta property=\"og:image:type\" content=\"image\/jpeg\" \/>\n<meta name=\"author\" content=\"Florent Rrahmani\" \/>\n<meta name=\"twitter:card\" content=\"summary_large_image\" \/>\n<meta name=\"twitter:label1\" content=\"\u041d\u0430\u043f\u0438\u0441\u0430\u043d\u043e \u043e\u0434\" \/>\n\t<meta name=\"twitter:data1\" content=\"Florent Rrahmani\" \/>\n\t<meta name=\"twitter:label2\" content=\"\u041f\u0440\u043e\u0446\u0435\u045a\u0435\u043d\u043e \u0432\u0440\u0435\u043c\u0435 \u0447\u0438\u0442\u0430\u045a\u0430\" \/>\n\t<meta name=\"twitter:data2\" content=\"1 \u043c\u0438\u043d\u0443\u0442\" \/>\n<script type=\"application\/ld+json\" class=\"yoast-schema-graph\">{\"@context\":\"https:\/\/schema.org\",\"@graph\":[{\"@type\":\"WebPage\",\"@id\":\"https:\/\/president-ksgov.net\/en\/?p=177451\",\"url\":\"https:\/\/president-ksgov.net\/en\/?p=177451\",\"name\":\"Predsednica Osmani \u010destita 28. novembar: Od Skenderbegove Kruje, do Vlore Ismaila Qemala i Prekaza Jasharijevih, na\u0161a istorija je ispisana krvlju - Predsednik Republike Kosovo - DR. VJOSA OSMANI - SADRIU\",\"isPartOf\":{\"@id\":\"https:\/\/president-ksgov.net\/#website\"},\"primaryImageOfPage\":{\"@id\":\"https:\/\/president-ksgov.net\/en\/?p=177451#primaryimage\"},\"image\":{\"@id\":\"https:\/\/president-ksgov.net\/en\/?p=177451#primaryimage\"},\"thumbnailUrl\":\"https:\/\/president-ksgov.net\/wp-content\/uploads\/591367323_1386374029513799_5357836352400001454_n.jpg\",\"datePublished\":\"2025-11-28T08:53:58+00:00\",\"dateModified\":\"2025-12-05T08:01:34+00:00\",\"author\":{\"@id\":\"https:\/\/president-ksgov.net\/#\/schema\/person\/7c46f744a99d3f1616b92658282aa934\"},\"description\":\"Predsednica Osmani \u010destita 28. novembar: Od Skenderbegove Kruje, do Vlore Ismaila Qemala i Prekaza Jasharijevih, na\u0161a istorija je ispisana krvlju - Predsednik Republike Kosovo - DR. VJOSA OSMANI - SADRIU -\",\"breadcrumb\":{\"@id\":\"https:\/\/president-ksgov.net\/en\/?p=177451#breadcrumb\"},\"inLanguage\":\"sr-RS\",\"potentialAction\":[{\"@type\":\"ReadAction\",\"target\":[\"https:\/\/president-ksgov.net\/en\/?p=177451\"]}]},{\"@type\":\"ImageObject\",\"inLanguage\":\"sr-RS\",\"@id\":\"https:\/\/president-ksgov.net\/en\/?p=177451#primaryimage\",\"url\":\"https:\/\/president-ksgov.net\/wp-content\/uploads\/591367323_1386374029513799_5357836352400001454_n.jpg\",\"contentUrl\":\"https:\/\/president-ksgov.net\/wp-content\/uploads\/591367323_1386374029513799_5357836352400001454_n.jpg\",\"width\":1600,\"height\":1066},{\"@type\":\"BreadcrumbList\",\"@id\":\"https:\/\/president-ksgov.net\/en\/?p=177451#breadcrumb\",\"itemListElement\":[{\"@type\":\"ListItem\",\"position\":1,\"name\":\"Home\",\"item\":\"https:\/\/president-ksgov.net\/sr\/\"},{\"@type\":\"ListItem\",\"position\":2,\"name\":\"Predsednica Osmani \u010destita 28. novembar: Od Skenderbegove Kruje, do Vlore Ismaila Qemala i Prekaza Jasharijevih, na\u0161a istorija je ispisana krvlju\"}]},{\"@type\":\"WebSite\",\"@id\":\"https:\/\/president-ksgov.net\/#website\",\"url\":\"https:\/\/president-ksgov.net\/\",\"name\":\"Presidente e Republik\u00ebs s\u00eb Kosov\u00ebs\",\"description\":\"Presidente e Republik\u00ebs s\u00eb Kosov\u00ebs\",\"alternateName\":\"DR. VJOSA OSMANI - SADRIU\",\"potentialAction\":[{\"@type\":\"SearchAction\",\"target\":{\"@type\":\"EntryPoint\",\"urlTemplate\":\"https:\/\/president-ksgov.net\/?s={search_term_string}\"},\"query-input\":{\"@type\":\"PropertyValueSpecification\",\"valueRequired\":true,\"valueName\":\"search_term_string\"}}],\"inLanguage\":\"sr-RS\"},{\"@type\":\"Person\",\"@id\":\"https:\/\/president-ksgov.net\/#\/schema\/person\/7c46f744a99d3f1616b92658282aa934\",\"name\":\"Florent Rrahmani\",\"image\":{\"@type\":\"ImageObject\",\"inLanguage\":\"sr-RS\",\"@id\":\"https:\/\/president-ksgov.net\/#\/schema\/person\/image\/\",\"url\":\"https:\/\/secure.gravatar.com\/avatar\/2545924aa250de68ac8368367a79b663e59571cd131611f54c89b0613a94e230?s=96&d=mm&r=g\",\"contentUrl\":\"https:\/\/secure.gravatar.com\/avatar\/2545924aa250de68ac8368367a79b663e59571cd131611f54c89b0613a94e230?s=96&d=mm&r=g\",\"caption\":\"Florent Rrahmani\"}}]}<\/script>\n<!-- \/ Yoast SEO plugin. -->","yoast_head_json":{"title":"Predsednica Osmani \u010destita 28. novembar: Od Skenderbegove Kruje, do Vlore Ismaila Qemala i Prekaza Jasharijevih, na\u0161a istorija je ispisana krvlju - Predsednik Republike Kosovo - DR. VJOSA OSMANI - SADRIU","description":"Predsednica Osmani \u010destita 28. novembar: Od Skenderbegove Kruje, do Vlore Ismaila Qemala i Prekaza Jasharijevih, na\u0161a istorija je ispisana krvlju - Predsednik Republike Kosovo - DR. VJOSA OSMANI - SADRIU -","robots":{"index":"index","follow":"follow","max-snippet":"max-snippet:-1","max-image-preview":"max-image-preview:large","max-video-preview":"max-video-preview:-1"},"canonical":"https:\/\/president-ksgov.net\/en\/?p=177451","og_locale":"sr_RS","og_type":"article","og_title":"Predsednica Osmani \u010destita 28. novembar: Od Skenderbegove Kruje, do Vlore Ismaila Qemala i Prekaza Jasharijevih, na\u0161a istorija je ispisana krvlju - Predsednik Republike Kosovo - DR. VJOSA OSMANI - SADRIU","og_description":"Predsednica Osmani \u010destita 28. novembar: Od Skenderbegove Kruje, do Vlore Ismaila Qemala i Prekaza Jasharijevih, na\u0161a istorija je ispisana krvlju - Predsednik Republike Kosovo - DR. VJOSA OSMANI - SADRIU -","og_url":"https:\/\/president-ksgov.net\/en\/?p=177451","og_site_name":"Predsednik Republike Kosovo - DR. VJOSA OSMANI - SADRIU","article_published_time":"2025-11-28T08:53:58+00:00","article_modified_time":"2025-12-05T08:01:34+00:00","og_image":[{"width":1600,"height":1066,"url":"https:\/\/president-ksgov.net\/wp-content\/uploads\/591367323_1386374029513799_5357836352400001454_n.jpg","type":"image\/jpeg"}],"author":"Florent Rrahmani","twitter_card":"summary_large_image","twitter_misc":{"\u041d\u0430\u043f\u0438\u0441\u0430\u043d\u043e \u043e\u0434":"Florent Rrahmani","\u041f\u0440\u043e\u0446\u0435\u045a\u0435\u043d\u043e \u0432\u0440\u0435\u043c\u0435 \u0447\u0438\u0442\u0430\u045a\u0430":"1 \u043c\u0438\u043d\u0443\u0442"},"schema":{"@context":"https:\/\/schema.org","@graph":[{"@type":"WebPage","@id":"https:\/\/president-ksgov.net\/en\/?p=177451","url":"https:\/\/president-ksgov.net\/en\/?p=177451","name":"Predsednica Osmani \u010destita 28. novembar: Od Skenderbegove Kruje, do Vlore Ismaila Qemala i Prekaza Jasharijevih, na\u0161a istorija je ispisana krvlju - Predsednik Republike Kosovo - DR. VJOSA OSMANI - SADRIU","isPartOf":{"@id":"https:\/\/president-ksgov.net\/#website"},"primaryImageOfPage":{"@id":"https:\/\/president-ksgov.net\/en\/?p=177451#primaryimage"},"image":{"@id":"https:\/\/president-ksgov.net\/en\/?p=177451#primaryimage"},"thumbnailUrl":"https:\/\/president-ksgov.net\/wp-content\/uploads\/591367323_1386374029513799_5357836352400001454_n.jpg","datePublished":"2025-11-28T08:53:58+00:00","dateModified":"2025-12-05T08:01:34+00:00","author":{"@id":"https:\/\/president-ksgov.net\/#\/schema\/person\/7c46f744a99d3f1616b92658282aa934"},"description":"Predsednica Osmani \u010destita 28. novembar: Od Skenderbegove Kruje, do Vlore Ismaila Qemala i Prekaza Jasharijevih, na\u0161a istorija je ispisana krvlju - Predsednik Republike Kosovo - DR. VJOSA OSMANI - SADRIU -","breadcrumb":{"@id":"https:\/\/president-ksgov.net\/en\/?p=177451#breadcrumb"},"inLanguage":"sr-RS","potentialAction":[{"@type":"ReadAction","target":["https:\/\/president-ksgov.net\/en\/?p=177451"]}]},{"@type":"ImageObject","inLanguage":"sr-RS","@id":"https:\/\/president-ksgov.net\/en\/?p=177451#primaryimage","url":"https:\/\/president-ksgov.net\/wp-content\/uploads\/591367323_1386374029513799_5357836352400001454_n.jpg","contentUrl":"https:\/\/president-ksgov.net\/wp-content\/uploads\/591367323_1386374029513799_5357836352400001454_n.jpg","width":1600,"height":1066},{"@type":"BreadcrumbList","@id":"https:\/\/president-ksgov.net\/en\/?p=177451#breadcrumb","itemListElement":[{"@type":"ListItem","position":1,"name":"Home","item":"https:\/\/president-ksgov.net\/sr\/"},{"@type":"ListItem","position":2,"name":"Predsednica Osmani \u010destita 28. novembar: Od Skenderbegove Kruje, do Vlore Ismaila Qemala i Prekaza Jasharijevih, na\u0161a istorija je ispisana krvlju"}]},{"@type":"WebSite","@id":"https:\/\/president-ksgov.net\/#website","url":"https:\/\/president-ksgov.net\/","name":"Presidente e Republik\u00ebs s\u00eb Kosov\u00ebs","description":"Presidente e Republik\u00ebs s\u00eb Kosov\u00ebs","alternateName":"DR. VJOSA OSMANI - SADRIU","potentialAction":[{"@type":"SearchAction","target":{"@type":"EntryPoint","urlTemplate":"https:\/\/president-ksgov.net\/?s={search_term_string}"},"query-input":{"@type":"PropertyValueSpecification","valueRequired":true,"valueName":"search_term_string"}}],"inLanguage":"sr-RS"},{"@type":"Person","@id":"https:\/\/president-ksgov.net\/#\/schema\/person\/7c46f744a99d3f1616b92658282aa934","name":"Florent Rrahmani","image":{"@type":"ImageObject","inLanguage":"sr-RS","@id":"https:\/\/president-ksgov.net\/#\/schema\/person\/image\/","url":"https:\/\/secure.gravatar.com\/avatar\/2545924aa250de68ac8368367a79b663e59571cd131611f54c89b0613a94e230?s=96&d=mm&r=g","contentUrl":"https:\/\/secure.gravatar.com\/avatar\/2545924aa250de68ac8368367a79b663e59571cd131611f54c89b0613a94e230?s=96&d=mm&r=g","caption":"Florent Rrahmani"}}]}},"_links":{"self":[{"href":"https:\/\/president-ksgov.net\/sr\/wp-json\/wp\/v2\/posts\/177449","targetHints":{"allow":["GET"]}}],"collection":[{"href":"https:\/\/president-ksgov.net\/sr\/wp-json\/wp\/v2\/posts"}],"about":[{"href":"https:\/\/president-ksgov.net\/sr\/wp-json\/wp\/v2\/types\/post"}],"author":[{"embeddable":true,"href":"https:\/\/president-ksgov.net\/sr\/wp-json\/wp\/v2\/users\/9"}],"replies":[{"embeddable":true,"href":"https:\/\/president-ksgov.net\/sr\/wp-json\/wp\/v2\/comments?post=177449"}],"version-history":[{"count":1,"href":"https:\/\/president-ksgov.net\/sr\/wp-json\/wp\/v2\/posts\/177449\/revisions"}],"predecessor-version":[{"id":177450,"href":"https:\/\/president-ksgov.net\/sr\/wp-json\/wp\/v2\/posts\/177449\/revisions\/177450"}],"wp:featuredmedia":[{"embeddable":true,"href":"https:\/\/president-ksgov.net\/sr\/wp-json\/wp\/v2\/media\/176922"}],"wp:attachment":[{"href":"https:\/\/president-ksgov.net\/sr\/wp-json\/wp\/v2\/media?parent=177449"}],"wp:term":[{"taxonomy":"category","embeddable":true,"href":"https:\/\/president-ksgov.net\/sr\/wp-json\/wp\/v2\/categories?post=177449"},{"taxonomy":"post_tag","embeddable":true,"href":"https:\/\/president-ksgov.net\/sr\/wp-json\/wp\/v2\/tags?post=177449"}],"curies":[{"name":"wp","href":"https:\/\/api.w.org\/{rel}","templated":true}]}}