{"id":177442,"date":"2025-11-28T22:46:14","date_gmt":"2025-11-28T21:46:14","guid":{"rendered":"https:\/\/president-ksgov.net\/?p=177442"},"modified":"2025-12-05T08:53:06","modified_gmt":"2025-12-05T07:53:06","slug":"predsednica-osmani-28-novembar-nas-podseca-da-je-svaki-kamen-ove-zemlje-natopljen-krvlju-nasih-heroja","status":"publish","type":"post","link":"https:\/\/president-ksgov.net\/sr\/predsednica-osmani-28-novembar-nas-podseca-da-je-svaki-kamen-ove-zemlje-natopljen-krvlju-nasih-heroja\/","title":{"rendered":"Predsednica Osmani: 28. novembar nas podse\u0107a da je svaki kamen ove zemlje natopljen krvlju na\u0161ih heroja"},"content":{"rendered":"<p><!--StartFragment --><\/p>\n<p class=\"pf0\"><span class=\"cf0\">Predsednica<\/span><span class=\"cf0\"> Republike Kosovo, Vjosa Osmani, <\/span><span class=\"cf0\">u\u010destvovala<\/span><span class=\"cf0\"> je <\/span><span class=\"cf0\">ve\u010deras<\/span><span class=\"cf0\"> na <\/span><span class=\"cf0\">prijemu<\/span><span class=\"cf0\"> koji je u <\/span><span class=\"cf0\">\u010dast<\/span><span class=\"cf0\"> 113. <\/span><span class=\"cf0\">godi\u0161njice<\/span> <span class=\"cf0\">nezavisnosti<\/span> <span class=\"cf0\">Albanije<\/span> <span class=\"cf0\">organizovao<\/span> <span class=\"cf0\">predsednik<\/span><span class=\"cf0\"> Bajram <\/span><span class=\"cf0\">Begaj<\/span><span class=\"cf0\">.<\/span><\/p>\n<p class=\"pf0\"><span class=\"cf0\">Predsednica<\/span><span class=\"cf0\"> Osmani je <\/span><span class=\"cf0\">napisala<\/span><span class=\"cf0\">:<\/span><\/p>\n<p class=\"pf0\"><span class=\"cf0\">Predsednik<\/span> <span class=\"cf0\">Begaj<\/span> <span class=\"cf0\">nas<\/span><span class=\"cf0\"> je <\/span><span class=\"cf0\">ve\u010deras<\/span> <span class=\"cf0\">okupio<\/span><span class=\"cf0\"> pod <\/span><span class=\"cf0\">crveno-crnom<\/span> <span class=\"cf0\">zastavom<\/span><span class=\"cf0\">, za <\/span><span class=\"cf0\">nezavisnost<\/span> <span class=\"cf0\">Albanije<\/span><span class=\"cf0\">. Atmosfera je <\/span><span class=\"cf0\">nosila<\/span> <span class=\"cf0\">te\u017einu<\/span> <span class=\"cf0\">istorije<\/span><span class=\"cf0\"> i <\/span><span class=\"cf0\">snagu<\/span> <span class=\"cf0\">jedinstva<\/span><span class=\"cf0\">.<\/span><\/p>\n<p class=\"pf0\"><span class=\"cf0\">28. <\/span><span class=\"cf0\">novembar<\/span> <span class=\"cf0\">nas<\/span> <span class=\"cf0\">podse\u0107a<\/span><span class=\"cf0\"> da je <\/span><span class=\"cf0\">svaki<\/span> <span class=\"cf0\">kamen<\/span> <span class=\"cf0\">ove<\/span> <span class=\"cf0\">zemlje<\/span> <span class=\"cf0\">natopljen<\/span> <span class=\"cf0\">krvlju<\/span> <span class=\"cf0\">na\u0161ih<\/span> <span class=\"cf0\">heroja<\/span><span class=\"cf0\">, tako da je <\/span><span class=\"cf0\">svaki<\/span> <span class=\"cf0\">korak<\/span><span class=\"cf0\"> koji <\/span><span class=\"cf0\">danas<\/span> <span class=\"cf0\">napravimo<\/span> <span class=\"cf0\">njihov<\/span><span class=\"cf0\"> amanet za <\/span><span class=\"cf0\">ve\u0107u<\/span> <span class=\"cf0\">integraciju<\/span><span class=\"cf0\">, <\/span><span class=\"cf0\">zbli\u017eavanje<\/span><span class=\"cf0\"> i <\/span><span class=\"cf0\">interakciju<\/span><span class=\"cf0\">.<\/span><\/p>\n<p class=\"pf0\"><span class=\"cf0\">Sre\u0107an<\/span><span class=\"cf0\"> 28. <\/span><span class=\"cf0\">novembar<\/span><span class=\"cf0\">, <\/span><span class=\"cf0\">Albanci<\/span> <span class=\"cf0\">gde<\/span><span class=\"cf0\"> god da <\/span><span class=\"cf0\">ste<\/span><span class=\"cf0\">!<\/span><\/p>\n<p><!--EndFragment --><\/p>\n","protected":false},"excerpt":{"rendered":"<p>Predsednica Republike Kosovo, Vjosa Osmani, u\u010destvovala je ve\u010deras na prijemu koji je u \u010dast 113. godi\u0161njice nezavisnosti Albanije organizovao predsednik Bajram Begaj. Predsednica Osmani je napisala: Predsednik Begaj nas je ve\u010deras okupio pod crveno-crnom zastavom, za nezavisnost Albanije. Atmosfera je nosila te\u017einu istorije i snagu jedinstva. 28. novembar nas podse\u0107a da je svaki kamen ove zemlje natopljen krvlju na\u0161ih heroja, tako da je svaki korak koji danas napravimo njihov amanet za ve\u0107u integraciju, zbli\u017eavanje i interakciju. Sre\u0107an 28. novembar, Albanci gde god da ste!<\/p>\n","protected":false},"author":9,"featured_media":177044,"comment_status":"closed","ping_status":"closed","sticky":false,"template":"","format":"standard","meta":{"_eb_attr":"","footnotes":""},"categories":[114,101],"tags":[],"class_list":["post-177442","post","type-post","status-publish","format-standard","has-post-thumbnail","hentry","category-medunarodne-posete","category-vesti"],"yoast_head":"<!-- This site is optimized with the Yoast SEO plugin v23.5 - https:\/\/yoast.com\/wordpress\/plugins\/seo\/ -->\n<title>Predsednica Osmani: 28. novembar nas podse\u0107a da je svaki kamen ove zemlje natopljen krvlju na\u0161ih heroja - Predsednik Republike Kosovo - DR. VJOSA OSMANI - SADRIU<\/title>\n<meta name=\"description\" content=\"Predsednica Osmani: 28. novembar nas podse\u0107a da je svaki kamen ove zemlje natopljen krvlju na\u0161ih heroja - Predsednik Republike Kosovo - DR. VJOSA OSMANI - SADRIU - Vesti\" \/>\n<meta name=\"robots\" content=\"index, follow, max-snippet:-1, max-image-preview:large, max-video-preview:-1\" \/>\n<link rel=\"canonical\" href=\"https:\/\/president-ksgov.net\/sr\/predsednica-osmani-28-novembar-nas-podseca-da-je-svaki-kamen-ove-zemlje-natopljen-krvlju-nasih-heroja\/\" \/>\n<meta property=\"og:locale\" content=\"sr_RS\" \/>\n<meta property=\"og:type\" content=\"article\" \/>\n<meta property=\"og:title\" content=\"Predsednica Osmani: 28. novembar nas podse\u0107a da je svaki kamen ove zemlje natopljen krvlju na\u0161ih heroja - Predsednik Republike Kosovo - DR. VJOSA OSMANI - SADRIU\" \/>\n<meta property=\"og:description\" content=\"Predsednica Osmani: 28. novembar nas podse\u0107a da je svaki kamen ove zemlje natopljen krvlju na\u0161ih heroja - Predsednik Republike Kosovo - DR. VJOSA OSMANI - SADRIU - Vesti\" \/>\n<meta property=\"og:url\" content=\"https:\/\/president-ksgov.net\/sr\/predsednica-osmani-28-novembar-nas-podseca-da-je-svaki-kamen-ove-zemlje-natopljen-krvlju-nasih-heroja\/\" \/>\n<meta property=\"og:site_name\" content=\"Predsednik Republike Kosovo - DR. VJOSA OSMANI - SADRIU\" \/>\n<meta property=\"article:published_time\" content=\"2025-11-28T21:46:14+00:00\" \/>\n<meta property=\"article:modified_time\" content=\"2025-12-05T07:53:06+00:00\" \/>\n<meta property=\"og:image\" content=\"https:\/\/president-ksgov.net\/wp-content\/uploads\/Presidentja-Osmani-28-Nentori-na-kujton-se-cdo-gur-i-kesaj-toke-eshte-lagur-me-gjakun-e-heronjve-tane-1.jpg\" \/>\n\t<meta property=\"og:image:width\" content=\"2048\" \/>\n\t<meta property=\"og:image:height\" content=\"1364\" \/>\n\t<meta property=\"og:image:type\" content=\"image\/jpeg\" \/>\n<meta name=\"author\" content=\"Florent Rrahmani\" \/>\n<meta name=\"twitter:card\" content=\"summary_large_image\" \/>\n<meta name=\"twitter:label1\" content=\"\u041d\u0430\u043f\u0438\u0441\u0430\u043d\u043e \u043e\u0434\" \/>\n\t<meta name=\"twitter:data1\" content=\"Florent Rrahmani\" \/>\n\t<meta name=\"twitter:label2\" content=\"\u041f\u0440\u043e\u0446\u0435\u045a\u0435\u043d\u043e \u0432\u0440\u0435\u043c\u0435 \u0447\u0438\u0442\u0430\u045a\u0430\" \/>\n\t<meta name=\"twitter:data2\" content=\"1 \u043c\u0438\u043d\u0443\u0442\" \/>\n<script type=\"application\/ld+json\" class=\"yoast-schema-graph\">{\"@context\":\"https:\/\/schema.org\",\"@graph\":[{\"@type\":\"WebPage\",\"@id\":\"https:\/\/president-ksgov.net\/sr\/predsednica-osmani-28-novembar-nas-podseca-da-je-svaki-kamen-ove-zemlje-natopljen-krvlju-nasih-heroja\/\",\"url\":\"https:\/\/president-ksgov.net\/sr\/predsednica-osmani-28-novembar-nas-podseca-da-je-svaki-kamen-ove-zemlje-natopljen-krvlju-nasih-heroja\/\",\"name\":\"Predsednica Osmani: 28. novembar nas podse\u0107a da je svaki kamen ove zemlje natopljen krvlju na\u0161ih heroja - Predsednik Republike Kosovo - DR. VJOSA OSMANI - SADRIU\",\"isPartOf\":{\"@id\":\"https:\/\/president-ksgov.net\/#website\"},\"primaryImageOfPage\":{\"@id\":\"https:\/\/president-ksgov.net\/sr\/predsednica-osmani-28-novembar-nas-podseca-da-je-svaki-kamen-ove-zemlje-natopljen-krvlju-nasih-heroja\/#primaryimage\"},\"image\":{\"@id\":\"https:\/\/president-ksgov.net\/sr\/predsednica-osmani-28-novembar-nas-podseca-da-je-svaki-kamen-ove-zemlje-natopljen-krvlju-nasih-heroja\/#primaryimage\"},\"thumbnailUrl\":\"https:\/\/president-ksgov.net\/wp-content\/uploads\/Presidentja-Osmani-28-Nentori-na-kujton-se-cdo-gur-i-kesaj-toke-eshte-lagur-me-gjakun-e-heronjve-tane-1.jpg\",\"datePublished\":\"2025-11-28T21:46:14+00:00\",\"dateModified\":\"2025-12-05T07:53:06+00:00\",\"author\":{\"@id\":\"https:\/\/president-ksgov.net\/#\/schema\/person\/7c46f744a99d3f1616b92658282aa934\"},\"description\":\"Predsednica Osmani: 28. novembar nas podse\u0107a da je svaki kamen ove zemlje natopljen krvlju na\u0161ih heroja - Predsednik Republike Kosovo - DR. VJOSA OSMANI - SADRIU - Vesti\",\"breadcrumb\":{\"@id\":\"https:\/\/president-ksgov.net\/sr\/predsednica-osmani-28-novembar-nas-podseca-da-je-svaki-kamen-ove-zemlje-natopljen-krvlju-nasih-heroja\/#breadcrumb\"},\"inLanguage\":\"sr-RS\",\"potentialAction\":[{\"@type\":\"ReadAction\",\"target\":[\"https:\/\/president-ksgov.net\/sr\/predsednica-osmani-28-novembar-nas-podseca-da-je-svaki-kamen-ove-zemlje-natopljen-krvlju-nasih-heroja\/\"]}]},{\"@type\":\"ImageObject\",\"inLanguage\":\"sr-RS\",\"@id\":\"https:\/\/president-ksgov.net\/sr\/predsednica-osmani-28-novembar-nas-podseca-da-je-svaki-kamen-ove-zemlje-natopljen-krvlju-nasih-heroja\/#primaryimage\",\"url\":\"https:\/\/president-ksgov.net\/wp-content\/uploads\/Presidentja-Osmani-28-Nentori-na-kujton-se-cdo-gur-i-kesaj-toke-eshte-lagur-me-gjakun-e-heronjve-tane-1.jpg\",\"contentUrl\":\"https:\/\/president-ksgov.net\/wp-content\/uploads\/Presidentja-Osmani-28-Nentori-na-kujton-se-cdo-gur-i-kesaj-toke-eshte-lagur-me-gjakun-e-heronjve-tane-1.jpg\",\"width\":2048,\"height\":1364},{\"@type\":\"BreadcrumbList\",\"@id\":\"https:\/\/president-ksgov.net\/sr\/predsednica-osmani-28-novembar-nas-podseca-da-je-svaki-kamen-ove-zemlje-natopljen-krvlju-nasih-heroja\/#breadcrumb\",\"itemListElement\":[{\"@type\":\"ListItem\",\"position\":1,\"name\":\"Home\",\"item\":\"https:\/\/president-ksgov.net\/sr\/\"},{\"@type\":\"ListItem\",\"position\":2,\"name\":\"Predsednica Osmani: 28. novembar nas podse\u0107a da je svaki kamen ove zemlje natopljen krvlju na\u0161ih heroja\"}]},{\"@type\":\"WebSite\",\"@id\":\"https:\/\/president-ksgov.net\/#website\",\"url\":\"https:\/\/president-ksgov.net\/\",\"name\":\"Presidente e Republik\u00ebs s\u00eb Kosov\u00ebs\",\"description\":\"Presidente e Republik\u00ebs s\u00eb Kosov\u00ebs\",\"alternateName\":\"DR. VJOSA OSMANI - SADRIU\",\"potentialAction\":[{\"@type\":\"SearchAction\",\"target\":{\"@type\":\"EntryPoint\",\"urlTemplate\":\"https:\/\/president-ksgov.net\/?s={search_term_string}\"},\"query-input\":{\"@type\":\"PropertyValueSpecification\",\"valueRequired\":true,\"valueName\":\"search_term_string\"}}],\"inLanguage\":\"sr-RS\"},{\"@type\":\"Person\",\"@id\":\"https:\/\/president-ksgov.net\/#\/schema\/person\/7c46f744a99d3f1616b92658282aa934\",\"name\":\"Florent Rrahmani\",\"image\":{\"@type\":\"ImageObject\",\"inLanguage\":\"sr-RS\",\"@id\":\"https:\/\/president-ksgov.net\/#\/schema\/person\/image\/\",\"url\":\"https:\/\/secure.gravatar.com\/avatar\/2545924aa250de68ac8368367a79b663e59571cd131611f54c89b0613a94e230?s=96&d=mm&r=g\",\"contentUrl\":\"https:\/\/secure.gravatar.com\/avatar\/2545924aa250de68ac8368367a79b663e59571cd131611f54c89b0613a94e230?s=96&d=mm&r=g\",\"caption\":\"Florent Rrahmani\"}}]}<\/script>\n<!-- \/ Yoast SEO plugin. -->","yoast_head_json":{"title":"Predsednica Osmani: 28. novembar nas podse\u0107a da je svaki kamen ove zemlje natopljen krvlju na\u0161ih heroja - Predsednik Republike Kosovo - DR. VJOSA OSMANI - SADRIU","description":"Predsednica Osmani: 28. novembar nas podse\u0107a da je svaki kamen ove zemlje natopljen krvlju na\u0161ih heroja - Predsednik Republike Kosovo - DR. VJOSA OSMANI - SADRIU - Vesti","robots":{"index":"index","follow":"follow","max-snippet":"max-snippet:-1","max-image-preview":"max-image-preview:large","max-video-preview":"max-video-preview:-1"},"canonical":"https:\/\/president-ksgov.net\/sr\/predsednica-osmani-28-novembar-nas-podseca-da-je-svaki-kamen-ove-zemlje-natopljen-krvlju-nasih-heroja\/","og_locale":"sr_RS","og_type":"article","og_title":"Predsednica Osmani: 28. novembar nas podse\u0107a da je svaki kamen ove zemlje natopljen krvlju na\u0161ih heroja - Predsednik Republike Kosovo - DR. VJOSA OSMANI - SADRIU","og_description":"Predsednica Osmani: 28. novembar nas podse\u0107a da je svaki kamen ove zemlje natopljen krvlju na\u0161ih heroja - Predsednik Republike Kosovo - DR. VJOSA OSMANI - SADRIU - Vesti","og_url":"https:\/\/president-ksgov.net\/sr\/predsednica-osmani-28-novembar-nas-podseca-da-je-svaki-kamen-ove-zemlje-natopljen-krvlju-nasih-heroja\/","og_site_name":"Predsednik Republike Kosovo - DR. VJOSA OSMANI - SADRIU","article_published_time":"2025-11-28T21:46:14+00:00","article_modified_time":"2025-12-05T07:53:06+00:00","og_image":[{"width":2048,"height":1364,"url":"https:\/\/president-ksgov.net\/wp-content\/uploads\/Presidentja-Osmani-28-Nentori-na-kujton-se-cdo-gur-i-kesaj-toke-eshte-lagur-me-gjakun-e-heronjve-tane-1.jpg","type":"image\/jpeg"}],"author":"Florent Rrahmani","twitter_card":"summary_large_image","twitter_misc":{"\u041d\u0430\u043f\u0438\u0441\u0430\u043d\u043e \u043e\u0434":"Florent Rrahmani","\u041f\u0440\u043e\u0446\u0435\u045a\u0435\u043d\u043e \u0432\u0440\u0435\u043c\u0435 \u0447\u0438\u0442\u0430\u045a\u0430":"1 \u043c\u0438\u043d\u0443\u0442"},"schema":{"@context":"https:\/\/schema.org","@graph":[{"@type":"WebPage","@id":"https:\/\/president-ksgov.net\/sr\/predsednica-osmani-28-novembar-nas-podseca-da-je-svaki-kamen-ove-zemlje-natopljen-krvlju-nasih-heroja\/","url":"https:\/\/president-ksgov.net\/sr\/predsednica-osmani-28-novembar-nas-podseca-da-je-svaki-kamen-ove-zemlje-natopljen-krvlju-nasih-heroja\/","name":"Predsednica Osmani: 28. novembar nas podse\u0107a da je svaki kamen ove zemlje natopljen krvlju na\u0161ih heroja - Predsednik Republike Kosovo - DR. VJOSA OSMANI - SADRIU","isPartOf":{"@id":"https:\/\/president-ksgov.net\/#website"},"primaryImageOfPage":{"@id":"https:\/\/president-ksgov.net\/sr\/predsednica-osmani-28-novembar-nas-podseca-da-je-svaki-kamen-ove-zemlje-natopljen-krvlju-nasih-heroja\/#primaryimage"},"image":{"@id":"https:\/\/president-ksgov.net\/sr\/predsednica-osmani-28-novembar-nas-podseca-da-je-svaki-kamen-ove-zemlje-natopljen-krvlju-nasih-heroja\/#primaryimage"},"thumbnailUrl":"https:\/\/president-ksgov.net\/wp-content\/uploads\/Presidentja-Osmani-28-Nentori-na-kujton-se-cdo-gur-i-kesaj-toke-eshte-lagur-me-gjakun-e-heronjve-tane-1.jpg","datePublished":"2025-11-28T21:46:14+00:00","dateModified":"2025-12-05T07:53:06+00:00","author":{"@id":"https:\/\/president-ksgov.net\/#\/schema\/person\/7c46f744a99d3f1616b92658282aa934"},"description":"Predsednica Osmani: 28. novembar nas podse\u0107a da je svaki kamen ove zemlje natopljen krvlju na\u0161ih heroja - Predsednik Republike Kosovo - DR. VJOSA OSMANI - SADRIU - Vesti","breadcrumb":{"@id":"https:\/\/president-ksgov.net\/sr\/predsednica-osmani-28-novembar-nas-podseca-da-je-svaki-kamen-ove-zemlje-natopljen-krvlju-nasih-heroja\/#breadcrumb"},"inLanguage":"sr-RS","potentialAction":[{"@type":"ReadAction","target":["https:\/\/president-ksgov.net\/sr\/predsednica-osmani-28-novembar-nas-podseca-da-je-svaki-kamen-ove-zemlje-natopljen-krvlju-nasih-heroja\/"]}]},{"@type":"ImageObject","inLanguage":"sr-RS","@id":"https:\/\/president-ksgov.net\/sr\/predsednica-osmani-28-novembar-nas-podseca-da-je-svaki-kamen-ove-zemlje-natopljen-krvlju-nasih-heroja\/#primaryimage","url":"https:\/\/president-ksgov.net\/wp-content\/uploads\/Presidentja-Osmani-28-Nentori-na-kujton-se-cdo-gur-i-kesaj-toke-eshte-lagur-me-gjakun-e-heronjve-tane-1.jpg","contentUrl":"https:\/\/president-ksgov.net\/wp-content\/uploads\/Presidentja-Osmani-28-Nentori-na-kujton-se-cdo-gur-i-kesaj-toke-eshte-lagur-me-gjakun-e-heronjve-tane-1.jpg","width":2048,"height":1364},{"@type":"BreadcrumbList","@id":"https:\/\/president-ksgov.net\/sr\/predsednica-osmani-28-novembar-nas-podseca-da-je-svaki-kamen-ove-zemlje-natopljen-krvlju-nasih-heroja\/#breadcrumb","itemListElement":[{"@type":"ListItem","position":1,"name":"Home","item":"https:\/\/president-ksgov.net\/sr\/"},{"@type":"ListItem","position":2,"name":"Predsednica Osmani: 28. novembar nas podse\u0107a da je svaki kamen ove zemlje natopljen krvlju na\u0161ih heroja"}]},{"@type":"WebSite","@id":"https:\/\/president-ksgov.net\/#website","url":"https:\/\/president-ksgov.net\/","name":"Presidente e Republik\u00ebs s\u00eb Kosov\u00ebs","description":"Presidente e Republik\u00ebs s\u00eb Kosov\u00ebs","alternateName":"DR. VJOSA OSMANI - SADRIU","potentialAction":[{"@type":"SearchAction","target":{"@type":"EntryPoint","urlTemplate":"https:\/\/president-ksgov.net\/?s={search_term_string}"},"query-input":{"@type":"PropertyValueSpecification","valueRequired":true,"valueName":"search_term_string"}}],"inLanguage":"sr-RS"},{"@type":"Person","@id":"https:\/\/president-ksgov.net\/#\/schema\/person\/7c46f744a99d3f1616b92658282aa934","name":"Florent Rrahmani","image":{"@type":"ImageObject","inLanguage":"sr-RS","@id":"https:\/\/president-ksgov.net\/#\/schema\/person\/image\/","url":"https:\/\/secure.gravatar.com\/avatar\/2545924aa250de68ac8368367a79b663e59571cd131611f54c89b0613a94e230?s=96&d=mm&r=g","contentUrl":"https:\/\/secure.gravatar.com\/avatar\/2545924aa250de68ac8368367a79b663e59571cd131611f54c89b0613a94e230?s=96&d=mm&r=g","caption":"Florent Rrahmani"}}]}},"_links":{"self":[{"href":"https:\/\/president-ksgov.net\/sr\/wp-json\/wp\/v2\/posts\/177442","targetHints":{"allow":["GET"]}}],"collection":[{"href":"https:\/\/president-ksgov.net\/sr\/wp-json\/wp\/v2\/posts"}],"about":[{"href":"https:\/\/president-ksgov.net\/sr\/wp-json\/wp\/v2\/types\/post"}],"author":[{"embeddable":true,"href":"https:\/\/president-ksgov.net\/sr\/wp-json\/wp\/v2\/users\/9"}],"replies":[{"embeddable":true,"href":"https:\/\/president-ksgov.net\/sr\/wp-json\/wp\/v2\/comments?post=177442"}],"version-history":[{"count":2,"href":"https:\/\/president-ksgov.net\/sr\/wp-json\/wp\/v2\/posts\/177442\/revisions"}],"predecessor-version":[{"id":177444,"href":"https:\/\/president-ksgov.net\/sr\/wp-json\/wp\/v2\/posts\/177442\/revisions\/177444"}],"wp:featuredmedia":[{"embeddable":true,"href":"https:\/\/president-ksgov.net\/sr\/wp-json\/wp\/v2\/media\/177044"}],"wp:attachment":[{"href":"https:\/\/president-ksgov.net\/sr\/wp-json\/wp\/v2\/media?parent=177442"}],"wp:term":[{"taxonomy":"category","embeddable":true,"href":"https:\/\/president-ksgov.net\/sr\/wp-json\/wp\/v2\/categories?post=177442"},{"taxonomy":"post_tag","embeddable":true,"href":"https:\/\/president-ksgov.net\/sr\/wp-json\/wp\/v2\/tags?post=177442"}],"curies":[{"name":"wp","href":"https:\/\/api.w.org\/{rel}","templated":true}]}}