{"id":177424,"date":"2025-12-03T11:59:01","date_gmt":"2025-12-03T10:59:01","guid":{"rendered":"https:\/\/president-ksgov.net\/?p=177424"},"modified":"2025-12-05T08:25:28","modified_gmt":"2025-12-05T07:25:28","slug":"predsednica-osmani-odlikovala-aktiviste-za-prava-osoba-sa-posebnim-potrebama-povodom-njihovog-medunarodnog-dana","status":"publish","type":"post","link":"https:\/\/president-ksgov.net\/sr\/predsednica-osmani-odlikovala-aktiviste-za-prava-osoba-sa-posebnim-potrebama-povodom-njihovog-medunarodnog-dana\/","title":{"rendered":"Predsednica Osmani odlikovala aktiviste za prava osoba sa posebnim potrebama povodom njihovog Me\u0111unarodnog dana"},"content":{"rendered":"<p><!--StartFragment --><\/p>\n<p class=\"pf0\"><span class=\"cf0\">Povodom<\/span> <span class=\"cf0\">Me\u0111unarodnog<\/span><span class=\"cf0\"> dana <\/span><span class=\"cf0\">osoba<\/span><span class=\"cf0\"> sa <\/span><span class=\"cf0\">invaliditetom<\/span><span class=\"cf0\">, <\/span><span class=\"cf0\">predsednica<\/span><span class=\"cf0\"> Republike Kosovo, Vjosa Osmani, <\/span><span class=\"cf0\">donela<\/span><span class=\"cf0\"> je <\/span><span class=\"cf0\">odluku<\/span><span class=\"cf0\"> da <\/span><span class=\"cf0\">dodeli<\/span> <span class=\"cf0\">Predsedni\u010dku<\/span> <span class=\"cf0\">medalju<\/span><span class=\"cf0\"> za <\/span><span class=\"cf0\">zasluge<\/span><span class=\"cf0\"> grupi <\/span><span class=\"cf0\">aktivista<\/span><span class=\"cf0\"> koji <\/span><span class=\"cf0\">su<\/span> <span class=\"cf0\">svojom<\/span> <span class=\"cf0\">neumornom<\/span> <span class=\"cf0\">posve\u0107eno\u0161\u0107u<\/span><span class=\"cf0\"> na <\/span><span class=\"cf0\">izuzetan<\/span> <span class=\"cf0\">na\u010din<\/span> <span class=\"cf0\">doprineli<\/span> <span class=\"cf0\">osna\u017eivanju<\/span><span class=\"cf0\">, <\/span><span class=\"cf0\">za\u0161titi<\/span> <span class=\"cf0\">prava<\/span><span class=\"cf0\"> i <\/span><span class=\"cf0\">dostojanstvenom<\/span> <span class=\"cf0\">uklju\u010divanju<\/span> <span class=\"cf0\">ove<\/span> <span class=\"cf0\">kategorije<\/span><span class=\"cf0\"> u <\/span><span class=\"cf0\">na\u0161e<\/span> <span class=\"cf0\">dru\u0161tvo<\/span><span class=\"cf0\">.<\/span><\/p>\n<p class=\"pf0\"><span class=\"cf0\">Ovogodi\u0161nji<\/span> <span class=\"cf0\">dobitnici<\/span> <span class=\"cf0\">nagrada<\/span> <span class=\"cf0\">su<\/span><span class=\"cf0\">: <\/span><span class=\"cf0\">Halit<\/span> <span class=\"cf0\">Ferizi<\/span><span class=\"cf0\"> (post mortem), Agim <\/span><span class=\"cf0\">Vatovci<\/span><span class=\"cf0\"> (post mortem), <\/span><span class=\"cf0\">Sabrije<\/span> <span class=\"cf0\">Zeqa<\/span><span class=\"cf0\"> (post mortem), Merita Voca (post mortem), <\/span><span class=\"cf0\">Mexhid<\/span> <span class=\"cf0\">Foniqi<\/span><span class=\"cf0\"> (post mortem) i <\/span><span class=\"cf0\">Hilminijeta<\/span> <span class=\"cf0\">Apuk<\/span><span class=\"cf0\">.<\/span><\/p>\n<p class=\"pf0\"><span class=\"cf0\">Ovi<\/span><span class=\"cf0\"> aktivisti <\/span><span class=\"cf0\">su<\/span> <span class=\"cf0\">svojim<\/span> <span class=\"cf0\">javnim<\/span> <span class=\"cf0\">zalaganjem<\/span><span class=\"cf0\">, <\/span><span class=\"cf0\">terenskim<\/span> <span class=\"cf0\">radom<\/span><span class=\"cf0\"> i <\/span><span class=\"cf0\">kontinuiranom<\/span> <span class=\"cf0\">za\u0161titom<\/span> <span class=\"cf0\">prava<\/span> <span class=\"cf0\">osoba<\/span><span class=\"cf0\"> sa <\/span><span class=\"cf0\">posebnim<\/span> <span class=\"cf0\">potrebama<\/span> <span class=\"cf0\">uticali<\/span><span class=\"cf0\"> na <\/span><span class=\"cf0\">pove\u0107anje<\/span> <span class=\"cf0\">dru\u0161tvene<\/span> <span class=\"cf0\">svesti<\/span><span class=\"cf0\">, <\/span><span class=\"cf0\">unapre\u0111enje<\/span> <span class=\"cf0\">javnih<\/span><span class=\"cf0\"> politika i <\/span><span class=\"cf0\">inkluzije<\/span><span class=\"cf0\">. <\/span><span class=\"cf0\">Njihov<\/span> <span class=\"cf0\">doprinos<\/span><span class=\"cf0\"> je primer <\/span><span class=\"cf0\">gra\u0111anske<\/span> <span class=\"cf0\">posve\u0107enosti<\/span><span class=\"cf0\"> i <\/span><span class=\"cf0\">vrednosti<\/span><span class=\"cf0\">, <\/span><span class=\"cf0\">\u0161to<\/span> <span class=\"cf0\">predsednica<\/span><span class=\"cf0\"> Osmani <\/span><span class=\"cf0\">stalno<\/span> <span class=\"cf0\">afirmi\u0161e<\/span><span class=\"cf0\">.<\/span><\/p>\n<p class=\"pf0\"><span class=\"cf0\">Dodeljene<\/span><span class=\"cf0\"> medalje <\/span><span class=\"cf0\">bi\u0107e<\/span> <span class=\"cf0\">uru\u010dene<\/span><span class=\"cf0\"> na <\/span><span class=\"cf0\">posebnoj<\/span> <span class=\"cf0\">ceremoniji<\/span> <span class=\"cf0\">dodele<\/span> <span class=\"cf0\">nagrada<\/span><span class=\"cf0\"> koja <\/span><span class=\"cf0\">\u0107e<\/span><span class=\"cf0\"> se <\/span><span class=\"cf0\">odr\u017eati<\/span> <span class=\"cf0\">krajem<\/span> <span class=\"cf0\">decembra<\/span><span class=\"cf0\"> 2025. godine.<\/span><\/p>\n<p class=\"pf0\"><span class=\"cf0\">Predsednica<\/span><span class=\"cf0\"> Osmani je <\/span><span class=\"cf0\">naglasila<\/span><span class=\"cf0\"> da <\/span><span class=\"cf0\">na\u0161e<\/span> <span class=\"cf0\">dru\u0161tvo<\/span> <span class=\"cf0\">postaje<\/span> <span class=\"cf0\">pravednije<\/span><span class=\"cf0\"> i <\/span><span class=\"cf0\">ja\u010de<\/span> <span class=\"cf0\">zahvaljuju\u0107i<\/span> <span class=\"cf0\">onima<\/span><span class=\"cf0\"> koji <\/span><span class=\"cf0\">svakodnevno<\/span> <span class=\"cf0\">rade<\/span><span class=\"cf0\"> na <\/span><span class=\"cf0\">jednakosti<\/span><span class=\"cf0\">, <\/span><span class=\"cf0\">dostojanstvu<\/span><span class=\"cf0\"> i <\/span><span class=\"cf0\">inkluziji<\/span><span class=\"cf0\">, i da je <\/span><span class=\"cf0\">njihovo<\/span> <span class=\"cf0\">priznanje<\/span> <span class=\"cf0\">institucionalna<\/span><span class=\"cf0\"> i <\/span><span class=\"cf0\">moralna<\/span> <span class=\"cf0\">obaveza<\/span><span class=\"cf0\">. <\/span><\/p>\n<p class=\"pf0\">\n<p><!--EndFragment --><\/p>\n","protected":false},"excerpt":{"rendered":"<p>Povodom Me\u0111unarodnog dana osoba sa invaliditetom, predsednica Republike Kosovo, Vjosa Osmani, donela je odluku da dodeli Predsedni\u010dku medalju za zasluge grupi aktivista koji su svojom neumornom posve\u0107eno\u0161\u0107u na izuzetan na\u010din doprineli osna\u017eivanju, za\u0161titi prava i dostojanstvenom uklju\u010divanju ove kategorije u na\u0161e dru\u0161tvo. Ovogodi\u0161nji dobitnici nagrada su: Halit Ferizi (post mortem), Agim Vatovci (post mortem), Sabrije Zeqa (post mortem), Merita Voca (post mortem), Mexhid Foniqi (post mortem) i Hilminijeta Apuk. Ovi aktivisti su svojim javnim zalaganjem, terenskim radom i kontinuiranom za\u0161titom prava osoba sa posebnim potrebama uticali na pove\u0107anje dru\u0161tvene svesti, unapre\u0111enje javnih politika i inkluzije. Njihov doprinos je primer gra\u0111anske posve\u0107enosti i vrednosti, \u0161to predsednica Osmani stalno afirmi\u0161e. Dodeljene medalje bi\u0107e uru\u010dene na posebnoj ceremoniji dodele nagrada koja \u0107e se odr\u017eati krajem decembra 2025. godine. Predsednica Osmani je naglasila da na\u0161e dru\u0161tvo postaje pravednije i ja\u010de zahvaljuju\u0107i onima koji svakodnevno rade na jednakosti, dostojanstvu i inkluziji, i da je njihovo priznanje institucionalna i moralna obaveza.<\/p>\n","protected":false},"author":9,"featured_media":153758,"comment_status":"closed","ping_status":"closed","sticky":false,"template":"","format":"standard","meta":{"_eb_attr":"","footnotes":""},"categories":[101],"tags":[],"class_list":["post-177424","post","type-post","status-publish","format-standard","has-post-thumbnail","hentry","category-vesti"],"yoast_head":"<!-- This site is optimized with the Yoast SEO plugin v23.5 - https:\/\/yoast.com\/wordpress\/plugins\/seo\/ -->\n<title>Predsednica Osmani odlikovala aktiviste za prava osoba sa posebnim potrebama povodom njihovog Me\u0111unarodnog dana - Predsednik Republike Kosovo - DR. VJOSA OSMANI - SADRIU<\/title>\n<meta name=\"description\" content=\"Predsednica Osmani odlikovala aktiviste za prava osoba sa posebnim potrebama povodom njihovog Me\u0111unarodnog dana - Predsednik Republike Kosovo - DR. VJOSA OSMANI - SADRIU -\" \/>\n<meta name=\"robots\" content=\"index, follow, max-snippet:-1, max-image-preview:large, max-video-preview:-1\" \/>\n<link rel=\"canonical\" href=\"https:\/\/president-ksgov.net\/en\/?p=177426\" \/>\n<meta property=\"og:locale\" content=\"sr_RS\" \/>\n<meta property=\"og:type\" content=\"article\" \/>\n<meta property=\"og:title\" content=\"Predsednica Osmani odlikovala aktiviste za prava osoba sa posebnim potrebama povodom njihovog Me\u0111unarodnog dana - Predsednik Republike Kosovo - DR. VJOSA OSMANI - SADRIU\" \/>\n<meta property=\"og:description\" content=\"Predsednica Osmani odlikovala aktiviste za prava osoba sa posebnim potrebama povodom njihovog Me\u0111unarodnog dana - Predsednik Republike Kosovo - DR. VJOSA OSMANI - SADRIU -\" \/>\n<meta property=\"og:url\" content=\"https:\/\/president-ksgov.net\/en\/?p=177426\" \/>\n<meta property=\"og:site_name\" content=\"Predsednik Republike Kosovo - DR. VJOSA OSMANI - SADRIU\" \/>\n<meta property=\"article:published_time\" content=\"2025-12-03T10:59:01+00:00\" \/>\n<meta property=\"article:modified_time\" content=\"2025-12-05T07:25:28+00:00\" \/>\n<meta property=\"og:image\" content=\"https:\/\/president-ksgov.net\/wp-content\/uploads\/ZPRK-17.jpg\" \/>\n\t<meta property=\"og:image:width\" content=\"2000\" \/>\n\t<meta property=\"og:image:height\" content=\"1000\" \/>\n\t<meta property=\"og:image:type\" content=\"image\/jpeg\" \/>\n<meta name=\"author\" content=\"Florent Rrahmani\" \/>\n<meta name=\"twitter:card\" content=\"summary_large_image\" \/>\n<meta name=\"twitter:label1\" content=\"\u041d\u0430\u043f\u0438\u0441\u0430\u043d\u043e \u043e\u0434\" \/>\n\t<meta name=\"twitter:data1\" content=\"Florent Rrahmani\" \/>\n\t<meta name=\"twitter:label2\" content=\"\u041f\u0440\u043e\u0446\u0435\u045a\u0435\u043d\u043e \u0432\u0440\u0435\u043c\u0435 \u0447\u0438\u0442\u0430\u045a\u0430\" \/>\n\t<meta name=\"twitter:data2\" content=\"2 \u043c\u0438\u043d\u0443\u0442\u0430\" \/>\n<script type=\"application\/ld+json\" class=\"yoast-schema-graph\">{\"@context\":\"https:\/\/schema.org\",\"@graph\":[{\"@type\":\"WebPage\",\"@id\":\"https:\/\/president-ksgov.net\/en\/?p=177426\",\"url\":\"https:\/\/president-ksgov.net\/en\/?p=177426\",\"name\":\"Predsednica Osmani odlikovala aktiviste za prava osoba sa posebnim potrebama povodom njihovog Me\u0111unarodnog dana - Predsednik Republike Kosovo - DR. VJOSA OSMANI - SADRIU\",\"isPartOf\":{\"@id\":\"https:\/\/president-ksgov.net\/#website\"},\"primaryImageOfPage\":{\"@id\":\"https:\/\/president-ksgov.net\/en\/?p=177426#primaryimage\"},\"image\":{\"@id\":\"https:\/\/president-ksgov.net\/en\/?p=177426#primaryimage\"},\"thumbnailUrl\":\"https:\/\/president-ksgov.net\/wp-content\/uploads\/ZPRK-17.jpg\",\"datePublished\":\"2025-12-03T10:59:01+00:00\",\"dateModified\":\"2025-12-05T07:25:28+00:00\",\"author\":{\"@id\":\"https:\/\/president-ksgov.net\/#\/schema\/person\/7c46f744a99d3f1616b92658282aa934\"},\"description\":\"Predsednica Osmani odlikovala aktiviste za prava osoba sa posebnim potrebama povodom njihovog Me\u0111unarodnog dana - Predsednik Republike Kosovo - DR. VJOSA OSMANI - SADRIU -\",\"breadcrumb\":{\"@id\":\"https:\/\/president-ksgov.net\/en\/?p=177426#breadcrumb\"},\"inLanguage\":\"sr-RS\",\"potentialAction\":[{\"@type\":\"ReadAction\",\"target\":[\"https:\/\/president-ksgov.net\/en\/?p=177426\"]}]},{\"@type\":\"ImageObject\",\"inLanguage\":\"sr-RS\",\"@id\":\"https:\/\/president-ksgov.net\/en\/?p=177426#primaryimage\",\"url\":\"https:\/\/president-ksgov.net\/wp-content\/uploads\/ZPRK-17.jpg\",\"contentUrl\":\"https:\/\/president-ksgov.net\/wp-content\/uploads\/ZPRK-17.jpg\",\"width\":2000,\"height\":1000},{\"@type\":\"BreadcrumbList\",\"@id\":\"https:\/\/president-ksgov.net\/en\/?p=177426#breadcrumb\",\"itemListElement\":[{\"@type\":\"ListItem\",\"position\":1,\"name\":\"Home\",\"item\":\"https:\/\/president-ksgov.net\/sr\/\"},{\"@type\":\"ListItem\",\"position\":2,\"name\":\"Predsednica Osmani odlikovala aktiviste za prava osoba sa posebnim potrebama povodom njihovog Me\u0111unarodnog dana\"}]},{\"@type\":\"WebSite\",\"@id\":\"https:\/\/president-ksgov.net\/#website\",\"url\":\"https:\/\/president-ksgov.net\/\",\"name\":\"Presidente e Republik\u00ebs s\u00eb Kosov\u00ebs\",\"description\":\"Presidente e Republik\u00ebs s\u00eb Kosov\u00ebs\",\"alternateName\":\"DR. VJOSA OSMANI - SADRIU\",\"potentialAction\":[{\"@type\":\"SearchAction\",\"target\":{\"@type\":\"EntryPoint\",\"urlTemplate\":\"https:\/\/president-ksgov.net\/?s={search_term_string}\"},\"query-input\":{\"@type\":\"PropertyValueSpecification\",\"valueRequired\":true,\"valueName\":\"search_term_string\"}}],\"inLanguage\":\"sr-RS\"},{\"@type\":\"Person\",\"@id\":\"https:\/\/president-ksgov.net\/#\/schema\/person\/7c46f744a99d3f1616b92658282aa934\",\"name\":\"Florent Rrahmani\",\"image\":{\"@type\":\"ImageObject\",\"inLanguage\":\"sr-RS\",\"@id\":\"https:\/\/president-ksgov.net\/#\/schema\/person\/image\/\",\"url\":\"https:\/\/secure.gravatar.com\/avatar\/2545924aa250de68ac8368367a79b663e59571cd131611f54c89b0613a94e230?s=96&d=mm&r=g\",\"contentUrl\":\"https:\/\/secure.gravatar.com\/avatar\/2545924aa250de68ac8368367a79b663e59571cd131611f54c89b0613a94e230?s=96&d=mm&r=g\",\"caption\":\"Florent Rrahmani\"}}]}<\/script>\n<!-- \/ Yoast SEO plugin. -->","yoast_head_json":{"title":"Predsednica Osmani odlikovala aktiviste za prava osoba sa posebnim potrebama povodom njihovog Me\u0111unarodnog dana - Predsednik Republike Kosovo - DR. VJOSA OSMANI - SADRIU","description":"Predsednica Osmani odlikovala aktiviste za prava osoba sa posebnim potrebama povodom njihovog Me\u0111unarodnog dana - Predsednik Republike Kosovo - DR. VJOSA OSMANI - SADRIU -","robots":{"index":"index","follow":"follow","max-snippet":"max-snippet:-1","max-image-preview":"max-image-preview:large","max-video-preview":"max-video-preview:-1"},"canonical":"https:\/\/president-ksgov.net\/en\/?p=177426","og_locale":"sr_RS","og_type":"article","og_title":"Predsednica Osmani odlikovala aktiviste za prava osoba sa posebnim potrebama povodom njihovog Me\u0111unarodnog dana - Predsednik Republike Kosovo - DR. VJOSA OSMANI - SADRIU","og_description":"Predsednica Osmani odlikovala aktiviste za prava osoba sa posebnim potrebama povodom njihovog Me\u0111unarodnog dana - Predsednik Republike Kosovo - DR. VJOSA OSMANI - SADRIU -","og_url":"https:\/\/president-ksgov.net\/en\/?p=177426","og_site_name":"Predsednik Republike Kosovo - DR. VJOSA OSMANI - SADRIU","article_published_time":"2025-12-03T10:59:01+00:00","article_modified_time":"2025-12-05T07:25:28+00:00","og_image":[{"width":2000,"height":1000,"url":"https:\/\/president-ksgov.net\/wp-content\/uploads\/ZPRK-17.jpg","type":"image\/jpeg"}],"author":"Florent Rrahmani","twitter_card":"summary_large_image","twitter_misc":{"\u041d\u0430\u043f\u0438\u0441\u0430\u043d\u043e \u043e\u0434":"Florent Rrahmani","\u041f\u0440\u043e\u0446\u0435\u045a\u0435\u043d\u043e \u0432\u0440\u0435\u043c\u0435 \u0447\u0438\u0442\u0430\u045a\u0430":"2 \u043c\u0438\u043d\u0443\u0442\u0430"},"schema":{"@context":"https:\/\/schema.org","@graph":[{"@type":"WebPage","@id":"https:\/\/president-ksgov.net\/en\/?p=177426","url":"https:\/\/president-ksgov.net\/en\/?p=177426","name":"Predsednica Osmani odlikovala aktiviste za prava osoba sa posebnim potrebama povodom njihovog Me\u0111unarodnog dana - Predsednik Republike Kosovo - DR. VJOSA OSMANI - SADRIU","isPartOf":{"@id":"https:\/\/president-ksgov.net\/#website"},"primaryImageOfPage":{"@id":"https:\/\/president-ksgov.net\/en\/?p=177426#primaryimage"},"image":{"@id":"https:\/\/president-ksgov.net\/en\/?p=177426#primaryimage"},"thumbnailUrl":"https:\/\/president-ksgov.net\/wp-content\/uploads\/ZPRK-17.jpg","datePublished":"2025-12-03T10:59:01+00:00","dateModified":"2025-12-05T07:25:28+00:00","author":{"@id":"https:\/\/president-ksgov.net\/#\/schema\/person\/7c46f744a99d3f1616b92658282aa934"},"description":"Predsednica Osmani odlikovala aktiviste za prava osoba sa posebnim potrebama povodom njihovog Me\u0111unarodnog dana - Predsednik Republike Kosovo - DR. VJOSA OSMANI - SADRIU -","breadcrumb":{"@id":"https:\/\/president-ksgov.net\/en\/?p=177426#breadcrumb"},"inLanguage":"sr-RS","potentialAction":[{"@type":"ReadAction","target":["https:\/\/president-ksgov.net\/en\/?p=177426"]}]},{"@type":"ImageObject","inLanguage":"sr-RS","@id":"https:\/\/president-ksgov.net\/en\/?p=177426#primaryimage","url":"https:\/\/president-ksgov.net\/wp-content\/uploads\/ZPRK-17.jpg","contentUrl":"https:\/\/president-ksgov.net\/wp-content\/uploads\/ZPRK-17.jpg","width":2000,"height":1000},{"@type":"BreadcrumbList","@id":"https:\/\/president-ksgov.net\/en\/?p=177426#breadcrumb","itemListElement":[{"@type":"ListItem","position":1,"name":"Home","item":"https:\/\/president-ksgov.net\/sr\/"},{"@type":"ListItem","position":2,"name":"Predsednica Osmani odlikovala aktiviste za prava osoba sa posebnim potrebama povodom njihovog Me\u0111unarodnog dana"}]},{"@type":"WebSite","@id":"https:\/\/president-ksgov.net\/#website","url":"https:\/\/president-ksgov.net\/","name":"Presidente e Republik\u00ebs s\u00eb Kosov\u00ebs","description":"Presidente e Republik\u00ebs s\u00eb Kosov\u00ebs","alternateName":"DR. VJOSA OSMANI - SADRIU","potentialAction":[{"@type":"SearchAction","target":{"@type":"EntryPoint","urlTemplate":"https:\/\/president-ksgov.net\/?s={search_term_string}"},"query-input":{"@type":"PropertyValueSpecification","valueRequired":true,"valueName":"search_term_string"}}],"inLanguage":"sr-RS"},{"@type":"Person","@id":"https:\/\/president-ksgov.net\/#\/schema\/person\/7c46f744a99d3f1616b92658282aa934","name":"Florent Rrahmani","image":{"@type":"ImageObject","inLanguage":"sr-RS","@id":"https:\/\/president-ksgov.net\/#\/schema\/person\/image\/","url":"https:\/\/secure.gravatar.com\/avatar\/2545924aa250de68ac8368367a79b663e59571cd131611f54c89b0613a94e230?s=96&d=mm&r=g","contentUrl":"https:\/\/secure.gravatar.com\/avatar\/2545924aa250de68ac8368367a79b663e59571cd131611f54c89b0613a94e230?s=96&d=mm&r=g","caption":"Florent Rrahmani"}}]}},"_links":{"self":[{"href":"https:\/\/president-ksgov.net\/sr\/wp-json\/wp\/v2\/posts\/177424","targetHints":{"allow":["GET"]}}],"collection":[{"href":"https:\/\/president-ksgov.net\/sr\/wp-json\/wp\/v2\/posts"}],"about":[{"href":"https:\/\/president-ksgov.net\/sr\/wp-json\/wp\/v2\/types\/post"}],"author":[{"embeddable":true,"href":"https:\/\/president-ksgov.net\/sr\/wp-json\/wp\/v2\/users\/9"}],"replies":[{"embeddable":true,"href":"https:\/\/president-ksgov.net\/sr\/wp-json\/wp\/v2\/comments?post=177424"}],"version-history":[{"count":1,"href":"https:\/\/president-ksgov.net\/sr\/wp-json\/wp\/v2\/posts\/177424\/revisions"}],"predecessor-version":[{"id":177425,"href":"https:\/\/president-ksgov.net\/sr\/wp-json\/wp\/v2\/posts\/177424\/revisions\/177425"}],"wp:featuredmedia":[{"embeddable":true,"href":"https:\/\/president-ksgov.net\/sr\/wp-json\/wp\/v2\/media\/153758"}],"wp:attachment":[{"href":"https:\/\/president-ksgov.net\/sr\/wp-json\/wp\/v2\/media?parent=177424"}],"wp:term":[{"taxonomy":"category","embeddable":true,"href":"https:\/\/president-ksgov.net\/sr\/wp-json\/wp\/v2\/categories?post=177424"},{"taxonomy":"post_tag","embeddable":true,"href":"https:\/\/president-ksgov.net\/sr\/wp-json\/wp\/v2\/tags?post=177424"}],"curies":[{"name":"wp","href":"https:\/\/api.w.org\/{rel}","templated":true}]}}