{"id":175734,"date":"2025-11-11T11:22:26","date_gmt":"2025-11-11T10:22:26","guid":{"rendered":"https:\/\/president-ksgov.net\/?p=175734"},"modified":"2025-11-12T10:25:45","modified_gmt":"2025-11-12T09:25:45","slug":"govor-predsednice-vjose-osmani-na-forumu-koji-su-organizovali-eulex-i-udruzenje-zena-policije-kosova-na-temu-od-rezolucije-do-akcije-25-godina-otkako-su-zene-transformisale-mir-i-bezbednos","status":"publish","type":"post","link":"https:\/\/president-ksgov.net\/sr\/govor-predsednice-vjose-osmani-na-forumu-koji-su-organizovali-eulex-i-udruzenje-zena-policije-kosova-na-temu-od-rezolucije-do-akcije-25-godina-otkako-su-zene-transformisale-mir-i-bezbednos\/","title":{"rendered":"Govor predsednice Vjose Osmani na forumu koji su organizovali EULEX i Udru\u017eenje \u017eena Policije Kosova, na temu: \u201eOd rezolucije do akcije: 25 godina otkako su \u017eene transformisale mir i bezbednost na Kosovu\u201c"},"content":{"rendered":"<p>Dobro jutro svima!<\/p>\n<p>Po\u0161tovani \u0161efe misije EULEX-a, generale Barbano,<\/p>\n<p>Po\u0161tovani generalni direktore policije, gospodine Hoxha,<\/p>\n<p>Po\u0161tovani generalni direktore Korektivne slu\u017ebe, gospodine Dibrani,<\/p>\n<p>Po\u0161tovani predstavnici institucija,<\/p>\n<p>Dragi prisutni, vi koji neumorno radite na principima Agende za \u017eene, mir i bezbednost,<\/p>\n<p>Ambasadori,<\/p>\n<p>Dame i gospodo,<\/p>\n<p>Uvek je posebno zadovoljstvo vratiti se na godi\u0161nji doga\u0111aj koji vi organizujete, posebno kada je fokus diskusije tako va\u017ena agenda kao \u0161to je ona za \u017eene, mir i bezbednost.<\/p>\n<p>Kosovo je tokom godina dokazalo da mo\u017ee mnogo dati u ovoj oblasti. Uprkos te\u0161kim i mra\u010dnim periodima koje je na\u0161 narod do\u017eiveo tokom rata, uspeli smo da se ponovo uzdignemo i izgradimo slobodu zahvaljuju\u0107i snazi, hrabrosti i posve\u0107enosti na\u0161ih \u017eena i mu\u0161karaca.<\/p>\n<p>Ova pri\u010da o otporu i saradnji sada postaje inspirativan primer, koji Kosovo svakodnevno deli sa celim svetom.<\/p>\n<p>U ovoj jubilarnoj godini, koja obele\u017eava 25. godi\u0161njicu Agende za \u017eene, mir i bezbednost, se\u0107amo se ne samo na\u0161ih zajedni\u010dkih dostignu\u0107a u cilju jednakosti, ve\u0107 i razmi\u0161ljamo o kontinuiranim naporima da se ova misija unapredi na Kosovu i svuda van Kosova.<\/p>\n<p>Ova godi\u0161njica za nas nije samo hronolo\u0161ka bele\u0161ka, ve\u0107 dokaz celog poglavlja otpora, vizije i transformacije \u010ditavog sistema vrednosti u sektoru koji povezuje \u017eene sa vrednostima mira i misijom ja\u010danja i garantovanja bezbednosti.<\/p>\n<p>Republika Kosovo je sada postala sinonim za Agendu za \u017eene, mir i bezbednost, kao deo na\u0161e stalne dr\u017eavne posve\u0107enosti.<\/p>\n<p>Danas ponosno vidimo sve ve\u0107e u\u010de\u0161\u0107e na\u0161ih \u017eena u bezbednosnim strukturama, se\u0107aju\u0107i se njihovog izuzetnog doprinosa putovanju slobode i formiranja dr\u017eave i izgradnje dr\u017eave, kao i kontinuiranom ja\u010danju na\u0161ih institucija.<\/p>\n<p>Danas \u017eelim da odam po\u010dast svakoj \u017eeni koja je ne samo \u017ertvovala sve za Kosovo, ve\u0107 i koja je danas izabrala da slu\u017ei u na\u0161oj Republici, u Bezbednosnim snagama, u Kosovskoj policiji, u Popravnoj slu\u017ebi, u diplomatiji, u ekonomiji i u svakom sektoru gde se \u0161tite mir i zakon, gde se ja\u010daju sami temelji na\u0161e dr\u017eave.<\/p>\n<p>Po\u0161tovani u\u010desnici,<\/p>\n<p>Ravnopravnost i ljudska prava su osnovni stubovi Republike Kosovo i istovremeno vode\u0107i principi u sprovo\u0111enju ove agende.<\/p>\n<p>To su tako\u0111e vrednosti na kojima funkcioni\u0161e Regionalni centar izvrsnosti za \u017eene, mir i bezbednost na Kosovu, osnovan u okviru Predsedni\u0161tva i jedini te vrste na celom evropskom kontinentu.<\/p>\n<p>Kroz svoj rad, Centar svakodnevno promovi\u0161e ulogu \u017eena i devojakaa u mirovnim i bezbednosnim procesima.<\/p>\n<p>Zahvaljuju\u0107i posve\u0107enosti Centra, Kosovo je i ove godine bilo mesto susreta lidera, aktivista i drugih globalnih aktera kako bi se pozabavili aktuelnim izazovima za \u017eene, mir i bezbednost, stavljaju\u0107i u centar pa\u017enje ne samo perspektivu \u017eena o bezbednosnoj situaciji, ve\u0107 i perspektivu budu\u0107ih generacija, koje zaslu\u017euju bezbedniju i mirniju budu\u0107nost.<\/p>\n<p>Me\u0111utim, postignuti napredak ne bi trebalo da nas zadovolji, jer izazovi i dalje postoje, posebno u postizanju jednake zastupljenosti na vi\u0161im rukovode\u0107im pozicijama.<\/p>\n<p>Verujem da ste od po\u010detka primetili da su skoro svi koje sam pozdravila na \u010delu institucija bili mu\u0161karci. Radi\u0107emo zajedno da i to promenimo.<\/p>\n<p>Iako uvek prepoznajemo izuzetan napredak koji \u017eene posti\u017eu u svakoj bezbednosnoj instituciji, moramo nastaviti da osna\u017eujemo \u017eene u ovim sektorima, u\u010diniti ih atraktivnijim za ve\u0107e u\u010de\u0161\u0107e, ali jo\u0161 va\u017enije, dati \u017eenama zaslu\u017eenu ulogu u dono\u0161enju odluka, ulogu koju su odavno zaslu\u017eile.<\/p>\n<p>Samo uklanjanjem barijera koje se name\u0107u \u017eenama mo\u0107i \u0107emo da unapredimo njihovu zastupljenost u svakoj instituciji koja se bavi mirom i bezbedno\u0161\u0107u, osiguravaju\u0107i da njihovi profesionalni kadrovi ostanu i razvijaju se unutar ovih institucija na osnovu principa meritokratije.<\/p>\n<p>Stoga je neophodno promovisati uspe\u0161ne primere \u017eena na odlu\u010duju\u0107im pozicijama i ohrabriti ih da preuzmu ve\u0107u odgovornost, kako bi rodna perspektiva bila deo svake odluke koju donosimo kao dru\u0161tvo.<\/p>\n<p>Kao \u0161to znate, ove godine, zbog doprinosa \u017eena na Kosovu, na\u0161a zemlja je tako\u0111e nagra\u0111ena Nagradom Parlamentarne skup\u0161tine NATO-a, godi\u0161njom nagradom za \u017eene, mir i bezbednost, \u0161to je istorijsko priznanje za dr\u017eavu i na\u0161 narod, a posebno za \u017eene koje su decenijama davale sve za ovu zemlju.<\/p>\n<p>Nastavi\u0107emo da radimo jo\u0161 vi\u0161e, kako bi u\u010de\u0161\u0107e \u017eena u svakom sektoru, a posebno u sektoru bezbednosti, bilo svakog dana uticajnije, svakog dana kompetentnije i sa sve ve\u0107om zastupljeno\u0161\u0107u.<\/p>\n<p>Bez \u017eena za stolovima gde se donose odluke, bezbednost nije inkluzivna, jer \u017eene Kosova, pored toga \u0161to su deo na\u0161e slavne istorije, su i snaga koja svakodnevno pi\u0161e bolju budu\u0107nost na\u0161e Republike.<\/p>\n<p>Hvala vam puno i \u017eelim vam puno uspeha u dana\u0161njim diskusijama!<\/p>\n<p><iframe style=\"border: none; overflow: hidden;\" src=\"https:\/\/www.facebook.com\/plugins\/video.php?height=476&amp;href=https%3A%2F%2Fwww.facebook.com%2Freel%2F1916046808945297%2F&amp;show_text=false&amp;width=560&amp;t=0\" width=\"560\" height=\"476\" frameborder=\"0\" scrolling=\"no\" allowfullscreen=\"allowfullscreen\" data-mce-fragment=\"1\"><\/iframe><\/p>\n","protected":false},"excerpt":{"rendered":"<p>Dobro jutro svima! Po\u0161tovani \u0161efe misije EULEX-a, generale Barbano, Po\u0161tovani generalni direktore policije, gospodine Hoxha, Po\u0161tovani generalni direktore Korektivne slu\u017ebe, gospodine Dibrani, Po\u0161tovani predstavnici institucija, Dragi prisutni, vi koji neumorno radite na principima Agende za \u017eene, mir i bezbednost, Ambasadori, Dame i gospodo, Uvek je posebno zadovoljstvo vratiti se na godi\u0161nji doga\u0111aj koji vi organizujete, posebno kada je fokus diskusije tako va\u017ena agenda kao \u0161to je ona za \u017eene, mir i bezbednost. Kosovo je tokom godina dokazalo da mo\u017ee mnogo dati u ovoj oblasti. Uprkos te\u0161kim i mra\u010dnim periodima koje je na\u0161 narod do\u017eiveo tokom rata, uspeli smo da se ponovo uzdignemo i izgradimo slobodu zahvaljuju\u0107i snazi, hrabrosti i posve\u0107enosti na\u0161ih \u017eena i mu\u0161karaca. Ova pri\u010da o otporu i saradnji sada postaje inspirativan primer, koji Kosovo svakodnevno deli sa celim svetom. U ovoj jubilarnoj godini, koja obele\u017eava 25. godi\u0161njicu Agende za \u017eene, mir i bezbednost, se\u0107amo se ne samo na\u0161ih zajedni\u010dkih dostignu\u0107a u cilju jednakosti, ve\u0107 i razmi\u0161ljamo o kontinuiranim naporima da se ova misija unapredi na Kosovu i svuda van Kosova. Ova godi\u0161njica za nas nije samo hronolo\u0161ka bele\u0161ka, ve\u0107 dokaz celog poglavlja otpora, vizije i transformacije \u010ditavog sistema vrednosti u sektoru koji povezuje \u017eene sa vrednostima mira i misijom ja\u010danja i garantovanja bezbednosti. Republika Kosovo je sada postala sinonim za Agendu za \u017eene, mir i bezbednost, kao deo na\u0161e stalne dr\u017eavne posve\u0107enosti. Danas ponosno vidimo sve ve\u0107e u\u010de\u0161\u0107e na\u0161ih \u017eena u bezbednosnim strukturama, se\u0107aju\u0107i se njihovog izuzetnog doprinosa putovanju slobode i formiranja dr\u017eave i izgradnje dr\u017eave, kao i kontinuiranom ja\u010danju na\u0161ih institucija. Danas \u017eelim da odam po\u010dast svakoj \u017eeni koja je ne samo \u017ertvovala sve za Kosovo, ve\u0107 i koja je danas izabrala da slu\u017ei u na\u0161oj Republici, u Bezbednosnim snagama, u Kosovskoj policiji, u Popravnoj slu\u017ebi, u diplomatiji, u ekonomiji i u svakom sektoru gde se \u0161tite mir i zakon, gde se ja\u010daju sami temelji na\u0161e dr\u017eave. Po\u0161tovani u\u010desnici, Ravnopravnost i ljudska prava su osnovni stubovi Republike Kosovo i istovremeno vode\u0107i principi u sprovo\u0111enju ove agende. To su tako\u0111e vrednosti na kojima funkcioni\u0161e Regionalni centar izvrsnosti za \u017eene, mir i bezbednost na Kosovu, osnovan u okviru Predsedni\u0161tva i jedini te vrste na celom evropskom kontinentu. Kroz svoj rad, Centar svakodnevno promovi\u0161e ulogu \u017eena i devojakaa u mirovnim i bezbednosnim procesima. Zahvaljuju\u0107i posve\u0107enosti Centra, Kosovo je i ove godine bilo mesto susreta lidera, aktivista i drugih globalnih aktera kako bi se pozabavili aktuelnim izazovima za \u017eene, mir i bezbednost, stavljaju\u0107i u centar pa\u017enje ne samo perspektivu \u017eena o bezbednosnoj situaciji, ve\u0107 i perspektivu budu\u0107ih generacija, koje zaslu\u017euju bezbedniju i mirniju budu\u0107nost. Me\u0111utim, postignuti napredak ne bi trebalo da nas zadovolji, jer izazovi i dalje postoje, posebno u postizanju jednake zastupljenosti na vi\u0161im rukovode\u0107im pozicijama. Verujem da ste od po\u010detka primetili da su skoro svi koje sam pozdravila na \u010delu institucija bili mu\u0161karci. Radi\u0107emo zajedno da i to promenimo. Iako uvek prepoznajemo izuzetan napredak koji \u017eene posti\u017eu u svakoj bezbednosnoj instituciji, moramo nastaviti da osna\u017eujemo \u017eene u ovim sektorima, u\u010diniti ih atraktivnijim za ve\u0107e u\u010de\u0161\u0107e, ali jo\u0161 va\u017enije, dati \u017eenama zaslu\u017eenu ulogu u dono\u0161enju odluka, ulogu koju su odavno zaslu\u017eile. Samo uklanjanjem barijera koje se name\u0107u \u017eenama mo\u0107i \u0107emo da unapredimo njihovu zastupljenost u svakoj instituciji koja se bavi mirom i bezbedno\u0161\u0107u, osiguravaju\u0107i da njihovi profesionalni kadrovi ostanu i razvijaju se unutar ovih institucija na osnovu principa meritokratije. Stoga je neophodno promovisati uspe\u0161ne primere \u017eena na odlu\u010duju\u0107im pozicijama i ohrabriti ih da preuzmu ve\u0107u odgovornost, kako bi rodna perspektiva bila deo svake odluke koju donosimo kao dru\u0161tvo. Kao \u0161to znate, ove godine, zbog doprinosa \u017eena na Kosovu, na\u0161a zemlja je tako\u0111e nagra\u0111ena Nagradom Parlamentarne skup\u0161tine NATO-a, godi\u0161njom nagradom za \u017eene, mir i bezbednost, \u0161to je istorijsko priznanje za dr\u017eavu i na\u0161 narod, a posebno za \u017eene koje su decenijama davale sve za ovu zemlju. Nastavi\u0107emo da radimo jo\u0161 vi\u0161e, kako bi u\u010de\u0161\u0107e \u017eena u svakom sektoru, a posebno u sektoru bezbednosti, bilo svakog dana uticajnije, svakog dana kompetentnije i sa sve ve\u0107om zastupljeno\u0161\u0107u. Bez \u017eena za stolovima gde se donose odluke, bezbednost nije inkluzivna, jer \u017eene Kosova, pored toga \u0161to su deo na\u0161e slavne istorije, su i snaga koja svakodnevno pi\u0161e bolju budu\u0107nost na\u0161e Republike. Hvala vam puno i \u017eelim vam puno uspeha u dana\u0161njim diskusijama!<\/p>\n","protected":false},"author":16,"featured_media":175671,"comment_status":"closed","ping_status":"closed","sticky":false,"template":"","format":"standard","meta":{"_eb_attr":"","footnotes":""},"categories":[106,165,101],"tags":[],"class_list":["post-175734","post","type-post","status-publish","format-standard","has-post-thumbnail","hentry","category-govori","category-regionalni-centar-za-zene-mir-i-bezbednost","category-vesti"],"yoast_head":"<!-- This site is optimized with the Yoast SEO plugin v23.5 - https:\/\/yoast.com\/wordpress\/plugins\/seo\/ -->\n<title>Govor predsednice Vjose Osmani na forumu koji su organizovali EULEX i Udru\u017eenje \u017eena Policije Kosova, na temu: \u201eOd rezolucije do akcije: 25 godina otkako su \u017eene transformisale mir i bezbednost na Kosovu\u201c - Predsednik Republike Kosovo - DR. VJOSA OSMANI - SADRIU<\/title>\n<meta name=\"description\" content=\"Govor predsednice Vjose Osmani na forumu koji su organizovali EULEX i Udru\u017eenje \u017eena Policije Kosova, na temu: \u201eOd rezolucije do akcije: 25 godina otkako su \u017eene transformisale mir i bezbednost na Kosovu\u201c - Predsednik Republike Kosovo - DR. VJOSA OSMANI - SADRIU -\" \/>\n<meta name=\"robots\" content=\"index, follow, max-snippet:-1, max-image-preview:large, max-video-preview:-1\" \/>\n<link rel=\"canonical\" href=\"https:\/\/president-ksgov.net\/sr\/govor-predsednice-vjose-osmani-na-forumu-koji-su-organizovali-eulex-i-udruzenje-zena-policije-kosova-na-temu-od-rezolucije-do-akcije-25-godina-otkako-su-zene-transformisale-mir-i-bezbednos\/\" \/>\n<meta property=\"og:locale\" content=\"sr_RS\" \/>\n<meta property=\"og:type\" content=\"article\" \/>\n<meta property=\"og:title\" content=\"Govor predsednice Vjose Osmani na forumu koji su organizovali EULEX i Udru\u017eenje \u017eena Policije Kosova, na temu: \u201eOd rezolucije do akcije: 25 godina otkako su \u017eene transformisale mir i bezbednost na Kosovu\u201c - Predsednik Republike Kosovo - DR. VJOSA OSMANI - SADRIU\" \/>\n<meta property=\"og:description\" content=\"Govor predsednice Vjose Osmani na forumu koji su organizovali EULEX i Udru\u017eenje \u017eena Policije Kosova, na temu: \u201eOd rezolucije do akcije: 25 godina otkako su \u017eene transformisale mir i bezbednost na Kosovu\u201c - Predsednik Republike Kosovo - DR. VJOSA OSMANI - SADRIU -\" \/>\n<meta property=\"og:url\" content=\"https:\/\/president-ksgov.net\/sr\/govor-predsednice-vjose-osmani-na-forumu-koji-su-organizovali-eulex-i-udruzenje-zena-policije-kosova-na-temu-od-rezolucije-do-akcije-25-godina-otkako-su-zene-transformisale-mir-i-bezbednos\/\" \/>\n<meta property=\"og:site_name\" content=\"Predsednik Republike Kosovo - DR. VJOSA OSMANI - SADRIU\" \/>\n<meta property=\"article:published_time\" content=\"2025-11-11T10:22:26+00:00\" \/>\n<meta property=\"article:modified_time\" content=\"2025-11-12T09:25:45+00:00\" \/>\n<meta property=\"og:image\" content=\"https:\/\/president-ksgov.net\/wp-content\/uploads\/Fjalimi-i-Presidentes-Vjosa-Osmani-ne-forumin-1119.jpeg\" \/>\n\t<meta property=\"og:image:width\" content=\"2560\" \/>\n\t<meta property=\"og:image:height\" content=\"1706\" \/>\n\t<meta property=\"og:image:type\" content=\"image\/jpeg\" \/>\n<meta name=\"author\" content=\"Azim Rabby\" \/>\n<meta name=\"twitter:card\" content=\"summary_large_image\" \/>\n<meta name=\"twitter:label1\" content=\"\u041d\u0430\u043f\u0438\u0441\u0430\u043d\u043e \u043e\u0434\" \/>\n\t<meta name=\"twitter:data1\" content=\"Azim Rabby\" \/>\n\t<meta name=\"twitter:label2\" content=\"\u041f\u0440\u043e\u0446\u0435\u045a\u0435\u043d\u043e \u0432\u0440\u0435\u043c\u0435 \u0447\u0438\u0442\u0430\u045a\u0430\" \/>\n\t<meta name=\"twitter:data2\" content=\"4 \u043c\u0438\u043d\u0443\u0442\u0430\" \/>\n<script type=\"application\/ld+json\" class=\"yoast-schema-graph\">{\"@context\":\"https:\/\/schema.org\",\"@graph\":[{\"@type\":\"WebPage\",\"@id\":\"https:\/\/president-ksgov.net\/sr\/govor-predsednice-vjose-osmani-na-forumu-koji-su-organizovali-eulex-i-udruzenje-zena-policije-kosova-na-temu-od-rezolucije-do-akcije-25-godina-otkako-su-zene-transformisale-mir-i-bezbednos\/\",\"url\":\"https:\/\/president-ksgov.net\/sr\/govor-predsednice-vjose-osmani-na-forumu-koji-su-organizovali-eulex-i-udruzenje-zena-policije-kosova-na-temu-od-rezolucije-do-akcije-25-godina-otkako-su-zene-transformisale-mir-i-bezbednos\/\",\"name\":\"Govor predsednice Vjose Osmani na forumu koji su organizovali EULEX i Udru\u017eenje \u017eena Policije Kosova, na temu: \u201eOd rezolucije do akcije: 25 godina otkako su \u017eene transformisale mir i bezbednost na Kosovu\u201c - Predsednik Republike Kosovo - DR. VJOSA OSMANI - SADRIU\",\"isPartOf\":{\"@id\":\"https:\/\/president-ksgov.net\/#website\"},\"primaryImageOfPage\":{\"@id\":\"https:\/\/president-ksgov.net\/sr\/govor-predsednice-vjose-osmani-na-forumu-koji-su-organizovali-eulex-i-udruzenje-zena-policije-kosova-na-temu-od-rezolucije-do-akcije-25-godina-otkako-su-zene-transformisale-mir-i-bezbednos\/#primaryimage\"},\"image\":{\"@id\":\"https:\/\/president-ksgov.net\/sr\/govor-predsednice-vjose-osmani-na-forumu-koji-su-organizovali-eulex-i-udruzenje-zena-policije-kosova-na-temu-od-rezolucije-do-akcije-25-godina-otkako-su-zene-transformisale-mir-i-bezbednos\/#primaryimage\"},\"thumbnailUrl\":\"https:\/\/president-ksgov.net\/wp-content\/uploads\/Fjalimi-i-Presidentes-Vjosa-Osmani-ne-forumin-1119.jpeg\",\"datePublished\":\"2025-11-11T10:22:26+00:00\",\"dateModified\":\"2025-11-12T09:25:45+00:00\",\"author\":{\"@id\":\"https:\/\/president-ksgov.net\/#\/schema\/person\/46897fdfb3a2c4637c66776b267b09f6\"},\"description\":\"Govor predsednice Vjose Osmani na forumu koji su organizovali EULEX i Udru\u017eenje \u017eena Policije Kosova, na temu: \u201eOd rezolucije do akcije: 25 godina otkako su \u017eene transformisale mir i bezbednost na Kosovu\u201c - Predsednik Republike Kosovo - DR. VJOSA OSMANI - SADRIU -\",\"breadcrumb\":{\"@id\":\"https:\/\/president-ksgov.net\/sr\/govor-predsednice-vjose-osmani-na-forumu-koji-su-organizovali-eulex-i-udruzenje-zena-policije-kosova-na-temu-od-rezolucije-do-akcije-25-godina-otkako-su-zene-transformisale-mir-i-bezbednos\/#breadcrumb\"},\"inLanguage\":\"sr-RS\",\"potentialAction\":[{\"@type\":\"ReadAction\",\"target\":[\"https:\/\/president-ksgov.net\/sr\/govor-predsednice-vjose-osmani-na-forumu-koji-su-organizovali-eulex-i-udruzenje-zena-policije-kosova-na-temu-od-rezolucije-do-akcije-25-godina-otkako-su-zene-transformisale-mir-i-bezbednos\/\"]}]},{\"@type\":\"ImageObject\",\"inLanguage\":\"sr-RS\",\"@id\":\"https:\/\/president-ksgov.net\/sr\/govor-predsednice-vjose-osmani-na-forumu-koji-su-organizovali-eulex-i-udruzenje-zena-policije-kosova-na-temu-od-rezolucije-do-akcije-25-godina-otkako-su-zene-transformisale-mir-i-bezbednos\/#primaryimage\",\"url\":\"https:\/\/president-ksgov.net\/wp-content\/uploads\/Fjalimi-i-Presidentes-Vjosa-Osmani-ne-forumin-1119.jpeg\",\"contentUrl\":\"https:\/\/president-ksgov.net\/wp-content\/uploads\/Fjalimi-i-Presidentes-Vjosa-Osmani-ne-forumin-1119.jpeg\",\"width\":2560,\"height\":1706},{\"@type\":\"BreadcrumbList\",\"@id\":\"https:\/\/president-ksgov.net\/sr\/govor-predsednice-vjose-osmani-na-forumu-koji-su-organizovali-eulex-i-udruzenje-zena-policije-kosova-na-temu-od-rezolucije-do-akcije-25-godina-otkako-su-zene-transformisale-mir-i-bezbednos\/#breadcrumb\",\"itemListElement\":[{\"@type\":\"ListItem\",\"position\":1,\"name\":\"Home\",\"item\":\"https:\/\/president-ksgov.net\/sr\/\"},{\"@type\":\"ListItem\",\"position\":2,\"name\":\"Govor predsednice Vjose Osmani na forumu koji su organizovali EULEX i Udru\u017eenje \u017eena Policije Kosova, na temu: \u201eOd rezolucije do akcije: 25 godina otkako su \u017eene transformisale mir i bezbednost na Kosovu\u201c\"}]},{\"@type\":\"WebSite\",\"@id\":\"https:\/\/president-ksgov.net\/#website\",\"url\":\"https:\/\/president-ksgov.net\/\",\"name\":\"Presidente e Republik\u00ebs s\u00eb Kosov\u00ebs\",\"description\":\"Presidente e Republik\u00ebs s\u00eb Kosov\u00ebs\",\"alternateName\":\"DR. VJOSA OSMANI - SADRIU\",\"potentialAction\":[{\"@type\":\"SearchAction\",\"target\":{\"@type\":\"EntryPoint\",\"urlTemplate\":\"https:\/\/president-ksgov.net\/?s={search_term_string}\"},\"query-input\":{\"@type\":\"PropertyValueSpecification\",\"valueRequired\":true,\"valueName\":\"search_term_string\"}}],\"inLanguage\":\"sr-RS\"},{\"@type\":\"Person\",\"@id\":\"https:\/\/president-ksgov.net\/#\/schema\/person\/46897fdfb3a2c4637c66776b267b09f6\",\"name\":\"Azim Rabby\",\"image\":{\"@type\":\"ImageObject\",\"inLanguage\":\"sr-RS\",\"@id\":\"https:\/\/president-ksgov.net\/#\/schema\/person\/image\/\",\"url\":\"https:\/\/secure.gravatar.com\/avatar\/2e869d6e696f88891afa5dab0768da91bb4d2f829b32699cfb894a221f3d336b?s=96&d=mm&r=g\",\"contentUrl\":\"https:\/\/secure.gravatar.com\/avatar\/2e869d6e696f88891afa5dab0768da91bb4d2f829b32699cfb894a221f3d336b?s=96&d=mm&r=g\",\"caption\":\"Azim Rabby\"}}]}<\/script>\n<!-- \/ Yoast SEO plugin. -->","yoast_head_json":{"title":"Govor predsednice Vjose Osmani na forumu koji su organizovali EULEX i Udru\u017eenje \u017eena Policije Kosova, na temu: \u201eOd rezolucije do akcije: 25 godina otkako su \u017eene transformisale mir i bezbednost na Kosovu\u201c - Predsednik Republike Kosovo - DR. VJOSA OSMANI - SADRIU","description":"Govor predsednice Vjose Osmani na forumu koji su organizovali EULEX i Udru\u017eenje \u017eena Policije Kosova, na temu: \u201eOd rezolucije do akcije: 25 godina otkako su \u017eene transformisale mir i bezbednost na Kosovu\u201c - Predsednik Republike Kosovo - DR. VJOSA OSMANI - SADRIU -","robots":{"index":"index","follow":"follow","max-snippet":"max-snippet:-1","max-image-preview":"max-image-preview:large","max-video-preview":"max-video-preview:-1"},"canonical":"https:\/\/president-ksgov.net\/sr\/govor-predsednice-vjose-osmani-na-forumu-koji-su-organizovali-eulex-i-udruzenje-zena-policije-kosova-na-temu-od-rezolucije-do-akcije-25-godina-otkako-su-zene-transformisale-mir-i-bezbednos\/","og_locale":"sr_RS","og_type":"article","og_title":"Govor predsednice Vjose Osmani na forumu koji su organizovali EULEX i Udru\u017eenje \u017eena Policije Kosova, na temu: \u201eOd rezolucije do akcije: 25 godina otkako su \u017eene transformisale mir i bezbednost na Kosovu\u201c - Predsednik Republike Kosovo - DR. VJOSA OSMANI - SADRIU","og_description":"Govor predsednice Vjose Osmani na forumu koji su organizovali EULEX i Udru\u017eenje \u017eena Policije Kosova, na temu: \u201eOd rezolucije do akcije: 25 godina otkako su \u017eene transformisale mir i bezbednost na Kosovu\u201c - Predsednik Republike Kosovo - DR. VJOSA OSMANI - SADRIU -","og_url":"https:\/\/president-ksgov.net\/sr\/govor-predsednice-vjose-osmani-na-forumu-koji-su-organizovali-eulex-i-udruzenje-zena-policije-kosova-na-temu-od-rezolucije-do-akcije-25-godina-otkako-su-zene-transformisale-mir-i-bezbednos\/","og_site_name":"Predsednik Republike Kosovo - DR. VJOSA OSMANI - SADRIU","article_published_time":"2025-11-11T10:22:26+00:00","article_modified_time":"2025-11-12T09:25:45+00:00","og_image":[{"width":2560,"height":1706,"url":"https:\/\/president-ksgov.net\/wp-content\/uploads\/Fjalimi-i-Presidentes-Vjosa-Osmani-ne-forumin-1119.jpeg","type":"image\/jpeg"}],"author":"Azim Rabby","twitter_card":"summary_large_image","twitter_misc":{"\u041d\u0430\u043f\u0438\u0441\u0430\u043d\u043e \u043e\u0434":"Azim Rabby","\u041f\u0440\u043e\u0446\u0435\u045a\u0435\u043d\u043e \u0432\u0440\u0435\u043c\u0435 \u0447\u0438\u0442\u0430\u045a\u0430":"4 \u043c\u0438\u043d\u0443\u0442\u0430"},"schema":{"@context":"https:\/\/schema.org","@graph":[{"@type":"WebPage","@id":"https:\/\/president-ksgov.net\/sr\/govor-predsednice-vjose-osmani-na-forumu-koji-su-organizovali-eulex-i-udruzenje-zena-policije-kosova-na-temu-od-rezolucije-do-akcije-25-godina-otkako-su-zene-transformisale-mir-i-bezbednos\/","url":"https:\/\/president-ksgov.net\/sr\/govor-predsednice-vjose-osmani-na-forumu-koji-su-organizovali-eulex-i-udruzenje-zena-policije-kosova-na-temu-od-rezolucije-do-akcije-25-godina-otkako-su-zene-transformisale-mir-i-bezbednos\/","name":"Govor predsednice Vjose Osmani na forumu koji su organizovali EULEX i Udru\u017eenje \u017eena Policije Kosova, na temu: \u201eOd rezolucije do akcije: 25 godina otkako su \u017eene transformisale mir i bezbednost na Kosovu\u201c - Predsednik Republike Kosovo - DR. VJOSA OSMANI - SADRIU","isPartOf":{"@id":"https:\/\/president-ksgov.net\/#website"},"primaryImageOfPage":{"@id":"https:\/\/president-ksgov.net\/sr\/govor-predsednice-vjose-osmani-na-forumu-koji-su-organizovali-eulex-i-udruzenje-zena-policije-kosova-na-temu-od-rezolucije-do-akcije-25-godina-otkako-su-zene-transformisale-mir-i-bezbednos\/#primaryimage"},"image":{"@id":"https:\/\/president-ksgov.net\/sr\/govor-predsednice-vjose-osmani-na-forumu-koji-su-organizovali-eulex-i-udruzenje-zena-policije-kosova-na-temu-od-rezolucije-do-akcije-25-godina-otkako-su-zene-transformisale-mir-i-bezbednos\/#primaryimage"},"thumbnailUrl":"https:\/\/president-ksgov.net\/wp-content\/uploads\/Fjalimi-i-Presidentes-Vjosa-Osmani-ne-forumin-1119.jpeg","datePublished":"2025-11-11T10:22:26+00:00","dateModified":"2025-11-12T09:25:45+00:00","author":{"@id":"https:\/\/president-ksgov.net\/#\/schema\/person\/46897fdfb3a2c4637c66776b267b09f6"},"description":"Govor predsednice Vjose Osmani na forumu koji su organizovali EULEX i Udru\u017eenje \u017eena Policije Kosova, na temu: \u201eOd rezolucije do akcije: 25 godina otkako su \u017eene transformisale mir i bezbednost na Kosovu\u201c - Predsednik Republike Kosovo - DR. VJOSA OSMANI - SADRIU -","breadcrumb":{"@id":"https:\/\/president-ksgov.net\/sr\/govor-predsednice-vjose-osmani-na-forumu-koji-su-organizovali-eulex-i-udruzenje-zena-policije-kosova-na-temu-od-rezolucije-do-akcije-25-godina-otkako-su-zene-transformisale-mir-i-bezbednos\/#breadcrumb"},"inLanguage":"sr-RS","potentialAction":[{"@type":"ReadAction","target":["https:\/\/president-ksgov.net\/sr\/govor-predsednice-vjose-osmani-na-forumu-koji-su-organizovali-eulex-i-udruzenje-zena-policije-kosova-na-temu-od-rezolucije-do-akcije-25-godina-otkako-su-zene-transformisale-mir-i-bezbednos\/"]}]},{"@type":"ImageObject","inLanguage":"sr-RS","@id":"https:\/\/president-ksgov.net\/sr\/govor-predsednice-vjose-osmani-na-forumu-koji-su-organizovali-eulex-i-udruzenje-zena-policije-kosova-na-temu-od-rezolucije-do-akcije-25-godina-otkako-su-zene-transformisale-mir-i-bezbednos\/#primaryimage","url":"https:\/\/president-ksgov.net\/wp-content\/uploads\/Fjalimi-i-Presidentes-Vjosa-Osmani-ne-forumin-1119.jpeg","contentUrl":"https:\/\/president-ksgov.net\/wp-content\/uploads\/Fjalimi-i-Presidentes-Vjosa-Osmani-ne-forumin-1119.jpeg","width":2560,"height":1706},{"@type":"BreadcrumbList","@id":"https:\/\/president-ksgov.net\/sr\/govor-predsednice-vjose-osmani-na-forumu-koji-su-organizovali-eulex-i-udruzenje-zena-policije-kosova-na-temu-od-rezolucije-do-akcije-25-godina-otkako-su-zene-transformisale-mir-i-bezbednos\/#breadcrumb","itemListElement":[{"@type":"ListItem","position":1,"name":"Home","item":"https:\/\/president-ksgov.net\/sr\/"},{"@type":"ListItem","position":2,"name":"Govor predsednice Vjose Osmani na forumu koji su organizovali EULEX i Udru\u017eenje \u017eena Policije Kosova, na temu: \u201eOd rezolucije do akcije: 25 godina otkako su \u017eene transformisale mir i bezbednost na Kosovu\u201c"}]},{"@type":"WebSite","@id":"https:\/\/president-ksgov.net\/#website","url":"https:\/\/president-ksgov.net\/","name":"Presidente e Republik\u00ebs s\u00eb Kosov\u00ebs","description":"Presidente e Republik\u00ebs s\u00eb Kosov\u00ebs","alternateName":"DR. VJOSA OSMANI - SADRIU","potentialAction":[{"@type":"SearchAction","target":{"@type":"EntryPoint","urlTemplate":"https:\/\/president-ksgov.net\/?s={search_term_string}"},"query-input":{"@type":"PropertyValueSpecification","valueRequired":true,"valueName":"search_term_string"}}],"inLanguage":"sr-RS"},{"@type":"Person","@id":"https:\/\/president-ksgov.net\/#\/schema\/person\/46897fdfb3a2c4637c66776b267b09f6","name":"Azim Rabby","image":{"@type":"ImageObject","inLanguage":"sr-RS","@id":"https:\/\/president-ksgov.net\/#\/schema\/person\/image\/","url":"https:\/\/secure.gravatar.com\/avatar\/2e869d6e696f88891afa5dab0768da91bb4d2f829b32699cfb894a221f3d336b?s=96&d=mm&r=g","contentUrl":"https:\/\/secure.gravatar.com\/avatar\/2e869d6e696f88891afa5dab0768da91bb4d2f829b32699cfb894a221f3d336b?s=96&d=mm&r=g","caption":"Azim Rabby"}}]}},"_links":{"self":[{"href":"https:\/\/president-ksgov.net\/sr\/wp-json\/wp\/v2\/posts\/175734","targetHints":{"allow":["GET"]}}],"collection":[{"href":"https:\/\/president-ksgov.net\/sr\/wp-json\/wp\/v2\/posts"}],"about":[{"href":"https:\/\/president-ksgov.net\/sr\/wp-json\/wp\/v2\/types\/post"}],"author":[{"embeddable":true,"href":"https:\/\/president-ksgov.net\/sr\/wp-json\/wp\/v2\/users\/16"}],"replies":[{"embeddable":true,"href":"https:\/\/president-ksgov.net\/sr\/wp-json\/wp\/v2\/comments?post=175734"}],"version-history":[{"count":1,"href":"https:\/\/president-ksgov.net\/sr\/wp-json\/wp\/v2\/posts\/175734\/revisions"}],"predecessor-version":[{"id":175735,"href":"https:\/\/president-ksgov.net\/sr\/wp-json\/wp\/v2\/posts\/175734\/revisions\/175735"}],"wp:featuredmedia":[{"embeddable":true,"href":"https:\/\/president-ksgov.net\/sr\/wp-json\/wp\/v2\/media\/175671"}],"wp:attachment":[{"href":"https:\/\/president-ksgov.net\/sr\/wp-json\/wp\/v2\/media?parent=175734"}],"wp:term":[{"taxonomy":"category","embeddable":true,"href":"https:\/\/president-ksgov.net\/sr\/wp-json\/wp\/v2\/categories?post=175734"},{"taxonomy":"post_tag","embeddable":true,"href":"https:\/\/president-ksgov.net\/sr\/wp-json\/wp\/v2\/tags?post=175734"}],"curies":[{"name":"wp","href":"https:\/\/api.w.org\/{rel}","templated":true}]}}