{"id":173696,"date":"2025-10-12T11:22:35","date_gmt":"2025-10-12T09:22:35","guid":{"rendered":"https:\/\/president-ksgov.net\/?p=173696"},"modified":"2025-10-13T10:32:20","modified_gmt":"2025-10-13T08:32:20","slug":"predsednica-ovo-je-dan-kada-glas-gradana-postaje-politicka-snaga-i-demokratska-odgovornost","status":"publish","type":"post","link":"https:\/\/president-ksgov.net\/sr\/predsednica-ovo-je-dan-kada-glas-gradana-postaje-politicka-snaga-i-demokratska-odgovornost\/","title":{"rendered":"Predsednica: Ovo je dan kada glas gra\u0111ana postaje politi\u010dka snaga i demokratska odgovornost"},"content":{"rendered":"<p>Predsednica Republike Kosovo, Vjosa Osmani, glasala je na lokalnim izborima u bira\u010dkom centru na Tehni\u010dkom fakultetu u Pri\u0161tini.<\/p>\n<p>Predsednica Osmani je napisala:<\/p>\n<p>Danas Kosovo glasa!<\/p>\n<p>Ovo je dan kada glas gra\u0111ana postaje politi\u010dka snaga i demokratska odgovornost.<\/p>\n<p>Na\u0161i gra\u0111ani odlu\u010duju o predsednicima op\u0161tina i \u010dlanovima skup\u0161tina op\u0161tina, ljudima koji \u0107e voditi razvoj, blagostanje i svakodnevni \u017eivot u svakoj op\u0161tini Republike Kosovo.<\/p>\n<p>Na\u0161a demokratija je ja\u010da kada gra\u0111ani Kosova govore kroz svoje glasove!<\/p>\n","protected":false},"excerpt":{"rendered":"<p>Predsednica Republike Kosovo, Vjosa Osmani, glasala je na lokalnim izborima u bira\u010dkom centru na Tehni\u010dkom fakultetu u Pri\u0161tini. Predsednica Osmani je napisala: Danas Kosovo glasa! Ovo je dan kada glas gra\u0111ana postaje politi\u010dka snaga i demokratska odgovornost. Na\u0161i gra\u0111ani odlu\u010duju o predsednicima op\u0161tina i \u010dlanovima skup\u0161tina op\u0161tina, ljudima koji \u0107e voditi razvoj, blagostanje i svakodnevni \u017eivot u svakoj op\u0161tini Republike Kosovo. Na\u0161a demokratija je ja\u010da kada gra\u0111ani Kosova govore kroz svoje glasove!<\/p>\n","protected":false},"author":9,"featured_media":173672,"comment_status":"closed","ping_status":"closed","sticky":false,"template":"","format":"standard","meta":{"_eb_attr":"","footnotes":""},"categories":[101],"tags":[],"class_list":["post-173696","post","type-post","status-publish","format-standard","has-post-thumbnail","hentry","category-vesti"],"yoast_head":"<!-- This site is optimized with the Yoast SEO plugin v23.5 - https:\/\/yoast.com\/wordpress\/plugins\/seo\/ -->\n<title>Predsednica: Ovo je dan kada glas gra\u0111ana postaje politi\u010dka snaga i demokratska odgovornost - Predsednik Republike Kosovo - DR. VJOSA OSMANI - SADRIU<\/title>\n<meta name=\"description\" content=\"Predsednica: Ovo je dan kada glas gra\u0111ana postaje politi\u010dka snaga i demokratska odgovornost - Predsednik Republike Kosovo - DR. VJOSA OSMANI - SADRIU -\" \/>\n<meta name=\"robots\" content=\"index, follow, max-snippet:-1, max-image-preview:large, max-video-preview:-1\" \/>\n<link rel=\"canonical\" href=\"https:\/\/president-ksgov.net\/en\/?p=173698\" \/>\n<meta property=\"og:locale\" content=\"sr_RS\" \/>\n<meta property=\"og:type\" content=\"article\" \/>\n<meta property=\"og:title\" content=\"Predsednica: Ovo je dan kada glas gra\u0111ana postaje politi\u010dka snaga i demokratska odgovornost - Predsednik Republike Kosovo - DR. VJOSA OSMANI - SADRIU\" \/>\n<meta property=\"og:description\" content=\"Predsednica: Ovo je dan kada glas gra\u0111ana postaje politi\u010dka snaga i demokratska odgovornost - Predsednik Republike Kosovo - DR. VJOSA OSMANI - SADRIU -\" \/>\n<meta property=\"og:url\" content=\"https:\/\/president-ksgov.net\/en\/?p=173698\" \/>\n<meta property=\"og:site_name\" content=\"Predsednik Republike Kosovo - DR. VJOSA OSMANI - SADRIU\" \/>\n<meta property=\"article:published_time\" content=\"2025-10-12T09:22:35+00:00\" \/>\n<meta property=\"article:modified_time\" content=\"2025-10-13T08:32:20+00:00\" \/>\n<meta property=\"og:image\" content=\"https:\/\/president-ksgov.net\/wp-content\/uploads\/Presidentja-Kjo-eshte-dita-kur-zeri-i-qytetareve-behet-force-politike-dhe-pergjegjesi-demokratike-1.jpg\" \/>\n\t<meta property=\"og:image:width\" content=\"2048\" \/>\n\t<meta property=\"og:image:height\" content=\"1368\" \/>\n\t<meta property=\"og:image:type\" content=\"image\/jpeg\" \/>\n<meta name=\"author\" content=\"Florent Rrahmani\" \/>\n<meta name=\"twitter:card\" content=\"summary_large_image\" \/>\n<meta name=\"twitter:label1\" content=\"\u041d\u0430\u043f\u0438\u0441\u0430\u043d\u043e \u043e\u0434\" \/>\n\t<meta name=\"twitter:data1\" content=\"Florent Rrahmani\" \/>\n\t<meta name=\"twitter:label2\" content=\"\u041f\u0440\u043e\u0446\u0435\u045a\u0435\u043d\u043e \u0432\u0440\u0435\u043c\u0435 \u0447\u0438\u0442\u0430\u045a\u0430\" \/>\n\t<meta name=\"twitter:data2\" content=\"1 \u043c\u0438\u043d\u0443\u0442\" \/>\n<script type=\"application\/ld+json\" class=\"yoast-schema-graph\">{\"@context\":\"https:\/\/schema.org\",\"@graph\":[{\"@type\":\"WebPage\",\"@id\":\"https:\/\/president-ksgov.net\/en\/?p=173698\",\"url\":\"https:\/\/president-ksgov.net\/en\/?p=173698\",\"name\":\"Predsednica: Ovo je dan kada glas gra\u0111ana postaje politi\u010dka snaga i demokratska odgovornost - Predsednik Republike Kosovo - DR. VJOSA OSMANI - SADRIU\",\"isPartOf\":{\"@id\":\"https:\/\/president-ksgov.net\/#website\"},\"primaryImageOfPage\":{\"@id\":\"https:\/\/president-ksgov.net\/en\/?p=173698#primaryimage\"},\"image\":{\"@id\":\"https:\/\/president-ksgov.net\/en\/?p=173698#primaryimage\"},\"thumbnailUrl\":\"https:\/\/president-ksgov.net\/wp-content\/uploads\/Presidentja-Kjo-eshte-dita-kur-zeri-i-qytetareve-behet-force-politike-dhe-pergjegjesi-demokratike-1.jpg\",\"datePublished\":\"2025-10-12T09:22:35+00:00\",\"dateModified\":\"2025-10-13T08:32:20+00:00\",\"author\":{\"@id\":\"https:\/\/president-ksgov.net\/#\/schema\/person\/7c46f744a99d3f1616b92658282aa934\"},\"description\":\"Predsednica: Ovo je dan kada glas gra\u0111ana postaje politi\u010dka snaga i demokratska odgovornost - Predsednik Republike Kosovo - DR. VJOSA OSMANI - SADRIU -\",\"breadcrumb\":{\"@id\":\"https:\/\/president-ksgov.net\/en\/?p=173698#breadcrumb\"},\"inLanguage\":\"sr-RS\",\"potentialAction\":[{\"@type\":\"ReadAction\",\"target\":[\"https:\/\/president-ksgov.net\/en\/?p=173698\"]}]},{\"@type\":\"ImageObject\",\"inLanguage\":\"sr-RS\",\"@id\":\"https:\/\/president-ksgov.net\/en\/?p=173698#primaryimage\",\"url\":\"https:\/\/president-ksgov.net\/wp-content\/uploads\/Presidentja-Kjo-eshte-dita-kur-zeri-i-qytetareve-behet-force-politike-dhe-pergjegjesi-demokratike-1.jpg\",\"contentUrl\":\"https:\/\/president-ksgov.net\/wp-content\/uploads\/Presidentja-Kjo-eshte-dita-kur-zeri-i-qytetareve-behet-force-politike-dhe-pergjegjesi-demokratike-1.jpg\",\"width\":2048,\"height\":1368},{\"@type\":\"BreadcrumbList\",\"@id\":\"https:\/\/president-ksgov.net\/en\/?p=173698#breadcrumb\",\"itemListElement\":[{\"@type\":\"ListItem\",\"position\":1,\"name\":\"Home\",\"item\":\"https:\/\/president-ksgov.net\/sr\/\"},{\"@type\":\"ListItem\",\"position\":2,\"name\":\"Predsednica: Ovo je dan kada glas gra\u0111ana postaje politi\u010dka snaga i demokratska odgovornost\"}]},{\"@type\":\"WebSite\",\"@id\":\"https:\/\/president-ksgov.net\/#website\",\"url\":\"https:\/\/president-ksgov.net\/\",\"name\":\"Presidente e Republik\u00ebs s\u00eb Kosov\u00ebs\",\"description\":\"Presidente e Republik\u00ebs s\u00eb Kosov\u00ebs\",\"alternateName\":\"DR. VJOSA OSMANI - SADRIU\",\"potentialAction\":[{\"@type\":\"SearchAction\",\"target\":{\"@type\":\"EntryPoint\",\"urlTemplate\":\"https:\/\/president-ksgov.net\/?s={search_term_string}\"},\"query-input\":{\"@type\":\"PropertyValueSpecification\",\"valueRequired\":true,\"valueName\":\"search_term_string\"}}],\"inLanguage\":\"sr-RS\"},{\"@type\":\"Person\",\"@id\":\"https:\/\/president-ksgov.net\/#\/schema\/person\/7c46f744a99d3f1616b92658282aa934\",\"name\":\"Florent Rrahmani\",\"image\":{\"@type\":\"ImageObject\",\"inLanguage\":\"sr-RS\",\"@id\":\"https:\/\/president-ksgov.net\/#\/schema\/person\/image\/\",\"url\":\"https:\/\/secure.gravatar.com\/avatar\/2545924aa250de68ac8368367a79b663e59571cd131611f54c89b0613a94e230?s=96&d=mm&r=g\",\"contentUrl\":\"https:\/\/secure.gravatar.com\/avatar\/2545924aa250de68ac8368367a79b663e59571cd131611f54c89b0613a94e230?s=96&d=mm&r=g\",\"caption\":\"Florent Rrahmani\"}}]}<\/script>\n<!-- \/ Yoast SEO plugin. -->","yoast_head_json":{"title":"Predsednica: Ovo je dan kada glas gra\u0111ana postaje politi\u010dka snaga i demokratska odgovornost - Predsednik Republike Kosovo - DR. VJOSA OSMANI - SADRIU","description":"Predsednica: Ovo je dan kada glas gra\u0111ana postaje politi\u010dka snaga i demokratska odgovornost - Predsednik Republike Kosovo - DR. VJOSA OSMANI - SADRIU -","robots":{"index":"index","follow":"follow","max-snippet":"max-snippet:-1","max-image-preview":"max-image-preview:large","max-video-preview":"max-video-preview:-1"},"canonical":"https:\/\/president-ksgov.net\/en\/?p=173698","og_locale":"sr_RS","og_type":"article","og_title":"Predsednica: Ovo je dan kada glas gra\u0111ana postaje politi\u010dka snaga i demokratska odgovornost - Predsednik Republike Kosovo - DR. VJOSA OSMANI - SADRIU","og_description":"Predsednica: Ovo je dan kada glas gra\u0111ana postaje politi\u010dka snaga i demokratska odgovornost - Predsednik Republike Kosovo - DR. VJOSA OSMANI - SADRIU -","og_url":"https:\/\/president-ksgov.net\/en\/?p=173698","og_site_name":"Predsednik Republike Kosovo - DR. VJOSA OSMANI - SADRIU","article_published_time":"2025-10-12T09:22:35+00:00","article_modified_time":"2025-10-13T08:32:20+00:00","og_image":[{"width":2048,"height":1368,"url":"https:\/\/president-ksgov.net\/wp-content\/uploads\/Presidentja-Kjo-eshte-dita-kur-zeri-i-qytetareve-behet-force-politike-dhe-pergjegjesi-demokratike-1.jpg","type":"image\/jpeg"}],"author":"Florent Rrahmani","twitter_card":"summary_large_image","twitter_misc":{"\u041d\u0430\u043f\u0438\u0441\u0430\u043d\u043e \u043e\u0434":"Florent Rrahmani","\u041f\u0440\u043e\u0446\u0435\u045a\u0435\u043d\u043e \u0432\u0440\u0435\u043c\u0435 \u0447\u0438\u0442\u0430\u045a\u0430":"1 \u043c\u0438\u043d\u0443\u0442"},"schema":{"@context":"https:\/\/schema.org","@graph":[{"@type":"WebPage","@id":"https:\/\/president-ksgov.net\/en\/?p=173698","url":"https:\/\/president-ksgov.net\/en\/?p=173698","name":"Predsednica: Ovo je dan kada glas gra\u0111ana postaje politi\u010dka snaga i demokratska odgovornost - Predsednik Republike Kosovo - DR. VJOSA OSMANI - SADRIU","isPartOf":{"@id":"https:\/\/president-ksgov.net\/#website"},"primaryImageOfPage":{"@id":"https:\/\/president-ksgov.net\/en\/?p=173698#primaryimage"},"image":{"@id":"https:\/\/president-ksgov.net\/en\/?p=173698#primaryimage"},"thumbnailUrl":"https:\/\/president-ksgov.net\/wp-content\/uploads\/Presidentja-Kjo-eshte-dita-kur-zeri-i-qytetareve-behet-force-politike-dhe-pergjegjesi-demokratike-1.jpg","datePublished":"2025-10-12T09:22:35+00:00","dateModified":"2025-10-13T08:32:20+00:00","author":{"@id":"https:\/\/president-ksgov.net\/#\/schema\/person\/7c46f744a99d3f1616b92658282aa934"},"description":"Predsednica: Ovo je dan kada glas gra\u0111ana postaje politi\u010dka snaga i demokratska odgovornost - Predsednik Republike Kosovo - DR. VJOSA OSMANI - SADRIU -","breadcrumb":{"@id":"https:\/\/president-ksgov.net\/en\/?p=173698#breadcrumb"},"inLanguage":"sr-RS","potentialAction":[{"@type":"ReadAction","target":["https:\/\/president-ksgov.net\/en\/?p=173698"]}]},{"@type":"ImageObject","inLanguage":"sr-RS","@id":"https:\/\/president-ksgov.net\/en\/?p=173698#primaryimage","url":"https:\/\/president-ksgov.net\/wp-content\/uploads\/Presidentja-Kjo-eshte-dita-kur-zeri-i-qytetareve-behet-force-politike-dhe-pergjegjesi-demokratike-1.jpg","contentUrl":"https:\/\/president-ksgov.net\/wp-content\/uploads\/Presidentja-Kjo-eshte-dita-kur-zeri-i-qytetareve-behet-force-politike-dhe-pergjegjesi-demokratike-1.jpg","width":2048,"height":1368},{"@type":"BreadcrumbList","@id":"https:\/\/president-ksgov.net\/en\/?p=173698#breadcrumb","itemListElement":[{"@type":"ListItem","position":1,"name":"Home","item":"https:\/\/president-ksgov.net\/sr\/"},{"@type":"ListItem","position":2,"name":"Predsednica: Ovo je dan kada glas gra\u0111ana postaje politi\u010dka snaga i demokratska odgovornost"}]},{"@type":"WebSite","@id":"https:\/\/president-ksgov.net\/#website","url":"https:\/\/president-ksgov.net\/","name":"Presidente e Republik\u00ebs s\u00eb Kosov\u00ebs","description":"Presidente e Republik\u00ebs s\u00eb Kosov\u00ebs","alternateName":"DR. VJOSA OSMANI - SADRIU","potentialAction":[{"@type":"SearchAction","target":{"@type":"EntryPoint","urlTemplate":"https:\/\/president-ksgov.net\/?s={search_term_string}"},"query-input":{"@type":"PropertyValueSpecification","valueRequired":true,"valueName":"search_term_string"}}],"inLanguage":"sr-RS"},{"@type":"Person","@id":"https:\/\/president-ksgov.net\/#\/schema\/person\/7c46f744a99d3f1616b92658282aa934","name":"Florent Rrahmani","image":{"@type":"ImageObject","inLanguage":"sr-RS","@id":"https:\/\/president-ksgov.net\/#\/schema\/person\/image\/","url":"https:\/\/secure.gravatar.com\/avatar\/2545924aa250de68ac8368367a79b663e59571cd131611f54c89b0613a94e230?s=96&d=mm&r=g","contentUrl":"https:\/\/secure.gravatar.com\/avatar\/2545924aa250de68ac8368367a79b663e59571cd131611f54c89b0613a94e230?s=96&d=mm&r=g","caption":"Florent Rrahmani"}}]}},"_links":{"self":[{"href":"https:\/\/president-ksgov.net\/sr\/wp-json\/wp\/v2\/posts\/173696","targetHints":{"allow":["GET"]}}],"collection":[{"href":"https:\/\/president-ksgov.net\/sr\/wp-json\/wp\/v2\/posts"}],"about":[{"href":"https:\/\/president-ksgov.net\/sr\/wp-json\/wp\/v2\/types\/post"}],"author":[{"embeddable":true,"href":"https:\/\/president-ksgov.net\/sr\/wp-json\/wp\/v2\/users\/9"}],"replies":[{"embeddable":true,"href":"https:\/\/president-ksgov.net\/sr\/wp-json\/wp\/v2\/comments?post=173696"}],"version-history":[{"count":1,"href":"https:\/\/president-ksgov.net\/sr\/wp-json\/wp\/v2\/posts\/173696\/revisions"}],"predecessor-version":[{"id":173697,"href":"https:\/\/president-ksgov.net\/sr\/wp-json\/wp\/v2\/posts\/173696\/revisions\/173697"}],"wp:featuredmedia":[{"embeddable":true,"href":"https:\/\/president-ksgov.net\/sr\/wp-json\/wp\/v2\/media\/173672"}],"wp:attachment":[{"href":"https:\/\/president-ksgov.net\/sr\/wp-json\/wp\/v2\/media?parent=173696"}],"wp:term":[{"taxonomy":"category","embeddable":true,"href":"https:\/\/president-ksgov.net\/sr\/wp-json\/wp\/v2\/categories?post=173696"},{"taxonomy":"post_tag","embeddable":true,"href":"https:\/\/president-ksgov.net\/sr\/wp-json\/wp\/v2\/tags?post=173696"}],"curies":[{"name":"wp","href":"https:\/\/api.w.org\/{rel}","templated":true}]}}