{"id":173024,"date":"2025-09-30T18:09:27","date_gmt":"2025-09-30T16:09:27","guid":{"rendered":"https:\/\/president-ksgov.net\/?p=173024"},"modified":"2025-10-01T08:33:25","modified_gmt":"2025-10-01T06:33:25","slug":"rezime-posete-predsednice-vjose-osmani-sjedinjenim-drzavama","status":"publish","type":"post","link":"https:\/\/president-ksgov.net\/sr\/rezime-posete-predsednice-vjose-osmani-sjedinjenim-drzavama\/","title":{"rendered":"Rezime posete predsednice Vjose Osmani Sjedinjenim Dr\u017eavama"},"content":{"rendered":"<p>Tokom posete Sjedinjenim Dr\u017eavama, predsednica Osmani je odr\u017eala niz bilateralnih sastanaka, razgovora sa partnerima i u\u010destvovala u brojnim multilateralnim aktivnostima u okviru Nedelje Ujedinjenih nacija na visokom nivou. Tako\u0111e se sastala sa na\u0161om dijasporom u SAD-u i posetila Ratni koled\u017e Vojske SAD-a.<\/p>\n<p>&nbsp;<\/p>\n<p>Radi produbljivanja bilateralnih odnosa sa Sjedinjenim Ameri\u010dkim Dr\u017eavama, predsednica je vodila sadr\u017eajne razgovore sa:<\/p>\n<p>Predsednikom SAD-a Donaldom J. Trumpom<\/p>\n<p>Dr\u017eavnim sekretarom SAD-a Marcom Rubiom<\/p>\n<p>Zamenikom dr\u017eavnog sekretara Christopherom Landauom<\/p>\n<p>Sekretarom za trgovinu SAD-a Howardom Lutnickom<\/p>\n<p>Predsednikom Komisije za spoljne poslove Predstavni\u010dkog doma u Ameri\u010dkom Kongresu, kongresmenom Brianom Mastom<\/p>\n<p>Visokim zvani\u010dnikom Stejt departmenta SAD-a Brendanom Hanrahanom<\/p>\n<p>Senatorom Richardom Blumenthalom<\/p>\n<p>Kongresmenom Keithom Selfom<\/p>\n<p>Kongresmenom Joeom Wilsonom<\/p>\n<p>&nbsp;<\/p>\n<p>Predsednica je tako\u0111e odr\u017eala bilateralne sastanke sa:<\/p>\n<p>Predsednikom Finske Alexanderom Stubbom<\/p>\n<p>Predsednikom Gvineje Bisao Umarom Sissocom Embal\u00f3om<\/p>\n<p>Predsednikom Senegala Bassiruom Diomaye Fayem<\/p>\n<p>Premijerom Bahama Philipom Davisom<\/p>\n<p>Premijerom Banglade\u0161a Muhammadom Yunusom<\/p>\n<p>Visokom predstavnicom EU, gospo\u0111om Kajom Kallas<\/p>\n<p>Pomo\u0107nikom generalnog sekretara NATO-a, ambasadorom Borisom Rugeom<\/p>\n<p>Generalnim sekretarom Arapske lige, Ahmedom Aboulom Gheitom<\/p>\n<p>Sekretarom Svete Stolice za odnose sa dr\u017eavama, nadbiskupom Paulom Gallagherom<\/p>\n<p>&nbsp;<\/p>\n<p>Ujedno, tokom multilateralnih aktivnosti u Njujorku odr\u017eani su i razgovori sa:<\/p>\n<p>Predsednikom Turske, , Recepom Tayyipom Erdo\u011fanom<\/p>\n<p>Predsednikom Albanije Bajramom Begajem<\/p>\n<p>Predsednicom \u0160vajcarske Konfederacije Karin Keller-Sutter<\/p>\n<p>Predsednicom Slovenije Nata\u0161om Pirc Musar<\/p>\n<p>Predsednikom Portugalije, Marceloom Rebeloom de Sousom<\/p>\n<p>Predsednikom Kenije Williamom Rutom<\/p>\n<p>Predsednikom Saveta EU, Ant\u00f3niom Costom<\/p>\n<p>Predsednikom Poljske Karolpm Tadeuszom Nawrockom<\/p>\n<p>Predsednikom Mikronezije, Wesleyem Siminom<\/p>\n<p>Predsednikom Dominikanske Republike, Luisom Abinaderom<\/p>\n<p>Predsednikom Madagaskara, Andryem Rajoelinom<\/p>\n<p>Predsednicom Surinama, , Jennifer Geerlings-Simons<\/p>\n<p>Predsednikom Kiribatija, Tanetijem Maamauom<\/p>\n<p>Prestolonaslednikon Kuvajta, NJ.V. Sabahom Al-Khalidom Al-Sabahom<\/p>\n<p>Predsednikom Azerbejd\u017eana, Ilhampm Aliyevim<\/p>\n<p>Predsednikom Uzbekistana, Shavkatom Mirziyoyevim<\/p>\n<p>Premijerom Kanade, Markom Carneyem<\/p>\n<p>Premijerom Japana, Ishibom Shigeruom<\/p>\n<p>Premijerom Australije, Anthonyem Albaneseom<\/p>\n<p>Premijerom Irske, Miche\u00e1lom Martinom<\/p>\n<p>Premijerom Belizea, Johnom Antoniom Brice\u00f1om<\/p>\n<p>Premijerom Solomonskih Ostrva, Jeremiahom Maneleom<\/p>\n<p>Premijerom Kraljevine Tongo, \u2018Aisakeom Valuom Ekeom<\/p>\n<p>Zamenikom premijera i ministrom spoljnih poslova Luksemburga, Xavierom Bettelom<\/p>\n<p>Ministrom spoljnih poslova Nema\u010dke, Johannom Wadephulom<\/p>\n<p>Ministarkom za Evropu i spoljne poslove Albanije, Elisom Spiropali<\/p>\n<p>Ministrom spoljnih poslova Belgije, Maximeom Pr\u00e9votom<\/p>\n<p>Ministarkom spoljnih poslova El Salvadora, Alexandrom Hill Tinoco<\/p>\n<p>Ministrom spoljnih poslova Irske, Simonom Harrisom<\/p>\n<p>Ministarkom spoljnih poslova Austrije, Beate Meinl-Reisinger<\/p>\n<p>Ministrom spoljnih poslova Saudijske Arabije, NJ.V. Faisalom bin Farhanom Al Saudom<\/p>\n<p>Ministrom spoljnih poslova Bruneja, Erywanom Yusofom<\/p>\n<p>Dr\u017eavnom ministarkom Katara za me\u0111unarodnu saradnju, g\u0111om Maryam bint Ali bin Nasser Al-Misnad<\/p>\n<p>Ministrom spoljnih poslova i saradnje Ruande, Olivierom Nduhungireheom<\/p>\n<p>Generalnim direktorom SZO, dr Tedrosom Adhanom Ghebreyesusom<\/p>\n<p>Predsednikom FIFA, Giannijem Infantinom<\/p>\n<p>&nbsp;<\/p>\n<p>Ostale aktivnosti predsednice tokom boravka u SAD-u uklju\u010duju:<\/p>\n<p>&#8211; U\u010de\u0161\u0107e na panelu \u201eGlobalni sistem za izbeglice i azil\u201c, koji je organizovala Vlada SAD-a, na poziv zamenika dr\u017eavnog sekretara, Christophera Landaua<\/p>\n<p>&#8211; Posetu Ratnom koled\u017eu Vojske SAD-a i obra\u0107anje vi\u0161im vojnim oficirima<\/p>\n<p>&#8211; Govor, predavanje i sastanci na Univerzitetu u Pitsburgu, Pensilvaniji<\/p>\n<p>&#8211; U\u010de\u0161\u0107e na panelu sa predsednikom Billom Clintonom i direktorom SZO na zavr\u0161nom doga\u0111aju Clinton Global Initiative<\/p>\n<p>&#8211; Sastanak Globalnog fonda za anga\u017eovanje i otpornost zajednice (GCERF), na poziv nema\u010dkog ministra spoljnih poslova, Johanna Wadephula<\/p>\n<p>&#8211; Govor na Clinton Global Initiative o zna\u010daju \u017eena osna\u017eivanje<\/p>\n<p>&#8211; Obra\u0107anje na doga\u0111aju Albanian American Relations Council (AARC)<\/p>\n<p>&#8211; Primanje nagrade za osna\u017eivanje \u017eena od strane Fashion 4 Development<\/p>\n<p>&#8211; U\u010de\u0161\u0107e na prijemu koji je organizovala Savezna Republika Nema\u010dka za svetske lidere<\/p>\n<p>&#8211; U\u010de\u0161\u0107e na sastanku koji su organizovali ameri\u010dki predstavnici sa liderima Zapadnog Balkana (okrugli sto SAD-Zapadni Balkan)<\/p>\n<p>&#8211; U\u010de\u0161\u0107e na godi\u0161njem sastanku koji je organizovao ministar spoljnih poslova Luksemburga, Xavier Bettel, za svetske lidere<\/p>\n<p>&#8211; Sastanak sa albansko-ameri\u010dkom omladinom<\/p>\n<p>Intervju Fox News-a sa Brianom Kilmeadeom na Fox &amp; Friends<\/p>\n<p>&nbsp;<\/p>\n<p>Predsednica Osmani se tako\u0111e sastala sa na\u0161om dijasporom u Njujorku, Stejten Ajlendu (Njujork), Voterberiju (Konektikat) i Filadelfiji (Pensilvanija).<\/p>\n","protected":false},"excerpt":{"rendered":"<p>Tokom posete Sjedinjenim Dr\u017eavama, predsednica Osmani je odr\u017eala niz bilateralnih sastanaka, razgovora sa partnerima i u\u010destvovala u brojnim multilateralnim aktivnostima u okviru Nedelje Ujedinjenih nacija na visokom nivou. Tako\u0111e se sastala sa na\u0161om dijasporom u SAD-u i posetila Ratni koled\u017e Vojske SAD-a. &nbsp; Radi produbljivanja bilateralnih odnosa sa Sjedinjenim Ameri\u010dkim Dr\u017eavama, predsednica je vodila sadr\u017eajne razgovore sa: Predsednikom SAD-a Donaldom J. Trumpom Dr\u017eavnim sekretarom SAD-a Marcom Rubiom Zamenikom dr\u017eavnog sekretara Christopherom Landauom Sekretarom za trgovinu SAD-a Howardom Lutnickom Predsednikom Komisije za spoljne poslove Predstavni\u010dkog doma u Ameri\u010dkom Kongresu, kongresmenom Brianom Mastom Visokim zvani\u010dnikom Stejt departmenta SAD-a Brendanom Hanrahanom Senatorom Richardom Blumenthalom Kongresmenom Keithom Selfom Kongresmenom Joeom Wilsonom &nbsp; Predsednica je tako\u0111e odr\u017eala bilateralne sastanke sa: Predsednikom Finske Alexanderom Stubbom Predsednikom Gvineje Bisao Umarom Sissocom Embal\u00f3om Predsednikom Senegala Bassiruom Diomaye Fayem Premijerom Bahama Philipom Davisom Premijerom Banglade\u0161a Muhammadom Yunusom Visokom predstavnicom EU, gospo\u0111om Kajom Kallas Pomo\u0107nikom generalnog sekretara NATO-a, ambasadorom Borisom Rugeom Generalnim sekretarom Arapske lige, Ahmedom Aboulom Gheitom Sekretarom Svete Stolice za odnose sa dr\u017eavama, nadbiskupom Paulom Gallagherom &nbsp; Ujedno, tokom multilateralnih aktivnosti u Njujorku odr\u017eani su i razgovori sa: Predsednikom Turske, , Recepom Tayyipom Erdo\u011fanom Predsednikom Albanije Bajramom Begajem Predsednicom \u0160vajcarske Konfederacije Karin Keller-Sutter Predsednicom Slovenije Nata\u0161om Pirc Musar Predsednikom Portugalije, Marceloom Rebeloom de Sousom Predsednikom Kenije Williamom Rutom Predsednikom Saveta EU, Ant\u00f3niom Costom Predsednikom Poljske Karolpm Tadeuszom Nawrockom Predsednikom Mikronezije, Wesleyem Siminom Predsednikom Dominikanske Republike, Luisom Abinaderom Predsednikom Madagaskara, Andryem Rajoelinom Predsednicom Surinama, , Jennifer Geerlings-Simons Predsednikom Kiribatija, Tanetijem Maamauom Prestolonaslednikon Kuvajta, NJ.V. Sabahom Al-Khalidom Al-Sabahom Predsednikom Azerbejd\u017eana, Ilhampm Aliyevim Predsednikom Uzbekistana, Shavkatom Mirziyoyevim Premijerom Kanade, Markom Carneyem Premijerom Japana, Ishibom Shigeruom Premijerom Australije, Anthonyem Albaneseom Premijerom Irske, Miche\u00e1lom Martinom Premijerom Belizea, Johnom Antoniom Brice\u00f1om Premijerom Solomonskih Ostrva, Jeremiahom Maneleom Premijerom Kraljevine Tongo, \u2018Aisakeom Valuom Ekeom Zamenikom premijera i ministrom spoljnih poslova Luksemburga, Xavierom Bettelom Ministrom spoljnih poslova Nema\u010dke, Johannom Wadephulom Ministarkom za Evropu i spoljne poslove Albanije, Elisom Spiropali Ministrom spoljnih poslova Belgije, Maximeom Pr\u00e9votom Ministarkom spoljnih poslova El Salvadora, Alexandrom Hill Tinoco Ministrom spoljnih poslova Irske, Simonom Harrisom Ministarkom spoljnih poslova Austrije, Beate Meinl-Reisinger Ministrom spoljnih poslova Saudijske Arabije, NJ.V. Faisalom bin Farhanom Al Saudom Ministrom spoljnih poslova Bruneja, Erywanom Yusofom Dr\u017eavnom ministarkom Katara za me\u0111unarodnu saradnju, g\u0111om Maryam bint Ali bin Nasser Al-Misnad Ministrom spoljnih poslova i saradnje Ruande, Olivierom Nduhungireheom Generalnim direktorom SZO, dr Tedrosom Adhanom Ghebreyesusom Predsednikom FIFA, Giannijem Infantinom &nbsp; Ostale aktivnosti predsednice tokom boravka u SAD-u uklju\u010duju: &#8211; U\u010de\u0161\u0107e na panelu \u201eGlobalni sistem za izbeglice i azil\u201c, koji je organizovala Vlada SAD-a, na poziv zamenika dr\u017eavnog sekretara, Christophera Landaua &#8211; Posetu Ratnom koled\u017eu Vojske SAD-a i obra\u0107anje vi\u0161im vojnim oficirima &#8211; Govor, predavanje i sastanci na Univerzitetu u Pitsburgu, Pensilvaniji &#8211; U\u010de\u0161\u0107e na panelu sa predsednikom Billom Clintonom i direktorom SZO na zavr\u0161nom doga\u0111aju Clinton Global Initiative &#8211; Sastanak Globalnog fonda za anga\u017eovanje i otpornost zajednice (GCERF), na poziv nema\u010dkog ministra spoljnih poslova, Johanna Wadephula &#8211; Govor na Clinton Global Initiative o zna\u010daju \u017eena osna\u017eivanje &#8211; Obra\u0107anje na doga\u0111aju Albanian American Relations Council (AARC) &#8211; Primanje nagrade za osna\u017eivanje \u017eena od strane Fashion 4 Development &#8211; U\u010de\u0161\u0107e na prijemu koji je organizovala Savezna Republika Nema\u010dka za svetske lidere &#8211; U\u010de\u0161\u0107e na sastanku koji su organizovali ameri\u010dki predstavnici sa liderima Zapadnog Balkana (okrugli sto SAD-Zapadni Balkan) &#8211; U\u010de\u0161\u0107e na godi\u0161njem sastanku koji je organizovao ministar spoljnih poslova Luksemburga, Xavier Bettel, za svetske lidere &#8211; Sastanak sa albansko-ameri\u010dkom omladinom Intervju Fox News-a sa Brianom Kilmeadeom na Fox &amp; Friends &nbsp; Predsednica Osmani se tako\u0111e sastala sa na\u0161om dijasporom u Njujorku, Stejten Ajlendu (Njujork), Voterberiju (Konektikat) i Filadelfiji (Pensilvanija).<\/p>\n","protected":false},"author":9,"featured_media":172623,"comment_status":"closed","ping_status":"closed","sticky":false,"template":"","format":"standard","meta":{"_eb_attr":"","footnotes":""},"categories":[114,101],"tags":[],"class_list":["post-173024","post","type-post","status-publish","format-standard","has-post-thumbnail","hentry","category-medunarodne-posete","category-vesti"],"yoast_head":"<!-- This site is optimized with the Yoast SEO plugin v23.5 - https:\/\/yoast.com\/wordpress\/plugins\/seo\/ -->\n<title>Rezime posete predsednice Vjose Osmani Sjedinjenim Dr\u017eavama - Predsednik Republike Kosovo - DR. VJOSA OSMANI - SADRIU<\/title>\n<meta name=\"description\" content=\"Rezime posete predsednice Vjose Osmani Sjedinjenim Dr\u017eavama - Predsednik Republike Kosovo - DR. VJOSA OSMANI - SADRIU -\" \/>\n<meta name=\"robots\" content=\"index, follow, max-snippet:-1, max-image-preview:large, max-video-preview:-1\" \/>\n<link rel=\"canonical\" href=\"https:\/\/president-ksgov.net\/en\/?p=173026\" \/>\n<meta property=\"og:locale\" content=\"sr_RS\" \/>\n<meta property=\"og:type\" content=\"article\" \/>\n<meta property=\"og:title\" content=\"Rezime posete predsednice Vjose Osmani Sjedinjenim Dr\u017eavama - Predsednik Republike Kosovo - DR. VJOSA OSMANI - SADRIU\" \/>\n<meta property=\"og:description\" content=\"Rezime posete predsednice Vjose Osmani Sjedinjenim Dr\u017eavama - Predsednik Republike Kosovo - DR. VJOSA OSMANI - SADRIU -\" \/>\n<meta property=\"og:url\" content=\"https:\/\/president-ksgov.net\/en\/?p=173026\" \/>\n<meta property=\"og:site_name\" content=\"Predsednik Republike Kosovo - DR. VJOSA OSMANI - SADRIU\" \/>\n<meta property=\"article:published_time\" content=\"2025-09-30T16:09:27+00:00\" \/>\n<meta property=\"article:modified_time\" content=\"2025-10-01T06:33:25+00:00\" \/>\n<meta property=\"og:image\" content=\"https:\/\/president-ksgov.net\/wp-content\/uploads\/30.09.25-1.jpg\" \/>\n\t<meta property=\"og:image:width\" content=\"1440\" \/>\n\t<meta property=\"og:image:height\" content=\"960\" \/>\n\t<meta property=\"og:image:type\" content=\"image\/jpeg\" \/>\n<meta name=\"author\" content=\"Florent Rrahmani\" \/>\n<meta name=\"twitter:card\" content=\"summary_large_image\" \/>\n<meta name=\"twitter:label1\" content=\"\u041d\u0430\u043f\u0438\u0441\u0430\u043d\u043e \u043e\u0434\" \/>\n\t<meta name=\"twitter:data1\" content=\"Florent Rrahmani\" \/>\n\t<meta name=\"twitter:label2\" content=\"\u041f\u0440\u043e\u0446\u0435\u045a\u0435\u043d\u043e \u0432\u0440\u0435\u043c\u0435 \u0447\u0438\u0442\u0430\u045a\u0430\" \/>\n\t<meta name=\"twitter:data2\" content=\"4 \u043c\u0438\u043d\u0443\u0442\u0430\" \/>\n<script type=\"application\/ld+json\" class=\"yoast-schema-graph\">{\"@context\":\"https:\/\/schema.org\",\"@graph\":[{\"@type\":\"WebPage\",\"@id\":\"https:\/\/president-ksgov.net\/en\/?p=173026\",\"url\":\"https:\/\/president-ksgov.net\/en\/?p=173026\",\"name\":\"Rezime posete predsednice Vjose Osmani Sjedinjenim Dr\u017eavama - Predsednik Republike Kosovo - DR. VJOSA OSMANI - SADRIU\",\"isPartOf\":{\"@id\":\"https:\/\/president-ksgov.net\/#website\"},\"primaryImageOfPage\":{\"@id\":\"https:\/\/president-ksgov.net\/en\/?p=173026#primaryimage\"},\"image\":{\"@id\":\"https:\/\/president-ksgov.net\/en\/?p=173026#primaryimage\"},\"thumbnailUrl\":\"https:\/\/president-ksgov.net\/wp-content\/uploads\/30.09.25-1.jpg\",\"datePublished\":\"2025-09-30T16:09:27+00:00\",\"dateModified\":\"2025-10-01T06:33:25+00:00\",\"author\":{\"@id\":\"https:\/\/president-ksgov.net\/#\/schema\/person\/7c46f744a99d3f1616b92658282aa934\"},\"description\":\"Rezime posete predsednice Vjose Osmani Sjedinjenim Dr\u017eavama - Predsednik Republike Kosovo - DR. VJOSA OSMANI - SADRIU -\",\"breadcrumb\":{\"@id\":\"https:\/\/president-ksgov.net\/en\/?p=173026#breadcrumb\"},\"inLanguage\":\"sr-RS\",\"potentialAction\":[{\"@type\":\"ReadAction\",\"target\":[\"https:\/\/president-ksgov.net\/en\/?p=173026\"]}]},{\"@type\":\"ImageObject\",\"inLanguage\":\"sr-RS\",\"@id\":\"https:\/\/president-ksgov.net\/en\/?p=173026#primaryimage\",\"url\":\"https:\/\/president-ksgov.net\/wp-content\/uploads\/30.09.25-1.jpg\",\"contentUrl\":\"https:\/\/president-ksgov.net\/wp-content\/uploads\/30.09.25-1.jpg\",\"width\":1440,\"height\":960},{\"@type\":\"BreadcrumbList\",\"@id\":\"https:\/\/president-ksgov.net\/en\/?p=173026#breadcrumb\",\"itemListElement\":[{\"@type\":\"ListItem\",\"position\":1,\"name\":\"Home\",\"item\":\"https:\/\/president-ksgov.net\/sr\/\"},{\"@type\":\"ListItem\",\"position\":2,\"name\":\"Rezime posete predsednice Vjose Osmani Sjedinjenim Dr\u017eavama\"}]},{\"@type\":\"WebSite\",\"@id\":\"https:\/\/president-ksgov.net\/#website\",\"url\":\"https:\/\/president-ksgov.net\/\",\"name\":\"Presidente e Republik\u00ebs s\u00eb Kosov\u00ebs\",\"description\":\"Presidente e Republik\u00ebs s\u00eb Kosov\u00ebs\",\"alternateName\":\"DR. VJOSA OSMANI - SADRIU\",\"potentialAction\":[{\"@type\":\"SearchAction\",\"target\":{\"@type\":\"EntryPoint\",\"urlTemplate\":\"https:\/\/president-ksgov.net\/?s={search_term_string}\"},\"query-input\":{\"@type\":\"PropertyValueSpecification\",\"valueRequired\":true,\"valueName\":\"search_term_string\"}}],\"inLanguage\":\"sr-RS\"},{\"@type\":\"Person\",\"@id\":\"https:\/\/president-ksgov.net\/#\/schema\/person\/7c46f744a99d3f1616b92658282aa934\",\"name\":\"Florent Rrahmani\",\"image\":{\"@type\":\"ImageObject\",\"inLanguage\":\"sr-RS\",\"@id\":\"https:\/\/president-ksgov.net\/#\/schema\/person\/image\/\",\"url\":\"https:\/\/secure.gravatar.com\/avatar\/2545924aa250de68ac8368367a79b663e59571cd131611f54c89b0613a94e230?s=96&d=mm&r=g\",\"contentUrl\":\"https:\/\/secure.gravatar.com\/avatar\/2545924aa250de68ac8368367a79b663e59571cd131611f54c89b0613a94e230?s=96&d=mm&r=g\",\"caption\":\"Florent Rrahmani\"}}]}<\/script>\n<!-- \/ Yoast SEO plugin. -->","yoast_head_json":{"title":"Rezime posete predsednice Vjose Osmani Sjedinjenim Dr\u017eavama - Predsednik Republike Kosovo - DR. VJOSA OSMANI - SADRIU","description":"Rezime posete predsednice Vjose Osmani Sjedinjenim Dr\u017eavama - Predsednik Republike Kosovo - DR. VJOSA OSMANI - SADRIU -","robots":{"index":"index","follow":"follow","max-snippet":"max-snippet:-1","max-image-preview":"max-image-preview:large","max-video-preview":"max-video-preview:-1"},"canonical":"https:\/\/president-ksgov.net\/en\/?p=173026","og_locale":"sr_RS","og_type":"article","og_title":"Rezime posete predsednice Vjose Osmani Sjedinjenim Dr\u017eavama - Predsednik Republike Kosovo - DR. VJOSA OSMANI - SADRIU","og_description":"Rezime posete predsednice Vjose Osmani Sjedinjenim Dr\u017eavama - Predsednik Republike Kosovo - DR. VJOSA OSMANI - SADRIU -","og_url":"https:\/\/president-ksgov.net\/en\/?p=173026","og_site_name":"Predsednik Republike Kosovo - DR. VJOSA OSMANI - SADRIU","article_published_time":"2025-09-30T16:09:27+00:00","article_modified_time":"2025-10-01T06:33:25+00:00","og_image":[{"width":1440,"height":960,"url":"https:\/\/president-ksgov.net\/wp-content\/uploads\/30.09.25-1.jpg","type":"image\/jpeg"}],"author":"Florent Rrahmani","twitter_card":"summary_large_image","twitter_misc":{"\u041d\u0430\u043f\u0438\u0441\u0430\u043d\u043e \u043e\u0434":"Florent Rrahmani","\u041f\u0440\u043e\u0446\u0435\u045a\u0435\u043d\u043e \u0432\u0440\u0435\u043c\u0435 \u0447\u0438\u0442\u0430\u045a\u0430":"4 \u043c\u0438\u043d\u0443\u0442\u0430"},"schema":{"@context":"https:\/\/schema.org","@graph":[{"@type":"WebPage","@id":"https:\/\/president-ksgov.net\/en\/?p=173026","url":"https:\/\/president-ksgov.net\/en\/?p=173026","name":"Rezime posete predsednice Vjose Osmani Sjedinjenim Dr\u017eavama - Predsednik Republike Kosovo - DR. VJOSA OSMANI - SADRIU","isPartOf":{"@id":"https:\/\/president-ksgov.net\/#website"},"primaryImageOfPage":{"@id":"https:\/\/president-ksgov.net\/en\/?p=173026#primaryimage"},"image":{"@id":"https:\/\/president-ksgov.net\/en\/?p=173026#primaryimage"},"thumbnailUrl":"https:\/\/president-ksgov.net\/wp-content\/uploads\/30.09.25-1.jpg","datePublished":"2025-09-30T16:09:27+00:00","dateModified":"2025-10-01T06:33:25+00:00","author":{"@id":"https:\/\/president-ksgov.net\/#\/schema\/person\/7c46f744a99d3f1616b92658282aa934"},"description":"Rezime posete predsednice Vjose Osmani Sjedinjenim Dr\u017eavama - Predsednik Republike Kosovo - DR. VJOSA OSMANI - SADRIU -","breadcrumb":{"@id":"https:\/\/president-ksgov.net\/en\/?p=173026#breadcrumb"},"inLanguage":"sr-RS","potentialAction":[{"@type":"ReadAction","target":["https:\/\/president-ksgov.net\/en\/?p=173026"]}]},{"@type":"ImageObject","inLanguage":"sr-RS","@id":"https:\/\/president-ksgov.net\/en\/?p=173026#primaryimage","url":"https:\/\/president-ksgov.net\/wp-content\/uploads\/30.09.25-1.jpg","contentUrl":"https:\/\/president-ksgov.net\/wp-content\/uploads\/30.09.25-1.jpg","width":1440,"height":960},{"@type":"BreadcrumbList","@id":"https:\/\/president-ksgov.net\/en\/?p=173026#breadcrumb","itemListElement":[{"@type":"ListItem","position":1,"name":"Home","item":"https:\/\/president-ksgov.net\/sr\/"},{"@type":"ListItem","position":2,"name":"Rezime posete predsednice Vjose Osmani Sjedinjenim Dr\u017eavama"}]},{"@type":"WebSite","@id":"https:\/\/president-ksgov.net\/#website","url":"https:\/\/president-ksgov.net\/","name":"Presidente e Republik\u00ebs s\u00eb Kosov\u00ebs","description":"Presidente e Republik\u00ebs s\u00eb Kosov\u00ebs","alternateName":"DR. VJOSA OSMANI - SADRIU","potentialAction":[{"@type":"SearchAction","target":{"@type":"EntryPoint","urlTemplate":"https:\/\/president-ksgov.net\/?s={search_term_string}"},"query-input":{"@type":"PropertyValueSpecification","valueRequired":true,"valueName":"search_term_string"}}],"inLanguage":"sr-RS"},{"@type":"Person","@id":"https:\/\/president-ksgov.net\/#\/schema\/person\/7c46f744a99d3f1616b92658282aa934","name":"Florent Rrahmani","image":{"@type":"ImageObject","inLanguage":"sr-RS","@id":"https:\/\/president-ksgov.net\/#\/schema\/person\/image\/","url":"https:\/\/secure.gravatar.com\/avatar\/2545924aa250de68ac8368367a79b663e59571cd131611f54c89b0613a94e230?s=96&d=mm&r=g","contentUrl":"https:\/\/secure.gravatar.com\/avatar\/2545924aa250de68ac8368367a79b663e59571cd131611f54c89b0613a94e230?s=96&d=mm&r=g","caption":"Florent Rrahmani"}}]}},"_links":{"self":[{"href":"https:\/\/president-ksgov.net\/sr\/wp-json\/wp\/v2\/posts\/173024","targetHints":{"allow":["GET"]}}],"collection":[{"href":"https:\/\/president-ksgov.net\/sr\/wp-json\/wp\/v2\/posts"}],"about":[{"href":"https:\/\/president-ksgov.net\/sr\/wp-json\/wp\/v2\/types\/post"}],"author":[{"embeddable":true,"href":"https:\/\/president-ksgov.net\/sr\/wp-json\/wp\/v2\/users\/9"}],"replies":[{"embeddable":true,"href":"https:\/\/president-ksgov.net\/sr\/wp-json\/wp\/v2\/comments?post=173024"}],"version-history":[{"count":1,"href":"https:\/\/president-ksgov.net\/sr\/wp-json\/wp\/v2\/posts\/173024\/revisions"}],"predecessor-version":[{"id":173025,"href":"https:\/\/president-ksgov.net\/sr\/wp-json\/wp\/v2\/posts\/173024\/revisions\/173025"}],"wp:featuredmedia":[{"embeddable":true,"href":"https:\/\/president-ksgov.net\/sr\/wp-json\/wp\/v2\/media\/172623"}],"wp:attachment":[{"href":"https:\/\/president-ksgov.net\/sr\/wp-json\/wp\/v2\/media?parent=173024"}],"wp:term":[{"taxonomy":"category","embeddable":true,"href":"https:\/\/president-ksgov.net\/sr\/wp-json\/wp\/v2\/categories?post=173024"},{"taxonomy":"post_tag","embeddable":true,"href":"https:\/\/president-ksgov.net\/sr\/wp-json\/wp\/v2\/tags?post=173024"}],"curies":[{"name":"wp","href":"https:\/\/api.w.org\/{rel}","templated":true}]}}