{"id":171363,"date":"2025-09-07T10:00:01","date_gmt":"2025-09-07T08:00:01","guid":{"rendered":"https:\/\/president-ksgov.net\/?p=171363"},"modified":"2025-09-08T11:00:41","modified_gmt":"2025-09-08T09:00:41","slug":"govor-predsednice-vjosa-osmani-na-ceremoniji-26-godisnjice-policije-kosova","status":"publish","type":"post","link":"https:\/\/president-ksgov.net\/sr\/govor-predsednice-vjosa-osmani-na-ceremoniji-26-godisnjice-policije-kosova\/","title":{"rendered":"Govor predsednice Vjosa Osmani na ceremoniji 26. godi\u0161njice Policije Kosova"},"content":{"rendered":"<p>Uva\u017eeni premijeru Kurti,<\/p>\n<p>Predsedni\u010de Basha,<\/p>\n<p>Ministre Sve\u00e7la,<\/p>\n<p>Direktore Hoxha,<\/p>\n<p>Rukovodioci doma\u0107ih i me\u0111unarodnih institucija,<\/p>\n<p>Uva\u017eeni oficiri i slu\u017ebenici Policije Kosovo,<\/p>\n<p>Uva\u017eeni prisutni,<\/p>\n<p>Prijatelji i gosti,<\/p>\n<p>&nbsp;<\/p>\n<p>Policajac slu\u017ei redu i kada se sam suo\u010dava sa opasno\u0161\u0107u. Ova poznata fraza sa\u017eima najbolje plemenitu misiju, \u017ertvovanost i odanost domovini svakog od vas.<\/p>\n<p>Danas, na 26. godi\u0161njicu osnivanja Policije Kosova, mi slavimo istoriju policije, koja predstavlja istoriju hrabrosti, posve\u0107enosti i suo\u010davanja sa izazovima kroz koje je prolazila i prolazi svakog dana na\u0161a zemlja. Policija Kosova je me\u0111u najja\u010dim stubovima na\u0161eg suvereniteta i teritorijalnog integriteta.<\/p>\n<p>Od prvih dana osnivanja do danas, vi ste dokazali da ne postoje okolnosti, ne postoji kriza i pretnja koja mo\u017ee poljuljati va\u0161u odanost Republici. Posebno poslednjih godina, u osetljivim periodima, posebno na severu zemlje, vi ste pokazali nenadma\u0161an profesionalizam i hrabrost, garantuju\u0107i red i bezbednost za na\u0161e gra\u0111ane, bez razlike.<\/p>\n<p>Ova posve\u0107enost nije samo zakonska du\u017enost, ve\u0107 pre svega, to je \u010din rodoljublja. Jer svaka uniforma Policije Kosova je slu\u017eba, simbol reda, zakona i na\u0161eg dr\u017eavnog dostojanstva.<\/p>\n<p>Na\u0161i policajci su spremni, da pored garantovanja bezbednosti u zemlji, da doprinesu i me\u0111unarodnim bezbednosnim misijama, postavljaju\u0107i tako Kosovo na mapu globalnog partnerstva. Iz tog razloga, ostaje neophodnost, da se Kosovo postane \u010dlan INTERPOL-a i drugih me\u0111unarodnih organizacija, jer je tu mesto na\u0161e policije, me\u0111u profesionalnim policijama koje brane mir, red i bezbednost svuda u svetu.<\/p>\n<p>Uva\u017eeni prisutni,<\/p>\n<p>Danas se sa dubokim po\u0161tovanjem i zahvalno\u0161\u0107u klanjamo pred na\u0161im policajcima, koji su dali svoje \u017eivote na du\u017enosti. Oni ostaju ve\u010dni \u010duvari na\u0161e Republike, podse\u0107aju\u0107i nas da sloboda i mir nikada nisu dar, ve\u0107 svakodnevna po\u017ertvovanost. Amanet Afrim Bunjaku, Enver Zymberi i na\u0161ih drugih heroja je odgovornost svih nas, kako bi svaki kutak Republike Kosovo bio odbranjen po svaku cenu.<\/p>\n<p>Dragi pripadnici Policije Kosovo,<\/p>\n<p>Vi ste najbolji primer kako ljubav prema zemlji i po\u0161tena slu\u017eba \u010dine Kosovo ja\u010dim i bezbednijim. Posebna zahvalnost ide svim policajkama, koje podnose vi\u0161estruke \u017ertve u \u010dast uniforme i u odbrani na\u0161e Republike i svakog gra\u0111anina bez razlike. Na ovu 26. godi\u0161njicu, osvr\u0107emo se nazad sa ponosom i napred sa odlu\u010dno\u0161\u0107u. Izazova \u0107e uvek biti, ali vi ste dokazali da ste spremni da se sa njima suo\u010dite sa dostojanstvom i hrabro\u0161\u0107u.<\/p>\n<p>Budu\u0107nost Kosova je sigurna, jer je to budu\u0107nost koju vi svakodnevno \u0161titite svojim integritetom i posve\u0107eno\u0161\u0107u.<\/p>\n<p>Neka uvek bude jasno: Republika Kosovo je sna\u017ena, slobodna i ponosna, jer je njena policija uvek na du\u017enosti.<\/p>\n<p>Stoga, danas slavimo ne samo ro\u0111endan policije, ve\u0107 i put poverenja, ponosa i nade koje je ona izgradila tokom ovih 26 godina. Na\u0161a policija nije jednostavno samo uniforma \u2013 Vi ste \u0161tit na\u0161e dr\u017eave i razlog za\u0161to mi bezbedno hodamo, za\u0161to se na\u0161a deca ose\u0107aju slobodno i za\u0161to \u0107e na\u0161a budu\u0107nost uvek biti svetla. Stoga, ova godi\u0161njica nas podse\u0107a da kada slu\u017eimo sa ljubavlju prema domovini, mi postajemo snaga koja se nikada ne mo\u017ee slomiti.<\/p>\n<p>Stoga, neka se danas udaljimo sa ove ceremonije sa srcima ispunjenima nadom i verom u budu\u0107nost da svi zajedno &#8211; policajci i gra\u0111ani, mo\u017eemo izgraditi Kosovo gde uvek preovladaju pravda, bezbednost i mir.<\/p>\n<p>Sre\u0107a godi\u0161njica Policije Kosova svima, i neka uvek budete izvor ponosa i svetlo vodilja na\u0161e Republike!<\/p>\n<p>Slava svim policajcima koji su pali na du\u017enosti!<\/p>\n<p>Neka Bog blagoslovi Policiju Kosovo!<\/p>\n<p>Neka Bog blagoslovi na\u0161u slobodnu Republiku!<\/p>\n<p>Hvala Vam!<\/p>\n<p>&nbsp;<\/p>\n<p><iframe style=\"border: none; overflow: hidden;\" src=\"https:\/\/www.facebook.com\/plugins\/video.php?height=476&amp;href=https%3A%2F%2Fwww.facebook.com%2FPresidencaRKS%2Fvideos%2F1483344189351918%2F&amp;show_text=false&amp;width=560&amp;t=0\" width=\"560\" height=\"476\" frameborder=\"0\" scrolling=\"no\" allowfullscreen=\"allowfullscreen\" data-mce-fragment=\"1\"><\/iframe><\/p>\n","protected":false},"excerpt":{"rendered":"<p>Uva\u017eeni premijeru Kurti, Predsedni\u010de Basha, Ministre Sve\u00e7la, Direktore Hoxha, Rukovodioci doma\u0107ih i me\u0111unarodnih institucija, Uva\u017eeni oficiri i slu\u017ebenici Policije Kosovo, Uva\u017eeni prisutni, Prijatelji i gosti, &nbsp; Policajac slu\u017ei redu i kada se sam suo\u010dava sa opasno\u0161\u0107u. Ova poznata fraza sa\u017eima najbolje plemenitu misiju, \u017ertvovanost i odanost domovini svakog od vas. Danas, na 26. godi\u0161njicu osnivanja Policije Kosova, mi slavimo istoriju policije, koja predstavlja istoriju hrabrosti, posve\u0107enosti i suo\u010davanja sa izazovima kroz koje je prolazila i prolazi svakog dana na\u0161a zemlja. Policija Kosova je me\u0111u najja\u010dim stubovima na\u0161eg suvereniteta i teritorijalnog integriteta. Od prvih dana osnivanja do danas, vi ste dokazali da ne postoje okolnosti, ne postoji kriza i pretnja koja mo\u017ee poljuljati va\u0161u odanost Republici. Posebno poslednjih godina, u osetljivim periodima, posebno na severu zemlje, vi ste pokazali nenadma\u0161an profesionalizam i hrabrost, garantuju\u0107i red i bezbednost za na\u0161e gra\u0111ane, bez razlike. Ova posve\u0107enost nije samo zakonska du\u017enost, ve\u0107 pre svega, to je \u010din rodoljublja. Jer svaka uniforma Policije Kosova je slu\u017eba, simbol reda, zakona i na\u0161eg dr\u017eavnog dostojanstva. Na\u0161i policajci su spremni, da pored garantovanja bezbednosti u zemlji, da doprinesu i me\u0111unarodnim bezbednosnim misijama, postavljaju\u0107i tako Kosovo na mapu globalnog partnerstva. Iz tog razloga, ostaje neophodnost, da se Kosovo postane \u010dlan INTERPOL-a i drugih me\u0111unarodnih organizacija, jer je tu mesto na\u0161e policije, me\u0111u profesionalnim policijama koje brane mir, red i bezbednost svuda u svetu. Uva\u017eeni prisutni, Danas se sa dubokim po\u0161tovanjem i zahvalno\u0161\u0107u klanjamo pred na\u0161im policajcima, koji su dali svoje \u017eivote na du\u017enosti. Oni ostaju ve\u010dni \u010duvari na\u0161e Republike, podse\u0107aju\u0107i nas da sloboda i mir nikada nisu dar, ve\u0107 svakodnevna po\u017ertvovanost. Amanet Afrim Bunjaku, Enver Zymberi i na\u0161ih drugih heroja je odgovornost svih nas, kako bi svaki kutak Republike Kosovo bio odbranjen po svaku cenu. Dragi pripadnici Policije Kosovo, Vi ste najbolji primer kako ljubav prema zemlji i po\u0161tena slu\u017eba \u010dine Kosovo ja\u010dim i bezbednijim. Posebna zahvalnost ide svim policajkama, koje podnose vi\u0161estruke \u017ertve u \u010dast uniforme i u odbrani na\u0161e Republike i svakog gra\u0111anina bez razlike. Na ovu 26. godi\u0161njicu, osvr\u0107emo se nazad sa ponosom i napred sa odlu\u010dno\u0161\u0107u. Izazova \u0107e uvek biti, ali vi ste dokazali da ste spremni da se sa njima suo\u010dite sa dostojanstvom i hrabro\u0161\u0107u. Budu\u0107nost Kosova je sigurna, jer je to budu\u0107nost koju vi svakodnevno \u0161titite svojim integritetom i posve\u0107eno\u0161\u0107u. Neka uvek bude jasno: Republika Kosovo je sna\u017ena, slobodna i ponosna, jer je njena policija uvek na du\u017enosti. Stoga, danas slavimo ne samo ro\u0111endan policije, ve\u0107 i put poverenja, ponosa i nade koje je ona izgradila tokom ovih 26 godina. Na\u0161a policija nije jednostavno samo uniforma \u2013 Vi ste \u0161tit na\u0161e dr\u017eave i razlog za\u0161to mi bezbedno hodamo, za\u0161to se na\u0161a deca ose\u0107aju slobodno i za\u0161to \u0107e na\u0161a budu\u0107nost uvek biti svetla. Stoga, ova godi\u0161njica nas podse\u0107a da kada slu\u017eimo sa ljubavlju prema domovini, mi postajemo snaga koja se nikada ne mo\u017ee slomiti. Stoga, neka se danas udaljimo sa ove ceremonije sa srcima ispunjenima nadom i verom u budu\u0107nost da svi zajedno &#8211; policajci i gra\u0111ani, mo\u017eemo izgraditi Kosovo gde uvek preovladaju pravda, bezbednost i mir. Sre\u0107a godi\u0161njica Policije Kosova svima, i neka uvek budete izvor ponosa i svetlo vodilja na\u0161e Republike! Slava svim policajcima koji su pali na du\u017enosti! Neka Bog blagoslovi Policiju Kosovo! Neka Bog blagoslovi na\u0161u slobodnu Republiku! Hvala Vam! &nbsp;<\/p>\n","protected":false},"author":16,"featured_media":171345,"comment_status":"closed","ping_status":"closed","sticky":false,"template":"","format":"standard","meta":{"_eb_attr":"","footnotes":""},"categories":[106,101],"tags":[],"class_list":["post-171363","post","type-post","status-publish","format-standard","has-post-thumbnail","hentry","category-govori","category-vesti"],"yoast_head":"<!-- This site is optimized with the Yoast SEO plugin v23.5 - https:\/\/yoast.com\/wordpress\/plugins\/seo\/ -->\n<title>Govor predsednice Vjosa Osmani na ceremoniji 26. godi\u0161njice Policije Kosova - Predsednik Republike Kosovo - DR. VJOSA OSMANI - SADRIU<\/title>\n<meta name=\"description\" content=\"Govor predsednice Vjosa Osmani na ceremoniji 26. godi\u0161njice Policije Kosova - Predsednik Republike Kosovo - DR. VJOSA OSMANI - SADRIU - Vesti\" \/>\n<meta name=\"robots\" content=\"index, follow, max-snippet:-1, max-image-preview:large, max-video-preview:-1\" \/>\n<link rel=\"canonical\" href=\"https:\/\/president-ksgov.net\/sr\/govor-predsednice-vjosa-osmani-na-ceremoniji-26-godisnjice-policije-kosova\/\" \/>\n<meta property=\"og:locale\" content=\"sr_RS\" \/>\n<meta property=\"og:type\" content=\"article\" \/>\n<meta property=\"og:title\" content=\"Govor predsednice Vjosa Osmani na ceremoniji 26. godi\u0161njice Policije Kosova - Predsednik Republike Kosovo - DR. VJOSA OSMANI - SADRIU\" \/>\n<meta property=\"og:description\" content=\"Govor predsednice Vjosa Osmani na ceremoniji 26. godi\u0161njice Policije Kosova - Predsednik Republike Kosovo - DR. VJOSA OSMANI - SADRIU - Vesti\" \/>\n<meta property=\"og:url\" content=\"https:\/\/president-ksgov.net\/sr\/govor-predsednice-vjosa-osmani-na-ceremoniji-26-godisnjice-policije-kosova\/\" \/>\n<meta property=\"og:site_name\" content=\"Predsednik Republike Kosovo - DR. VJOSA OSMANI - SADRIU\" \/>\n<meta property=\"article:published_time\" content=\"2025-09-07T08:00:01+00:00\" \/>\n<meta property=\"article:modified_time\" content=\"2025-09-08T09:00:41+00:00\" \/>\n<meta property=\"og:image\" content=\"https:\/\/president-ksgov.net\/wp-content\/uploads\/IMG-20250907-WA0001.jpg\" \/>\n\t<meta property=\"og:image:width\" content=\"1280\" \/>\n\t<meta property=\"og:image:height\" content=\"855\" \/>\n\t<meta property=\"og:image:type\" content=\"image\/jpeg\" \/>\n<meta name=\"author\" content=\"Azim Rabby\" \/>\n<meta name=\"twitter:card\" content=\"summary_large_image\" \/>\n<meta name=\"twitter:label1\" content=\"\u041d\u0430\u043f\u0438\u0441\u0430\u043d\u043e \u043e\u0434\" \/>\n\t<meta name=\"twitter:data1\" content=\"Azim Rabby\" \/>\n\t<meta name=\"twitter:label2\" content=\"\u041f\u0440\u043e\u0446\u0435\u045a\u0435\u043d\u043e \u0432\u0440\u0435\u043c\u0435 \u0447\u0438\u0442\u0430\u045a\u0430\" \/>\n\t<meta name=\"twitter:data2\" content=\"3 \u043c\u0438\u043d\u0443\u0442\u0430\" \/>\n<script type=\"application\/ld+json\" class=\"yoast-schema-graph\">{\"@context\":\"https:\/\/schema.org\",\"@graph\":[{\"@type\":\"WebPage\",\"@id\":\"https:\/\/president-ksgov.net\/sr\/govor-predsednice-vjosa-osmani-na-ceremoniji-26-godisnjice-policije-kosova\/\",\"url\":\"https:\/\/president-ksgov.net\/sr\/govor-predsednice-vjosa-osmani-na-ceremoniji-26-godisnjice-policije-kosova\/\",\"name\":\"Govor predsednice Vjosa Osmani na ceremoniji 26. godi\u0161njice Policije Kosova - Predsednik Republike Kosovo - DR. VJOSA OSMANI - SADRIU\",\"isPartOf\":{\"@id\":\"https:\/\/president-ksgov.net\/#website\"},\"primaryImageOfPage\":{\"@id\":\"https:\/\/president-ksgov.net\/sr\/govor-predsednice-vjosa-osmani-na-ceremoniji-26-godisnjice-policije-kosova\/#primaryimage\"},\"image\":{\"@id\":\"https:\/\/president-ksgov.net\/sr\/govor-predsednice-vjosa-osmani-na-ceremoniji-26-godisnjice-policije-kosova\/#primaryimage\"},\"thumbnailUrl\":\"https:\/\/president-ksgov.net\/wp-content\/uploads\/IMG-20250907-WA0001.jpg\",\"datePublished\":\"2025-09-07T08:00:01+00:00\",\"dateModified\":\"2025-09-08T09:00:41+00:00\",\"author\":{\"@id\":\"https:\/\/president-ksgov.net\/#\/schema\/person\/46897fdfb3a2c4637c66776b267b09f6\"},\"description\":\"Govor predsednice Vjosa Osmani na ceremoniji 26. godi\u0161njice Policije Kosova - Predsednik Republike Kosovo - DR. VJOSA OSMANI - SADRIU - Vesti\",\"breadcrumb\":{\"@id\":\"https:\/\/president-ksgov.net\/sr\/govor-predsednice-vjosa-osmani-na-ceremoniji-26-godisnjice-policije-kosova\/#breadcrumb\"},\"inLanguage\":\"sr-RS\",\"potentialAction\":[{\"@type\":\"ReadAction\",\"target\":[\"https:\/\/president-ksgov.net\/sr\/govor-predsednice-vjosa-osmani-na-ceremoniji-26-godisnjice-policije-kosova\/\"]}]},{\"@type\":\"ImageObject\",\"inLanguage\":\"sr-RS\",\"@id\":\"https:\/\/president-ksgov.net\/sr\/govor-predsednice-vjosa-osmani-na-ceremoniji-26-godisnjice-policije-kosova\/#primaryimage\",\"url\":\"https:\/\/president-ksgov.net\/wp-content\/uploads\/IMG-20250907-WA0001.jpg\",\"contentUrl\":\"https:\/\/president-ksgov.net\/wp-content\/uploads\/IMG-20250907-WA0001.jpg\",\"width\":1280,\"height\":855},{\"@type\":\"BreadcrumbList\",\"@id\":\"https:\/\/president-ksgov.net\/sr\/govor-predsednice-vjosa-osmani-na-ceremoniji-26-godisnjice-policije-kosova\/#breadcrumb\",\"itemListElement\":[{\"@type\":\"ListItem\",\"position\":1,\"name\":\"Home\",\"item\":\"https:\/\/president-ksgov.net\/sr\/\"},{\"@type\":\"ListItem\",\"position\":2,\"name\":\"Govor predsednice Vjosa Osmani na ceremoniji 26. godi\u0161njice Policije Kosova\"}]},{\"@type\":\"WebSite\",\"@id\":\"https:\/\/president-ksgov.net\/#website\",\"url\":\"https:\/\/president-ksgov.net\/\",\"name\":\"Presidente e Republik\u00ebs s\u00eb Kosov\u00ebs\",\"description\":\"Presidente e Republik\u00ebs s\u00eb Kosov\u00ebs\",\"alternateName\":\"DR. VJOSA OSMANI - SADRIU\",\"potentialAction\":[{\"@type\":\"SearchAction\",\"target\":{\"@type\":\"EntryPoint\",\"urlTemplate\":\"https:\/\/president-ksgov.net\/?s={search_term_string}\"},\"query-input\":{\"@type\":\"PropertyValueSpecification\",\"valueRequired\":true,\"valueName\":\"search_term_string\"}}],\"inLanguage\":\"sr-RS\"},{\"@type\":\"Person\",\"@id\":\"https:\/\/president-ksgov.net\/#\/schema\/person\/46897fdfb3a2c4637c66776b267b09f6\",\"name\":\"Azim Rabby\",\"image\":{\"@type\":\"ImageObject\",\"inLanguage\":\"sr-RS\",\"@id\":\"https:\/\/president-ksgov.net\/#\/schema\/person\/image\/\",\"url\":\"https:\/\/secure.gravatar.com\/avatar\/2e869d6e696f88891afa5dab0768da91bb4d2f829b32699cfb894a221f3d336b?s=96&d=mm&r=g\",\"contentUrl\":\"https:\/\/secure.gravatar.com\/avatar\/2e869d6e696f88891afa5dab0768da91bb4d2f829b32699cfb894a221f3d336b?s=96&d=mm&r=g\",\"caption\":\"Azim Rabby\"}}]}<\/script>\n<!-- \/ Yoast SEO plugin. -->","yoast_head_json":{"title":"Govor predsednice Vjosa Osmani na ceremoniji 26. godi\u0161njice Policije Kosova - Predsednik Republike Kosovo - DR. VJOSA OSMANI - SADRIU","description":"Govor predsednice Vjosa Osmani na ceremoniji 26. godi\u0161njice Policije Kosova - Predsednik Republike Kosovo - DR. VJOSA OSMANI - SADRIU - Vesti","robots":{"index":"index","follow":"follow","max-snippet":"max-snippet:-1","max-image-preview":"max-image-preview:large","max-video-preview":"max-video-preview:-1"},"canonical":"https:\/\/president-ksgov.net\/sr\/govor-predsednice-vjosa-osmani-na-ceremoniji-26-godisnjice-policije-kosova\/","og_locale":"sr_RS","og_type":"article","og_title":"Govor predsednice Vjosa Osmani na ceremoniji 26. godi\u0161njice Policije Kosova - Predsednik Republike Kosovo - DR. VJOSA OSMANI - SADRIU","og_description":"Govor predsednice Vjosa Osmani na ceremoniji 26. godi\u0161njice Policije Kosova - Predsednik Republike Kosovo - DR. VJOSA OSMANI - SADRIU - Vesti","og_url":"https:\/\/president-ksgov.net\/sr\/govor-predsednice-vjosa-osmani-na-ceremoniji-26-godisnjice-policije-kosova\/","og_site_name":"Predsednik Republike Kosovo - DR. VJOSA OSMANI - SADRIU","article_published_time":"2025-09-07T08:00:01+00:00","article_modified_time":"2025-09-08T09:00:41+00:00","og_image":[{"width":1280,"height":855,"url":"https:\/\/president-ksgov.net\/wp-content\/uploads\/IMG-20250907-WA0001.jpg","type":"image\/jpeg"}],"author":"Azim Rabby","twitter_card":"summary_large_image","twitter_misc":{"\u041d\u0430\u043f\u0438\u0441\u0430\u043d\u043e \u043e\u0434":"Azim Rabby","\u041f\u0440\u043e\u0446\u0435\u045a\u0435\u043d\u043e \u0432\u0440\u0435\u043c\u0435 \u0447\u0438\u0442\u0430\u045a\u0430":"3 \u043c\u0438\u043d\u0443\u0442\u0430"},"schema":{"@context":"https:\/\/schema.org","@graph":[{"@type":"WebPage","@id":"https:\/\/president-ksgov.net\/sr\/govor-predsednice-vjosa-osmani-na-ceremoniji-26-godisnjice-policije-kosova\/","url":"https:\/\/president-ksgov.net\/sr\/govor-predsednice-vjosa-osmani-na-ceremoniji-26-godisnjice-policije-kosova\/","name":"Govor predsednice Vjosa Osmani na ceremoniji 26. godi\u0161njice Policije Kosova - Predsednik Republike Kosovo - DR. VJOSA OSMANI - SADRIU","isPartOf":{"@id":"https:\/\/president-ksgov.net\/#website"},"primaryImageOfPage":{"@id":"https:\/\/president-ksgov.net\/sr\/govor-predsednice-vjosa-osmani-na-ceremoniji-26-godisnjice-policije-kosova\/#primaryimage"},"image":{"@id":"https:\/\/president-ksgov.net\/sr\/govor-predsednice-vjosa-osmani-na-ceremoniji-26-godisnjice-policije-kosova\/#primaryimage"},"thumbnailUrl":"https:\/\/president-ksgov.net\/wp-content\/uploads\/IMG-20250907-WA0001.jpg","datePublished":"2025-09-07T08:00:01+00:00","dateModified":"2025-09-08T09:00:41+00:00","author":{"@id":"https:\/\/president-ksgov.net\/#\/schema\/person\/46897fdfb3a2c4637c66776b267b09f6"},"description":"Govor predsednice Vjosa Osmani na ceremoniji 26. godi\u0161njice Policije Kosova - Predsednik Republike Kosovo - DR. VJOSA OSMANI - SADRIU - Vesti","breadcrumb":{"@id":"https:\/\/president-ksgov.net\/sr\/govor-predsednice-vjosa-osmani-na-ceremoniji-26-godisnjice-policije-kosova\/#breadcrumb"},"inLanguage":"sr-RS","potentialAction":[{"@type":"ReadAction","target":["https:\/\/president-ksgov.net\/sr\/govor-predsednice-vjosa-osmani-na-ceremoniji-26-godisnjice-policije-kosova\/"]}]},{"@type":"ImageObject","inLanguage":"sr-RS","@id":"https:\/\/president-ksgov.net\/sr\/govor-predsednice-vjosa-osmani-na-ceremoniji-26-godisnjice-policije-kosova\/#primaryimage","url":"https:\/\/president-ksgov.net\/wp-content\/uploads\/IMG-20250907-WA0001.jpg","contentUrl":"https:\/\/president-ksgov.net\/wp-content\/uploads\/IMG-20250907-WA0001.jpg","width":1280,"height":855},{"@type":"BreadcrumbList","@id":"https:\/\/president-ksgov.net\/sr\/govor-predsednice-vjosa-osmani-na-ceremoniji-26-godisnjice-policije-kosova\/#breadcrumb","itemListElement":[{"@type":"ListItem","position":1,"name":"Home","item":"https:\/\/president-ksgov.net\/sr\/"},{"@type":"ListItem","position":2,"name":"Govor predsednice Vjosa Osmani na ceremoniji 26. godi\u0161njice Policije Kosova"}]},{"@type":"WebSite","@id":"https:\/\/president-ksgov.net\/#website","url":"https:\/\/president-ksgov.net\/","name":"Presidente e Republik\u00ebs s\u00eb Kosov\u00ebs","description":"Presidente e Republik\u00ebs s\u00eb Kosov\u00ebs","alternateName":"DR. VJOSA OSMANI - SADRIU","potentialAction":[{"@type":"SearchAction","target":{"@type":"EntryPoint","urlTemplate":"https:\/\/president-ksgov.net\/?s={search_term_string}"},"query-input":{"@type":"PropertyValueSpecification","valueRequired":true,"valueName":"search_term_string"}}],"inLanguage":"sr-RS"},{"@type":"Person","@id":"https:\/\/president-ksgov.net\/#\/schema\/person\/46897fdfb3a2c4637c66776b267b09f6","name":"Azim Rabby","image":{"@type":"ImageObject","inLanguage":"sr-RS","@id":"https:\/\/president-ksgov.net\/#\/schema\/person\/image\/","url":"https:\/\/secure.gravatar.com\/avatar\/2e869d6e696f88891afa5dab0768da91bb4d2f829b32699cfb894a221f3d336b?s=96&d=mm&r=g","contentUrl":"https:\/\/secure.gravatar.com\/avatar\/2e869d6e696f88891afa5dab0768da91bb4d2f829b32699cfb894a221f3d336b?s=96&d=mm&r=g","caption":"Azim Rabby"}}]}},"_links":{"self":[{"href":"https:\/\/president-ksgov.net\/sr\/wp-json\/wp\/v2\/posts\/171363","targetHints":{"allow":["GET"]}}],"collection":[{"href":"https:\/\/president-ksgov.net\/sr\/wp-json\/wp\/v2\/posts"}],"about":[{"href":"https:\/\/president-ksgov.net\/sr\/wp-json\/wp\/v2\/types\/post"}],"author":[{"embeddable":true,"href":"https:\/\/president-ksgov.net\/sr\/wp-json\/wp\/v2\/users\/16"}],"replies":[{"embeddable":true,"href":"https:\/\/president-ksgov.net\/sr\/wp-json\/wp\/v2\/comments?post=171363"}],"version-history":[{"count":1,"href":"https:\/\/president-ksgov.net\/sr\/wp-json\/wp\/v2\/posts\/171363\/revisions"}],"predecessor-version":[{"id":171364,"href":"https:\/\/president-ksgov.net\/sr\/wp-json\/wp\/v2\/posts\/171363\/revisions\/171364"}],"wp:featuredmedia":[{"embeddable":true,"href":"https:\/\/president-ksgov.net\/sr\/wp-json\/wp\/v2\/media\/171345"}],"wp:attachment":[{"href":"https:\/\/president-ksgov.net\/sr\/wp-json\/wp\/v2\/media?parent=171363"}],"wp:term":[{"taxonomy":"category","embeddable":true,"href":"https:\/\/president-ksgov.net\/sr\/wp-json\/wp\/v2\/categories?post=171363"},{"taxonomy":"post_tag","embeddable":true,"href":"https:\/\/president-ksgov.net\/sr\/wp-json\/wp\/v2\/tags?post=171363"}],"curies":[{"name":"wp","href":"https:\/\/api.w.org\/{rel}","templated":true}]}}