{"id":171068,"date":"2025-08-30T22:17:01","date_gmt":"2025-08-30T20:17:01","guid":{"rendered":"https:\/\/president-ksgov.net\/?p=171068"},"modified":"2025-09-01T15:18:01","modified_gmt":"2025-09-01T13:18:01","slug":"predsednica-osmani-1584-nasih-gradana-se-i-dalje-vode-kao-nestali","status":"publish","type":"post","link":"https:\/\/president-ksgov.net\/sr\/predsednica-osmani-1584-nasih-gradana-se-i-dalje-vode-kao-nestali\/","title":{"rendered":"Predsednica Osmani: 1584 na\u0161ih gra\u0111ana se i dalje vode kao nestali"},"content":{"rendered":"<p>Predsednica Republike Kosovo, Vjosa Osmani, rekla je da se na Me\u0111unarodni dan prisilno nestalih, prisetimo otvorene rane Kosova.<\/p>\n<p>Predsednica Osmani je napisala:<\/p>\n<p>Na Me\u0111unarodni dan prisilno nestalih, prisetimo se otvorene rane Kosova. 1584 na\u0161ih gra\u0111ana se i dalje vode kao nestali. Iza svakog broja je prekinuti \u017eivot, porodica koja vi\u0161e od dve decenije \u010deka pravdu za svoje najvoljenije.<\/p>\n<p>Otvoreni grobovi su \u017eivi dokazi ratnih zlo\u010dina i ponovljenih zlo\u010dina od strane genocidnog srpskog re\u017eima, kao i svakodnevni podsetnik da pravda jo\u0161 uvek nije zadovoljena. Sve dok hiljade na\u0161ih gra\u0111ana ostaju nestali, mir ostaje nepotpun.<\/p>\n<p>Vu\u010di\u0107ev re\u017eim nastavlja da spava na masovnim grobnicama, dr\u017ee\u0107i kao taoce rasvetljavanje sudbine nestalih. Vreme je da me\u0111unarodni partneri poja\u010daju pritisak na Srbiju, jer samo rasvetljavanje sudbine nestalih kao i pravda mogu dati porodicama mir koji zaslu\u017euju.<\/p>\n","protected":false},"excerpt":{"rendered":"<p>Predsednica Republike Kosovo, Vjosa Osmani, rekla je da se na Me\u0111unarodni dan prisilno nestalih, prisetimo otvorene rane Kosova. Predsednica Osmani je napisala: Na Me\u0111unarodni dan prisilno nestalih, prisetimo se otvorene rane Kosova. 1584 na\u0161ih gra\u0111ana se i dalje vode kao nestali. Iza svakog broja je prekinuti \u017eivot, porodica koja vi\u0161e od dve decenije \u010deka pravdu za svoje najvoljenije. Otvoreni grobovi su \u017eivi dokazi ratnih zlo\u010dina i ponovljenih zlo\u010dina od strane genocidnog srpskog re\u017eima, kao i svakodnevni podsetnik da pravda jo\u0161 uvek nije zadovoljena. Sve dok hiljade na\u0161ih gra\u0111ana ostaju nestali, mir ostaje nepotpun. Vu\u010di\u0107ev re\u017eim nastavlja da spava na masovnim grobnicama, dr\u017ee\u0107i kao taoce rasvetljavanje sudbine nestalih. Vreme je da me\u0111unarodni partneri poja\u010daju pritisak na Srbiju, jer samo rasvetljavanje sudbine nestalih kao i pravda mogu dati porodicama mir koji zaslu\u017euju.<\/p>\n","protected":false},"author":9,"featured_media":170699,"comment_status":"closed","ping_status":"closed","sticky":false,"template":"","format":"standard","meta":{"_eb_attr":"","footnotes":""},"categories":[101],"tags":[],"class_list":["post-171068","post","type-post","status-publish","format-standard","has-post-thumbnail","hentry","category-vesti"],"yoast_head":"<!-- This site is optimized with the Yoast SEO plugin v23.5 - https:\/\/yoast.com\/wordpress\/plugins\/seo\/ -->\n<title>Predsednica Osmani: 1584 na\u0161ih gra\u0111ana se i dalje vode kao nestali - Predsednik Republike Kosovo - DR. VJOSA OSMANI - SADRIU<\/title>\n<meta name=\"description\" content=\"Predsednica Osmani: 1584 na\u0161ih gra\u0111ana se i dalje vode kao nestali - Predsednik Republike Kosovo - DR. VJOSA OSMANI - SADRIU - Vesti\" \/>\n<meta name=\"robots\" content=\"index, follow, max-snippet:-1, max-image-preview:large, max-video-preview:-1\" \/>\n<link rel=\"canonical\" href=\"https:\/\/president-ksgov.net\/sr\/predsednica-osmani-1584-nasih-gradana-se-i-dalje-vode-kao-nestali\/\" \/>\n<meta property=\"og:locale\" content=\"sr_RS\" \/>\n<meta property=\"og:type\" content=\"article\" \/>\n<meta property=\"og:title\" content=\"Predsednica Osmani: 1584 na\u0161ih gra\u0111ana se i dalje vode kao nestali - Predsednik Republike Kosovo - DR. VJOSA OSMANI - SADRIU\" \/>\n<meta property=\"og:description\" content=\"Predsednica Osmani: 1584 na\u0161ih gra\u0111ana se i dalje vode kao nestali - Predsednik Republike Kosovo - DR. VJOSA OSMANI - SADRIU - Vesti\" \/>\n<meta property=\"og:url\" content=\"https:\/\/president-ksgov.net\/sr\/predsednica-osmani-1584-nasih-gradana-se-i-dalje-vode-kao-nestali\/\" \/>\n<meta property=\"og:site_name\" content=\"Predsednik Republike Kosovo - DR. VJOSA OSMANI - SADRIU\" \/>\n<meta property=\"article:published_time\" content=\"2025-08-30T20:17:01+00:00\" \/>\n<meta property=\"article:modified_time\" content=\"2025-09-01T13:18:01+00:00\" \/>\n<meta property=\"og:image\" content=\"https:\/\/president-ksgov.net\/wp-content\/uploads\/30.08.25-1.jpg\" \/>\n\t<meta property=\"og:image:width\" content=\"2048\" \/>\n\t<meta property=\"og:image:height\" content=\"1368\" \/>\n\t<meta property=\"og:image:type\" content=\"image\/jpeg\" \/>\n<meta name=\"author\" content=\"Florent Rrahmani\" \/>\n<meta name=\"twitter:card\" content=\"summary_large_image\" \/>\n<meta name=\"twitter:label1\" content=\"\u041d\u0430\u043f\u0438\u0441\u0430\u043d\u043e \u043e\u0434\" \/>\n\t<meta name=\"twitter:data1\" content=\"Florent Rrahmani\" \/>\n\t<meta name=\"twitter:label2\" content=\"\u041f\u0440\u043e\u0446\u0435\u045a\u0435\u043d\u043e \u0432\u0440\u0435\u043c\u0435 \u0447\u0438\u0442\u0430\u045a\u0430\" \/>\n\t<meta name=\"twitter:data2\" content=\"1 \u043c\u0438\u043d\u0443\u0442\" \/>\n<script type=\"application\/ld+json\" class=\"yoast-schema-graph\">{\"@context\":\"https:\/\/schema.org\",\"@graph\":[{\"@type\":\"WebPage\",\"@id\":\"https:\/\/president-ksgov.net\/sr\/predsednica-osmani-1584-nasih-gradana-se-i-dalje-vode-kao-nestali\/\",\"url\":\"https:\/\/president-ksgov.net\/sr\/predsednica-osmani-1584-nasih-gradana-se-i-dalje-vode-kao-nestali\/\",\"name\":\"Predsednica Osmani: 1584 na\u0161ih gra\u0111ana se i dalje vode kao nestali - Predsednik Republike Kosovo - DR. VJOSA OSMANI - SADRIU\",\"isPartOf\":{\"@id\":\"https:\/\/president-ksgov.net\/#website\"},\"primaryImageOfPage\":{\"@id\":\"https:\/\/president-ksgov.net\/sr\/predsednica-osmani-1584-nasih-gradana-se-i-dalje-vode-kao-nestali\/#primaryimage\"},\"image\":{\"@id\":\"https:\/\/president-ksgov.net\/sr\/predsednica-osmani-1584-nasih-gradana-se-i-dalje-vode-kao-nestali\/#primaryimage\"},\"thumbnailUrl\":\"https:\/\/president-ksgov.net\/wp-content\/uploads\/30.08.25-1.jpg\",\"datePublished\":\"2025-08-30T20:17:01+00:00\",\"dateModified\":\"2025-09-01T13:18:01+00:00\",\"author\":{\"@id\":\"https:\/\/president-ksgov.net\/#\/schema\/person\/7c46f744a99d3f1616b92658282aa934\"},\"description\":\"Predsednica Osmani: 1584 na\u0161ih gra\u0111ana se i dalje vode kao nestali - Predsednik Republike Kosovo - DR. VJOSA OSMANI - SADRIU - Vesti\",\"breadcrumb\":{\"@id\":\"https:\/\/president-ksgov.net\/sr\/predsednica-osmani-1584-nasih-gradana-se-i-dalje-vode-kao-nestali\/#breadcrumb\"},\"inLanguage\":\"sr-RS\",\"potentialAction\":[{\"@type\":\"ReadAction\",\"target\":[\"https:\/\/president-ksgov.net\/sr\/predsednica-osmani-1584-nasih-gradana-se-i-dalje-vode-kao-nestali\/\"]}]},{\"@type\":\"ImageObject\",\"inLanguage\":\"sr-RS\",\"@id\":\"https:\/\/president-ksgov.net\/sr\/predsednica-osmani-1584-nasih-gradana-se-i-dalje-vode-kao-nestali\/#primaryimage\",\"url\":\"https:\/\/president-ksgov.net\/wp-content\/uploads\/30.08.25-1.jpg\",\"contentUrl\":\"https:\/\/president-ksgov.net\/wp-content\/uploads\/30.08.25-1.jpg\",\"width\":2048,\"height\":1368},{\"@type\":\"BreadcrumbList\",\"@id\":\"https:\/\/president-ksgov.net\/sr\/predsednica-osmani-1584-nasih-gradana-se-i-dalje-vode-kao-nestali\/#breadcrumb\",\"itemListElement\":[{\"@type\":\"ListItem\",\"position\":1,\"name\":\"Home\",\"item\":\"https:\/\/president-ksgov.net\/sr\/\"},{\"@type\":\"ListItem\",\"position\":2,\"name\":\"Predsednica Osmani: 1584 na\u0161ih gra\u0111ana se i dalje vode kao nestali\"}]},{\"@type\":\"WebSite\",\"@id\":\"https:\/\/president-ksgov.net\/#website\",\"url\":\"https:\/\/president-ksgov.net\/\",\"name\":\"Presidente e Republik\u00ebs s\u00eb Kosov\u00ebs\",\"description\":\"Presidente e Republik\u00ebs s\u00eb Kosov\u00ebs\",\"alternateName\":\"DR. VJOSA OSMANI - SADRIU\",\"potentialAction\":[{\"@type\":\"SearchAction\",\"target\":{\"@type\":\"EntryPoint\",\"urlTemplate\":\"https:\/\/president-ksgov.net\/?s={search_term_string}\"},\"query-input\":{\"@type\":\"PropertyValueSpecification\",\"valueRequired\":true,\"valueName\":\"search_term_string\"}}],\"inLanguage\":\"sr-RS\"},{\"@type\":\"Person\",\"@id\":\"https:\/\/president-ksgov.net\/#\/schema\/person\/7c46f744a99d3f1616b92658282aa934\",\"name\":\"Florent Rrahmani\",\"image\":{\"@type\":\"ImageObject\",\"inLanguage\":\"sr-RS\",\"@id\":\"https:\/\/president-ksgov.net\/#\/schema\/person\/image\/\",\"url\":\"https:\/\/secure.gravatar.com\/avatar\/2545924aa250de68ac8368367a79b663e59571cd131611f54c89b0613a94e230?s=96&d=mm&r=g\",\"contentUrl\":\"https:\/\/secure.gravatar.com\/avatar\/2545924aa250de68ac8368367a79b663e59571cd131611f54c89b0613a94e230?s=96&d=mm&r=g\",\"caption\":\"Florent Rrahmani\"}}]}<\/script>\n<!-- \/ Yoast SEO plugin. -->","yoast_head_json":{"title":"Predsednica Osmani: 1584 na\u0161ih gra\u0111ana se i dalje vode kao nestali - Predsednik Republike Kosovo - DR. VJOSA OSMANI - SADRIU","description":"Predsednica Osmani: 1584 na\u0161ih gra\u0111ana se i dalje vode kao nestali - Predsednik Republike Kosovo - DR. VJOSA OSMANI - SADRIU - Vesti","robots":{"index":"index","follow":"follow","max-snippet":"max-snippet:-1","max-image-preview":"max-image-preview:large","max-video-preview":"max-video-preview:-1"},"canonical":"https:\/\/president-ksgov.net\/sr\/predsednica-osmani-1584-nasih-gradana-se-i-dalje-vode-kao-nestali\/","og_locale":"sr_RS","og_type":"article","og_title":"Predsednica Osmani: 1584 na\u0161ih gra\u0111ana se i dalje vode kao nestali - Predsednik Republike Kosovo - DR. VJOSA OSMANI - SADRIU","og_description":"Predsednica Osmani: 1584 na\u0161ih gra\u0111ana se i dalje vode kao nestali - Predsednik Republike Kosovo - DR. VJOSA OSMANI - SADRIU - Vesti","og_url":"https:\/\/president-ksgov.net\/sr\/predsednica-osmani-1584-nasih-gradana-se-i-dalje-vode-kao-nestali\/","og_site_name":"Predsednik Republike Kosovo - DR. VJOSA OSMANI - SADRIU","article_published_time":"2025-08-30T20:17:01+00:00","article_modified_time":"2025-09-01T13:18:01+00:00","og_image":[{"width":2048,"height":1368,"url":"https:\/\/president-ksgov.net\/wp-content\/uploads\/30.08.25-1.jpg","type":"image\/jpeg"}],"author":"Florent Rrahmani","twitter_card":"summary_large_image","twitter_misc":{"\u041d\u0430\u043f\u0438\u0441\u0430\u043d\u043e \u043e\u0434":"Florent Rrahmani","\u041f\u0440\u043e\u0446\u0435\u045a\u0435\u043d\u043e \u0432\u0440\u0435\u043c\u0435 \u0447\u0438\u0442\u0430\u045a\u0430":"1 \u043c\u0438\u043d\u0443\u0442"},"schema":{"@context":"https:\/\/schema.org","@graph":[{"@type":"WebPage","@id":"https:\/\/president-ksgov.net\/sr\/predsednica-osmani-1584-nasih-gradana-se-i-dalje-vode-kao-nestali\/","url":"https:\/\/president-ksgov.net\/sr\/predsednica-osmani-1584-nasih-gradana-se-i-dalje-vode-kao-nestali\/","name":"Predsednica Osmani: 1584 na\u0161ih gra\u0111ana se i dalje vode kao nestali - Predsednik Republike Kosovo - DR. VJOSA OSMANI - SADRIU","isPartOf":{"@id":"https:\/\/president-ksgov.net\/#website"},"primaryImageOfPage":{"@id":"https:\/\/president-ksgov.net\/sr\/predsednica-osmani-1584-nasih-gradana-se-i-dalje-vode-kao-nestali\/#primaryimage"},"image":{"@id":"https:\/\/president-ksgov.net\/sr\/predsednica-osmani-1584-nasih-gradana-se-i-dalje-vode-kao-nestali\/#primaryimage"},"thumbnailUrl":"https:\/\/president-ksgov.net\/wp-content\/uploads\/30.08.25-1.jpg","datePublished":"2025-08-30T20:17:01+00:00","dateModified":"2025-09-01T13:18:01+00:00","author":{"@id":"https:\/\/president-ksgov.net\/#\/schema\/person\/7c46f744a99d3f1616b92658282aa934"},"description":"Predsednica Osmani: 1584 na\u0161ih gra\u0111ana se i dalje vode kao nestali - Predsednik Republike Kosovo - DR. VJOSA OSMANI - SADRIU - Vesti","breadcrumb":{"@id":"https:\/\/president-ksgov.net\/sr\/predsednica-osmani-1584-nasih-gradana-se-i-dalje-vode-kao-nestali\/#breadcrumb"},"inLanguage":"sr-RS","potentialAction":[{"@type":"ReadAction","target":["https:\/\/president-ksgov.net\/sr\/predsednica-osmani-1584-nasih-gradana-se-i-dalje-vode-kao-nestali\/"]}]},{"@type":"ImageObject","inLanguage":"sr-RS","@id":"https:\/\/president-ksgov.net\/sr\/predsednica-osmani-1584-nasih-gradana-se-i-dalje-vode-kao-nestali\/#primaryimage","url":"https:\/\/president-ksgov.net\/wp-content\/uploads\/30.08.25-1.jpg","contentUrl":"https:\/\/president-ksgov.net\/wp-content\/uploads\/30.08.25-1.jpg","width":2048,"height":1368},{"@type":"BreadcrumbList","@id":"https:\/\/president-ksgov.net\/sr\/predsednica-osmani-1584-nasih-gradana-se-i-dalje-vode-kao-nestali\/#breadcrumb","itemListElement":[{"@type":"ListItem","position":1,"name":"Home","item":"https:\/\/president-ksgov.net\/sr\/"},{"@type":"ListItem","position":2,"name":"Predsednica Osmani: 1584 na\u0161ih gra\u0111ana se i dalje vode kao nestali"}]},{"@type":"WebSite","@id":"https:\/\/president-ksgov.net\/#website","url":"https:\/\/president-ksgov.net\/","name":"Presidente e Republik\u00ebs s\u00eb Kosov\u00ebs","description":"Presidente e Republik\u00ebs s\u00eb Kosov\u00ebs","alternateName":"DR. VJOSA OSMANI - SADRIU","potentialAction":[{"@type":"SearchAction","target":{"@type":"EntryPoint","urlTemplate":"https:\/\/president-ksgov.net\/?s={search_term_string}"},"query-input":{"@type":"PropertyValueSpecification","valueRequired":true,"valueName":"search_term_string"}}],"inLanguage":"sr-RS"},{"@type":"Person","@id":"https:\/\/president-ksgov.net\/#\/schema\/person\/7c46f744a99d3f1616b92658282aa934","name":"Florent Rrahmani","image":{"@type":"ImageObject","inLanguage":"sr-RS","@id":"https:\/\/president-ksgov.net\/#\/schema\/person\/image\/","url":"https:\/\/secure.gravatar.com\/avatar\/2545924aa250de68ac8368367a79b663e59571cd131611f54c89b0613a94e230?s=96&d=mm&r=g","contentUrl":"https:\/\/secure.gravatar.com\/avatar\/2545924aa250de68ac8368367a79b663e59571cd131611f54c89b0613a94e230?s=96&d=mm&r=g","caption":"Florent Rrahmani"}}]}},"_links":{"self":[{"href":"https:\/\/president-ksgov.net\/sr\/wp-json\/wp\/v2\/posts\/171068","targetHints":{"allow":["GET"]}}],"collection":[{"href":"https:\/\/president-ksgov.net\/sr\/wp-json\/wp\/v2\/posts"}],"about":[{"href":"https:\/\/president-ksgov.net\/sr\/wp-json\/wp\/v2\/types\/post"}],"author":[{"embeddable":true,"href":"https:\/\/president-ksgov.net\/sr\/wp-json\/wp\/v2\/users\/9"}],"replies":[{"embeddable":true,"href":"https:\/\/president-ksgov.net\/sr\/wp-json\/wp\/v2\/comments?post=171068"}],"version-history":[{"count":1,"href":"https:\/\/president-ksgov.net\/sr\/wp-json\/wp\/v2\/posts\/171068\/revisions"}],"predecessor-version":[{"id":171069,"href":"https:\/\/president-ksgov.net\/sr\/wp-json\/wp\/v2\/posts\/171068\/revisions\/171069"}],"wp:featuredmedia":[{"embeddable":true,"href":"https:\/\/president-ksgov.net\/sr\/wp-json\/wp\/v2\/media\/170699"}],"wp:attachment":[{"href":"https:\/\/president-ksgov.net\/sr\/wp-json\/wp\/v2\/media?parent=171068"}],"wp:term":[{"taxonomy":"category","embeddable":true,"href":"https:\/\/president-ksgov.net\/sr\/wp-json\/wp\/v2\/categories?post=171068"},{"taxonomy":"post_tag","embeddable":true,"href":"https:\/\/president-ksgov.net\/sr\/wp-json\/wp\/v2\/tags?post=171068"}],"curies":[{"name":"wp","href":"https:\/\/api.w.org\/{rel}","templated":true}]}}