{"id":171055,"date":"2025-08-31T22:00:41","date_gmt":"2025-08-31T20:00:41","guid":{"rendered":"https:\/\/president-ksgov.net\/?p=171055"},"modified":"2025-09-01T13:34:59","modified_gmt":"2025-09-01T11:34:59","slug":"predsednica-osmani-predsednistvo-ce-uvek-podrzati-nasu-omladinu","status":"publish","type":"post","link":"https:\/\/president-ksgov.net\/sr\/predsednica-osmani-predsednistvo-ce-uvek-podrzati-nasu-omladinu\/","title":{"rendered":"Predsednica Osmani: Predsedni\u0161tvo \u0107e uvek podr\u017eati na\u0161u omladinu"},"content":{"rendered":"<p>Predsednica Republike Kosovo, Vjosa Osmani, organizovala je prijem povodom zavr\u0161etka meseca mladih.<\/p>\n<p>Predsednica Osmani je napisala:<\/p>\n<p>Mesec avgust, mesec mladih, zavr\u0161avamo sa prijemom za na\u0161e mlade, od sportista koji ostvaruju velike pobede, akademskih timova koji su nas dostojanstveno predstavljali na me\u0111unarodnim takmi\u010denjima, do mladih koji svojim dostignu\u0107ima dokazuju da Kosovo ima sposobnu, hrabru i generaciju sa vizijom.<\/p>\n<p>Predsedni\u0161tvo \u0107e uvek podr\u017eati na\u0161u omladinu, budu\u0107nost na\u0161e zemlje.<\/p>\n","protected":false},"excerpt":{"rendered":"<p>Predsednica Republike Kosovo, Vjosa Osmani, organizovala je prijem povodom zavr\u0161etka meseca mladih. Predsednica Osmani je napisala: Mesec avgust, mesec mladih, zavr\u0161avamo sa prijemom za na\u0161e mlade, od sportista koji ostvaruju velike pobede, akademskih timova koji su nas dostojanstveno predstavljali na me\u0111unarodnim takmi\u010denjima, do mladih koji svojim dostignu\u0107ima dokazuju da Kosovo ima sposobnu, hrabru i generaciju sa vizijom. Predsedni\u0161tvo \u0107e uvek podr\u017eati na\u0161u omladinu, budu\u0107nost na\u0161e zemlje.<\/p>\n","protected":false},"author":9,"featured_media":170762,"comment_status":"closed","ping_status":"closed","sticky":false,"template":"","format":"standard","meta":{"_eb_attr":"","footnotes":""},"categories":[101],"tags":[],"class_list":["post-171055","post","type-post","status-publish","format-standard","has-post-thumbnail","hentry","category-vesti"],"yoast_head":"<!-- This site is optimized with the Yoast SEO plugin v23.5 - https:\/\/yoast.com\/wordpress\/plugins\/seo\/ -->\n<title>Predsednica Osmani: Predsedni\u0161tvo \u0107e uvek podr\u017eati na\u0161u omladinu - Predsednik Republike Kosovo - DR. VJOSA OSMANI - SADRIU<\/title>\n<meta name=\"description\" content=\"Predsednica Osmani: Predsedni\u0161tvo \u0107e uvek podr\u017eati na\u0161u omladinu - Predsednik Republike Kosovo - DR. VJOSA OSMANI - SADRIU - Vesti\" \/>\n<meta name=\"robots\" content=\"index, follow, max-snippet:-1, max-image-preview:large, max-video-preview:-1\" \/>\n<link rel=\"canonical\" href=\"https:\/\/president-ksgov.net\/sr\/predsednica-osmani-predsednistvo-ce-uvek-podrzati-nasu-omladinu\/\" \/>\n<meta property=\"og:locale\" content=\"sr_RS\" \/>\n<meta property=\"og:type\" content=\"article\" \/>\n<meta property=\"og:title\" content=\"Predsednica Osmani: Predsedni\u0161tvo \u0107e uvek podr\u017eati na\u0161u omladinu - Predsednik Republike Kosovo - DR. VJOSA OSMANI - SADRIU\" \/>\n<meta property=\"og:description\" content=\"Predsednica Osmani: Predsedni\u0161tvo \u0107e uvek podr\u017eati na\u0161u omladinu - Predsednik Republike Kosovo - DR. VJOSA OSMANI - SADRIU - Vesti\" \/>\n<meta property=\"og:url\" content=\"https:\/\/president-ksgov.net\/sr\/predsednica-osmani-predsednistvo-ce-uvek-podrzati-nasu-omladinu\/\" \/>\n<meta property=\"og:site_name\" content=\"Predsednik Republike Kosovo - DR. VJOSA OSMANI - SADRIU\" \/>\n<meta property=\"article:published_time\" content=\"2025-08-31T20:00:41+00:00\" \/>\n<meta property=\"article:modified_time\" content=\"2025-09-01T11:34:59+00:00\" \/>\n<meta property=\"og:image\" content=\"https:\/\/president-ksgov.net\/wp-content\/uploads\/31.08.2025-muaji-i-rinise-1.jpg\" \/>\n\t<meta property=\"og:image:width\" content=\"2048\" \/>\n\t<meta property=\"og:image:height\" content=\"1368\" \/>\n\t<meta property=\"og:image:type\" content=\"image\/jpeg\" \/>\n<meta name=\"author\" content=\"Florent Rrahmani\" \/>\n<meta name=\"twitter:card\" content=\"summary_large_image\" \/>\n<meta name=\"twitter:label1\" content=\"\u041d\u0430\u043f\u0438\u0441\u0430\u043d\u043e \u043e\u0434\" \/>\n\t<meta name=\"twitter:data1\" content=\"Florent Rrahmani\" \/>\n\t<meta name=\"twitter:label2\" content=\"\u041f\u0440\u043e\u0446\u0435\u045a\u0435\u043d\u043e \u0432\u0440\u0435\u043c\u0435 \u0447\u0438\u0442\u0430\u045a\u0430\" \/>\n\t<meta name=\"twitter:data2\" content=\"1 \u043c\u0438\u043d\u0443\u0442\" \/>\n<script type=\"application\/ld+json\" class=\"yoast-schema-graph\">{\"@context\":\"https:\/\/schema.org\",\"@graph\":[{\"@type\":\"WebPage\",\"@id\":\"https:\/\/president-ksgov.net\/sr\/predsednica-osmani-predsednistvo-ce-uvek-podrzati-nasu-omladinu\/\",\"url\":\"https:\/\/president-ksgov.net\/sr\/predsednica-osmani-predsednistvo-ce-uvek-podrzati-nasu-omladinu\/\",\"name\":\"Predsednica Osmani: Predsedni\u0161tvo \u0107e uvek podr\u017eati na\u0161u omladinu - Predsednik Republike Kosovo - DR. VJOSA OSMANI - SADRIU\",\"isPartOf\":{\"@id\":\"https:\/\/president-ksgov.net\/#website\"},\"primaryImageOfPage\":{\"@id\":\"https:\/\/president-ksgov.net\/sr\/predsednica-osmani-predsednistvo-ce-uvek-podrzati-nasu-omladinu\/#primaryimage\"},\"image\":{\"@id\":\"https:\/\/president-ksgov.net\/sr\/predsednica-osmani-predsednistvo-ce-uvek-podrzati-nasu-omladinu\/#primaryimage\"},\"thumbnailUrl\":\"https:\/\/president-ksgov.net\/wp-content\/uploads\/31.08.2025-muaji-i-rinise-1.jpg\",\"datePublished\":\"2025-08-31T20:00:41+00:00\",\"dateModified\":\"2025-09-01T11:34:59+00:00\",\"author\":{\"@id\":\"https:\/\/president-ksgov.net\/#\/schema\/person\/7c46f744a99d3f1616b92658282aa934\"},\"description\":\"Predsednica Osmani: Predsedni\u0161tvo \u0107e uvek podr\u017eati na\u0161u omladinu - Predsednik Republike Kosovo - DR. VJOSA OSMANI - SADRIU - Vesti\",\"breadcrumb\":{\"@id\":\"https:\/\/president-ksgov.net\/sr\/predsednica-osmani-predsednistvo-ce-uvek-podrzati-nasu-omladinu\/#breadcrumb\"},\"inLanguage\":\"sr-RS\",\"potentialAction\":[{\"@type\":\"ReadAction\",\"target\":[\"https:\/\/president-ksgov.net\/sr\/predsednica-osmani-predsednistvo-ce-uvek-podrzati-nasu-omladinu\/\"]}]},{\"@type\":\"ImageObject\",\"inLanguage\":\"sr-RS\",\"@id\":\"https:\/\/president-ksgov.net\/sr\/predsednica-osmani-predsednistvo-ce-uvek-podrzati-nasu-omladinu\/#primaryimage\",\"url\":\"https:\/\/president-ksgov.net\/wp-content\/uploads\/31.08.2025-muaji-i-rinise-1.jpg\",\"contentUrl\":\"https:\/\/president-ksgov.net\/wp-content\/uploads\/31.08.2025-muaji-i-rinise-1.jpg\",\"width\":2048,\"height\":1368},{\"@type\":\"BreadcrumbList\",\"@id\":\"https:\/\/president-ksgov.net\/sr\/predsednica-osmani-predsednistvo-ce-uvek-podrzati-nasu-omladinu\/#breadcrumb\",\"itemListElement\":[{\"@type\":\"ListItem\",\"position\":1,\"name\":\"Home\",\"item\":\"https:\/\/president-ksgov.net\/sr\/\"},{\"@type\":\"ListItem\",\"position\":2,\"name\":\"Predsednica Osmani: Predsedni\u0161tvo \u0107e uvek podr\u017eati na\u0161u omladinu\"}]},{\"@type\":\"WebSite\",\"@id\":\"https:\/\/president-ksgov.net\/#website\",\"url\":\"https:\/\/president-ksgov.net\/\",\"name\":\"Presidente e Republik\u00ebs s\u00eb Kosov\u00ebs\",\"description\":\"Presidente e Republik\u00ebs s\u00eb Kosov\u00ebs\",\"alternateName\":\"DR. VJOSA OSMANI - SADRIU\",\"potentialAction\":[{\"@type\":\"SearchAction\",\"target\":{\"@type\":\"EntryPoint\",\"urlTemplate\":\"https:\/\/president-ksgov.net\/?s={search_term_string}\"},\"query-input\":{\"@type\":\"PropertyValueSpecification\",\"valueRequired\":true,\"valueName\":\"search_term_string\"}}],\"inLanguage\":\"sr-RS\"},{\"@type\":\"Person\",\"@id\":\"https:\/\/president-ksgov.net\/#\/schema\/person\/7c46f744a99d3f1616b92658282aa934\",\"name\":\"Florent Rrahmani\",\"image\":{\"@type\":\"ImageObject\",\"inLanguage\":\"sr-RS\",\"@id\":\"https:\/\/president-ksgov.net\/#\/schema\/person\/image\/\",\"url\":\"https:\/\/secure.gravatar.com\/avatar\/2545924aa250de68ac8368367a79b663e59571cd131611f54c89b0613a94e230?s=96&d=mm&r=g\",\"contentUrl\":\"https:\/\/secure.gravatar.com\/avatar\/2545924aa250de68ac8368367a79b663e59571cd131611f54c89b0613a94e230?s=96&d=mm&r=g\",\"caption\":\"Florent Rrahmani\"}}]}<\/script>\n<!-- \/ Yoast SEO plugin. -->","yoast_head_json":{"title":"Predsednica Osmani: Predsedni\u0161tvo \u0107e uvek podr\u017eati na\u0161u omladinu - Predsednik Republike Kosovo - DR. VJOSA OSMANI - SADRIU","description":"Predsednica Osmani: Predsedni\u0161tvo \u0107e uvek podr\u017eati na\u0161u omladinu - Predsednik Republike Kosovo - DR. VJOSA OSMANI - SADRIU - Vesti","robots":{"index":"index","follow":"follow","max-snippet":"max-snippet:-1","max-image-preview":"max-image-preview:large","max-video-preview":"max-video-preview:-1"},"canonical":"https:\/\/president-ksgov.net\/sr\/predsednica-osmani-predsednistvo-ce-uvek-podrzati-nasu-omladinu\/","og_locale":"sr_RS","og_type":"article","og_title":"Predsednica Osmani: Predsedni\u0161tvo \u0107e uvek podr\u017eati na\u0161u omladinu - Predsednik Republike Kosovo - DR. VJOSA OSMANI - SADRIU","og_description":"Predsednica Osmani: Predsedni\u0161tvo \u0107e uvek podr\u017eati na\u0161u omladinu - Predsednik Republike Kosovo - DR. VJOSA OSMANI - SADRIU - Vesti","og_url":"https:\/\/president-ksgov.net\/sr\/predsednica-osmani-predsednistvo-ce-uvek-podrzati-nasu-omladinu\/","og_site_name":"Predsednik Republike Kosovo - DR. VJOSA OSMANI - SADRIU","article_published_time":"2025-08-31T20:00:41+00:00","article_modified_time":"2025-09-01T11:34:59+00:00","og_image":[{"width":2048,"height":1368,"url":"https:\/\/president-ksgov.net\/wp-content\/uploads\/31.08.2025-muaji-i-rinise-1.jpg","type":"image\/jpeg"}],"author":"Florent Rrahmani","twitter_card":"summary_large_image","twitter_misc":{"\u041d\u0430\u043f\u0438\u0441\u0430\u043d\u043e \u043e\u0434":"Florent Rrahmani","\u041f\u0440\u043e\u0446\u0435\u045a\u0435\u043d\u043e \u0432\u0440\u0435\u043c\u0435 \u0447\u0438\u0442\u0430\u045a\u0430":"1 \u043c\u0438\u043d\u0443\u0442"},"schema":{"@context":"https:\/\/schema.org","@graph":[{"@type":"WebPage","@id":"https:\/\/president-ksgov.net\/sr\/predsednica-osmani-predsednistvo-ce-uvek-podrzati-nasu-omladinu\/","url":"https:\/\/president-ksgov.net\/sr\/predsednica-osmani-predsednistvo-ce-uvek-podrzati-nasu-omladinu\/","name":"Predsednica Osmani: Predsedni\u0161tvo \u0107e uvek podr\u017eati na\u0161u omladinu - Predsednik Republike Kosovo - DR. VJOSA OSMANI - SADRIU","isPartOf":{"@id":"https:\/\/president-ksgov.net\/#website"},"primaryImageOfPage":{"@id":"https:\/\/president-ksgov.net\/sr\/predsednica-osmani-predsednistvo-ce-uvek-podrzati-nasu-omladinu\/#primaryimage"},"image":{"@id":"https:\/\/president-ksgov.net\/sr\/predsednica-osmani-predsednistvo-ce-uvek-podrzati-nasu-omladinu\/#primaryimage"},"thumbnailUrl":"https:\/\/president-ksgov.net\/wp-content\/uploads\/31.08.2025-muaji-i-rinise-1.jpg","datePublished":"2025-08-31T20:00:41+00:00","dateModified":"2025-09-01T11:34:59+00:00","author":{"@id":"https:\/\/president-ksgov.net\/#\/schema\/person\/7c46f744a99d3f1616b92658282aa934"},"description":"Predsednica Osmani: Predsedni\u0161tvo \u0107e uvek podr\u017eati na\u0161u omladinu - Predsednik Republike Kosovo - DR. VJOSA OSMANI - SADRIU - Vesti","breadcrumb":{"@id":"https:\/\/president-ksgov.net\/sr\/predsednica-osmani-predsednistvo-ce-uvek-podrzati-nasu-omladinu\/#breadcrumb"},"inLanguage":"sr-RS","potentialAction":[{"@type":"ReadAction","target":["https:\/\/president-ksgov.net\/sr\/predsednica-osmani-predsednistvo-ce-uvek-podrzati-nasu-omladinu\/"]}]},{"@type":"ImageObject","inLanguage":"sr-RS","@id":"https:\/\/president-ksgov.net\/sr\/predsednica-osmani-predsednistvo-ce-uvek-podrzati-nasu-omladinu\/#primaryimage","url":"https:\/\/president-ksgov.net\/wp-content\/uploads\/31.08.2025-muaji-i-rinise-1.jpg","contentUrl":"https:\/\/president-ksgov.net\/wp-content\/uploads\/31.08.2025-muaji-i-rinise-1.jpg","width":2048,"height":1368},{"@type":"BreadcrumbList","@id":"https:\/\/president-ksgov.net\/sr\/predsednica-osmani-predsednistvo-ce-uvek-podrzati-nasu-omladinu\/#breadcrumb","itemListElement":[{"@type":"ListItem","position":1,"name":"Home","item":"https:\/\/president-ksgov.net\/sr\/"},{"@type":"ListItem","position":2,"name":"Predsednica Osmani: Predsedni\u0161tvo \u0107e uvek podr\u017eati na\u0161u omladinu"}]},{"@type":"WebSite","@id":"https:\/\/president-ksgov.net\/#website","url":"https:\/\/president-ksgov.net\/","name":"Presidente e Republik\u00ebs s\u00eb Kosov\u00ebs","description":"Presidente e Republik\u00ebs s\u00eb Kosov\u00ebs","alternateName":"DR. VJOSA OSMANI - SADRIU","potentialAction":[{"@type":"SearchAction","target":{"@type":"EntryPoint","urlTemplate":"https:\/\/president-ksgov.net\/?s={search_term_string}"},"query-input":{"@type":"PropertyValueSpecification","valueRequired":true,"valueName":"search_term_string"}}],"inLanguage":"sr-RS"},{"@type":"Person","@id":"https:\/\/president-ksgov.net\/#\/schema\/person\/7c46f744a99d3f1616b92658282aa934","name":"Florent Rrahmani","image":{"@type":"ImageObject","inLanguage":"sr-RS","@id":"https:\/\/president-ksgov.net\/#\/schema\/person\/image\/","url":"https:\/\/secure.gravatar.com\/avatar\/2545924aa250de68ac8368367a79b663e59571cd131611f54c89b0613a94e230?s=96&d=mm&r=g","contentUrl":"https:\/\/secure.gravatar.com\/avatar\/2545924aa250de68ac8368367a79b663e59571cd131611f54c89b0613a94e230?s=96&d=mm&r=g","caption":"Florent Rrahmani"}}]}},"_links":{"self":[{"href":"https:\/\/president-ksgov.net\/sr\/wp-json\/wp\/v2\/posts\/171055","targetHints":{"allow":["GET"]}}],"collection":[{"href":"https:\/\/president-ksgov.net\/sr\/wp-json\/wp\/v2\/posts"}],"about":[{"href":"https:\/\/president-ksgov.net\/sr\/wp-json\/wp\/v2\/types\/post"}],"author":[{"embeddable":true,"href":"https:\/\/president-ksgov.net\/sr\/wp-json\/wp\/v2\/users\/9"}],"replies":[{"embeddable":true,"href":"https:\/\/president-ksgov.net\/sr\/wp-json\/wp\/v2\/comments?post=171055"}],"version-history":[{"count":1,"href":"https:\/\/president-ksgov.net\/sr\/wp-json\/wp\/v2\/posts\/171055\/revisions"}],"predecessor-version":[{"id":171056,"href":"https:\/\/president-ksgov.net\/sr\/wp-json\/wp\/v2\/posts\/171055\/revisions\/171056"}],"wp:featuredmedia":[{"embeddable":true,"href":"https:\/\/president-ksgov.net\/sr\/wp-json\/wp\/v2\/media\/170762"}],"wp:attachment":[{"href":"https:\/\/president-ksgov.net\/sr\/wp-json\/wp\/v2\/media?parent=171055"}],"wp:term":[{"taxonomy":"category","embeddable":true,"href":"https:\/\/president-ksgov.net\/sr\/wp-json\/wp\/v2\/categories?post=171055"},{"taxonomy":"post_tag","embeddable":true,"href":"https:\/\/president-ksgov.net\/sr\/wp-json\/wp\/v2\/tags?post=171055"}],"curies":[{"name":"wp","href":"https:\/\/api.w.org\/{rel}","templated":true}]}}