{"id":171038,"date":"2025-08-29T20:13:36","date_gmt":"2025-08-29T18:13:36","guid":{"rendered":"https:\/\/president-ksgov.net\/?p=171038"},"modified":"2025-09-01T09:50:07","modified_gmt":"2025-09-01T07:50:07","slug":"predsednica-osmani-primila-na-sastanku-novog-koordinatora-ujedinjenih-nacija-za-razvoj-na-kosovu-g-stephen-omalley","status":"publish","type":"post","link":"https:\/\/president-ksgov.net\/sr\/predsednica-osmani-primila-na-sastanku-novog-koordinatora-ujedinjenih-nacija-za-razvoj-na-kosovu-g-stephen-omalley\/","title":{"rendered":"Predsednica Osmani primila na sastanku novog koordinatora Ujedinjenih nacija za razvoj na Kosovu, g. Stephen O\u2019Malley"},"content":{"rendered":"<p>Predsednica Republike Kosovo, Vjosa Osmani, primila je danas na sastanku novog koordinatora Ujedinjenih nacija za razvoj na Kosovu, g. Stephen O\u2019Malley.<\/p>\n<p>Ovom prilikom, predsednica Osmani je \u010destitala g. O\u2019Malley na novoj ulozi, po\u017eelev\u0161i mu uspeh tokom njegovog mandata.<\/p>\n<p>Predsednica Osmani je izrazila zahvalnost na rad agencija Ujedinjenih nacija prisutnih u Republici Kosovo, koje su, u saradnji sa doma\u0107im institucijama, doprinele ostvarivanju zajedni\u010dkih ciljeva. Ovi ciljevi uklju\u010duju projekte za ja\u010danje ljudskih prava, sa posebnim naglaskom na osobe sa posebnim potrebama, rodnu ravnopravnost, Agendu za \u017eene, mir i bezbednost, odr\u017eivi ekonomski razvoj, kao i druge va\u017ene oblasti.<\/p>\n","protected":false},"excerpt":{"rendered":"<p>Predsednica Republike Kosovo, Vjosa Osmani, primila je danas na sastanku novog koordinatora Ujedinjenih nacija za razvoj na Kosovu, g. Stephen O\u2019Malley. Ovom prilikom, predsednica Osmani je \u010destitala g. O\u2019Malley na novoj ulozi, po\u017eelev\u0161i mu uspeh tokom njegovog mandata. Predsednica Osmani je izrazila zahvalnost na rad agencija Ujedinjenih nacija prisutnih u Republici Kosovo, koje su, u saradnji sa doma\u0107im institucijama, doprinele ostvarivanju zajedni\u010dkih ciljeva. Ovi ciljevi uklju\u010duju projekte za ja\u010danje ljudskih prava, sa posebnim naglaskom na osobe sa posebnim potrebama, rodnu ravnopravnost, Agendu za \u017eene, mir i bezbednost, odr\u017eivi ekonomski razvoj, kao i druge va\u017ene oblasti.<\/p>\n","protected":false},"author":9,"featured_media":170688,"comment_status":"closed","ping_status":"closed","sticky":false,"template":"","format":"standard","meta":{"_eb_attr":"","footnotes":""},"categories":[101],"tags":[],"class_list":["post-171038","post","type-post","status-publish","format-standard","has-post-thumbnail","hentry","category-vesti"],"yoast_head":"<!-- This site is optimized with the Yoast SEO plugin v23.5 - https:\/\/yoast.com\/wordpress\/plugins\/seo\/ -->\n<title>Predsednica Osmani primila na sastanku novog koordinatora Ujedinjenih nacija za razvoj na Kosovu, g. Stephen O\u2019Malley - Predsednik Republike Kosovo - DR. VJOSA OSMANI - SADRIU<\/title>\n<meta name=\"description\" content=\"Predsednica Osmani primila na sastanku novog koordinatora Ujedinjenih nacija za razvoj na Kosovu, g. Stephen O\u2019Malley - Predsednik Republike Kosovo - DR. VJOSA OSMANI - SADRIU -\" \/>\n<meta name=\"robots\" content=\"index, follow, max-snippet:-1, max-image-preview:large, max-video-preview:-1\" \/>\n<link rel=\"canonical\" href=\"https:\/\/president-ksgov.net\/sr\/predsednica-osmani-primila-na-sastanku-novog-koordinatora-ujedinjenih-nacija-za-razvoj-na-kosovu-g-stephen-omalley\/\" \/>\n<meta property=\"og:locale\" content=\"sr_RS\" \/>\n<meta property=\"og:type\" content=\"article\" \/>\n<meta property=\"og:title\" content=\"Predsednica Osmani primila na sastanku novog koordinatora Ujedinjenih nacija za razvoj na Kosovu, g. Stephen O\u2019Malley - Predsednik Republike Kosovo - DR. VJOSA OSMANI - SADRIU\" \/>\n<meta property=\"og:description\" content=\"Predsednica Osmani primila na sastanku novog koordinatora Ujedinjenih nacija za razvoj na Kosovu, g. Stephen O\u2019Malley - Predsednik Republike Kosovo - DR. VJOSA OSMANI - SADRIU -\" \/>\n<meta property=\"og:url\" content=\"https:\/\/president-ksgov.net\/sr\/predsednica-osmani-primila-na-sastanku-novog-koordinatora-ujedinjenih-nacija-za-razvoj-na-kosovu-g-stephen-omalley\/\" \/>\n<meta property=\"og:site_name\" content=\"Predsednik Republike Kosovo - DR. VJOSA OSMANI - SADRIU\" \/>\n<meta property=\"article:published_time\" content=\"2025-08-29T18:13:36+00:00\" \/>\n<meta property=\"article:modified_time\" content=\"2025-09-01T07:50:07+00:00\" \/>\n<meta property=\"og:image\" content=\"https:\/\/president-ksgov.net\/wp-content\/uploads\/Presidentja-Osmani-priti-ne-takim-Koordinatorin-e-ri-te-Kombeve-te-Bashkuara-per-Zhvillim-ne-Kosove-z.-Stephen-OMalley.jpg\" \/>\n\t<meta property=\"og:image:width\" content=\"2048\" \/>\n\t<meta property=\"og:image:height\" content=\"1390\" \/>\n\t<meta property=\"og:image:type\" content=\"image\/jpeg\" \/>\n<meta name=\"author\" content=\"Florent Rrahmani\" \/>\n<meta name=\"twitter:card\" content=\"summary_large_image\" \/>\n<meta name=\"twitter:label1\" content=\"\u041d\u0430\u043f\u0438\u0441\u0430\u043d\u043e \u043e\u0434\" \/>\n\t<meta name=\"twitter:data1\" content=\"Florent Rrahmani\" \/>\n\t<meta name=\"twitter:label2\" content=\"\u041f\u0440\u043e\u0446\u0435\u045a\u0435\u043d\u043e \u0432\u0440\u0435\u043c\u0435 \u0447\u0438\u0442\u0430\u045a\u0430\" \/>\n\t<meta name=\"twitter:data2\" content=\"1 \u043c\u0438\u043d\u0443\u0442\" \/>\n<script type=\"application\/ld+json\" class=\"yoast-schema-graph\">{\"@context\":\"https:\/\/schema.org\",\"@graph\":[{\"@type\":\"WebPage\",\"@id\":\"https:\/\/president-ksgov.net\/sr\/predsednica-osmani-primila-na-sastanku-novog-koordinatora-ujedinjenih-nacija-za-razvoj-na-kosovu-g-stephen-omalley\/\",\"url\":\"https:\/\/president-ksgov.net\/sr\/predsednica-osmani-primila-na-sastanku-novog-koordinatora-ujedinjenih-nacija-za-razvoj-na-kosovu-g-stephen-omalley\/\",\"name\":\"Predsednica Osmani primila na sastanku novog koordinatora Ujedinjenih nacija za razvoj na Kosovu, g. Stephen O\u2019Malley - Predsednik Republike Kosovo - DR. VJOSA OSMANI - SADRIU\",\"isPartOf\":{\"@id\":\"https:\/\/president-ksgov.net\/#website\"},\"primaryImageOfPage\":{\"@id\":\"https:\/\/president-ksgov.net\/sr\/predsednica-osmani-primila-na-sastanku-novog-koordinatora-ujedinjenih-nacija-za-razvoj-na-kosovu-g-stephen-omalley\/#primaryimage\"},\"image\":{\"@id\":\"https:\/\/president-ksgov.net\/sr\/predsednica-osmani-primila-na-sastanku-novog-koordinatora-ujedinjenih-nacija-za-razvoj-na-kosovu-g-stephen-omalley\/#primaryimage\"},\"thumbnailUrl\":\"https:\/\/president-ksgov.net\/wp-content\/uploads\/Presidentja-Osmani-priti-ne-takim-Koordinatorin-e-ri-te-Kombeve-te-Bashkuara-per-Zhvillim-ne-Kosove-z.-Stephen-OMalley.jpg\",\"datePublished\":\"2025-08-29T18:13:36+00:00\",\"dateModified\":\"2025-09-01T07:50:07+00:00\",\"author\":{\"@id\":\"https:\/\/president-ksgov.net\/#\/schema\/person\/7c46f744a99d3f1616b92658282aa934\"},\"description\":\"Predsednica Osmani primila na sastanku novog koordinatora Ujedinjenih nacija za razvoj na Kosovu, g. Stephen O\u2019Malley - Predsednik Republike Kosovo - DR. VJOSA OSMANI - SADRIU -\",\"breadcrumb\":{\"@id\":\"https:\/\/president-ksgov.net\/sr\/predsednica-osmani-primila-na-sastanku-novog-koordinatora-ujedinjenih-nacija-za-razvoj-na-kosovu-g-stephen-omalley\/#breadcrumb\"},\"inLanguage\":\"sr-RS\",\"potentialAction\":[{\"@type\":\"ReadAction\",\"target\":[\"https:\/\/president-ksgov.net\/sr\/predsednica-osmani-primila-na-sastanku-novog-koordinatora-ujedinjenih-nacija-za-razvoj-na-kosovu-g-stephen-omalley\/\"]}]},{\"@type\":\"ImageObject\",\"inLanguage\":\"sr-RS\",\"@id\":\"https:\/\/president-ksgov.net\/sr\/predsednica-osmani-primila-na-sastanku-novog-koordinatora-ujedinjenih-nacija-za-razvoj-na-kosovu-g-stephen-omalley\/#primaryimage\",\"url\":\"https:\/\/president-ksgov.net\/wp-content\/uploads\/Presidentja-Osmani-priti-ne-takim-Koordinatorin-e-ri-te-Kombeve-te-Bashkuara-per-Zhvillim-ne-Kosove-z.-Stephen-OMalley.jpg\",\"contentUrl\":\"https:\/\/president-ksgov.net\/wp-content\/uploads\/Presidentja-Osmani-priti-ne-takim-Koordinatorin-e-ri-te-Kombeve-te-Bashkuara-per-Zhvillim-ne-Kosove-z.-Stephen-OMalley.jpg\",\"width\":2048,\"height\":1390},{\"@type\":\"BreadcrumbList\",\"@id\":\"https:\/\/president-ksgov.net\/sr\/predsednica-osmani-primila-na-sastanku-novog-koordinatora-ujedinjenih-nacija-za-razvoj-na-kosovu-g-stephen-omalley\/#breadcrumb\",\"itemListElement\":[{\"@type\":\"ListItem\",\"position\":1,\"name\":\"Home\",\"item\":\"https:\/\/president-ksgov.net\/sr\/\"},{\"@type\":\"ListItem\",\"position\":2,\"name\":\"Predsednica Osmani primila na sastanku novog koordinatora Ujedinjenih nacija za razvoj na Kosovu, g. Stephen O\u2019Malley\"}]},{\"@type\":\"WebSite\",\"@id\":\"https:\/\/president-ksgov.net\/#website\",\"url\":\"https:\/\/president-ksgov.net\/\",\"name\":\"Presidente e Republik\u00ebs s\u00eb Kosov\u00ebs\",\"description\":\"Presidente e Republik\u00ebs s\u00eb Kosov\u00ebs\",\"alternateName\":\"DR. VJOSA OSMANI - SADRIU\",\"potentialAction\":[{\"@type\":\"SearchAction\",\"target\":{\"@type\":\"EntryPoint\",\"urlTemplate\":\"https:\/\/president-ksgov.net\/?s={search_term_string}\"},\"query-input\":{\"@type\":\"PropertyValueSpecification\",\"valueRequired\":true,\"valueName\":\"search_term_string\"}}],\"inLanguage\":\"sr-RS\"},{\"@type\":\"Person\",\"@id\":\"https:\/\/president-ksgov.net\/#\/schema\/person\/7c46f744a99d3f1616b92658282aa934\",\"name\":\"Florent Rrahmani\",\"image\":{\"@type\":\"ImageObject\",\"inLanguage\":\"sr-RS\",\"@id\":\"https:\/\/president-ksgov.net\/#\/schema\/person\/image\/\",\"url\":\"https:\/\/secure.gravatar.com\/avatar\/2545924aa250de68ac8368367a79b663e59571cd131611f54c89b0613a94e230?s=96&d=mm&r=g\",\"contentUrl\":\"https:\/\/secure.gravatar.com\/avatar\/2545924aa250de68ac8368367a79b663e59571cd131611f54c89b0613a94e230?s=96&d=mm&r=g\",\"caption\":\"Florent Rrahmani\"}}]}<\/script>\n<!-- \/ Yoast SEO plugin. -->","yoast_head_json":{"title":"Predsednica Osmani primila na sastanku novog koordinatora Ujedinjenih nacija za razvoj na Kosovu, g. Stephen O\u2019Malley - Predsednik Republike Kosovo - DR. VJOSA OSMANI - SADRIU","description":"Predsednica Osmani primila na sastanku novog koordinatora Ujedinjenih nacija za razvoj na Kosovu, g. Stephen O\u2019Malley - Predsednik Republike Kosovo - DR. VJOSA OSMANI - SADRIU -","robots":{"index":"index","follow":"follow","max-snippet":"max-snippet:-1","max-image-preview":"max-image-preview:large","max-video-preview":"max-video-preview:-1"},"canonical":"https:\/\/president-ksgov.net\/sr\/predsednica-osmani-primila-na-sastanku-novog-koordinatora-ujedinjenih-nacija-za-razvoj-na-kosovu-g-stephen-omalley\/","og_locale":"sr_RS","og_type":"article","og_title":"Predsednica Osmani primila na sastanku novog koordinatora Ujedinjenih nacija za razvoj na Kosovu, g. Stephen O\u2019Malley - Predsednik Republike Kosovo - DR. VJOSA OSMANI - SADRIU","og_description":"Predsednica Osmani primila na sastanku novog koordinatora Ujedinjenih nacija za razvoj na Kosovu, g. Stephen O\u2019Malley - Predsednik Republike Kosovo - DR. VJOSA OSMANI - SADRIU -","og_url":"https:\/\/president-ksgov.net\/sr\/predsednica-osmani-primila-na-sastanku-novog-koordinatora-ujedinjenih-nacija-za-razvoj-na-kosovu-g-stephen-omalley\/","og_site_name":"Predsednik Republike Kosovo - DR. VJOSA OSMANI - SADRIU","article_published_time":"2025-08-29T18:13:36+00:00","article_modified_time":"2025-09-01T07:50:07+00:00","og_image":[{"width":2048,"height":1390,"url":"https:\/\/president-ksgov.net\/wp-content\/uploads\/Presidentja-Osmani-priti-ne-takim-Koordinatorin-e-ri-te-Kombeve-te-Bashkuara-per-Zhvillim-ne-Kosove-z.-Stephen-OMalley.jpg","type":"image\/jpeg"}],"author":"Florent Rrahmani","twitter_card":"summary_large_image","twitter_misc":{"\u041d\u0430\u043f\u0438\u0441\u0430\u043d\u043e \u043e\u0434":"Florent Rrahmani","\u041f\u0440\u043e\u0446\u0435\u045a\u0435\u043d\u043e \u0432\u0440\u0435\u043c\u0435 \u0447\u0438\u0442\u0430\u045a\u0430":"1 \u043c\u0438\u043d\u0443\u0442"},"schema":{"@context":"https:\/\/schema.org","@graph":[{"@type":"WebPage","@id":"https:\/\/president-ksgov.net\/sr\/predsednica-osmani-primila-na-sastanku-novog-koordinatora-ujedinjenih-nacija-za-razvoj-na-kosovu-g-stephen-omalley\/","url":"https:\/\/president-ksgov.net\/sr\/predsednica-osmani-primila-na-sastanku-novog-koordinatora-ujedinjenih-nacija-za-razvoj-na-kosovu-g-stephen-omalley\/","name":"Predsednica Osmani primila na sastanku novog koordinatora Ujedinjenih nacija za razvoj na Kosovu, g. Stephen O\u2019Malley - Predsednik Republike Kosovo - DR. VJOSA OSMANI - SADRIU","isPartOf":{"@id":"https:\/\/president-ksgov.net\/#website"},"primaryImageOfPage":{"@id":"https:\/\/president-ksgov.net\/sr\/predsednica-osmani-primila-na-sastanku-novog-koordinatora-ujedinjenih-nacija-za-razvoj-na-kosovu-g-stephen-omalley\/#primaryimage"},"image":{"@id":"https:\/\/president-ksgov.net\/sr\/predsednica-osmani-primila-na-sastanku-novog-koordinatora-ujedinjenih-nacija-za-razvoj-na-kosovu-g-stephen-omalley\/#primaryimage"},"thumbnailUrl":"https:\/\/president-ksgov.net\/wp-content\/uploads\/Presidentja-Osmani-priti-ne-takim-Koordinatorin-e-ri-te-Kombeve-te-Bashkuara-per-Zhvillim-ne-Kosove-z.-Stephen-OMalley.jpg","datePublished":"2025-08-29T18:13:36+00:00","dateModified":"2025-09-01T07:50:07+00:00","author":{"@id":"https:\/\/president-ksgov.net\/#\/schema\/person\/7c46f744a99d3f1616b92658282aa934"},"description":"Predsednica Osmani primila na sastanku novog koordinatora Ujedinjenih nacija za razvoj na Kosovu, g. Stephen O\u2019Malley - Predsednik Republike Kosovo - DR. VJOSA OSMANI - SADRIU -","breadcrumb":{"@id":"https:\/\/president-ksgov.net\/sr\/predsednica-osmani-primila-na-sastanku-novog-koordinatora-ujedinjenih-nacija-za-razvoj-na-kosovu-g-stephen-omalley\/#breadcrumb"},"inLanguage":"sr-RS","potentialAction":[{"@type":"ReadAction","target":["https:\/\/president-ksgov.net\/sr\/predsednica-osmani-primila-na-sastanku-novog-koordinatora-ujedinjenih-nacija-za-razvoj-na-kosovu-g-stephen-omalley\/"]}]},{"@type":"ImageObject","inLanguage":"sr-RS","@id":"https:\/\/president-ksgov.net\/sr\/predsednica-osmani-primila-na-sastanku-novog-koordinatora-ujedinjenih-nacija-za-razvoj-na-kosovu-g-stephen-omalley\/#primaryimage","url":"https:\/\/president-ksgov.net\/wp-content\/uploads\/Presidentja-Osmani-priti-ne-takim-Koordinatorin-e-ri-te-Kombeve-te-Bashkuara-per-Zhvillim-ne-Kosove-z.-Stephen-OMalley.jpg","contentUrl":"https:\/\/president-ksgov.net\/wp-content\/uploads\/Presidentja-Osmani-priti-ne-takim-Koordinatorin-e-ri-te-Kombeve-te-Bashkuara-per-Zhvillim-ne-Kosove-z.-Stephen-OMalley.jpg","width":2048,"height":1390},{"@type":"BreadcrumbList","@id":"https:\/\/president-ksgov.net\/sr\/predsednica-osmani-primila-na-sastanku-novog-koordinatora-ujedinjenih-nacija-za-razvoj-na-kosovu-g-stephen-omalley\/#breadcrumb","itemListElement":[{"@type":"ListItem","position":1,"name":"Home","item":"https:\/\/president-ksgov.net\/sr\/"},{"@type":"ListItem","position":2,"name":"Predsednica Osmani primila na sastanku novog koordinatora Ujedinjenih nacija za razvoj na Kosovu, g. Stephen O\u2019Malley"}]},{"@type":"WebSite","@id":"https:\/\/president-ksgov.net\/#website","url":"https:\/\/president-ksgov.net\/","name":"Presidente e Republik\u00ebs s\u00eb Kosov\u00ebs","description":"Presidente e Republik\u00ebs s\u00eb Kosov\u00ebs","alternateName":"DR. VJOSA OSMANI - SADRIU","potentialAction":[{"@type":"SearchAction","target":{"@type":"EntryPoint","urlTemplate":"https:\/\/president-ksgov.net\/?s={search_term_string}"},"query-input":{"@type":"PropertyValueSpecification","valueRequired":true,"valueName":"search_term_string"}}],"inLanguage":"sr-RS"},{"@type":"Person","@id":"https:\/\/president-ksgov.net\/#\/schema\/person\/7c46f744a99d3f1616b92658282aa934","name":"Florent Rrahmani","image":{"@type":"ImageObject","inLanguage":"sr-RS","@id":"https:\/\/president-ksgov.net\/#\/schema\/person\/image\/","url":"https:\/\/secure.gravatar.com\/avatar\/2545924aa250de68ac8368367a79b663e59571cd131611f54c89b0613a94e230?s=96&d=mm&r=g","contentUrl":"https:\/\/secure.gravatar.com\/avatar\/2545924aa250de68ac8368367a79b663e59571cd131611f54c89b0613a94e230?s=96&d=mm&r=g","caption":"Florent Rrahmani"}}]}},"_links":{"self":[{"href":"https:\/\/president-ksgov.net\/sr\/wp-json\/wp\/v2\/posts\/171038","targetHints":{"allow":["GET"]}}],"collection":[{"href":"https:\/\/president-ksgov.net\/sr\/wp-json\/wp\/v2\/posts"}],"about":[{"href":"https:\/\/president-ksgov.net\/sr\/wp-json\/wp\/v2\/types\/post"}],"author":[{"embeddable":true,"href":"https:\/\/president-ksgov.net\/sr\/wp-json\/wp\/v2\/users\/9"}],"replies":[{"embeddable":true,"href":"https:\/\/president-ksgov.net\/sr\/wp-json\/wp\/v2\/comments?post=171038"}],"version-history":[{"count":1,"href":"https:\/\/president-ksgov.net\/sr\/wp-json\/wp\/v2\/posts\/171038\/revisions"}],"predecessor-version":[{"id":171039,"href":"https:\/\/president-ksgov.net\/sr\/wp-json\/wp\/v2\/posts\/171038\/revisions\/171039"}],"wp:featuredmedia":[{"embeddable":true,"href":"https:\/\/president-ksgov.net\/sr\/wp-json\/wp\/v2\/media\/170688"}],"wp:attachment":[{"href":"https:\/\/president-ksgov.net\/sr\/wp-json\/wp\/v2\/media?parent=171038"}],"wp:term":[{"taxonomy":"category","embeddable":true,"href":"https:\/\/president-ksgov.net\/sr\/wp-json\/wp\/v2\/categories?post=171038"},{"taxonomy":"post_tag","embeddable":true,"href":"https:\/\/president-ksgov.net\/sr\/wp-json\/wp\/v2\/tags?post=171038"}],"curies":[{"name":"wp","href":"https:\/\/api.w.org\/{rel}","templated":true}]}}