{"id":170057,"date":"2025-08-06T11:55:44","date_gmt":"2025-08-06T09:55:44","guid":{"rendered":"https:\/\/president-ksgov.net\/?p=170057"},"modified":"2025-08-06T15:29:02","modified_gmt":"2025-08-06T13:29:02","slug":"predsednica-osmani-primila-na-sastanku-specijalnog-predstavnika-eu-peter-sorensen","status":"publish","type":"post","link":"https:\/\/president-ksgov.net\/sr\/predsednica-osmani-primila-na-sastanku-specijalnog-predstavnika-eu-peter-sorensen\/","title":{"rendered":"Predsednica Osmani primila na sastanku Specijalnog predstavnika EU, Peter S\u00f8rensen"},"content":{"rendered":"<p>Predsednica Republike Kosovo, Vjosa Osmani, primila je danas na sastanku Specijalnog predstavnika EU za dijalog Kosovo-Srbija, Peter S\u00f8rensen.<\/p>\n<p>Na sastanku, predsednica Osmani je naglasila potrebu za unapre\u0111enjem procesa evropskih integracija Kosova i tako\u0111e je naglasila va\u017enost ukidanja nepravednih mera, koje najvi\u0161e poga\u0111aju gra\u0111ane Republike Kosovo.<\/p>\n<p>U okviru razgovora, tako\u0111e je bilo re\u010di o procesu konstituisanja Skup\u0161tine i drugih institucija, kao i o va\u017enosti da ove institucije funkcioni\u0161u na demokratski na\u010din radi unapre\u0111enja zajedni\u010dkih ciljeva. Predsednica se tako\u0111e osvrnula na pitanje proizvoljnih hap\u0161enja gra\u0111ana Kosova od strane Srbije, tra\u017ee\u0107i od me\u0111unarodne zajednice anga\u017eovanje kako bi Srbija zaustavila ove nezakonite postupke protiv gra\u0111ana Kosova.<\/p>\n<p>Predsednica Osmani je naglasila da Kosovo ostaje posve\u0107eno svom evropskom putu i su\u0161tinski orijentisano ka demokratskim reformama, \u0161to bi trebalo da bude nagra\u0111eno konkretnim koracima od strane Evropske unije.<\/p>\n<p>Dalje, predsednica Osmani je naglasila va\u017enost integracije Kosova u me\u0111unarodnim organizacijama, sa posebnim naglaskom na Savet Evrope, kao i u drugim va\u017enim organizacijama.<\/p>\n<p>\u0160to se ti\u010de dijaloga, predsednica Osmani je naglasila va\u017enost pravednog i nepristrasnog procesa, definisanjem jasnih ciljeva, \u0161to bi tako\u0111e doprinelo unapre\u0111enju mira, stabilnosti i evropske perspektive regiona u celini. Ona se zahvalila g. S\u00f8rensen na njegovoj ulozi i dosada\u0161njom zalaganju za principijelan dijalog zasnovan na jednak tretman strana.<\/p>\n","protected":false},"excerpt":{"rendered":"<p>Predsednica Republike Kosovo, Vjosa Osmani, primila je danas na sastanku Specijalnog predstavnika EU za dijalog Kosovo-Srbija, Peter S\u00f8rensen. Na sastanku, predsednica Osmani je naglasila potrebu za unapre\u0111enjem procesa evropskih integracija Kosova i tako\u0111e je naglasila va\u017enost ukidanja nepravednih mera, koje najvi\u0161e poga\u0111aju gra\u0111ane Republike Kosovo. U okviru razgovora, tako\u0111e je bilo re\u010di o procesu konstituisanja Skup\u0161tine i drugih institucija, kao i o va\u017enosti da ove institucije funkcioni\u0161u na demokratski na\u010din radi unapre\u0111enja zajedni\u010dkih ciljeva. Predsednica se tako\u0111e osvrnula na pitanje proizvoljnih hap\u0161enja gra\u0111ana Kosova od strane Srbije, tra\u017ee\u0107i od me\u0111unarodne zajednice anga\u017eovanje kako bi Srbija zaustavila ove nezakonite postupke protiv gra\u0111ana Kosova. Predsednica Osmani je naglasila da Kosovo ostaje posve\u0107eno svom evropskom putu i su\u0161tinski orijentisano ka demokratskim reformama, \u0161to bi trebalo da bude nagra\u0111eno konkretnim koracima od strane Evropske unije. Dalje, predsednica Osmani je naglasila va\u017enost integracije Kosova u me\u0111unarodnim organizacijama, sa posebnim naglaskom na Savet Evrope, kao i u drugim va\u017enim organizacijama. \u0160to se ti\u010de dijaloga, predsednica Osmani je naglasila va\u017enost pravednog i nepristrasnog procesa, definisanjem jasnih ciljeva, \u0161to bi tako\u0111e doprinelo unapre\u0111enju mira, stabilnosti i evropske perspektive regiona u celini. Ona se zahvalila g. S\u00f8rensen na njegovoj ulozi i dosada\u0161njom zalaganju za principijelan dijalog zasnovan na jednak tretman strana.<\/p>\n","protected":false},"author":9,"featured_media":170033,"comment_status":"closed","ping_status":"closed","sticky":false,"template":"","format":"standard","meta":{"_eb_attr":"","footnotes":""},"categories":[101],"tags":[],"class_list":["post-170057","post","type-post","status-publish","format-standard","has-post-thumbnail","hentry","category-vesti"],"yoast_head":"<!-- This site is optimized with the Yoast SEO plugin v23.5 - https:\/\/yoast.com\/wordpress\/plugins\/seo\/ -->\n<title>Predsednica Osmani primila na sastanku Specijalnog predstavnika EU, Peter S\u00f8rensen - Predsednik Republike Kosovo - DR. VJOSA OSMANI - SADRIU<\/title>\n<meta name=\"description\" content=\"Predsednica Osmani primila na sastanku Specijalnog predstavnika EU, Peter S\u00f8rensen - Predsednik Republike Kosovo - DR. VJOSA OSMANI - SADRIU -\" \/>\n<meta name=\"robots\" content=\"index, follow, max-snippet:-1, max-image-preview:large, max-video-preview:-1\" \/>\n<link rel=\"canonical\" href=\"https:\/\/president-ksgov.net\/presidentja-osmani-priti-ne-takim-perfaqesuesin-e-posacem-te-be-se-peter-sorensen-201\/\" \/>\n<meta property=\"og:locale\" content=\"sr_RS\" \/>\n<meta property=\"og:type\" content=\"article\" \/>\n<meta property=\"og:title\" content=\"Predsednica Osmani primila na sastanku Specijalnog predstavnika EU, Peter S\u00f8rensen - Predsednik Republike Kosovo - DR. VJOSA OSMANI - SADRIU\" \/>\n<meta property=\"og:description\" content=\"Predsednica Osmani primila na sastanku Specijalnog predstavnika EU, Peter S\u00f8rensen - Predsednik Republike Kosovo - DR. VJOSA OSMANI - SADRIU -\" \/>\n<meta property=\"og:url\" content=\"https:\/\/president-ksgov.net\/presidentja-osmani-priti-ne-takim-perfaqesuesin-e-posacem-te-be-se-peter-sorensen-201\/\" \/>\n<meta property=\"og:site_name\" content=\"Predsednik Republike Kosovo - DR. VJOSA OSMANI - SADRIU\" \/>\n<meta property=\"article:published_time\" content=\"2025-08-06T09:55:44+00:00\" \/>\n<meta property=\"article:modified_time\" content=\"2025-08-06T13:29:02+00:00\" \/>\n<meta property=\"og:image\" content=\"https:\/\/president-ksgov.net\/wp-content\/uploads\/Presidentja-Osmani-priti-ne-takim-Perfaqesuesin-e-Posacem-te-BE-se-Peter-Sorensen-1.jpeg\" \/>\n\t<meta property=\"og:image:width\" content=\"2002\" \/>\n\t<meta property=\"og:image:height\" content=\"1710\" \/>\n\t<meta property=\"og:image:type\" content=\"image\/jpeg\" \/>\n<meta name=\"author\" content=\"Florent Rrahmani\" \/>\n<meta name=\"twitter:card\" content=\"summary_large_image\" \/>\n<meta name=\"twitter:label1\" content=\"\u041d\u0430\u043f\u0438\u0441\u0430\u043d\u043e \u043e\u0434\" \/>\n\t<meta name=\"twitter:data1\" content=\"Florent Rrahmani\" \/>\n\t<meta name=\"twitter:label2\" content=\"\u041f\u0440\u043e\u0446\u0435\u045a\u0435\u043d\u043e \u0432\u0440\u0435\u043c\u0435 \u0447\u0438\u0442\u0430\u045a\u0430\" \/>\n\t<meta name=\"twitter:data2\" content=\"2 \u043c\u0438\u043d\u0443\u0442\u0430\" \/>\n<script type=\"application\/ld+json\" class=\"yoast-schema-graph\">{\"@context\":\"https:\/\/schema.org\",\"@graph\":[{\"@type\":\"WebPage\",\"@id\":\"https:\/\/president-ksgov.net\/presidentja-osmani-priti-ne-takim-perfaqesuesin-e-posacem-te-be-se-peter-sorensen-201\/\",\"url\":\"https:\/\/president-ksgov.net\/presidentja-osmani-priti-ne-takim-perfaqesuesin-e-posacem-te-be-se-peter-sorensen-201\/\",\"name\":\"Predsednica Osmani primila na sastanku Specijalnog predstavnika EU, Peter S\u00f8rensen - Predsednik Republike Kosovo - DR. VJOSA OSMANI - SADRIU\",\"isPartOf\":{\"@id\":\"https:\/\/president-ksgov.net\/#website\"},\"primaryImageOfPage\":{\"@id\":\"https:\/\/president-ksgov.net\/presidentja-osmani-priti-ne-takim-perfaqesuesin-e-posacem-te-be-se-peter-sorensen-201\/#primaryimage\"},\"image\":{\"@id\":\"https:\/\/president-ksgov.net\/presidentja-osmani-priti-ne-takim-perfaqesuesin-e-posacem-te-be-se-peter-sorensen-201\/#primaryimage\"},\"thumbnailUrl\":\"https:\/\/president-ksgov.net\/wp-content\/uploads\/Presidentja-Osmani-priti-ne-takim-Perfaqesuesin-e-Posacem-te-BE-se-Peter-Sorensen-1.jpeg\",\"datePublished\":\"2025-08-06T09:55:44+00:00\",\"dateModified\":\"2025-08-06T13:29:02+00:00\",\"author\":{\"@id\":\"https:\/\/president-ksgov.net\/#\/schema\/person\/7c46f744a99d3f1616b92658282aa934\"},\"description\":\"Predsednica Osmani primila na sastanku Specijalnog predstavnika EU, Peter S\u00f8rensen - Predsednik Republike Kosovo - DR. VJOSA OSMANI - SADRIU -\",\"breadcrumb\":{\"@id\":\"https:\/\/president-ksgov.net\/presidentja-osmani-priti-ne-takim-perfaqesuesin-e-posacem-te-be-se-peter-sorensen-201\/#breadcrumb\"},\"inLanguage\":\"sr-RS\",\"potentialAction\":[{\"@type\":\"ReadAction\",\"target\":[\"https:\/\/president-ksgov.net\/presidentja-osmani-priti-ne-takim-perfaqesuesin-e-posacem-te-be-se-peter-sorensen-201\/\"]}]},{\"@type\":\"ImageObject\",\"inLanguage\":\"sr-RS\",\"@id\":\"https:\/\/president-ksgov.net\/presidentja-osmani-priti-ne-takim-perfaqesuesin-e-posacem-te-be-se-peter-sorensen-201\/#primaryimage\",\"url\":\"https:\/\/president-ksgov.net\/wp-content\/uploads\/Presidentja-Osmani-priti-ne-takim-Perfaqesuesin-e-Posacem-te-BE-se-Peter-Sorensen-1.jpeg\",\"contentUrl\":\"https:\/\/president-ksgov.net\/wp-content\/uploads\/Presidentja-Osmani-priti-ne-takim-Perfaqesuesin-e-Posacem-te-BE-se-Peter-Sorensen-1.jpeg\",\"width\":2002,\"height\":1710},{\"@type\":\"BreadcrumbList\",\"@id\":\"https:\/\/president-ksgov.net\/presidentja-osmani-priti-ne-takim-perfaqesuesin-e-posacem-te-be-se-peter-sorensen-201\/#breadcrumb\",\"itemListElement\":[{\"@type\":\"ListItem\",\"position\":1,\"name\":\"Home\",\"item\":\"https:\/\/president-ksgov.net\/sr\/\"},{\"@type\":\"ListItem\",\"position\":2,\"name\":\"Predsednica Osmani primila na sastanku Specijalnog predstavnika EU, Peter S\u00f8rensen\"}]},{\"@type\":\"WebSite\",\"@id\":\"https:\/\/president-ksgov.net\/#website\",\"url\":\"https:\/\/president-ksgov.net\/\",\"name\":\"Presidente e Republik\u00ebs s\u00eb Kosov\u00ebs\",\"description\":\"Presidente e Republik\u00ebs s\u00eb Kosov\u00ebs\",\"alternateName\":\"DR. VJOSA OSMANI - SADRIU\",\"potentialAction\":[{\"@type\":\"SearchAction\",\"target\":{\"@type\":\"EntryPoint\",\"urlTemplate\":\"https:\/\/president-ksgov.net\/?s={search_term_string}\"},\"query-input\":{\"@type\":\"PropertyValueSpecification\",\"valueRequired\":true,\"valueName\":\"search_term_string\"}}],\"inLanguage\":\"sr-RS\"},{\"@type\":\"Person\",\"@id\":\"https:\/\/president-ksgov.net\/#\/schema\/person\/7c46f744a99d3f1616b92658282aa934\",\"name\":\"Florent Rrahmani\",\"image\":{\"@type\":\"ImageObject\",\"inLanguage\":\"sr-RS\",\"@id\":\"https:\/\/president-ksgov.net\/#\/schema\/person\/image\/\",\"url\":\"https:\/\/secure.gravatar.com\/avatar\/2545924aa250de68ac8368367a79b663e59571cd131611f54c89b0613a94e230?s=96&d=mm&r=g\",\"contentUrl\":\"https:\/\/secure.gravatar.com\/avatar\/2545924aa250de68ac8368367a79b663e59571cd131611f54c89b0613a94e230?s=96&d=mm&r=g\",\"caption\":\"Florent Rrahmani\"}}]}<\/script>\n<!-- \/ Yoast SEO plugin. -->","yoast_head_json":{"title":"Predsednica Osmani primila na sastanku Specijalnog predstavnika EU, Peter S\u00f8rensen - Predsednik Republike Kosovo - DR. VJOSA OSMANI - SADRIU","description":"Predsednica Osmani primila na sastanku Specijalnog predstavnika EU, Peter S\u00f8rensen - Predsednik Republike Kosovo - DR. VJOSA OSMANI - SADRIU -","robots":{"index":"index","follow":"follow","max-snippet":"max-snippet:-1","max-image-preview":"max-image-preview:large","max-video-preview":"max-video-preview:-1"},"canonical":"https:\/\/president-ksgov.net\/presidentja-osmani-priti-ne-takim-perfaqesuesin-e-posacem-te-be-se-peter-sorensen-201\/","og_locale":"sr_RS","og_type":"article","og_title":"Predsednica Osmani primila na sastanku Specijalnog predstavnika EU, Peter S\u00f8rensen - Predsednik Republike Kosovo - DR. VJOSA OSMANI - SADRIU","og_description":"Predsednica Osmani primila na sastanku Specijalnog predstavnika EU, Peter S\u00f8rensen - Predsednik Republike Kosovo - DR. VJOSA OSMANI - SADRIU -","og_url":"https:\/\/president-ksgov.net\/presidentja-osmani-priti-ne-takim-perfaqesuesin-e-posacem-te-be-se-peter-sorensen-201\/","og_site_name":"Predsednik Republike Kosovo - DR. VJOSA OSMANI - SADRIU","article_published_time":"2025-08-06T09:55:44+00:00","article_modified_time":"2025-08-06T13:29:02+00:00","og_image":[{"width":2002,"height":1710,"url":"https:\/\/president-ksgov.net\/wp-content\/uploads\/Presidentja-Osmani-priti-ne-takim-Perfaqesuesin-e-Posacem-te-BE-se-Peter-Sorensen-1.jpeg","type":"image\/jpeg"}],"author":"Florent Rrahmani","twitter_card":"summary_large_image","twitter_misc":{"\u041d\u0430\u043f\u0438\u0441\u0430\u043d\u043e \u043e\u0434":"Florent Rrahmani","\u041f\u0440\u043e\u0446\u0435\u045a\u0435\u043d\u043e \u0432\u0440\u0435\u043c\u0435 \u0447\u0438\u0442\u0430\u045a\u0430":"2 \u043c\u0438\u043d\u0443\u0442\u0430"},"schema":{"@context":"https:\/\/schema.org","@graph":[{"@type":"WebPage","@id":"https:\/\/president-ksgov.net\/presidentja-osmani-priti-ne-takim-perfaqesuesin-e-posacem-te-be-se-peter-sorensen-201\/","url":"https:\/\/president-ksgov.net\/presidentja-osmani-priti-ne-takim-perfaqesuesin-e-posacem-te-be-se-peter-sorensen-201\/","name":"Predsednica Osmani primila na sastanku Specijalnog predstavnika EU, Peter S\u00f8rensen - Predsednik Republike Kosovo - DR. VJOSA OSMANI - SADRIU","isPartOf":{"@id":"https:\/\/president-ksgov.net\/#website"},"primaryImageOfPage":{"@id":"https:\/\/president-ksgov.net\/presidentja-osmani-priti-ne-takim-perfaqesuesin-e-posacem-te-be-se-peter-sorensen-201\/#primaryimage"},"image":{"@id":"https:\/\/president-ksgov.net\/presidentja-osmani-priti-ne-takim-perfaqesuesin-e-posacem-te-be-se-peter-sorensen-201\/#primaryimage"},"thumbnailUrl":"https:\/\/president-ksgov.net\/wp-content\/uploads\/Presidentja-Osmani-priti-ne-takim-Perfaqesuesin-e-Posacem-te-BE-se-Peter-Sorensen-1.jpeg","datePublished":"2025-08-06T09:55:44+00:00","dateModified":"2025-08-06T13:29:02+00:00","author":{"@id":"https:\/\/president-ksgov.net\/#\/schema\/person\/7c46f744a99d3f1616b92658282aa934"},"description":"Predsednica Osmani primila na sastanku Specijalnog predstavnika EU, Peter S\u00f8rensen - Predsednik Republike Kosovo - DR. VJOSA OSMANI - SADRIU -","breadcrumb":{"@id":"https:\/\/president-ksgov.net\/presidentja-osmani-priti-ne-takim-perfaqesuesin-e-posacem-te-be-se-peter-sorensen-201\/#breadcrumb"},"inLanguage":"sr-RS","potentialAction":[{"@type":"ReadAction","target":["https:\/\/president-ksgov.net\/presidentja-osmani-priti-ne-takim-perfaqesuesin-e-posacem-te-be-se-peter-sorensen-201\/"]}]},{"@type":"ImageObject","inLanguage":"sr-RS","@id":"https:\/\/president-ksgov.net\/presidentja-osmani-priti-ne-takim-perfaqesuesin-e-posacem-te-be-se-peter-sorensen-201\/#primaryimage","url":"https:\/\/president-ksgov.net\/wp-content\/uploads\/Presidentja-Osmani-priti-ne-takim-Perfaqesuesin-e-Posacem-te-BE-se-Peter-Sorensen-1.jpeg","contentUrl":"https:\/\/president-ksgov.net\/wp-content\/uploads\/Presidentja-Osmani-priti-ne-takim-Perfaqesuesin-e-Posacem-te-BE-se-Peter-Sorensen-1.jpeg","width":2002,"height":1710},{"@type":"BreadcrumbList","@id":"https:\/\/president-ksgov.net\/presidentja-osmani-priti-ne-takim-perfaqesuesin-e-posacem-te-be-se-peter-sorensen-201\/#breadcrumb","itemListElement":[{"@type":"ListItem","position":1,"name":"Home","item":"https:\/\/president-ksgov.net\/sr\/"},{"@type":"ListItem","position":2,"name":"Predsednica Osmani primila na sastanku Specijalnog predstavnika EU, Peter S\u00f8rensen"}]},{"@type":"WebSite","@id":"https:\/\/president-ksgov.net\/#website","url":"https:\/\/president-ksgov.net\/","name":"Presidente e Republik\u00ebs s\u00eb Kosov\u00ebs","description":"Presidente e Republik\u00ebs s\u00eb Kosov\u00ebs","alternateName":"DR. VJOSA OSMANI - SADRIU","potentialAction":[{"@type":"SearchAction","target":{"@type":"EntryPoint","urlTemplate":"https:\/\/president-ksgov.net\/?s={search_term_string}"},"query-input":{"@type":"PropertyValueSpecification","valueRequired":true,"valueName":"search_term_string"}}],"inLanguage":"sr-RS"},{"@type":"Person","@id":"https:\/\/president-ksgov.net\/#\/schema\/person\/7c46f744a99d3f1616b92658282aa934","name":"Florent Rrahmani","image":{"@type":"ImageObject","inLanguage":"sr-RS","@id":"https:\/\/president-ksgov.net\/#\/schema\/person\/image\/","url":"https:\/\/secure.gravatar.com\/avatar\/2545924aa250de68ac8368367a79b663e59571cd131611f54c89b0613a94e230?s=96&d=mm&r=g","contentUrl":"https:\/\/secure.gravatar.com\/avatar\/2545924aa250de68ac8368367a79b663e59571cd131611f54c89b0613a94e230?s=96&d=mm&r=g","caption":"Florent Rrahmani"}}]}},"_links":{"self":[{"href":"https:\/\/president-ksgov.net\/sr\/wp-json\/wp\/v2\/posts\/170057","targetHints":{"allow":["GET"]}}],"collection":[{"href":"https:\/\/president-ksgov.net\/sr\/wp-json\/wp\/v2\/posts"}],"about":[{"href":"https:\/\/president-ksgov.net\/sr\/wp-json\/wp\/v2\/types\/post"}],"author":[{"embeddable":true,"href":"https:\/\/president-ksgov.net\/sr\/wp-json\/wp\/v2\/users\/9"}],"replies":[{"embeddable":true,"href":"https:\/\/president-ksgov.net\/sr\/wp-json\/wp\/v2\/comments?post=170057"}],"version-history":[{"count":1,"href":"https:\/\/president-ksgov.net\/sr\/wp-json\/wp\/v2\/posts\/170057\/revisions"}],"predecessor-version":[{"id":170058,"href":"https:\/\/president-ksgov.net\/sr\/wp-json\/wp\/v2\/posts\/170057\/revisions\/170058"}],"wp:featuredmedia":[{"embeddable":true,"href":"https:\/\/president-ksgov.net\/sr\/wp-json\/wp\/v2\/media\/170033"}],"wp:attachment":[{"href":"https:\/\/president-ksgov.net\/sr\/wp-json\/wp\/v2\/media?parent=170057"}],"wp:term":[{"taxonomy":"category","embeddable":true,"href":"https:\/\/president-ksgov.net\/sr\/wp-json\/wp\/v2\/categories?post=170057"},{"taxonomy":"post_tag","embeddable":true,"href":"https:\/\/president-ksgov.net\/sr\/wp-json\/wp\/v2\/tags?post=170057"}],"curies":[{"name":"wp","href":"https:\/\/api.w.org\/{rel}","templated":true}]}}